{"id":983,"date":"2013-08-07T23:19:35","date_gmt":"2013-08-08T03:19:35","guid":{"rendered":"\/?p=983"},"modified":"2013-08-13T23:06:57","modified_gmt":"2013-08-14T03:06:57","slug":"conseils-sur-les-ventilateurs-de-plafond","status":"publish","type":"post","link":"https:\/\/eryckveziau.com\/en\/non-classe\/conseils-sur-les-ventilateurs-de-plafond\/","title":{"rendered":"Conseils sur les ventilateurs de plafond"},"content":{"rendered":"<p><strong>CONSEILS AUX PROPRI\u00c9TAIRES<\/strong><\/p>\n<p><strong><em>Conseils sur les ventilateurs de plafond\u00a0:<\/em><\/strong><\/p>\n<p>Certains ventilateurs de plafond peuvent tourner dans le sens des aiguilles d\u2019une montre ou l\u2019inverse. L\u2019\u00e9t\u00e9, vous voulez que l\u2019air soit pouss\u00e9 vers le bas pour rafra\u00eechir, donc les pales doivent tourner dans le sens contraire des aiguilles. L\u2019hiver, changez sa direction pour que l\u2019air soit pouss\u00e9 vers le haut. Ainsi, l\u2019air chaud circulera du plafond vers les coins des murs, ce qui augmentera le niveau de confort sans cr\u00e9er de courant d\u2019air.<\/p>\n<p><\/p>","protected":false},"excerpt":{"rendered":"<p>CONSEILS AUX PROPRI\u00c9TAIRES Conseils sur les ventilateurs de plafond\u00a0: Certains ventilateurs de plafond peuvent tourner dans le sens des aiguilles d\u2019une montre ou l\u2019inverse. L\u2019\u00e9t\u00e9, vous voulez que l\u2019air soit pouss\u00e9 vers le bas pour rafra\u00eechir, donc les pales doivent tourner dans le sens contraire des aiguilles. L\u2019hiver, changez sa direction pour que l\u2019air soit [&hellip;]<\/p>\n","protected":false},"author":285,"featured_media":0,"comment_status":"open","ping_status":"open","sticky":false,"template":"","format":"standard","meta":{"_acf_changed":false,"footnotes":""},"categories":[1],"tags":[20,21,18,22,12,13,14,16,6,17,15],"class_list":["post-983","post","type-post","status-publish","format-standard","hentry","category-non-classe","tag-agent-immobilier-rive-nord","tag-agent-immobilier-st-eustache","tag-condo-a-vendre-ste-dorothee","tag-courtier-immobilier-deux-montagnes","tag-courtier-immobilier-laval","tag-courtier-immobilier-ste-dorothee","tag-immobilier-laval","tag-maison-a-vendre-laval","tag-maison-a-vendre-laval-et-ste-dorothee","tag-maison-a-vendre-ste-dorothee","tag-real-estate-broker-laval"],"acf":[],"yoast_head":"<!-- This site is optimized with the Yoast SEO plugin v26.7 - https:\/\/yoast.com\/wordpress\/plugins\/seo\/ -->\n<title>Conseils sur les ventilateurs de plafond | ERYCK V\u00c9ZIAU, COURTIER IMMOBILIER LAVAL, COURTIER IMMOBILIER STE-DOROTH\u00c9E, MAISON \u00c0 VENDRE LAVAL, AGENT IMMOBILIER STE-DOROTH\u00c9E<\/title>\n<meta name=\"robots\" content=\"index, follow, max-snippet:-1, max-image-preview:large, max-video-preview:-1\" \/>\n<link rel=\"canonical\" href=\"https:\/\/eryckveziau.com\/non-classe\/conseils-sur-les-ventilateurs-de-plafond\/\" \/>\n<meta property=\"og:locale\" content=\"en_US\" \/>\n<meta property=\"og:type\" content=\"article\" \/>\n<meta property=\"og:title\" content=\"Conseils sur les ventilateurs de plafond | ERYCK V\u00c9ZIAU, COURTIER IMMOBILIER LAVAL, COURTIER IMMOBILIER STE-DOROTH\u00c9E, MAISON \u00c0 VENDRE LAVAL, AGENT IMMOBILIER STE-DOROTH\u00c9E\" \/>\n<meta property=\"og:description\" content=\"CONSEILS AUX PROPRI\u00c9TAIRES Conseils sur les ventilateurs de plafond\u00a0: Certains ventilateurs de plafond peuvent tourner dans le sens des aiguilles d\u2019une montre ou l\u2019inverse. L\u2019\u00e9t\u00e9, vous voulez que l\u2019air soit pouss\u00e9 vers le bas pour rafra\u00eechir, donc les pales doivent tourner dans le sens contraire des aiguilles. L\u2019hiver, changez sa direction pour que l\u2019air soit [&hellip;]\" \/>\n<meta property=\"og:url\" content=\"https:\/\/eryckveziau.com\/non-classe\/conseils-sur-les-ventilateurs-de-plafond\/\" \/>\n<meta property=\"og:site_name\" content=\"ERYCK V\u00c9ZIAU, COURTIER IMMOBILIER LAVAL, COURTIER IMMOBILIER STE-DOROTH\u00c9E, MAISON \u00c0 VENDRE LAVAL, AGENT IMMOBILIER STE-DOROTH\u00c9E\" \/>\n<meta property=\"article:publisher\" content=\"https:\/\/www.facebook.com\/EryckVeziau.courtier.immobilier.ReMax.Laval\" \/>\n<meta property=\"article:published_time\" content=\"2013-08-08T03:19:35+00:00\" \/>\n<meta property=\"article:modified_time\" content=\"2013-08-14T03:06:57+00:00\" \/>\n<meta property=\"og:image\" content=\"https:\/\/eryckveziau.com\/files\/2022\/09\/PartageEveziau.png\" \/>\n\t<meta property=\"og:image:width\" content=\"924\" \/>\n\t<meta property=\"og:image:height\" content=\"454\" \/>\n\t<meta property=\"og:image:type\" content=\"image\/png\" \/>\n<meta name=\"twitter:card\" content=\"summary_large_image\" \/>\n<meta name=\"twitter:label1\" content=\"Written by\" \/>\n\t<meta name=\"twitter:data1\" content=\"\" \/>\n\t<meta name=\"twitter:label2\" content=\"Est. reading time\" \/>\n\t<meta name=\"twitter:data2\" content=\"1 minute\" \/>\n<script type=\"application\/ld+json\" class=\"yoast-schema-graph\">{\"@context\":\"https:\/\/schema.org\",\"@graph\":[{\"@type\":\"Article\",\"@id\":\"https:\/\/eryckveziau.com\/non-classe\/conseils-sur-les-ventilateurs-de-plafond\/#article\",\"isPartOf\":{\"@id\":\"https:\/\/eryckveziau.com\/non-classe\/conseils-sur-les-ventilateurs-de-plafond\/\"},\"author\":{\"name\":\"\",\"@id\":\"\"},\"headline\":\"Conseils sur les ventilateurs de plafond\",\"datePublished\":\"2013-08-08T03:19:35+00:00\",\"dateModified\":\"2013-08-14T03:06:57+00:00\",\"mainEntityOfPage\":{\"@id\":\"https:\/\/eryckveziau.com\/non-classe\/conseils-sur-les-ventilateurs-de-plafond\/\"},\"wordCount\":198,\"commentCount\":0,\"publisher\":{\"@id\":\"https:\/\/eryckveziau.com\/en\/#organization\"},\"keywords\":[\"agent immobilier rive-nord\",\"agent immobilier st-eustache\",\"condo a vendre ste-doroth\u00e9e\",\"courtier immobilier deux-montagnes\",\"Courtier immobilier laval\",\"courtier immobilier ste-doroth\u00e9e\",\"immobilier laval\",\"maison a vendre laval\",\"Houses for sale Laval Ste-Dorothee\",\"maison a vendre ste-doroth\u00e9e\",\"real estate broker laval\"],\"articleSection\":[\"Non class\u00e9\"],\"inLanguage\":\"en-US\",\"potentialAction\":[{\"@type\":\"CommentAction\",\"name\":\"Comment\",\"target\":[\"https:\/\/eryckveziau.com\/non-classe\/conseils-sur-les-ventilateurs-de-plafond\/#respond\"]}]},{\"@type\":\"WebPage\",\"@id\":\"https:\/\/eryckveziau.com\/non-classe\/conseils-sur-les-ventilateurs-de-plafond\/\",\"url\":\"https:\/\/eryckveziau.com\/non-classe\/conseils-sur-les-ventilateurs-de-plafond\/\",\"name\":\"Conseils sur les ventilateurs de plafondConseils sur les ventilateurs de plafond | ERYCK V\u00c9ZIAU, COURTIER IMMOBILIER LAVAL, COURTIER IMMOBILIER STE-DOROTH\u00c9E, MAISON \u00c0 VENDRE LAVAL, AGENT IMMOBILIER STE-DOROTH\u00c9E\",\"isPartOf\":{\"@id\":\"https:\/\/eryckveziau.com\/en\/#website\"},\"datePublished\":\"2013-08-08T03:19:35+00:00\",\"dateModified\":\"2013-08-14T03:06:57+00:00\",\"breadcrumb\":{\"@id\":\"https:\/\/eryckveziau.com\/non-classe\/conseils-sur-les-ventilateurs-de-plafond\/#breadcrumb\"},\"inLanguage\":\"en-US\",\"potentialAction\":[{\"@type\":\"ReadAction\",\"target\":[\"https:\/\/eryckveziau.com\/non-classe\/conseils-sur-les-ventilateurs-de-plafond\/\"]}]},{\"@type\":\"BreadcrumbList\",\"@id\":\"https:\/\/eryckveziau.com\/non-classe\/conseils-sur-les-ventilateurs-de-plafond\/#breadcrumb\",\"itemListElement\":[{\"@type\":\"ListItem\",\"position\":1,\"name\":\"Accueil\",\"item\":\"https:\/\/eryckveziau.com\/en\/\"},{\"@type\":\"ListItem\",\"position\":2,\"name\":\"Conseils sur les ventilateurs de plafond\"}]},{\"@type\":\"WebSite\",\"@id\":\"https:\/\/eryckveziau.com\/en\/#website\",\"url\":\"https:\/\/eryckveziau.com\/en\/\",\"name\":\"ERYCK V\u00c9ZIAU, COURTIER IMMOBILIER LAVAL, COURTIER IMMOBILIER STE-DOROTH\u00c9E, MAISON \u00c0 VENDRE LAVAL, AGENT IMMOBILIER STE-DOROTH\u00c9E\",\"description\":\"\",\"publisher\":{\"@id\":\"https:\/\/eryckveziau.com\/en\/#organization\"},\"potentialAction\":[{\"@type\":\"SearchAction\",\"target\":{\"@type\":\"EntryPoint\",\"urlTemplate\":\"https:\/\/eryckveziau.com\/en\/?s={search_term_string}\"},\"query-input\":{\"@type\":\"PropertyValueSpecification\",\"valueRequired\":true,\"valueName\":\"search_term_string\"}}],\"inLanguage\":\"en-US\"},{\"@type\":\"Organization\",\"@id\":\"https:\/\/eryckveziau.com\/en\/#organization\",\"name\":\"Eryck V\u00e9ziau RE\/MAX\",\"url\":\"https:\/\/eryckveziau.com\/en\/\",\"logo\":{\"@type\":\"ImageObject\",\"inLanguage\":\"en-US\",\"@id\":\"https:\/\/eryckveziau.com\/en\/#\/schema\/logo\/image\/\",\"url\":\"https:\/\/eryckveziau.com\/files\/2022\/09\/PartageEveziau.png\",\"contentUrl\":\"https:\/\/eryckveziau.com\/files\/2022\/09\/PartageEveziau.png\",\"width\":924,\"height\":454,\"caption\":\"Eryck V\u00e9ziau RE\/MAX\"},\"image\":{\"@id\":\"https:\/\/eryckveziau.com\/en\/#\/schema\/logo\/image\/\"},\"sameAs\":[\"https:\/\/www.facebook.com\/EryckVeziau.courtier.immobilier.ReMax.Laval\",\"https:\/\/www.instagram.com\/eryck_veziau_remax\/\",\"https:\/\/www.linkedin.com\/in\/eryck-v\u00e9ziau-6a445134\/\",\"https:\/\/www.youtube.com\/user\/eveziau\"]},{\"@type\":\"Person\",\"@id\":\"\",\"url\":\"https:\/\/eryckveziau.com\/en\/author\/\"}]}<\/script>\n<!-- \/ Yoast SEO plugin. -->","yoast_head_json":{"title":"Conseils sur les ventilateurs de plafond | ERYCK V\u00c9ZIAU, COURTIER IMMOBILIER LAVAL, COURTIER IMMOBILIER STE-DOROTH\u00c9E, MAISON \u00c0 VENDRE LAVAL, AGENT IMMOBILIER STE-DOROTH\u00c9E","robots":{"index":"index","follow":"follow","max-snippet":"max-snippet:-1","max-image-preview":"max-image-preview:large","max-video-preview":"max-video-preview:-1"},"canonical":"https:\/\/eryckveziau.com\/non-classe\/conseils-sur-les-ventilateurs-de-plafond\/","og_locale":"en_US","og_type":"article","og_title":"Conseils sur les ventilateurs de plafond | ERYCK V\u00c9ZIAU, COURTIER IMMOBILIER LAVAL, COURTIER IMMOBILIER STE-DOROTH\u00c9E, MAISON \u00c0 VENDRE LAVAL, AGENT IMMOBILIER STE-DOROTH\u00c9E","og_description":"CONSEILS AUX PROPRI\u00c9TAIRES Conseils sur les ventilateurs de plafond\u00a0: Certains ventilateurs de plafond peuvent tourner dans le sens des aiguilles d\u2019une montre ou l\u2019inverse. L\u2019\u00e9t\u00e9, vous voulez que l\u2019air soit pouss\u00e9 vers le bas pour rafra\u00eechir, donc les pales doivent tourner dans le sens contraire des aiguilles. L\u2019hiver, changez sa direction pour que l\u2019air soit [&hellip;]","og_url":"https:\/\/eryckveziau.com\/non-classe\/conseils-sur-les-ventilateurs-de-plafond\/","og_site_name":"ERYCK V\u00c9ZIAU, COURTIER IMMOBILIER LAVAL, COURTIER IMMOBILIER STE-DOROTH\u00c9E, MAISON \u00c0 VENDRE LAVAL, AGENT IMMOBILIER STE-DOROTH\u00c9E","article_publisher":"https:\/\/www.facebook.com\/EryckVeziau.courtier.immobilier.ReMax.Laval","article_published_time":"2013-08-08T03:19:35+00:00","article_modified_time":"2013-08-14T03:06:57+00:00","og_image":[{"width":924,"height":454,"url":"https:\/\/eryckveziau.com\/files\/2022\/09\/PartageEveziau.png","type":"image\/png"}],"twitter_card":"summary_large_image","twitter_misc":{"Written by":"","Est. reading time":"1 minute"},"schema":{"@context":"https:\/\/schema.org","@graph":[{"@type":"Article","@id":"https:\/\/eryckveziau.com\/non-classe\/conseils-sur-les-ventilateurs-de-plafond\/#article","isPartOf":{"@id":"https:\/\/eryckveziau.com\/non-classe\/conseils-sur-les-ventilateurs-de-plafond\/"},"author":{"name":"","@id":""},"headline":"Conseils sur les ventilateurs de plafond","datePublished":"2013-08-08T03:19:35+00:00","dateModified":"2013-08-14T03:06:57+00:00","mainEntityOfPage":{"@id":"https:\/\/eryckveziau.com\/non-classe\/conseils-sur-les-ventilateurs-de-plafond\/"},"wordCount":198,"commentCount":0,"publisher":{"@id":"https:\/\/eryckveziau.com\/en\/#organization"},"keywords":["agent immobilier rive-nord","agent immobilier st-eustache","condo a vendre ste-doroth\u00e9e","courtier immobilier deux-montagnes","Courtier immobilier laval","courtier immobilier ste-doroth\u00e9e","immobilier laval","maison a vendre laval","Houses for sale Laval Ste-Dorothee","maison a vendre ste-doroth\u00e9e","real estate broker laval"],"articleSection":["Non class\u00e9"],"inLanguage":"en-US","potentialAction":[{"@type":"CommentAction","name":"Comment","target":["https:\/\/eryckveziau.com\/non-classe\/conseils-sur-les-ventilateurs-de-plafond\/#respond"]}]},{"@type":"WebPage","@id":"https:\/\/eryckveziau.com\/non-classe\/conseils-sur-les-ventilateurs-de-plafond\/","url":"https:\/\/eryckveziau.com\/non-classe\/conseils-sur-les-ventilateurs-de-plafond\/","name":"Conseils sur les ventilateurs de plafondConseils sur les ventilateurs de plafond | ERYCK V\u00c9ZIAU, COURTIER IMMOBILIER LAVAL, COURTIER IMMOBILIER STE-DOROTH\u00c9E, MAISON \u00c0 VENDRE LAVAL, AGENT IMMOBILIER STE-DOROTH\u00c9E","isPartOf":{"@id":"https:\/\/eryckveziau.com\/en\/#website"},"datePublished":"2013-08-08T03:19:35+00:00","dateModified":"2013-08-14T03:06:57+00:00","breadcrumb":{"@id":"https:\/\/eryckveziau.com\/non-classe\/conseils-sur-les-ventilateurs-de-plafond\/#breadcrumb"},"inLanguage":"en-US","potentialAction":[{"@type":"ReadAction","target":["https:\/\/eryckveziau.com\/non-classe\/conseils-sur-les-ventilateurs-de-plafond\/"]}]},{"@type":"BreadcrumbList","@id":"https:\/\/eryckveziau.com\/non-classe\/conseils-sur-les-ventilateurs-de-plafond\/#breadcrumb","itemListElement":[{"@type":"ListItem","position":1,"name":"Accueil","item":"https:\/\/eryckveziau.com\/en\/"},{"@type":"ListItem","position":2,"name":"Conseils sur les ventilateurs de plafond"}]},{"@type":"WebSite","@id":"https:\/\/eryckveziau.com\/en\/#website","url":"https:\/\/eryckveziau.com\/en\/","name":"ERYCK V\u00c9ZIAU, COURTIER IMMOBILIER LAVAL, COURTIER IMMOBILIER STE-DOROTH\u00c9E, MAISON \u00c0 VENDRE LAVAL, AGENT IMMOBILIER STE-DOROTH\u00c9E","description":"","publisher":{"@id":"https:\/\/eryckveziau.com\/en\/#organization"},"potentialAction":[{"@type":"SearchAction","target":{"@type":"EntryPoint","urlTemplate":"https:\/\/eryckveziau.com\/en\/?s={search_term_string}"},"query-input":{"@type":"PropertyValueSpecification","valueRequired":true,"valueName":"search_term_string"}}],"inLanguage":"en-US"},{"@type":"Organization","@id":"https:\/\/eryckveziau.com\/en\/#organization","name":"Eryck V\u00e9ziau RE\/MAX","url":"https:\/\/eryckveziau.com\/en\/","logo":{"@type":"ImageObject","inLanguage":"en-US","@id":"https:\/\/eryckveziau.com\/en\/#\/schema\/logo\/image\/","url":"https:\/\/eryckveziau.com\/files\/2022\/09\/PartageEveziau.png","contentUrl":"https:\/\/eryckveziau.com\/files\/2022\/09\/PartageEveziau.png","width":924,"height":454,"caption":"Eryck V\u00e9ziau RE\/MAX"},"image":{"@id":"https:\/\/eryckveziau.com\/en\/#\/schema\/logo\/image\/"},"sameAs":["https:\/\/www.facebook.com\/EryckVeziau.courtier.immobilier.ReMax.Laval","https:\/\/www.instagram.com\/eryck_veziau_remax\/","https:\/\/www.linkedin.com\/in\/eryck-v\u00e9ziau-6a445134\/","https:\/\/www.youtube.com\/user\/eveziau"]},{"@type":"Person","@id":"","url":"https:\/\/eryckveziau.com\/en\/author\/"}]}},"_links":{"self":[{"href":"https:\/\/eryckveziau.com\/en\/wp-json\/wp\/v2\/posts\/983","targetHints":{"allow":["GET"]}}],"collection":[{"href":"https:\/\/eryckveziau.com\/en\/wp-json\/wp\/v2\/posts"}],"about":[{"href":"https:\/\/eryckveziau.com\/en\/wp-json\/wp\/v2\/types\/post"}],"author":[{"embeddable":true,"href":"https:\/\/eryckveziau.com\/en\/wp-json\/wp\/v2\/users\/285"}],"replies":[{"embeddable":true,"href":"https:\/\/eryckveziau.com\/en\/wp-json\/wp\/v2\/comments?post=983"}],"version-history":[{"count":5,"href":"https:\/\/eryckveziau.com\/en\/wp-json\/wp\/v2\/posts\/983\/revisions"}],"predecessor-version":[{"id":1003,"href":"https:\/\/eryckveziau.com\/en\/wp-json\/wp\/v2\/posts\/983\/revisions\/1003"}],"wp:attachment":[{"href":"https:\/\/eryckveziau.com\/en\/wp-json\/wp\/v2\/media?parent=983"}],"wp:term":[{"taxonomy":"category","embeddable":true,"href":"https:\/\/eryckveziau.com\/en\/wp-json\/wp\/v2\/categories?post=983"},{"taxonomy":"post_tag","embeddable":true,"href":"https:\/\/eryckveziau.com\/en\/wp-json\/wp\/v2\/tags?post=983"}],"curies":[{"name":"wp","href":"https:\/\/api.w.org\/{rel}","templated":true}]}}