{"id":6259,"date":"2025-06-15T10:13:25","date_gmt":"2025-06-15T14:13:25","guid":{"rendered":"https:\/\/eryckveziau.com\/?p=6259"},"modified":"2025-06-15T10:13:26","modified_gmt":"2025-06-15T14:13:26","slug":"les-quebecois-continuent-deviter-les-grands-centres","status":"publish","type":"post","link":"https:\/\/eryckveziau.com\/en\/immobilier\/les-quebecois-continuent-deviter-les-grands-centres\/","title":{"rendered":"Les Qu\u00e9b\u00e9cois continuent d\u2019\u00e9viter les grands centres"},"content":{"rendered":"\n<h3 class=\"wp-block-heading\"><a href=\"https:\/\/www.ledevoir.com\/auteur\/eric-desrosiers\">\u00c9ric Desrosiers<\/a><\/h3>\n\n\n\n<p>Publi\u00e9 le 10 juin<\/p>\n\n\n\n<p>Les Qu\u00e9b\u00e9cois ont moins envie de quitter les r\u00e9gions pour les grands centres. Ils sont plut\u00f4t port\u00e9s \u00e0 rester l\u00e0 o\u00f9 ils sont, ou alors \u00e0 faire le chemin inverse. Ils le feraient d\u2019ailleurs peut-\u00eatre plus encore si les logements n\u2019\u00e9taient pas si rares.<\/p>\n\n\n\n<p>On se souvient que, durant la pand\u00e9mie de&nbsp;<a href=\"https:\/\/www.ledevoir.com\/coronavirus?utm_source=recirculation&amp;utm_medium=hyperlien&amp;utm_campaign=corps_texte\">COVID-19<\/a>, de nombreux Qu\u00e9b\u00e9cois ont d\u00e9m\u00e9nag\u00e9 des grands centres urbains vers la banlieue, ou plus loin encore, pour y trouver plus de place, de nature et de tranquillit\u00e9.En l\u2019espace de la seule ann\u00e9e 2020-2021, par exemple, le solde migratoire (arriv\u00e9es &#8211; d\u00e9parts) entre Montr\u00e9al et le reste du Qu\u00e9bec s\u2019est conclu par une perte nette de 40 000 r\u00e9sidents au profit d\u2019autres r\u00e9gions m\u00e9tropolitaines, comme Sherbrooke (-2300 personnes), Qu\u00e9bec (-1900) et Trois-Rivi\u00e8res (-1400), mais surtout de municipalit\u00e9s et de r\u00e9gions plus petites (32 000 d\u00e9parts nets), selon l\u2019<a href=\"https:\/\/statistique.quebec.ca\/fr\/document\/la-migration-interregionale-au-quebec\" target=\"_blank\" rel=\"noreferrer noopener\">Institut de la statistique du Qu\u00e9bec<\/a>&nbsp;(ISQ).<\/p>\n\n\n\n<p>Ce brutal exode des grands centres est survenu au milieu de deux tendances en cours depuis plusieurs ann\u00e9es et qui se sont poursuivies aussit\u00f4t la crise sanitaire pass\u00e9e.<\/p>\n\n\n\n<p>Premi\u00e8rement, une diminution de la proportion de Qu\u00e9b\u00e9cois qui quittent leur r\u00e9gion pour une autre chaque ann\u00e9e. Ce taux de migration interr\u00e9gionale a ainsi recul\u00e9 du tiers, passant de 2,8&nbsp;% en 2001 \u00e0 moins de 1,8&nbsp;% l\u2019ann\u00e9e derni\u00e8re.<\/p>\n\n\n\n<p>Deuxi\u00e8mement, une r\u00e9duction du nombre de Qu\u00e9b\u00e9cois qui quittent leur r\u00e9gion pour de plus grandes villes en m\u00eame temps qu\u2019augmente le nombre d\u2019habitants de grandes villes qui partent pour de plus petites villes ou des r\u00e9gions. En guise d\u2019exemple, les derniers chiffres de l\u2019ISQ montrent que le taux de migration interr\u00e9gionale net de Montr\u00e9al est graduellement pass\u00e9 d\u2019un solde \u00e9quilibr\u00e9 en 2002 (autant de d\u00e9parts que d\u2019arriv\u00e9es) \u00e0 une perte nette \u2014 \u00e0 raison d\u2019entr\u00e9es \u00e9quivalentes \u00e0 0,72\u00a0% de la population totale, contre 1,23\u00a0% de d\u00e9parts, pour un recul net de 0,52\u00a0%.<\/p>\n\n\n\n<h2 class=\"wp-block-heading\">Rester chez soi<\/h2>\n\n\n\n<p>Ces tendances sont sans doute attribuables \u00e0 de nombreux facteurs, observait l\u2019ISQ dans&nbsp;<a href=\"https:\/\/statistique.quebec.ca\/en\/fichier\/migration-interregionale-quebec-2023-2024.pdf\" target=\"_blank\" rel=\"noreferrer noopener\">une analyse<\/a>&nbsp;au d\u00e9but de l\u2019ann\u00e9e. Parmi eux, on cite l\u2019explosion du&nbsp;<a href=\"https:\/\/www.ledevoir.com\/teletravail?utm_source=recirculation&amp;utm_medium=hyperlien&amp;utm_campaign=corps_texte\">t\u00e9l\u00e9travail<\/a>, les co\u00fbts d\u2019acc\u00e8s \u00e9lev\u00e9s \u00e0 la propri\u00e9t\u00e9 dans les grandes villes et la perte de dynamisme des centres-villes.<\/p>\n\n\n\n<p>De l\u2019autre c\u00f4t\u00e9, l\u2019\u00e9conomie et le march\u00e9 de l\u2019emploi se sont g\u00e9n\u00e9ralement r\u00e9v\u00e9l\u00e9s vigoureux en dehors des grands centres, a expliqu\u00e9 en entrevue au&nbsp;<em>Devoir<\/em>&nbsp;Francis Cortellino, \u00e9conomiste principal \u00e0 la Soci\u00e9t\u00e9 canadienne d\u2019hypoth\u00e8ques et de logement. Le plus grand espace, le loisir d\u2019\u00e9viter la congestion routi\u00e8re et l\u2019acc\u00e8s \u00e0 de plus en plus de services sont aussi des atouts. Le vaste r\u00e9seau des c\u00e9geps et le fait que les universit\u00e9s ouvrent de plus en plus de&nbsp;<a href=\"https:\/\/www.ledevoir.com\/societe\/education\/815511\/campus-universitaires-satellites-multiplient-quebec?utm_source=recirculation&amp;utm_medium=hyperlien&amp;utm_campaign=corps_texte\" target=\"_blank\" rel=\"noreferrer noopener\">campus satellites<\/a>&nbsp;en dehors des grands centres permettent aux plus jeunes de ne pas avoir \u00e0 s\u2019expatrier pour poursuivre leurs \u00e9tudes, puis trouver de l\u2019emploi.<\/p>\n\n\n\n<p>\u00ab Et il y a ce mythe tenace qui veut que les retrait\u00e9s vendent leurs maisons en banlieue pour venir s\u2019installer en ville, dit l\u2019\u00e9conomiste. En fait, c\u2019est l\u2019inverse qui se produit depuis tr\u00e8s longtemps, c\u2019est-\u00e0-dire qu\u2019il y a plus de personnes \u00e2g\u00e9es qui quittent les grands centres pour aller vivre ailleurs que le contraire. Peut-\u00eatre parce que les gens veulent retourner \u00e0 leurs r\u00e9gions d\u2019origine. \u00bb<\/p>\n\n\n\n<p>Dans les grandes villes, ces pertes migratoires internes restent largement compens\u00e9es par l\u2019accueil d\u2019immigrants, de sorte que leurs populations continuent de cro\u00eetre, note l\u2019ISQ.<\/p>\n\n\n\n<h2 class=\"wp-block-heading\">Un frein au mouvement<\/h2>\n\n\n\n<p>Durant la pand\u00e9mie, le prix moyen des logements a bondi de 50&nbsp;% en l\u2019espace de deux petites ann\u00e9es. \u00ab Il avait fallu dix ann\u00e9es avant cela pour avoir la m\u00eame augmentation \u00bb, rappelle Francis Cortellino. Depuis, on est revenu \u00e0 un rythme d\u2019augmentation plus normal (environ 6&nbsp;% par ann\u00e9e), mais les prix restent relativement \u00e9lev\u00e9s et les logements sont rares.<\/p>\n\n\n\n<p>M\u00eame si le Qu\u00e9bec a grossi depuis, le nombre de propri\u00e9t\u00e9s \u00e0 vendre d\u00e9passait les 82 000 en 2015, alors qu\u2019il n\u2019\u00e9tait que de 36 500 en avril dernier. \u00ab C\u2019est s\u00fbr qu\u2019aujourd\u2019hui, il y a plein de gens qui doivent avoir envie de bouger vers une autre r\u00e9gion ou un autre type de logement, mais qui ne le feront pas parce qu\u2019ils ne trouvent pas d\u2019option \u00bb, observe l\u2019\u00e9conomiste.<\/p>\n\n\n\n<p><a href=\"https:\/\/www.ledevoir.com\/economie\/889255\/quebecois-continuent-eviter-grands-centres\" target=\"_blank\" rel=\"noreferrer noopener\">Lire l&#8217;article ici<\/a><\/p>\n","protected":false},"excerpt":{"rendered":"<p>\u00c9ric Desrosiers Publi\u00e9 le 10 juin Les Qu\u00e9b\u00e9cois ont moins envie de quitter les r\u00e9gions pour les grands centres. Ils sont plut\u00f4t port\u00e9s \u00e0 rester l\u00e0 o\u00f9 ils sont, ou alors \u00e0 faire le chemin inverse. Ils le feraient d\u2019ailleurs peut-\u00eatre plus encore si les logements n\u2019\u00e9taient pas si rares. On se souvient que, durant [&hellip;]<\/p>\n","protected":false},"author":560,"featured_media":6260,"comment_status":"closed","ping_status":"closed","sticky":false,"template":"","format":"standard","meta":{"_acf_changed":false,"footnotes":""},"categories":[52,63],"tags":[],"class_list":["post-6259","post","type-post","status-publish","format-standard","hentry","category-immobilier","category-nouvelles"],"acf":[],"yoast_head":"<!-- This site is optimized with the Yoast SEO plugin v26.7 - https:\/\/yoast.com\/wordpress\/plugins\/seo\/ -->\n<title>Les Qu\u00e9b\u00e9cois continuent d\u2019\u00e9viter les grands centres | ERYCK V\u00c9ZIAU, COURTIER IMMOBILIER LAVAL, COURTIER IMMOBILIER STE-DOROTH\u00c9E, MAISON \u00c0 VENDRE LAVAL, AGENT IMMOBILIER STE-DOROTH\u00c9E<\/title>\n<meta name=\"robots\" content=\"index, follow, max-snippet:-1, max-image-preview:large, max-video-preview:-1\" \/>\n<link rel=\"canonical\" href=\"https:\/\/eryckveziau.com\/en\/immobilier\/les-quebecois-continuent-deviter-les-grands-centres\/\" \/>\n<meta property=\"og:locale\" content=\"en_US\" \/>\n<meta property=\"og:type\" content=\"article\" \/>\n<meta property=\"og:title\" content=\"Les Qu\u00e9b\u00e9cois continuent d\u2019\u00e9viter les grands centres | ERYCK V\u00c9ZIAU, COURTIER IMMOBILIER LAVAL, COURTIER IMMOBILIER STE-DOROTH\u00c9E, MAISON \u00c0 VENDRE LAVAL, AGENT IMMOBILIER STE-DOROTH\u00c9E\" \/>\n<meta property=\"og:description\" content=\"\u00c9ric Desrosiers Publi\u00e9 le 10 juin Les Qu\u00e9b\u00e9cois ont moins envie de quitter les r\u00e9gions pour les grands centres. Ils sont plut\u00f4t port\u00e9s \u00e0 rester l\u00e0 o\u00f9 ils sont, ou alors \u00e0 faire le chemin inverse. Ils le feraient d\u2019ailleurs peut-\u00eatre plus encore si les logements n\u2019\u00e9taient pas si rares. On se souvient que, durant [&hellip;]\" \/>\n<meta property=\"og:url\" content=\"https:\/\/eryckveziau.com\/en\/immobilier\/les-quebecois-continuent-deviter-les-grands-centres\/\" \/>\n<meta property=\"og:site_name\" content=\"ERYCK V\u00c9ZIAU, COURTIER IMMOBILIER LAVAL, COURTIER IMMOBILIER STE-DOROTH\u00c9E, MAISON \u00c0 VENDRE LAVAL, AGENT IMMOBILIER STE-DOROTH\u00c9E\" \/>\n<meta property=\"article:publisher\" content=\"https:\/\/www.facebook.com\/EryckVeziau.courtier.immobilier.ReMax.Laval\" \/>\n<meta property=\"article:published_time\" content=\"2025-06-15T14:13:25+00:00\" \/>\n<meta property=\"article:modified_time\" content=\"2025-06-15T14:13:26+00:00\" \/>\n<meta property=\"og:image\" content=\"https:\/\/eryckveziau.com\/files\/2025\/06\/houses-1602016_1280.jpg\" \/>\n\t<meta property=\"og:image:width\" content=\"1280\" \/>\n\t<meta property=\"og:image:height\" content=\"847\" \/>\n\t<meta property=\"og:image:type\" content=\"image\/jpeg\" \/>\n<meta name=\"author\" content=\"ERYCK V\u00c9ZIAU COURTIER IMMOBILIER LAVAL,COURTIER IMMOBILIER STE-DOROTH\u00c9E,MAISON \u00c0 VENDRE LAVAL,AGENT IMMOBILIER STE-DOROTH\u00c9E\" \/>\n<meta name=\"twitter:card\" content=\"summary_large_image\" \/>\n<meta name=\"twitter:label1\" content=\"Written by\" \/>\n\t<meta name=\"twitter:data1\" content=\"ERYCK V\u00c9ZIAU COURTIER IMMOBILIER LAVAL,COURTIER IMMOBILIER STE-DOROTH\u00c9E,MAISON \u00c0 VENDRE LAVAL,AGENT IMMOBILIER STE-DOROTH\u00c9E\" \/>\n\t<meta name=\"twitter:label2\" content=\"Est. reading time\" \/>\n\t<meta name=\"twitter:data2\" content=\"3 minutes\" \/>\n<script type=\"application\/ld+json\" class=\"yoast-schema-graph\">{\"@context\":\"https:\/\/schema.org\",\"@graph\":[{\"@type\":\"Article\",\"@id\":\"https:\/\/eryckveziau.com\/en\/immobilier\/les-quebecois-continuent-deviter-les-grands-centres\/#article\",\"isPartOf\":{\"@id\":\"https:\/\/eryckveziau.com\/en\/immobilier\/les-quebecois-continuent-deviter-les-grands-centres\/\"},\"author\":{\"name\":\"ERYCK V\u00c9ZIAU COURTIER IMMOBILIER LAVAL,COURTIER IMMOBILIER STE-DOROTH\u00c9E,MAISON \u00c0 VENDRE LAVAL,AGENT IMMOBILIER STE-DOROTH\u00c9E\",\"@id\":\"https:\/\/eryckveziau.com\/en\/#\/schema\/person\/89ff47cf6f95211fdeae055c69df6d8a\"},\"headline\":\"Les Qu\u00e9b\u00e9cois continuent d\u2019\u00e9viter les grands centres\",\"datePublished\":\"2025-06-15T14:13:25+00:00\",\"dateModified\":\"2025-06-15T14:13:26+00:00\",\"mainEntityOfPage\":{\"@id\":\"https:\/\/eryckveziau.com\/en\/immobilier\/les-quebecois-continuent-deviter-les-grands-centres\/\"},\"wordCount\":809,\"publisher\":{\"@id\":\"https:\/\/eryckveziau.com\/en\/#organization\"},\"image\":{\"@id\":\"https:\/\/eryckveziau.com\/en\/immobilier\/les-quebecois-continuent-deviter-les-grands-centres\/#primaryimage\"},\"thumbnailUrl\":\"https:\/\/eryckveziau.com\/files\/2025\/06\/houses-1602016_1280.jpg\",\"articleSection\":[\"Immobilier\",\"Nouvelles\"],\"inLanguage\":\"en-US\"},{\"@type\":\"WebPage\",\"@id\":\"https:\/\/eryckveziau.com\/en\/immobilier\/les-quebecois-continuent-deviter-les-grands-centres\/\",\"url\":\"https:\/\/eryckveziau.com\/en\/immobilier\/les-quebecois-continuent-deviter-les-grands-centres\/\",\"name\":\"Les Qu\u00e9b\u00e9cois continuent d\u2019\u00e9viter les grands centres | ERYCK V\u00c9ZIAU, COURTIER IMMOBILIER LAVAL, COURTIER IMMOBILIER STE-DOROTH\u00c9E, MAISON \u00c0 VENDRE LAVAL, AGENT IMMOBILIER STE-DOROTH\u00c9E\",\"isPartOf\":{\"@id\":\"https:\/\/eryckveziau.com\/en\/#website\"},\"primaryImageOfPage\":{\"@id\":\"https:\/\/eryckveziau.com\/en\/immobilier\/les-quebecois-continuent-deviter-les-grands-centres\/#primaryimage\"},\"image\":{\"@id\":\"https:\/\/eryckveziau.com\/en\/immobilier\/les-quebecois-continuent-deviter-les-grands-centres\/#primaryimage\"},\"thumbnailUrl\":\"https:\/\/eryckveziau.com\/files\/2025\/06\/houses-1602016_1280.jpg\",\"datePublished\":\"2025-06-15T14:13:25+00:00\",\"dateModified\":\"2025-06-15T14:13:26+00:00\",\"breadcrumb\":{\"@id\":\"https:\/\/eryckveziau.com\/en\/immobilier\/les-quebecois-continuent-deviter-les-grands-centres\/#breadcrumb\"},\"inLanguage\":\"en-US\",\"potentialAction\":[{\"@type\":\"ReadAction\",\"target\":[\"https:\/\/eryckveziau.com\/en\/immobilier\/les-quebecois-continuent-deviter-les-grands-centres\/\"]}]},{\"@type\":\"ImageObject\",\"inLanguage\":\"en-US\",\"@id\":\"https:\/\/eryckveziau.com\/en\/immobilier\/les-quebecois-continuent-deviter-les-grands-centres\/#primaryimage\",\"url\":\"https:\/\/eryckveziau.com\/files\/2025\/06\/houses-1602016_1280.jpg\",\"contentUrl\":\"https:\/\/eryckveziau.com\/files\/2025\/06\/houses-1602016_1280.jpg\",\"width\":1280,\"height\":847,\"caption\":\"Banlieue\"},{\"@type\":\"BreadcrumbList\",\"@id\":\"https:\/\/eryckveziau.com\/en\/immobilier\/les-quebecois-continuent-deviter-les-grands-centres\/#breadcrumb\",\"itemListElement\":[{\"@type\":\"ListItem\",\"position\":1,\"name\":\"Accueil\",\"item\":\"https:\/\/eryckveziau.com\/en\/\"},{\"@type\":\"ListItem\",\"position\":2,\"name\":\"Les Qu\u00e9b\u00e9cois continuent d\u2019\u00e9viter les grands centres\"}]},{\"@type\":\"WebSite\",\"@id\":\"https:\/\/eryckveziau.com\/en\/#website\",\"url\":\"https:\/\/eryckveziau.com\/en\/\",\"name\":\"ERYCK V\u00c9ZIAU, COURTIER IMMOBILIER LAVAL, COURTIER IMMOBILIER STE-DOROTH\u00c9E, MAISON \u00c0 VENDRE LAVAL, AGENT IMMOBILIER STE-DOROTH\u00c9E\",\"description\":\"\",\"publisher\":{\"@id\":\"https:\/\/eryckveziau.com\/en\/#organization\"},\"potentialAction\":[{\"@type\":\"SearchAction\",\"target\":{\"@type\":\"EntryPoint\",\"urlTemplate\":\"https:\/\/eryckveziau.com\/en\/?s={search_term_string}\"},\"query-input\":{\"@type\":\"PropertyValueSpecification\",\"valueRequired\":true,\"valueName\":\"search_term_string\"}}],\"inLanguage\":\"en-US\"},{\"@type\":\"Organization\",\"@id\":\"https:\/\/eryckveziau.com\/en\/#organization\",\"name\":\"Eryck V\u00e9ziau RE\/MAX\",\"url\":\"https:\/\/eryckveziau.com\/en\/\",\"logo\":{\"@type\":\"ImageObject\",\"inLanguage\":\"en-US\",\"@id\":\"https:\/\/eryckveziau.com\/en\/#\/schema\/logo\/image\/\",\"url\":\"https:\/\/eryckveziau.com\/files\/2022\/09\/PartageEveziau.png\",\"contentUrl\":\"https:\/\/eryckveziau.com\/files\/2022\/09\/PartageEveziau.png\",\"width\":924,\"height\":454,\"caption\":\"Eryck V\u00e9ziau RE\/MAX\"},\"image\":{\"@id\":\"https:\/\/eryckveziau.com\/en\/#\/schema\/logo\/image\/\"},\"sameAs\":[\"https:\/\/www.facebook.com\/EryckVeziau.courtier.immobilier.ReMax.Laval\",\"https:\/\/www.instagram.com\/eryck_veziau_remax\/\",\"https:\/\/www.linkedin.com\/in\/eryck-v\u00e9ziau-6a445134\/\",\"https:\/\/www.youtube.com\/user\/eveziau\"]},{\"@type\":\"Person\",\"@id\":\"https:\/\/eryckveziau.com\/en\/#\/schema\/person\/89ff47cf6f95211fdeae055c69df6d8a\",\"name\":\"ERYCK V\u00c9ZIAU COURTIER IMMOBILIER LAVAL,COURTIER IMMOBILIER STE-DOROTH\u00c9E,MAISON \u00c0 VENDRE LAVAL,AGENT IMMOBILIER STE-DOROTH\u00c9E\",\"image\":{\"@type\":\"ImageObject\",\"inLanguage\":\"en-US\",\"@id\":\"https:\/\/eryckveziau.com\/en\/#\/schema\/person\/image\/\",\"url\":\"https:\/\/secure.gravatar.com\/avatar\/1ff1317def8de13459788d21b92b8349d9bff8a1af6697e8a58c46acf60d787f?s=96&d=mm&r=g\",\"contentUrl\":\"https:\/\/secure.gravatar.com\/avatar\/1ff1317def8de13459788d21b92b8349d9bff8a1af6697e8a58c46acf60d787f?s=96&d=mm&r=g\",\"caption\":\"ERYCK V\u00c9ZIAU COURTIER IMMOBILIER LAVAL,COURTIER IMMOBILIER STE-DOROTH\u00c9E,MAISON \u00c0 VENDRE LAVAL,AGENT IMMOBILIER STE-DOROTH\u00c9E\"},\"description\":\"Faites confiance \u00e0 un courtier immobilier qui a fait ses preuves et qui sera vraiment l\u00e0 pour vous! Eryck V\u00e9ziau se d\u00e9marque par son approche dynamique et sa mise en march\u00e9 puissante et pro-active. En plus d'\u00eatre pr\u00e9sente sur plus de 10 sites internet diff\u00e9rents et d'\u00eatre publi\u00e9e dans diff\u00e9rents imprim\u00e9s votre propri\u00e9t\u00e9 est pr\u00e9sent\u00e9e \u00e0 de nombreux clients potentiels personnellement et ce chaques semaines. Sa connaissance du march\u00e9 et son professionnalisme en font sa renomm\u00e9e. B\u00e9n\u00e9ficiez en plus, de l'excellente visibilit\u00e9 et de la renomm\u00e9 de RE\/MAX la plus importante banni\u00e8re au monde! Bien appuy\u00e9 par son \u00e9quipe de professionnels (notaires, arpenteurs,courtiers hypoth\u00e9caire,avocats, conseillers financier...) vous serez servi sans aucun souci par des gens comp\u00e9tents. Vos attentes et vos r\u00eaves seront \u00e9cout\u00e9s et surtout compris afin que vos objectifs soient r\u00e9alis\u00e9s! Eryck V\u00e9ziau vous offre en prime la garantie Tranquili-T, offerte autant pour les clients-vendeurs que pour les clients-acheteurs! Le march\u00e9 \u00e9volue, votre courtier doit suivre... Contactez-moi pour une \u00e9valuation gratuite de votre propri\u00e9t\u00e9 ou pour un envoi sans frais des maisons list\u00e9es dans votre secteur.\",\"sameAs\":[\"http:\/\/www.eryckveziau.com\"],\"url\":\"https:\/\/eryckveziau.com\/en\/author\/14497\/\"}]}<\/script>\n<!-- \/ Yoast SEO plugin. -->","yoast_head_json":{"title":"Les Qu\u00e9b\u00e9cois continuent d\u2019\u00e9viter les grands centres | ERYCK V\u00c9ZIAU, COURTIER IMMOBILIER LAVAL, COURTIER IMMOBILIER STE-DOROTH\u00c9E, MAISON \u00c0 VENDRE LAVAL, AGENT IMMOBILIER STE-DOROTH\u00c9E","robots":{"index":"index","follow":"follow","max-snippet":"max-snippet:-1","max-image-preview":"max-image-preview:large","max-video-preview":"max-video-preview:-1"},"canonical":"https:\/\/eryckveziau.com\/en\/immobilier\/les-quebecois-continuent-deviter-les-grands-centres\/","og_locale":"en_US","og_type":"article","og_title":"Les Qu\u00e9b\u00e9cois continuent d\u2019\u00e9viter les grands centres | ERYCK V\u00c9ZIAU, COURTIER IMMOBILIER LAVAL, COURTIER IMMOBILIER STE-DOROTH\u00c9E, MAISON \u00c0 VENDRE LAVAL, AGENT IMMOBILIER STE-DOROTH\u00c9E","og_description":"\u00c9ric Desrosiers Publi\u00e9 le 10 juin Les Qu\u00e9b\u00e9cois ont moins envie de quitter les r\u00e9gions pour les grands centres. Ils sont plut\u00f4t port\u00e9s \u00e0 rester l\u00e0 o\u00f9 ils sont, ou alors \u00e0 faire le chemin inverse. Ils le feraient d\u2019ailleurs peut-\u00eatre plus encore si les logements n\u2019\u00e9taient pas si rares. On se souvient que, durant [&hellip;]","og_url":"https:\/\/eryckveziau.com\/en\/immobilier\/les-quebecois-continuent-deviter-les-grands-centres\/","og_site_name":"ERYCK V\u00c9ZIAU, COURTIER IMMOBILIER LAVAL, COURTIER IMMOBILIER STE-DOROTH\u00c9E, MAISON \u00c0 VENDRE LAVAL, AGENT IMMOBILIER STE-DOROTH\u00c9E","article_publisher":"https:\/\/www.facebook.com\/EryckVeziau.courtier.immobilier.ReMax.Laval","article_published_time":"2025-06-15T14:13:25+00:00","article_modified_time":"2025-06-15T14:13:26+00:00","og_image":[{"width":1280,"height":847,"url":"https:\/\/eryckveziau.com\/files\/2025\/06\/houses-1602016_1280.jpg","type":"image\/jpeg"}],"author":"ERYCK V\u00c9ZIAU COURTIER IMMOBILIER LAVAL,COURTIER IMMOBILIER STE-DOROTH\u00c9E,MAISON \u00c0 VENDRE LAVAL,AGENT IMMOBILIER STE-DOROTH\u00c9E","twitter_card":"summary_large_image","twitter_misc":{"Written by":"ERYCK V\u00c9ZIAU COURTIER IMMOBILIER LAVAL,COURTIER IMMOBILIER STE-DOROTH\u00c9E,MAISON \u00c0 VENDRE LAVAL,AGENT IMMOBILIER STE-DOROTH\u00c9E","Est. reading time":"3 minutes"},"schema":{"@context":"https:\/\/schema.org","@graph":[{"@type":"Article","@id":"https:\/\/eryckveziau.com\/en\/immobilier\/les-quebecois-continuent-deviter-les-grands-centres\/#article","isPartOf":{"@id":"https:\/\/eryckveziau.com\/en\/immobilier\/les-quebecois-continuent-deviter-les-grands-centres\/"},"author":{"name":"ERYCK V\u00c9ZIAU COURTIER IMMOBILIER LAVAL,COURTIER IMMOBILIER STE-DOROTH\u00c9E,MAISON \u00c0 VENDRE LAVAL,AGENT IMMOBILIER STE-DOROTH\u00c9E","@id":"https:\/\/eryckveziau.com\/en\/#\/schema\/person\/89ff47cf6f95211fdeae055c69df6d8a"},"headline":"Les Qu\u00e9b\u00e9cois continuent d\u2019\u00e9viter les grands centres","datePublished":"2025-06-15T14:13:25+00:00","dateModified":"2025-06-15T14:13:26+00:00","mainEntityOfPage":{"@id":"https:\/\/eryckveziau.com\/en\/immobilier\/les-quebecois-continuent-deviter-les-grands-centres\/"},"wordCount":809,"publisher":{"@id":"https:\/\/eryckveziau.com\/en\/#organization"},"image":{"@id":"https:\/\/eryckveziau.com\/en\/immobilier\/les-quebecois-continuent-deviter-les-grands-centres\/#primaryimage"},"thumbnailUrl":"https:\/\/eryckveziau.com\/files\/2025\/06\/houses-1602016_1280.jpg","articleSection":["Immobilier","Nouvelles"],"inLanguage":"en-US"},{"@type":"WebPage","@id":"https:\/\/eryckveziau.com\/en\/immobilier\/les-quebecois-continuent-deviter-les-grands-centres\/","url":"https:\/\/eryckveziau.com\/en\/immobilier\/les-quebecois-continuent-deviter-les-grands-centres\/","name":"Les Qu\u00e9b\u00e9cois continuent d\u2019\u00e9viter les grands centres | ERYCK V\u00c9ZIAU, COURTIER IMMOBILIER LAVAL, COURTIER IMMOBILIER STE-DOROTH\u00c9E, MAISON \u00c0 VENDRE LAVAL, AGENT IMMOBILIER STE-DOROTH\u00c9E","isPartOf":{"@id":"https:\/\/eryckveziau.com\/en\/#website"},"primaryImageOfPage":{"@id":"https:\/\/eryckveziau.com\/en\/immobilier\/les-quebecois-continuent-deviter-les-grands-centres\/#primaryimage"},"image":{"@id":"https:\/\/eryckveziau.com\/en\/immobilier\/les-quebecois-continuent-deviter-les-grands-centres\/#primaryimage"},"thumbnailUrl":"https:\/\/eryckveziau.com\/files\/2025\/06\/houses-1602016_1280.jpg","datePublished":"2025-06-15T14:13:25+00:00","dateModified":"2025-06-15T14:13:26+00:00","breadcrumb":{"@id":"https:\/\/eryckveziau.com\/en\/immobilier\/les-quebecois-continuent-deviter-les-grands-centres\/#breadcrumb"},"inLanguage":"en-US","potentialAction":[{"@type":"ReadAction","target":["https:\/\/eryckveziau.com\/en\/immobilier\/les-quebecois-continuent-deviter-les-grands-centres\/"]}]},{"@type":"ImageObject","inLanguage":"en-US","@id":"https:\/\/eryckveziau.com\/en\/immobilier\/les-quebecois-continuent-deviter-les-grands-centres\/#primaryimage","url":"https:\/\/eryckveziau.com\/files\/2025\/06\/houses-1602016_1280.jpg","contentUrl":"https:\/\/eryckveziau.com\/files\/2025\/06\/houses-1602016_1280.jpg","width":1280,"height":847,"caption":"Banlieue"},{"@type":"BreadcrumbList","@id":"https:\/\/eryckveziau.com\/en\/immobilier\/les-quebecois-continuent-deviter-les-grands-centres\/#breadcrumb","itemListElement":[{"@type":"ListItem","position":1,"name":"Accueil","item":"https:\/\/eryckveziau.com\/en\/"},{"@type":"ListItem","position":2,"name":"Les Qu\u00e9b\u00e9cois continuent d\u2019\u00e9viter les grands centres"}]},{"@type":"WebSite","@id":"https:\/\/eryckveziau.com\/en\/#website","url":"https:\/\/eryckveziau.com\/en\/","name":"ERYCK V\u00c9ZIAU, COURTIER IMMOBILIER LAVAL, COURTIER IMMOBILIER STE-DOROTH\u00c9E, MAISON \u00c0 VENDRE LAVAL, AGENT IMMOBILIER STE-DOROTH\u00c9E","description":"","publisher":{"@id":"https:\/\/eryckveziau.com\/en\/#organization"},"potentialAction":[{"@type":"SearchAction","target":{"@type":"EntryPoint","urlTemplate":"https:\/\/eryckveziau.com\/en\/?s={search_term_string}"},"query-input":{"@type":"PropertyValueSpecification","valueRequired":true,"valueName":"search_term_string"}}],"inLanguage":"en-US"},{"@type":"Organization","@id":"https:\/\/eryckveziau.com\/en\/#organization","name":"Eryck V\u00e9ziau RE\/MAX","url":"https:\/\/eryckveziau.com\/en\/","logo":{"@type":"ImageObject","inLanguage":"en-US","@id":"https:\/\/eryckveziau.com\/en\/#\/schema\/logo\/image\/","url":"https:\/\/eryckveziau.com\/files\/2022\/09\/PartageEveziau.png","contentUrl":"https:\/\/eryckveziau.com\/files\/2022\/09\/PartageEveziau.png","width":924,"height":454,"caption":"Eryck V\u00e9ziau RE\/MAX"},"image":{"@id":"https:\/\/eryckveziau.com\/en\/#\/schema\/logo\/image\/"},"sameAs":["https:\/\/www.facebook.com\/EryckVeziau.courtier.immobilier.ReMax.Laval","https:\/\/www.instagram.com\/eryck_veziau_remax\/","https:\/\/www.linkedin.com\/in\/eryck-v\u00e9ziau-6a445134\/","https:\/\/www.youtube.com\/user\/eveziau"]},{"@type":"Person","@id":"https:\/\/eryckveziau.com\/en\/#\/schema\/person\/89ff47cf6f95211fdeae055c69df6d8a","name":"ERYCK V\u00c9ZIAU COURTIER IMMOBILIER LAVAL,COURTIER IMMOBILIER STE-DOROTH\u00c9E,MAISON \u00c0 VENDRE LAVAL,AGENT IMMOBILIER STE-DOROTH\u00c9E","image":{"@type":"ImageObject","inLanguage":"en-US","@id":"https:\/\/eryckveziau.com\/en\/#\/schema\/person\/image\/","url":"https:\/\/secure.gravatar.com\/avatar\/1ff1317def8de13459788d21b92b8349d9bff8a1af6697e8a58c46acf60d787f?s=96&d=mm&r=g","contentUrl":"https:\/\/secure.gravatar.com\/avatar\/1ff1317def8de13459788d21b92b8349d9bff8a1af6697e8a58c46acf60d787f?s=96&d=mm&r=g","caption":"ERYCK V\u00c9ZIAU COURTIER IMMOBILIER LAVAL,COURTIER IMMOBILIER STE-DOROTH\u00c9E,MAISON \u00c0 VENDRE LAVAL,AGENT IMMOBILIER STE-DOROTH\u00c9E"},"description":"Faites confiance \u00e0 un courtier immobilier qui a fait ses preuves et qui sera vraiment l\u00e0 pour vous! Eryck V\u00e9ziau se d\u00e9marque par son approche dynamique et sa mise en march\u00e9 puissante et pro-active. En plus d'\u00eatre pr\u00e9sente sur plus de 10 sites internet diff\u00e9rents et d'\u00eatre publi\u00e9e dans diff\u00e9rents imprim\u00e9s votre propri\u00e9t\u00e9 est pr\u00e9sent\u00e9e \u00e0 de nombreux clients potentiels personnellement et ce chaques semaines. Sa connaissance du march\u00e9 et son professionnalisme en font sa renomm\u00e9e. B\u00e9n\u00e9ficiez en plus, de l'excellente visibilit\u00e9 et de la renomm\u00e9 de RE\/MAX la plus importante banni\u00e8re au monde! Bien appuy\u00e9 par son \u00e9quipe de professionnels (notaires, arpenteurs,courtiers hypoth\u00e9caire,avocats, conseillers financier...) vous serez servi sans aucun souci par des gens comp\u00e9tents. Vos attentes et vos r\u00eaves seront \u00e9cout\u00e9s et surtout compris afin que vos objectifs soient r\u00e9alis\u00e9s! Eryck V\u00e9ziau vous offre en prime la garantie Tranquili-T, offerte autant pour les clients-vendeurs que pour les clients-acheteurs! Le march\u00e9 \u00e9volue, votre courtier doit suivre... Contactez-moi pour une \u00e9valuation gratuite de votre propri\u00e9t\u00e9 ou pour un envoi sans frais des maisons list\u00e9es dans votre secteur.","sameAs":["http:\/\/www.eryckveziau.com"],"url":"https:\/\/eryckveziau.com\/en\/author\/14497\/"}]}},"_links":{"self":[{"href":"https:\/\/eryckveziau.com\/en\/wp-json\/wp\/v2\/posts\/6259","targetHints":{"allow":["GET"]}}],"collection":[{"href":"https:\/\/eryckveziau.com\/en\/wp-json\/wp\/v2\/posts"}],"about":[{"href":"https:\/\/eryckveziau.com\/en\/wp-json\/wp\/v2\/types\/post"}],"author":[{"embeddable":true,"href":"https:\/\/eryckveziau.com\/en\/wp-json\/wp\/v2\/users\/560"}],"replies":[{"embeddable":true,"href":"https:\/\/eryckveziau.com\/en\/wp-json\/wp\/v2\/comments?post=6259"}],"version-history":[{"count":1,"href":"https:\/\/eryckveziau.com\/en\/wp-json\/wp\/v2\/posts\/6259\/revisions"}],"predecessor-version":[{"id":6261,"href":"https:\/\/eryckveziau.com\/en\/wp-json\/wp\/v2\/posts\/6259\/revisions\/6261"}],"wp:featuredmedia":[{"embeddable":true,"href":"https:\/\/eryckveziau.com\/en\/wp-json\/wp\/v2\/media\/6260"}],"wp:attachment":[{"href":"https:\/\/eryckveziau.com\/en\/wp-json\/wp\/v2\/media?parent=6259"}],"wp:term":[{"taxonomy":"category","embeddable":true,"href":"https:\/\/eryckveziau.com\/en\/wp-json\/wp\/v2\/categories?post=6259"},{"taxonomy":"post_tag","embeddable":true,"href":"https:\/\/eryckveziau.com\/en\/wp-json\/wp\/v2\/tags?post=6259"}],"curies":[{"name":"wp","href":"https:\/\/api.w.org\/{rel}","templated":true}]}}