{"id":6233,"date":"2025-05-12T10:31:11","date_gmt":"2025-05-12T14:31:11","guid":{"rendered":"https:\/\/eryckveziau.com\/?p=6233"},"modified":"2025-05-12T10:31:12","modified_gmt":"2025-05-12T14:31:12","slug":"combien-de-proprietes-ont-ete-vendues-en-avril-dans-la-region-de-montreal","status":"publish","type":"post","link":"https:\/\/eryckveziau.com\/en\/immobilier\/combien-de-proprietes-ont-ete-vendues-en-avril-dans-la-region-de-montreal\/","title":{"rendered":"Combien de propri\u00e9t\u00e9s ont \u00e9t\u00e9 vendues en avril dans la r\u00e9gion de Montr\u00e9al?"},"content":{"rendered":"\n<p><small><a href=\"https:\/\/www.lesaffaires.com\/auteur\/lapressecanadienne954\/\">La Presse Canadienne<\/a><\/small><\/p>\n\n\n\n<p><small>Publi\u00e9 le 07 mai 2025<\/small><\/p>\n\n\n\n<p><strong>Les ventes r\u00e9sidentielles dans la r\u00e9gion de Montr\u00e9al ont augment\u00e9 en avril par rapport au m\u00eame mois l\u2019an dernier, malgr\u00e9 une incertitude \u00e9conomique ayant entra\u00een\u00e9 une baisse des ventes dans d\u2019autres grandes villes canadiennes.<\/strong><\/p>\n\n\n\n<p>L\u2019Association professionnelle des courtiers immobiliers du Qu\u00e9bec (APCIQ) indique mercredi que 5\u2009126&nbsp;propri\u00e9t\u00e9s ont \u00e9t\u00e9 vendues dans la r\u00e9gion m\u00e9tropolitaine le mois dernier, soit une hausse de 10,4% par rapport aux 4\u2009645&nbsp;ventes d\u2019avril 2024.<\/p>\n\n\n\n<p>Le directeur du service de l\u2019analyse de march\u00e9 de l\u2019APCIQ, Charles Brant, explique que la croissance des ventes est attribuable \u00e0 l\u2019all\u00e8gement des r\u00e8gles d\u2019assurance hypoth\u00e9caire et l\u2019acc\u00e9l\u00e9ration de la baisse des taux d\u2019int\u00e9r\u00eat au cours des six derniers mois, malgr\u00e9 le maintien du taux directeur par la Banque du Canada le mois dernier.<\/p>\n\n\n\n<p>Le prix m\u00e9dian de tous les types de logements dans la r\u00e9gion de Montr\u00e9al a \u00e9galement grimp\u00e9 d\u2019une ann\u00e9e \u00e0 l\u2019autre, en raison d\u2019une hausse de 10% du prix d\u2019un plex, qui s\u2019est \u00e9tabli \u00e0 830\u2009500$. Le prix m\u00e9dian d\u2019une maison unifamiliale a augment\u00e9 de 8,7% pour s\u2019\u00e9lever \u00e0 625\u2009000$, tandis que celui d\u2019une copropri\u00e9t\u00e9 a cr\u00fb de 6,1% pour atteindre 424\u2009500$.<\/p>\n\n\n\n<p>Le mois dernier, 7\u2009721\u00a0nouvelles inscriptions ont \u00e9t\u00e9 enregistr\u00e9es dans la r\u00e9gion de Montr\u00e9al, soit une augmentation de 12,1% par rapport \u00e0 l\u2019ann\u00e9e pr\u00e9c\u00e9dente, tandis que les inscriptions actives ont progress\u00e9 de 2,3% pour se chiffrer \u00e0 18\u2009731.<\/p>\n\n\n\n<p><a href=\"https:\/\/www.lesaffaires.com\/dossiers\/immobilier-residentiel-financer-les-infrastructures\/combien-de-proprietes-ont-ete-vendues-en-avril-dans-la-region-de-montreal\/\" target=\"_blank\" rel=\"noreferrer noopener\">Lire l&#8217;article ici<\/a><\/p>\n","protected":false},"excerpt":{"rendered":"<p>La Presse Canadienne Publi\u00e9 le 07 mai 2025 Les ventes r\u00e9sidentielles dans la r\u00e9gion de Montr\u00e9al ont augment\u00e9 en avril par rapport au m\u00eame mois l\u2019an dernier, malgr\u00e9 une incertitude \u00e9conomique ayant entra\u00een\u00e9 une baisse des ventes dans d\u2019autres grandes villes canadiennes. L\u2019Association professionnelle des courtiers immobiliers du Qu\u00e9bec (APCIQ) indique mercredi que 5\u2009126&nbsp;propri\u00e9t\u00e9s ont [&hellip;]<\/p>\n","protected":false},"author":560,"featured_media":6234,"comment_status":"closed","ping_status":"closed","sticky":false,"template":"","format":"standard","meta":{"_acf_changed":false,"footnotes":""},"categories":[52,63],"tags":[],"class_list":["post-6233","post","type-post","status-publish","format-standard","hentry","category-immobilier","category-nouvelles"],"acf":[],"yoast_head":"<!-- This site is optimized with the Yoast SEO plugin v26.7 - https:\/\/yoast.com\/wordpress\/plugins\/seo\/ -->\n<title>Combien de propri\u00e9t\u00e9s ont \u00e9t\u00e9 vendues en avril dans la r\u00e9gion de Montr\u00e9al? | ERYCK V\u00c9ZIAU, COURTIER IMMOBILIER LAVAL, COURTIER IMMOBILIER STE-DOROTH\u00c9E, MAISON \u00c0 VENDRE LAVAL, AGENT IMMOBILIER STE-DOROTH\u00c9E<\/title>\n<meta name=\"robots\" content=\"index, follow, max-snippet:-1, max-image-preview:large, max-video-preview:-1\" \/>\n<link rel=\"canonical\" href=\"https:\/\/eryckveziau.com\/immobilier\/combien-de-proprietes-ont-ete-vendues-en-avril-dans-la-region-de-montreal\/\" \/>\n<meta property=\"og:locale\" content=\"en_US\" \/>\n<meta property=\"og:type\" content=\"article\" \/>\n<meta property=\"og:title\" content=\"Combien de propri\u00e9t\u00e9s ont \u00e9t\u00e9 vendues en avril dans la r\u00e9gion de Montr\u00e9al? | ERYCK V\u00c9ZIAU, COURTIER IMMOBILIER LAVAL, COURTIER IMMOBILIER STE-DOROTH\u00c9E, MAISON \u00c0 VENDRE LAVAL, AGENT IMMOBILIER STE-DOROTH\u00c9E\" \/>\n<meta property=\"og:description\" content=\"La Presse Canadienne Publi\u00e9 le 07 mai 2025 Les ventes r\u00e9sidentielles dans la r\u00e9gion de Montr\u00e9al ont augment\u00e9 en avril par rapport au m\u00eame mois l\u2019an dernier, malgr\u00e9 une incertitude \u00e9conomique ayant entra\u00een\u00e9 une baisse des ventes dans d\u2019autres grandes villes canadiennes. L\u2019Association professionnelle des courtiers immobiliers du Qu\u00e9bec (APCIQ) indique mercredi que 5\u2009126&nbsp;propri\u00e9t\u00e9s ont [&hellip;]\" \/>\n<meta property=\"og:url\" content=\"https:\/\/eryckveziau.com\/immobilier\/combien-de-proprietes-ont-ete-vendues-en-avril-dans-la-region-de-montreal\/\" \/>\n<meta property=\"og:site_name\" content=\"ERYCK V\u00c9ZIAU, COURTIER IMMOBILIER LAVAL, COURTIER IMMOBILIER STE-DOROTH\u00c9E, MAISON \u00c0 VENDRE LAVAL, AGENT IMMOBILIER STE-DOROTH\u00c9E\" \/>\n<meta property=\"article:publisher\" content=\"https:\/\/www.facebook.com\/EryckVeziau.courtier.immobilier.ReMax.Laval\" \/>\n<meta property=\"article:published_time\" content=\"2025-05-12T14:31:11+00:00\" \/>\n<meta property=\"article:modified_time\" content=\"2025-05-12T14:31:12+00:00\" \/>\n<meta property=\"og:image\" content=\"https:\/\/eryckveziau.com\/files\/2025\/05\/montreal-247796_1280.jpg\" \/>\n\t<meta property=\"og:image:width\" content=\"1280\" \/>\n\t<meta property=\"og:image:height\" content=\"853\" \/>\n\t<meta property=\"og:image:type\" content=\"image\/jpeg\" \/>\n<meta name=\"author\" content=\"ERYCK V\u00c9ZIAU COURTIER IMMOBILIER LAVAL,COURTIER IMMOBILIER STE-DOROTH\u00c9E,MAISON \u00c0 VENDRE LAVAL,AGENT IMMOBILIER STE-DOROTH\u00c9E\" \/>\n<meta name=\"twitter:card\" content=\"summary_large_image\" \/>\n<meta name=\"twitter:label1\" content=\"Written by\" \/>\n\t<meta name=\"twitter:data1\" content=\"ERYCK V\u00c9ZIAU COURTIER IMMOBILIER LAVAL,COURTIER IMMOBILIER STE-DOROTH\u00c9E,MAISON \u00c0 VENDRE LAVAL,AGENT IMMOBILIER STE-DOROTH\u00c9E\" \/>\n\t<meta name=\"twitter:label2\" content=\"Est. reading time\" \/>\n\t<meta name=\"twitter:data2\" content=\"2 minutes\" \/>\n<script type=\"application\/ld+json\" class=\"yoast-schema-graph\">{\"@context\":\"https:\/\/schema.org\",\"@graph\":[{\"@type\":\"Article\",\"@id\":\"https:\/\/eryckveziau.com\/immobilier\/combien-de-proprietes-ont-ete-vendues-en-avril-dans-la-region-de-montreal\/#article\",\"isPartOf\":{\"@id\":\"https:\/\/eryckveziau.com\/immobilier\/combien-de-proprietes-ont-ete-vendues-en-avril-dans-la-region-de-montreal\/\"},\"author\":{\"name\":\"ERYCK V\u00c9ZIAU COURTIER IMMOBILIER LAVAL,COURTIER IMMOBILIER STE-DOROTH\u00c9E,MAISON \u00c0 VENDRE LAVAL,AGENT IMMOBILIER STE-DOROTH\u00c9E\",\"@id\":\"https:\/\/eryckveziau.com\/en\/#\/schema\/person\/89ff47cf6f95211fdeae055c69df6d8a\"},\"headline\":\"Combien de propri\u00e9t\u00e9s ont \u00e9t\u00e9 vendues en avril dans la r\u00e9gion de Montr\u00e9al?\",\"datePublished\":\"2025-05-12T14:31:11+00:00\",\"dateModified\":\"2025-05-12T14:31:12+00:00\",\"mainEntityOfPage\":{\"@id\":\"https:\/\/eryckveziau.com\/immobilier\/combien-de-proprietes-ont-ete-vendues-en-avril-dans-la-region-de-montreal\/\"},\"wordCount\":280,\"publisher\":{\"@id\":\"https:\/\/eryckveziau.com\/en\/#organization\"},\"image\":{\"@id\":\"https:\/\/eryckveziau.com\/immobilier\/combien-de-proprietes-ont-ete-vendues-en-avril-dans-la-region-de-montreal\/#primaryimage\"},\"thumbnailUrl\":\"https:\/\/eryckveziau.com\/files\/2025\/05\/montreal-247796_1280.jpg\",\"articleSection\":[\"Immobilier\",\"Nouvelles\"],\"inLanguage\":\"en-US\"},{\"@type\":\"WebPage\",\"@id\":\"https:\/\/eryckveziau.com\/immobilier\/combien-de-proprietes-ont-ete-vendues-en-avril-dans-la-region-de-montreal\/\",\"url\":\"https:\/\/eryckveziau.com\/immobilier\/combien-de-proprietes-ont-ete-vendues-en-avril-dans-la-region-de-montreal\/\",\"name\":\"Combien de propri\u00e9t\u00e9s ont \u00e9t\u00e9 vendues en avril dans la r\u00e9gion de Montr\u00e9al? | ERYCK V\u00c9ZIAU, COURTIER IMMOBILIER LAVAL, COURTIER IMMOBILIER STE-DOROTH\u00c9E, MAISON \u00c0 VENDRE LAVAL, AGENT IMMOBILIER STE-DOROTH\u00c9E\",\"isPartOf\":{\"@id\":\"https:\/\/eryckveziau.com\/en\/#website\"},\"primaryImageOfPage\":{\"@id\":\"https:\/\/eryckveziau.com\/immobilier\/combien-de-proprietes-ont-ete-vendues-en-avril-dans-la-region-de-montreal\/#primaryimage\"},\"image\":{\"@id\":\"https:\/\/eryckveziau.com\/immobilier\/combien-de-proprietes-ont-ete-vendues-en-avril-dans-la-region-de-montreal\/#primaryimage\"},\"thumbnailUrl\":\"https:\/\/eryckveziau.com\/files\/2025\/05\/montreal-247796_1280.jpg\",\"datePublished\":\"2025-05-12T14:31:11+00:00\",\"dateModified\":\"2025-05-12T14:31:12+00:00\",\"breadcrumb\":{\"@id\":\"https:\/\/eryckveziau.com\/immobilier\/combien-de-proprietes-ont-ete-vendues-en-avril-dans-la-region-de-montreal\/#breadcrumb\"},\"inLanguage\":\"en-US\",\"potentialAction\":[{\"@type\":\"ReadAction\",\"target\":[\"https:\/\/eryckveziau.com\/immobilier\/combien-de-proprietes-ont-ete-vendues-en-avril-dans-la-region-de-montreal\/\"]}]},{\"@type\":\"ImageObject\",\"inLanguage\":\"en-US\",\"@id\":\"https:\/\/eryckveziau.com\/immobilier\/combien-de-proprietes-ont-ete-vendues-en-avril-dans-la-region-de-montreal\/#primaryimage\",\"url\":\"https:\/\/eryckveziau.com\/files\/2025\/05\/montreal-247796_1280.jpg\",\"contentUrl\":\"https:\/\/eryckveziau.com\/files\/2025\/05\/montreal-247796_1280.jpg\",\"width\":1280,\"height\":853,\"caption\":\"Montreal\"},{\"@type\":\"BreadcrumbList\",\"@id\":\"https:\/\/eryckveziau.com\/immobilier\/combien-de-proprietes-ont-ete-vendues-en-avril-dans-la-region-de-montreal\/#breadcrumb\",\"itemListElement\":[{\"@type\":\"ListItem\",\"position\":1,\"name\":\"Accueil\",\"item\":\"https:\/\/eryckveziau.com\/en\/\"},{\"@type\":\"ListItem\",\"position\":2,\"name\":\"Combien de propri\u00e9t\u00e9s ont \u00e9t\u00e9 vendues en avril dans la r\u00e9gion de Montr\u00e9al?\"}]},{\"@type\":\"WebSite\",\"@id\":\"https:\/\/eryckveziau.com\/en\/#website\",\"url\":\"https:\/\/eryckveziau.com\/en\/\",\"name\":\"ERYCK V\u00c9ZIAU, COURTIER IMMOBILIER LAVAL, COURTIER IMMOBILIER STE-DOROTH\u00c9E, MAISON \u00c0 VENDRE LAVAL, AGENT IMMOBILIER STE-DOROTH\u00c9E\",\"description\":\"\",\"publisher\":{\"@id\":\"https:\/\/eryckveziau.com\/en\/#organization\"},\"potentialAction\":[{\"@type\":\"SearchAction\",\"target\":{\"@type\":\"EntryPoint\",\"urlTemplate\":\"https:\/\/eryckveziau.com\/en\/?s={search_term_string}\"},\"query-input\":{\"@type\":\"PropertyValueSpecification\",\"valueRequired\":true,\"valueName\":\"search_term_string\"}}],\"inLanguage\":\"en-US\"},{\"@type\":\"Organization\",\"@id\":\"https:\/\/eryckveziau.com\/en\/#organization\",\"name\":\"Eryck V\u00e9ziau RE\/MAX\",\"url\":\"https:\/\/eryckveziau.com\/en\/\",\"logo\":{\"@type\":\"ImageObject\",\"inLanguage\":\"en-US\",\"@id\":\"https:\/\/eryckveziau.com\/en\/#\/schema\/logo\/image\/\",\"url\":\"https:\/\/eryckveziau.com\/files\/2022\/09\/PartageEveziau.png\",\"contentUrl\":\"https:\/\/eryckveziau.com\/files\/2022\/09\/PartageEveziau.png\",\"width\":924,\"height\":454,\"caption\":\"Eryck V\u00e9ziau RE\/MAX\"},\"image\":{\"@id\":\"https:\/\/eryckveziau.com\/en\/#\/schema\/logo\/image\/\"},\"sameAs\":[\"https:\/\/www.facebook.com\/EryckVeziau.courtier.immobilier.ReMax.Laval\",\"https:\/\/www.instagram.com\/eryck_veziau_remax\/\",\"https:\/\/www.linkedin.com\/in\/eryck-v\u00e9ziau-6a445134\/\",\"https:\/\/www.youtube.com\/user\/eveziau\"]},{\"@type\":\"Person\",\"@id\":\"https:\/\/eryckveziau.com\/en\/#\/schema\/person\/89ff47cf6f95211fdeae055c69df6d8a\",\"name\":\"ERYCK V\u00c9ZIAU COURTIER IMMOBILIER LAVAL,COURTIER IMMOBILIER STE-DOROTH\u00c9E,MAISON \u00c0 VENDRE LAVAL,AGENT IMMOBILIER STE-DOROTH\u00c9E\",\"image\":{\"@type\":\"ImageObject\",\"inLanguage\":\"en-US\",\"@id\":\"https:\/\/eryckveziau.com\/en\/#\/schema\/person\/image\/\",\"url\":\"https:\/\/secure.gravatar.com\/avatar\/1ff1317def8de13459788d21b92b8349d9bff8a1af6697e8a58c46acf60d787f?s=96&d=mm&r=g\",\"contentUrl\":\"https:\/\/secure.gravatar.com\/avatar\/1ff1317def8de13459788d21b92b8349d9bff8a1af6697e8a58c46acf60d787f?s=96&d=mm&r=g\",\"caption\":\"ERYCK V\u00c9ZIAU COURTIER IMMOBILIER LAVAL,COURTIER IMMOBILIER STE-DOROTH\u00c9E,MAISON \u00c0 VENDRE LAVAL,AGENT IMMOBILIER STE-DOROTH\u00c9E\"},\"description\":\"Faites confiance \u00e0 un courtier immobilier qui a fait ses preuves et qui sera vraiment l\u00e0 pour vous! Eryck V\u00e9ziau se d\u00e9marque par son approche dynamique et sa mise en march\u00e9 puissante et pro-active. En plus d'\u00eatre pr\u00e9sente sur plus de 10 sites internet diff\u00e9rents et d'\u00eatre publi\u00e9e dans diff\u00e9rents imprim\u00e9s votre propri\u00e9t\u00e9 est pr\u00e9sent\u00e9e \u00e0 de nombreux clients potentiels personnellement et ce chaques semaines. Sa connaissance du march\u00e9 et son professionnalisme en font sa renomm\u00e9e. B\u00e9n\u00e9ficiez en plus, de l'excellente visibilit\u00e9 et de la renomm\u00e9 de RE\/MAX la plus importante banni\u00e8re au monde! Bien appuy\u00e9 par son \u00e9quipe de professionnels (notaires, arpenteurs,courtiers hypoth\u00e9caire,avocats, conseillers financier...) vous serez servi sans aucun souci par des gens comp\u00e9tents. Vos attentes et vos r\u00eaves seront \u00e9cout\u00e9s et surtout compris afin que vos objectifs soient r\u00e9alis\u00e9s! Eryck V\u00e9ziau vous offre en prime la garantie Tranquili-T, offerte autant pour les clients-vendeurs que pour les clients-acheteurs! Le march\u00e9 \u00e9volue, votre courtier doit suivre... Contactez-moi pour une \u00e9valuation gratuite de votre propri\u00e9t\u00e9 ou pour un envoi sans frais des maisons list\u00e9es dans votre secteur.\",\"sameAs\":[\"http:\/\/www.eryckveziau.com\"],\"url\":\"https:\/\/eryckveziau.com\/en\/author\/14497\/\"}]}<\/script>\n<!-- \/ Yoast SEO plugin. -->","yoast_head_json":{"title":"Combien de propri\u00e9t\u00e9s ont \u00e9t\u00e9 vendues en avril dans la r\u00e9gion de Montr\u00e9al? | ERYCK V\u00c9ZIAU, COURTIER IMMOBILIER LAVAL, COURTIER IMMOBILIER STE-DOROTH\u00c9E, MAISON \u00c0 VENDRE LAVAL, AGENT IMMOBILIER STE-DOROTH\u00c9E","robots":{"index":"index","follow":"follow","max-snippet":"max-snippet:-1","max-image-preview":"max-image-preview:large","max-video-preview":"max-video-preview:-1"},"canonical":"https:\/\/eryckveziau.com\/immobilier\/combien-de-proprietes-ont-ete-vendues-en-avril-dans-la-region-de-montreal\/","og_locale":"en_US","og_type":"article","og_title":"Combien de propri\u00e9t\u00e9s ont \u00e9t\u00e9 vendues en avril dans la r\u00e9gion de Montr\u00e9al? | ERYCK V\u00c9ZIAU, COURTIER IMMOBILIER LAVAL, COURTIER IMMOBILIER STE-DOROTH\u00c9E, MAISON \u00c0 VENDRE LAVAL, AGENT IMMOBILIER STE-DOROTH\u00c9E","og_description":"La Presse Canadienne Publi\u00e9 le 07 mai 2025 Les ventes r\u00e9sidentielles dans la r\u00e9gion de Montr\u00e9al ont augment\u00e9 en avril par rapport au m\u00eame mois l\u2019an dernier, malgr\u00e9 une incertitude \u00e9conomique ayant entra\u00een\u00e9 une baisse des ventes dans d\u2019autres grandes villes canadiennes. L\u2019Association professionnelle des courtiers immobiliers du Qu\u00e9bec (APCIQ) indique mercredi que 5\u2009126&nbsp;propri\u00e9t\u00e9s ont [&hellip;]","og_url":"https:\/\/eryckveziau.com\/immobilier\/combien-de-proprietes-ont-ete-vendues-en-avril-dans-la-region-de-montreal\/","og_site_name":"ERYCK V\u00c9ZIAU, COURTIER IMMOBILIER LAVAL, COURTIER IMMOBILIER STE-DOROTH\u00c9E, MAISON \u00c0 VENDRE LAVAL, AGENT IMMOBILIER STE-DOROTH\u00c9E","article_publisher":"https:\/\/www.facebook.com\/EryckVeziau.courtier.immobilier.ReMax.Laval","article_published_time":"2025-05-12T14:31:11+00:00","article_modified_time":"2025-05-12T14:31:12+00:00","og_image":[{"width":1280,"height":853,"url":"https:\/\/eryckveziau.com\/files\/2025\/05\/montreal-247796_1280.jpg","type":"image\/jpeg"}],"author":"ERYCK V\u00c9ZIAU COURTIER IMMOBILIER LAVAL,COURTIER IMMOBILIER STE-DOROTH\u00c9E,MAISON \u00c0 VENDRE LAVAL,AGENT IMMOBILIER STE-DOROTH\u00c9E","twitter_card":"summary_large_image","twitter_misc":{"Written by":"ERYCK V\u00c9ZIAU COURTIER IMMOBILIER LAVAL,COURTIER IMMOBILIER STE-DOROTH\u00c9E,MAISON \u00c0 VENDRE LAVAL,AGENT IMMOBILIER STE-DOROTH\u00c9E","Est. reading time":"2 minutes"},"schema":{"@context":"https:\/\/schema.org","@graph":[{"@type":"Article","@id":"https:\/\/eryckveziau.com\/immobilier\/combien-de-proprietes-ont-ete-vendues-en-avril-dans-la-region-de-montreal\/#article","isPartOf":{"@id":"https:\/\/eryckveziau.com\/immobilier\/combien-de-proprietes-ont-ete-vendues-en-avril-dans-la-region-de-montreal\/"},"author":{"name":"ERYCK V\u00c9ZIAU COURTIER IMMOBILIER LAVAL,COURTIER IMMOBILIER STE-DOROTH\u00c9E,MAISON \u00c0 VENDRE LAVAL,AGENT IMMOBILIER STE-DOROTH\u00c9E","@id":"https:\/\/eryckveziau.com\/en\/#\/schema\/person\/89ff47cf6f95211fdeae055c69df6d8a"},"headline":"Combien de propri\u00e9t\u00e9s ont \u00e9t\u00e9 vendues en avril dans la r\u00e9gion de Montr\u00e9al?","datePublished":"2025-05-12T14:31:11+00:00","dateModified":"2025-05-12T14:31:12+00:00","mainEntityOfPage":{"@id":"https:\/\/eryckveziau.com\/immobilier\/combien-de-proprietes-ont-ete-vendues-en-avril-dans-la-region-de-montreal\/"},"wordCount":280,"publisher":{"@id":"https:\/\/eryckveziau.com\/en\/#organization"},"image":{"@id":"https:\/\/eryckveziau.com\/immobilier\/combien-de-proprietes-ont-ete-vendues-en-avril-dans-la-region-de-montreal\/#primaryimage"},"thumbnailUrl":"https:\/\/eryckveziau.com\/files\/2025\/05\/montreal-247796_1280.jpg","articleSection":["Immobilier","Nouvelles"],"inLanguage":"en-US"},{"@type":"WebPage","@id":"https:\/\/eryckveziau.com\/immobilier\/combien-de-proprietes-ont-ete-vendues-en-avril-dans-la-region-de-montreal\/","url":"https:\/\/eryckveziau.com\/immobilier\/combien-de-proprietes-ont-ete-vendues-en-avril-dans-la-region-de-montreal\/","name":"Combien de propri\u00e9t\u00e9s ont \u00e9t\u00e9 vendues en avril dans la r\u00e9gion de Montr\u00e9al? | ERYCK V\u00c9ZIAU, COURTIER IMMOBILIER LAVAL, COURTIER IMMOBILIER STE-DOROTH\u00c9E, MAISON \u00c0 VENDRE LAVAL, AGENT IMMOBILIER STE-DOROTH\u00c9E","isPartOf":{"@id":"https:\/\/eryckveziau.com\/en\/#website"},"primaryImageOfPage":{"@id":"https:\/\/eryckveziau.com\/immobilier\/combien-de-proprietes-ont-ete-vendues-en-avril-dans-la-region-de-montreal\/#primaryimage"},"image":{"@id":"https:\/\/eryckveziau.com\/immobilier\/combien-de-proprietes-ont-ete-vendues-en-avril-dans-la-region-de-montreal\/#primaryimage"},"thumbnailUrl":"https:\/\/eryckveziau.com\/files\/2025\/05\/montreal-247796_1280.jpg","datePublished":"2025-05-12T14:31:11+00:00","dateModified":"2025-05-12T14:31:12+00:00","breadcrumb":{"@id":"https:\/\/eryckveziau.com\/immobilier\/combien-de-proprietes-ont-ete-vendues-en-avril-dans-la-region-de-montreal\/#breadcrumb"},"inLanguage":"en-US","potentialAction":[{"@type":"ReadAction","target":["https:\/\/eryckveziau.com\/immobilier\/combien-de-proprietes-ont-ete-vendues-en-avril-dans-la-region-de-montreal\/"]}]},{"@type":"ImageObject","inLanguage":"en-US","@id":"https:\/\/eryckveziau.com\/immobilier\/combien-de-proprietes-ont-ete-vendues-en-avril-dans-la-region-de-montreal\/#primaryimage","url":"https:\/\/eryckveziau.com\/files\/2025\/05\/montreal-247796_1280.jpg","contentUrl":"https:\/\/eryckveziau.com\/files\/2025\/05\/montreal-247796_1280.jpg","width":1280,"height":853,"caption":"Montreal"},{"@type":"BreadcrumbList","@id":"https:\/\/eryckveziau.com\/immobilier\/combien-de-proprietes-ont-ete-vendues-en-avril-dans-la-region-de-montreal\/#breadcrumb","itemListElement":[{"@type":"ListItem","position":1,"name":"Accueil","item":"https:\/\/eryckveziau.com\/en\/"},{"@type":"ListItem","position":2,"name":"Combien de propri\u00e9t\u00e9s ont \u00e9t\u00e9 vendues en avril dans la r\u00e9gion de Montr\u00e9al?"}]},{"@type":"WebSite","@id":"https:\/\/eryckveziau.com\/en\/#website","url":"https:\/\/eryckveziau.com\/en\/","name":"ERYCK V\u00c9ZIAU, COURTIER IMMOBILIER LAVAL, COURTIER IMMOBILIER STE-DOROTH\u00c9E, MAISON \u00c0 VENDRE LAVAL, AGENT IMMOBILIER STE-DOROTH\u00c9E","description":"","publisher":{"@id":"https:\/\/eryckveziau.com\/en\/#organization"},"potentialAction":[{"@type":"SearchAction","target":{"@type":"EntryPoint","urlTemplate":"https:\/\/eryckveziau.com\/en\/?s={search_term_string}"},"query-input":{"@type":"PropertyValueSpecification","valueRequired":true,"valueName":"search_term_string"}}],"inLanguage":"en-US"},{"@type":"Organization","@id":"https:\/\/eryckveziau.com\/en\/#organization","name":"Eryck V\u00e9ziau RE\/MAX","url":"https:\/\/eryckveziau.com\/en\/","logo":{"@type":"ImageObject","inLanguage":"en-US","@id":"https:\/\/eryckveziau.com\/en\/#\/schema\/logo\/image\/","url":"https:\/\/eryckveziau.com\/files\/2022\/09\/PartageEveziau.png","contentUrl":"https:\/\/eryckveziau.com\/files\/2022\/09\/PartageEveziau.png","width":924,"height":454,"caption":"Eryck V\u00e9ziau RE\/MAX"},"image":{"@id":"https:\/\/eryckveziau.com\/en\/#\/schema\/logo\/image\/"},"sameAs":["https:\/\/www.facebook.com\/EryckVeziau.courtier.immobilier.ReMax.Laval","https:\/\/www.instagram.com\/eryck_veziau_remax\/","https:\/\/www.linkedin.com\/in\/eryck-v\u00e9ziau-6a445134\/","https:\/\/www.youtube.com\/user\/eveziau"]},{"@type":"Person","@id":"https:\/\/eryckveziau.com\/en\/#\/schema\/person\/89ff47cf6f95211fdeae055c69df6d8a","name":"ERYCK V\u00c9ZIAU COURTIER IMMOBILIER LAVAL,COURTIER IMMOBILIER STE-DOROTH\u00c9E,MAISON \u00c0 VENDRE LAVAL,AGENT IMMOBILIER STE-DOROTH\u00c9E","image":{"@type":"ImageObject","inLanguage":"en-US","@id":"https:\/\/eryckveziau.com\/en\/#\/schema\/person\/image\/","url":"https:\/\/secure.gravatar.com\/avatar\/1ff1317def8de13459788d21b92b8349d9bff8a1af6697e8a58c46acf60d787f?s=96&d=mm&r=g","contentUrl":"https:\/\/secure.gravatar.com\/avatar\/1ff1317def8de13459788d21b92b8349d9bff8a1af6697e8a58c46acf60d787f?s=96&d=mm&r=g","caption":"ERYCK V\u00c9ZIAU COURTIER IMMOBILIER LAVAL,COURTIER IMMOBILIER STE-DOROTH\u00c9E,MAISON \u00c0 VENDRE LAVAL,AGENT IMMOBILIER STE-DOROTH\u00c9E"},"description":"Faites confiance \u00e0 un courtier immobilier qui a fait ses preuves et qui sera vraiment l\u00e0 pour vous! Eryck V\u00e9ziau se d\u00e9marque par son approche dynamique et sa mise en march\u00e9 puissante et pro-active. En plus d'\u00eatre pr\u00e9sente sur plus de 10 sites internet diff\u00e9rents et d'\u00eatre publi\u00e9e dans diff\u00e9rents imprim\u00e9s votre propri\u00e9t\u00e9 est pr\u00e9sent\u00e9e \u00e0 de nombreux clients potentiels personnellement et ce chaques semaines. Sa connaissance du march\u00e9 et son professionnalisme en font sa renomm\u00e9e. B\u00e9n\u00e9ficiez en plus, de l'excellente visibilit\u00e9 et de la renomm\u00e9 de RE\/MAX la plus importante banni\u00e8re au monde! Bien appuy\u00e9 par son \u00e9quipe de professionnels (notaires, arpenteurs,courtiers hypoth\u00e9caire,avocats, conseillers financier...) vous serez servi sans aucun souci par des gens comp\u00e9tents. Vos attentes et vos r\u00eaves seront \u00e9cout\u00e9s et surtout compris afin que vos objectifs soient r\u00e9alis\u00e9s! Eryck V\u00e9ziau vous offre en prime la garantie Tranquili-T, offerte autant pour les clients-vendeurs que pour les clients-acheteurs! Le march\u00e9 \u00e9volue, votre courtier doit suivre... Contactez-moi pour une \u00e9valuation gratuite de votre propri\u00e9t\u00e9 ou pour un envoi sans frais des maisons list\u00e9es dans votre secteur.","sameAs":["http:\/\/www.eryckveziau.com"],"url":"https:\/\/eryckveziau.com\/en\/author\/14497\/"}]}},"_links":{"self":[{"href":"https:\/\/eryckveziau.com\/en\/wp-json\/wp\/v2\/posts\/6233","targetHints":{"allow":["GET"]}}],"collection":[{"href":"https:\/\/eryckveziau.com\/en\/wp-json\/wp\/v2\/posts"}],"about":[{"href":"https:\/\/eryckveziau.com\/en\/wp-json\/wp\/v2\/types\/post"}],"author":[{"embeddable":true,"href":"https:\/\/eryckveziau.com\/en\/wp-json\/wp\/v2\/users\/560"}],"replies":[{"embeddable":true,"href":"https:\/\/eryckveziau.com\/en\/wp-json\/wp\/v2\/comments?post=6233"}],"version-history":[{"count":1,"href":"https:\/\/eryckveziau.com\/en\/wp-json\/wp\/v2\/posts\/6233\/revisions"}],"predecessor-version":[{"id":6235,"href":"https:\/\/eryckveziau.com\/en\/wp-json\/wp\/v2\/posts\/6233\/revisions\/6235"}],"wp:featuredmedia":[{"embeddable":true,"href":"https:\/\/eryckveziau.com\/en\/wp-json\/wp\/v2\/media\/6234"}],"wp:attachment":[{"href":"https:\/\/eryckveziau.com\/en\/wp-json\/wp\/v2\/media?parent=6233"}],"wp:term":[{"taxonomy":"category","embeddable":true,"href":"https:\/\/eryckveziau.com\/en\/wp-json\/wp\/v2\/categories?post=6233"},{"taxonomy":"post_tag","embeddable":true,"href":"https:\/\/eryckveziau.com\/en\/wp-json\/wp\/v2\/tags?post=6233"}],"curies":[{"name":"wp","href":"https:\/\/api.w.org\/{rel}","templated":true}]}}