{"id":5806,"date":"2024-02-29T11:54:28","date_gmt":"2024-02-29T16:54:28","guid":{"rendered":"https:\/\/eryckveziau.com\/?p=5806"},"modified":"2024-02-29T11:54:30","modified_gmt":"2024-02-29T16:54:30","slug":"le-marche-immobilier-sur-la-rive-sud-est-en-reprise","status":"publish","type":"post","link":"https:\/\/eryckveziau.com\/en\/immobilier\/le-marche-immobilier-sur-la-rive-sud-est-en-reprise\/","title":{"rendered":"Le march\u00e9 immobilier sur la Rive-Sud est en reprise"},"content":{"rendered":"\n<ul class=\"wp-block-list\"><li>LONGUEUIL &#8211;<\/li><\/ul>\n\n\n\n<ul class=\"wp-block-list\"><li>Publi\u00e9 le\u00a015 f\u00e9vrier 2024 \u00e0 09h02<\/li><\/ul>\n\n\n\n<p><strong>Henri-Paul Raymond &#8211; FM103,3<\/strong><\/p>\n\n\n\n<p><\/p>\n\n\n\n<h2 class=\"wp-block-heading\">Le march\u00e9 immobilier de la RMR de Montr\u00e9al montre des signes de reprise, selon ses activit\u00e9s enregistr\u00e9es en janvier.<\/h2>\n\n\n\n<p>Le march\u00e9 a enregistr\u00e9 une hausse significative des ventes r\u00e9sidentielles, notamment en banlieue.<\/p>\n\n\n\n<p>C\u2019est selon l\u2019analyse faite par l\u2019Association professionnelle des courtiers immobiliers du Qu\u00e9bec (APCIQ).<\/p>\n\n\n\n<p>En fait, le nombre de transactions a augment\u00e9 de 18 % par rapport \u00e0 janvier 2023, pour un total de 2 077 ventes dans la r\u00e9gion.<\/p>\n\n\n\n<p>Cette tendance se remarque sur la Rive-Sud avec une augmentation de 36 % par rapport \u00e0 l\u2019an dernier.<\/p>\n\n\n\n<p>Il s\u2019est fait un total de 541 transactions.<\/p>\n\n\n\n<p>Parall\u00e8lement, le march\u00e9 de l\u2019immobilier voit \u00e9galement une hausse du nombre de propri\u00e9t\u00e9s \u00e0 vendre.<\/p>\n\n\n\n<p>En effet, les inscriptions en vigueur ont grimp\u00e9 de 16 % par rapport \u00e0 l\u2019ann\u00e9e pr\u00e9c\u00e9dente, avec un total de 16 838 propri\u00e9t\u00e9s r\u00e9pertori\u00e9es en janvier 2024.<\/p>\n\n\n\n<p>Le prix m\u00e9dian des copropri\u00e9t\u00e9s a pour sa part mont\u00e9 de 5 % pour atteindre 390 000 $.<\/p>\n\n\n\n<p>Des variations de prix sont observ\u00e9es dans toute la r\u00e9gion m\u00e9tropolitaine et la Rive-Sud a connu une augmentation de 6 %.<\/p>\n\n\n\n<p><a href=\"https:\/\/www.fm1033.ca\/le-marche-immobilier-sur-la-rive-sud-est-en-reprise\/\">VOIR L&#8217;ARTICLE<\/a><\/p>\n","protected":false},"excerpt":{"rendered":"<p>LONGUEUIL &#8211; Publi\u00e9 le\u00a015 f\u00e9vrier 2024 \u00e0 09h02 Henri-Paul Raymond &#8211; FM103,3 Le march\u00e9 immobilier de la RMR de Montr\u00e9al montre des signes de reprise, selon ses activit\u00e9s enregistr\u00e9es en janvier. Le march\u00e9 a enregistr\u00e9 une hausse significative des ventes r\u00e9sidentielles, notamment en banlieue. C\u2019est selon l\u2019analyse faite par l\u2019Association professionnelle des courtiers immobiliers du [&hellip;]<\/p>\n","protected":false},"author":560,"featured_media":5807,"comment_status":"closed","ping_status":"closed","sticky":false,"template":"","format":"standard","meta":{"_acf_changed":false,"footnotes":""},"categories":[52,63],"tags":[],"class_list":["post-5806","post","type-post","status-publish","format-standard","hentry","category-immobilier","category-nouvelles"],"acf":[],"yoast_head":"<!-- This site is optimized with the Yoast SEO plugin v26.7 - https:\/\/yoast.com\/wordpress\/plugins\/seo\/ -->\n<title>Le march\u00e9 immobilier sur la Rive-Sud est en reprise | ERYCK V\u00c9ZIAU, COURTIER IMMOBILIER LAVAL, COURTIER IMMOBILIER STE-DOROTH\u00c9E, MAISON \u00c0 VENDRE LAVAL, AGENT IMMOBILIER STE-DOROTH\u00c9E<\/title>\n<meta name=\"robots\" content=\"index, follow, max-snippet:-1, max-image-preview:large, max-video-preview:-1\" \/>\n<link rel=\"canonical\" href=\"https:\/\/eryckveziau.com\/en\/immobilier\/le-marche-immobilier-sur-la-rive-sud-est-en-reprise\/\" \/>\n<meta property=\"og:locale\" content=\"en_US\" \/>\n<meta property=\"og:type\" content=\"article\" \/>\n<meta property=\"og:title\" content=\"Le march\u00e9 immobilier sur la Rive-Sud est en reprise | ERYCK V\u00c9ZIAU, COURTIER IMMOBILIER LAVAL, COURTIER IMMOBILIER STE-DOROTH\u00c9E, MAISON \u00c0 VENDRE LAVAL, AGENT IMMOBILIER STE-DOROTH\u00c9E\" \/>\n<meta property=\"og:description\" content=\"LONGUEUIL &#8211; Publi\u00e9 le\u00a015 f\u00e9vrier 2024 \u00e0 09h02 Henri-Paul Raymond &#8211; FM103,3 Le march\u00e9 immobilier de la RMR de Montr\u00e9al montre des signes de reprise, selon ses activit\u00e9s enregistr\u00e9es en janvier. Le march\u00e9 a enregistr\u00e9 une hausse significative des ventes r\u00e9sidentielles, notamment en banlieue. C\u2019est selon l\u2019analyse faite par l\u2019Association professionnelle des courtiers immobiliers du [&hellip;]\" \/>\n<meta property=\"og:url\" content=\"https:\/\/eryckveziau.com\/en\/immobilier\/le-marche-immobilier-sur-la-rive-sud-est-en-reprise\/\" \/>\n<meta property=\"og:site_name\" content=\"ERYCK V\u00c9ZIAU, COURTIER IMMOBILIER LAVAL, COURTIER IMMOBILIER STE-DOROTH\u00c9E, MAISON \u00c0 VENDRE LAVAL, AGENT IMMOBILIER STE-DOROTH\u00c9E\" \/>\n<meta property=\"article:publisher\" content=\"https:\/\/www.facebook.com\/EryckVeziau.courtier.immobilier.ReMax.Laval\" \/>\n<meta property=\"article:published_time\" content=\"2024-02-29T16:54:28+00:00\" \/>\n<meta property=\"article:modified_time\" content=\"2024-02-29T16:54:30+00:00\" \/>\n<meta property=\"og:image\" content=\"https:\/\/eryckveziau.com\/files\/2024\/02\/chairs-2181947_1280.jpg\" \/>\n\t<meta property=\"og:image:width\" content=\"1280\" \/>\n\t<meta property=\"og:image:height\" content=\"853\" \/>\n\t<meta property=\"og:image:type\" content=\"image\/jpeg\" \/>\n<meta name=\"author\" content=\"ERYCK V\u00c9ZIAU COURTIER IMMOBILIER LAVAL,COURTIER IMMOBILIER STE-DOROTH\u00c9E,MAISON \u00c0 VENDRE LAVAL,AGENT IMMOBILIER STE-DOROTH\u00c9E\" \/>\n<meta name=\"twitter:card\" content=\"summary_large_image\" \/>\n<meta name=\"twitter:label1\" content=\"Written by\" \/>\n\t<meta name=\"twitter:data1\" content=\"ERYCK V\u00c9ZIAU COURTIER IMMOBILIER LAVAL,COURTIER IMMOBILIER STE-DOROTH\u00c9E,MAISON \u00c0 VENDRE LAVAL,AGENT IMMOBILIER STE-DOROTH\u00c9E\" \/>\n\t<meta name=\"twitter:label2\" content=\"Est. reading time\" \/>\n\t<meta name=\"twitter:data2\" content=\"1 minute\" \/>\n<script type=\"application\/ld+json\" class=\"yoast-schema-graph\">{\"@context\":\"https:\/\/schema.org\",\"@graph\":[{\"@type\":\"Article\",\"@id\":\"https:\/\/eryckveziau.com\/en\/immobilier\/le-marche-immobilier-sur-la-rive-sud-est-en-reprise\/#article\",\"isPartOf\":{\"@id\":\"https:\/\/eryckveziau.com\/en\/immobilier\/le-marche-immobilier-sur-la-rive-sud-est-en-reprise\/\"},\"author\":{\"name\":\"ERYCK V\u00c9ZIAU COURTIER IMMOBILIER LAVAL,COURTIER IMMOBILIER STE-DOROTH\u00c9E,MAISON \u00c0 VENDRE LAVAL,AGENT IMMOBILIER STE-DOROTH\u00c9E\",\"@id\":\"https:\/\/eryckveziau.com\/en\/#\/schema\/person\/89ff47cf6f95211fdeae055c69df6d8a\"},\"headline\":\"Le march\u00e9 immobilier sur la Rive-Sud est en reprise\",\"datePublished\":\"2024-02-29T16:54:28+00:00\",\"dateModified\":\"2024-02-29T16:54:30+00:00\",\"mainEntityOfPage\":{\"@id\":\"https:\/\/eryckveziau.com\/en\/immobilier\/le-marche-immobilier-sur-la-rive-sud-est-en-reprise\/\"},\"wordCount\":206,\"publisher\":{\"@id\":\"https:\/\/eryckveziau.com\/en\/#organization\"},\"image\":{\"@id\":\"https:\/\/eryckveziau.com\/en\/immobilier\/le-marche-immobilier-sur-la-rive-sud-est-en-reprise\/#primaryimage\"},\"thumbnailUrl\":\"https:\/\/eryckveziau.com\/files\/2024\/02\/chairs-2181947_1280.jpg\",\"articleSection\":[\"Immobilier\",\"Nouvelles\"],\"inLanguage\":\"en-US\"},{\"@type\":\"WebPage\",\"@id\":\"https:\/\/eryckveziau.com\/en\/immobilier\/le-marche-immobilier-sur-la-rive-sud-est-en-reprise\/\",\"url\":\"https:\/\/eryckveziau.com\/en\/immobilier\/le-marche-immobilier-sur-la-rive-sud-est-en-reprise\/\",\"name\":\"Le march\u00e9 immobilier sur la Rive-Sud est en reprise | ERYCK V\u00c9ZIAU, COURTIER IMMOBILIER LAVAL, COURTIER IMMOBILIER STE-DOROTH\u00c9E, MAISON \u00c0 VENDRE LAVAL, AGENT IMMOBILIER STE-DOROTH\u00c9E\",\"isPartOf\":{\"@id\":\"https:\/\/eryckveziau.com\/en\/#website\"},\"primaryImageOfPage\":{\"@id\":\"https:\/\/eryckveziau.com\/en\/immobilier\/le-marche-immobilier-sur-la-rive-sud-est-en-reprise\/#primaryimage\"},\"image\":{\"@id\":\"https:\/\/eryckveziau.com\/en\/immobilier\/le-marche-immobilier-sur-la-rive-sud-est-en-reprise\/#primaryimage\"},\"thumbnailUrl\":\"https:\/\/eryckveziau.com\/files\/2024\/02\/chairs-2181947_1280.jpg\",\"datePublished\":\"2024-02-29T16:54:28+00:00\",\"dateModified\":\"2024-02-29T16:54:30+00:00\",\"breadcrumb\":{\"@id\":\"https:\/\/eryckveziau.com\/en\/immobilier\/le-marche-immobilier-sur-la-rive-sud-est-en-reprise\/#breadcrumb\"},\"inLanguage\":\"en-US\",\"potentialAction\":[{\"@type\":\"ReadAction\",\"target\":[\"https:\/\/eryckveziau.com\/en\/immobilier\/le-marche-immobilier-sur-la-rive-sud-est-en-reprise\/\"]}]},{\"@type\":\"ImageObject\",\"inLanguage\":\"en-US\",\"@id\":\"https:\/\/eryckveziau.com\/en\/immobilier\/le-marche-immobilier-sur-la-rive-sud-est-en-reprise\/#primaryimage\",\"url\":\"https:\/\/eryckveziau.com\/files\/2024\/02\/chairs-2181947_1280.jpg\",\"contentUrl\":\"https:\/\/eryckveziau.com\/files\/2024\/02\/chairs-2181947_1280.jpg\",\"width\":1280,\"height\":853,\"caption\":\"int\u00e9rieur appartement\"},{\"@type\":\"BreadcrumbList\",\"@id\":\"https:\/\/eryckveziau.com\/en\/immobilier\/le-marche-immobilier-sur-la-rive-sud-est-en-reprise\/#breadcrumb\",\"itemListElement\":[{\"@type\":\"ListItem\",\"position\":1,\"name\":\"Accueil\",\"item\":\"https:\/\/eryckveziau.com\/en\/\"},{\"@type\":\"ListItem\",\"position\":2,\"name\":\"Le march\u00e9 immobilier sur la Rive-Sud est en reprise\"}]},{\"@type\":\"WebSite\",\"@id\":\"https:\/\/eryckveziau.com\/en\/#website\",\"url\":\"https:\/\/eryckveziau.com\/en\/\",\"name\":\"ERYCK V\u00c9ZIAU, COURTIER IMMOBILIER LAVAL, COURTIER IMMOBILIER STE-DOROTH\u00c9E, MAISON \u00c0 VENDRE LAVAL, AGENT IMMOBILIER STE-DOROTH\u00c9E\",\"description\":\"\",\"publisher\":{\"@id\":\"https:\/\/eryckveziau.com\/en\/#organization\"},\"potentialAction\":[{\"@type\":\"SearchAction\",\"target\":{\"@type\":\"EntryPoint\",\"urlTemplate\":\"https:\/\/eryckveziau.com\/en\/?s={search_term_string}\"},\"query-input\":{\"@type\":\"PropertyValueSpecification\",\"valueRequired\":true,\"valueName\":\"search_term_string\"}}],\"inLanguage\":\"en-US\"},{\"@type\":\"Organization\",\"@id\":\"https:\/\/eryckveziau.com\/en\/#organization\",\"name\":\"Eryck V\u00e9ziau RE\/MAX\",\"url\":\"https:\/\/eryckveziau.com\/en\/\",\"logo\":{\"@type\":\"ImageObject\",\"inLanguage\":\"en-US\",\"@id\":\"https:\/\/eryckveziau.com\/en\/#\/schema\/logo\/image\/\",\"url\":\"https:\/\/eryckveziau.com\/files\/2022\/09\/PartageEveziau.png\",\"contentUrl\":\"https:\/\/eryckveziau.com\/files\/2022\/09\/PartageEveziau.png\",\"width\":924,\"height\":454,\"caption\":\"Eryck V\u00e9ziau RE\/MAX\"},\"image\":{\"@id\":\"https:\/\/eryckveziau.com\/en\/#\/schema\/logo\/image\/\"},\"sameAs\":[\"https:\/\/www.facebook.com\/EryckVeziau.courtier.immobilier.ReMax.Laval\",\"https:\/\/www.instagram.com\/eryck_veziau_remax\/\",\"https:\/\/www.linkedin.com\/in\/eryck-v\u00e9ziau-6a445134\/\",\"https:\/\/www.youtube.com\/user\/eveziau\"]},{\"@type\":\"Person\",\"@id\":\"https:\/\/eryckveziau.com\/en\/#\/schema\/person\/89ff47cf6f95211fdeae055c69df6d8a\",\"name\":\"ERYCK V\u00c9ZIAU COURTIER IMMOBILIER LAVAL,COURTIER IMMOBILIER STE-DOROTH\u00c9E,MAISON \u00c0 VENDRE LAVAL,AGENT IMMOBILIER STE-DOROTH\u00c9E\",\"image\":{\"@type\":\"ImageObject\",\"inLanguage\":\"en-US\",\"@id\":\"https:\/\/eryckveziau.com\/en\/#\/schema\/person\/image\/\",\"url\":\"https:\/\/secure.gravatar.com\/avatar\/1ff1317def8de13459788d21b92b8349d9bff8a1af6697e8a58c46acf60d787f?s=96&d=mm&r=g\",\"contentUrl\":\"https:\/\/secure.gravatar.com\/avatar\/1ff1317def8de13459788d21b92b8349d9bff8a1af6697e8a58c46acf60d787f?s=96&d=mm&r=g\",\"caption\":\"ERYCK V\u00c9ZIAU COURTIER IMMOBILIER LAVAL,COURTIER IMMOBILIER STE-DOROTH\u00c9E,MAISON \u00c0 VENDRE LAVAL,AGENT IMMOBILIER STE-DOROTH\u00c9E\"},\"description\":\"Faites confiance \u00e0 un courtier immobilier qui a fait ses preuves et qui sera vraiment l\u00e0 pour vous! Eryck V\u00e9ziau se d\u00e9marque par son approche dynamique et sa mise en march\u00e9 puissante et pro-active. En plus d'\u00eatre pr\u00e9sente sur plus de 10 sites internet diff\u00e9rents et d'\u00eatre publi\u00e9e dans diff\u00e9rents imprim\u00e9s votre propri\u00e9t\u00e9 est pr\u00e9sent\u00e9e \u00e0 de nombreux clients potentiels personnellement et ce chaques semaines. Sa connaissance du march\u00e9 et son professionnalisme en font sa renomm\u00e9e. B\u00e9n\u00e9ficiez en plus, de l'excellente visibilit\u00e9 et de la renomm\u00e9 de RE\/MAX la plus importante banni\u00e8re au monde! Bien appuy\u00e9 par son \u00e9quipe de professionnels (notaires, arpenteurs,courtiers hypoth\u00e9caire,avocats, conseillers financier...) vous serez servi sans aucun souci par des gens comp\u00e9tents. Vos attentes et vos r\u00eaves seront \u00e9cout\u00e9s et surtout compris afin que vos objectifs soient r\u00e9alis\u00e9s! Eryck V\u00e9ziau vous offre en prime la garantie Tranquili-T, offerte autant pour les clients-vendeurs que pour les clients-acheteurs! Le march\u00e9 \u00e9volue, votre courtier doit suivre... Contactez-moi pour une \u00e9valuation gratuite de votre propri\u00e9t\u00e9 ou pour un envoi sans frais des maisons list\u00e9es dans votre secteur.\",\"sameAs\":[\"http:\/\/www.eryckveziau.com\"],\"url\":\"https:\/\/eryckveziau.com\/en\/author\/14497\/\"}]}<\/script>\n<!-- \/ Yoast SEO plugin. -->","yoast_head_json":{"title":"Le march\u00e9 immobilier sur la Rive-Sud est en reprise | ERYCK V\u00c9ZIAU, COURTIER IMMOBILIER LAVAL, COURTIER IMMOBILIER STE-DOROTH\u00c9E, MAISON \u00c0 VENDRE LAVAL, AGENT IMMOBILIER STE-DOROTH\u00c9E","robots":{"index":"index","follow":"follow","max-snippet":"max-snippet:-1","max-image-preview":"max-image-preview:large","max-video-preview":"max-video-preview:-1"},"canonical":"https:\/\/eryckveziau.com\/en\/immobilier\/le-marche-immobilier-sur-la-rive-sud-est-en-reprise\/","og_locale":"en_US","og_type":"article","og_title":"Le march\u00e9 immobilier sur la Rive-Sud est en reprise | ERYCK V\u00c9ZIAU, COURTIER IMMOBILIER LAVAL, COURTIER IMMOBILIER STE-DOROTH\u00c9E, MAISON \u00c0 VENDRE LAVAL, AGENT IMMOBILIER STE-DOROTH\u00c9E","og_description":"LONGUEUIL &#8211; Publi\u00e9 le\u00a015 f\u00e9vrier 2024 \u00e0 09h02 Henri-Paul Raymond &#8211; FM103,3 Le march\u00e9 immobilier de la RMR de Montr\u00e9al montre des signes de reprise, selon ses activit\u00e9s enregistr\u00e9es en janvier. Le march\u00e9 a enregistr\u00e9 une hausse significative des ventes r\u00e9sidentielles, notamment en banlieue. C\u2019est selon l\u2019analyse faite par l\u2019Association professionnelle des courtiers immobiliers du [&hellip;]","og_url":"https:\/\/eryckveziau.com\/en\/immobilier\/le-marche-immobilier-sur-la-rive-sud-est-en-reprise\/","og_site_name":"ERYCK V\u00c9ZIAU, COURTIER IMMOBILIER LAVAL, COURTIER IMMOBILIER STE-DOROTH\u00c9E, MAISON \u00c0 VENDRE LAVAL, AGENT IMMOBILIER STE-DOROTH\u00c9E","article_publisher":"https:\/\/www.facebook.com\/EryckVeziau.courtier.immobilier.ReMax.Laval","article_published_time":"2024-02-29T16:54:28+00:00","article_modified_time":"2024-02-29T16:54:30+00:00","og_image":[{"width":1280,"height":853,"url":"https:\/\/eryckveziau.com\/files\/2024\/02\/chairs-2181947_1280.jpg","type":"image\/jpeg"}],"author":"ERYCK V\u00c9ZIAU COURTIER IMMOBILIER LAVAL,COURTIER IMMOBILIER STE-DOROTH\u00c9E,MAISON \u00c0 VENDRE LAVAL,AGENT IMMOBILIER STE-DOROTH\u00c9E","twitter_card":"summary_large_image","twitter_misc":{"Written by":"ERYCK V\u00c9ZIAU COURTIER IMMOBILIER LAVAL,COURTIER IMMOBILIER STE-DOROTH\u00c9E,MAISON \u00c0 VENDRE LAVAL,AGENT IMMOBILIER STE-DOROTH\u00c9E","Est. reading time":"1 minute"},"schema":{"@context":"https:\/\/schema.org","@graph":[{"@type":"Article","@id":"https:\/\/eryckveziau.com\/en\/immobilier\/le-marche-immobilier-sur-la-rive-sud-est-en-reprise\/#article","isPartOf":{"@id":"https:\/\/eryckveziau.com\/en\/immobilier\/le-marche-immobilier-sur-la-rive-sud-est-en-reprise\/"},"author":{"name":"ERYCK V\u00c9ZIAU COURTIER IMMOBILIER LAVAL,COURTIER IMMOBILIER STE-DOROTH\u00c9E,MAISON \u00c0 VENDRE LAVAL,AGENT IMMOBILIER STE-DOROTH\u00c9E","@id":"https:\/\/eryckveziau.com\/en\/#\/schema\/person\/89ff47cf6f95211fdeae055c69df6d8a"},"headline":"Le march\u00e9 immobilier sur la Rive-Sud est en reprise","datePublished":"2024-02-29T16:54:28+00:00","dateModified":"2024-02-29T16:54:30+00:00","mainEntityOfPage":{"@id":"https:\/\/eryckveziau.com\/en\/immobilier\/le-marche-immobilier-sur-la-rive-sud-est-en-reprise\/"},"wordCount":206,"publisher":{"@id":"https:\/\/eryckveziau.com\/en\/#organization"},"image":{"@id":"https:\/\/eryckveziau.com\/en\/immobilier\/le-marche-immobilier-sur-la-rive-sud-est-en-reprise\/#primaryimage"},"thumbnailUrl":"https:\/\/eryckveziau.com\/files\/2024\/02\/chairs-2181947_1280.jpg","articleSection":["Immobilier","Nouvelles"],"inLanguage":"en-US"},{"@type":"WebPage","@id":"https:\/\/eryckveziau.com\/en\/immobilier\/le-marche-immobilier-sur-la-rive-sud-est-en-reprise\/","url":"https:\/\/eryckveziau.com\/en\/immobilier\/le-marche-immobilier-sur-la-rive-sud-est-en-reprise\/","name":"Le march\u00e9 immobilier sur la Rive-Sud est en reprise | ERYCK V\u00c9ZIAU, COURTIER IMMOBILIER LAVAL, COURTIER IMMOBILIER STE-DOROTH\u00c9E, MAISON \u00c0 VENDRE LAVAL, AGENT IMMOBILIER STE-DOROTH\u00c9E","isPartOf":{"@id":"https:\/\/eryckveziau.com\/en\/#website"},"primaryImageOfPage":{"@id":"https:\/\/eryckveziau.com\/en\/immobilier\/le-marche-immobilier-sur-la-rive-sud-est-en-reprise\/#primaryimage"},"image":{"@id":"https:\/\/eryckveziau.com\/en\/immobilier\/le-marche-immobilier-sur-la-rive-sud-est-en-reprise\/#primaryimage"},"thumbnailUrl":"https:\/\/eryckveziau.com\/files\/2024\/02\/chairs-2181947_1280.jpg","datePublished":"2024-02-29T16:54:28+00:00","dateModified":"2024-02-29T16:54:30+00:00","breadcrumb":{"@id":"https:\/\/eryckveziau.com\/en\/immobilier\/le-marche-immobilier-sur-la-rive-sud-est-en-reprise\/#breadcrumb"},"inLanguage":"en-US","potentialAction":[{"@type":"ReadAction","target":["https:\/\/eryckveziau.com\/en\/immobilier\/le-marche-immobilier-sur-la-rive-sud-est-en-reprise\/"]}]},{"@type":"ImageObject","inLanguage":"en-US","@id":"https:\/\/eryckveziau.com\/en\/immobilier\/le-marche-immobilier-sur-la-rive-sud-est-en-reprise\/#primaryimage","url":"https:\/\/eryckveziau.com\/files\/2024\/02\/chairs-2181947_1280.jpg","contentUrl":"https:\/\/eryckveziau.com\/files\/2024\/02\/chairs-2181947_1280.jpg","width":1280,"height":853,"caption":"int\u00e9rieur appartement"},{"@type":"BreadcrumbList","@id":"https:\/\/eryckveziau.com\/en\/immobilier\/le-marche-immobilier-sur-la-rive-sud-est-en-reprise\/#breadcrumb","itemListElement":[{"@type":"ListItem","position":1,"name":"Accueil","item":"https:\/\/eryckveziau.com\/en\/"},{"@type":"ListItem","position":2,"name":"Le march\u00e9 immobilier sur la Rive-Sud est en reprise"}]},{"@type":"WebSite","@id":"https:\/\/eryckveziau.com\/en\/#website","url":"https:\/\/eryckveziau.com\/en\/","name":"ERYCK V\u00c9ZIAU, COURTIER IMMOBILIER LAVAL, COURTIER IMMOBILIER STE-DOROTH\u00c9E, MAISON \u00c0 VENDRE LAVAL, AGENT IMMOBILIER STE-DOROTH\u00c9E","description":"","publisher":{"@id":"https:\/\/eryckveziau.com\/en\/#organization"},"potentialAction":[{"@type":"SearchAction","target":{"@type":"EntryPoint","urlTemplate":"https:\/\/eryckveziau.com\/en\/?s={search_term_string}"},"query-input":{"@type":"PropertyValueSpecification","valueRequired":true,"valueName":"search_term_string"}}],"inLanguage":"en-US"},{"@type":"Organization","@id":"https:\/\/eryckveziau.com\/en\/#organization","name":"Eryck V\u00e9ziau RE\/MAX","url":"https:\/\/eryckveziau.com\/en\/","logo":{"@type":"ImageObject","inLanguage":"en-US","@id":"https:\/\/eryckveziau.com\/en\/#\/schema\/logo\/image\/","url":"https:\/\/eryckveziau.com\/files\/2022\/09\/PartageEveziau.png","contentUrl":"https:\/\/eryckveziau.com\/files\/2022\/09\/PartageEveziau.png","width":924,"height":454,"caption":"Eryck V\u00e9ziau RE\/MAX"},"image":{"@id":"https:\/\/eryckveziau.com\/en\/#\/schema\/logo\/image\/"},"sameAs":["https:\/\/www.facebook.com\/EryckVeziau.courtier.immobilier.ReMax.Laval","https:\/\/www.instagram.com\/eryck_veziau_remax\/","https:\/\/www.linkedin.com\/in\/eryck-v\u00e9ziau-6a445134\/","https:\/\/www.youtube.com\/user\/eveziau"]},{"@type":"Person","@id":"https:\/\/eryckveziau.com\/en\/#\/schema\/person\/89ff47cf6f95211fdeae055c69df6d8a","name":"ERYCK V\u00c9ZIAU COURTIER IMMOBILIER LAVAL,COURTIER IMMOBILIER STE-DOROTH\u00c9E,MAISON \u00c0 VENDRE LAVAL,AGENT IMMOBILIER STE-DOROTH\u00c9E","image":{"@type":"ImageObject","inLanguage":"en-US","@id":"https:\/\/eryckveziau.com\/en\/#\/schema\/person\/image\/","url":"https:\/\/secure.gravatar.com\/avatar\/1ff1317def8de13459788d21b92b8349d9bff8a1af6697e8a58c46acf60d787f?s=96&d=mm&r=g","contentUrl":"https:\/\/secure.gravatar.com\/avatar\/1ff1317def8de13459788d21b92b8349d9bff8a1af6697e8a58c46acf60d787f?s=96&d=mm&r=g","caption":"ERYCK V\u00c9ZIAU COURTIER IMMOBILIER LAVAL,COURTIER IMMOBILIER STE-DOROTH\u00c9E,MAISON \u00c0 VENDRE LAVAL,AGENT IMMOBILIER STE-DOROTH\u00c9E"},"description":"Faites confiance \u00e0 un courtier immobilier qui a fait ses preuves et qui sera vraiment l\u00e0 pour vous! Eryck V\u00e9ziau se d\u00e9marque par son approche dynamique et sa mise en march\u00e9 puissante et pro-active. En plus d'\u00eatre pr\u00e9sente sur plus de 10 sites internet diff\u00e9rents et d'\u00eatre publi\u00e9e dans diff\u00e9rents imprim\u00e9s votre propri\u00e9t\u00e9 est pr\u00e9sent\u00e9e \u00e0 de nombreux clients potentiels personnellement et ce chaques semaines. Sa connaissance du march\u00e9 et son professionnalisme en font sa renomm\u00e9e. B\u00e9n\u00e9ficiez en plus, de l'excellente visibilit\u00e9 et de la renomm\u00e9 de RE\/MAX la plus importante banni\u00e8re au monde! Bien appuy\u00e9 par son \u00e9quipe de professionnels (notaires, arpenteurs,courtiers hypoth\u00e9caire,avocats, conseillers financier...) vous serez servi sans aucun souci par des gens comp\u00e9tents. Vos attentes et vos r\u00eaves seront \u00e9cout\u00e9s et surtout compris afin que vos objectifs soient r\u00e9alis\u00e9s! Eryck V\u00e9ziau vous offre en prime la garantie Tranquili-T, offerte autant pour les clients-vendeurs que pour les clients-acheteurs! Le march\u00e9 \u00e9volue, votre courtier doit suivre... Contactez-moi pour une \u00e9valuation gratuite de votre propri\u00e9t\u00e9 ou pour un envoi sans frais des maisons list\u00e9es dans votre secteur.","sameAs":["http:\/\/www.eryckveziau.com"],"url":"https:\/\/eryckveziau.com\/en\/author\/14497\/"}]}},"_links":{"self":[{"href":"https:\/\/eryckveziau.com\/en\/wp-json\/wp\/v2\/posts\/5806","targetHints":{"allow":["GET"]}}],"collection":[{"href":"https:\/\/eryckveziau.com\/en\/wp-json\/wp\/v2\/posts"}],"about":[{"href":"https:\/\/eryckveziau.com\/en\/wp-json\/wp\/v2\/types\/post"}],"author":[{"embeddable":true,"href":"https:\/\/eryckveziau.com\/en\/wp-json\/wp\/v2\/users\/560"}],"replies":[{"embeddable":true,"href":"https:\/\/eryckveziau.com\/en\/wp-json\/wp\/v2\/comments?post=5806"}],"version-history":[{"count":1,"href":"https:\/\/eryckveziau.com\/en\/wp-json\/wp\/v2\/posts\/5806\/revisions"}],"predecessor-version":[{"id":5808,"href":"https:\/\/eryckveziau.com\/en\/wp-json\/wp\/v2\/posts\/5806\/revisions\/5808"}],"wp:featuredmedia":[{"embeddable":true,"href":"https:\/\/eryckveziau.com\/en\/wp-json\/wp\/v2\/media\/5807"}],"wp:attachment":[{"href":"https:\/\/eryckveziau.com\/en\/wp-json\/wp\/v2\/media?parent=5806"}],"wp:term":[{"taxonomy":"category","embeddable":true,"href":"https:\/\/eryckveziau.com\/en\/wp-json\/wp\/v2\/categories?post=5806"},{"taxonomy":"post_tag","embeddable":true,"href":"https:\/\/eryckveziau.com\/en\/wp-json\/wp\/v2\/tags?post=5806"}],"curies":[{"name":"wp","href":"https:\/\/api.w.org\/{rel}","templated":true}]}}