{"id":5750,"date":"2024-01-03T15:34:37","date_gmt":"2024-01-03T20:34:37","guid":{"rendered":"https:\/\/eryckveziau.com\/?p=5750"},"modified":"2024-01-03T15:41:37","modified_gmt":"2024-01-03T20:41:37","slug":"2024-la-lumiere-au-bout-du-tunnel","status":"publish","type":"post","link":"https:\/\/eryckveziau.com\/en\/immobilier\/2024-la-lumiere-au-bout-du-tunnel\/","title":{"rendered":"2024: la lumi\u00e8re au bout du tunnel"},"content":{"rendered":"\n<p>H\u00e9l\u00e8ne Baril La Presse <\/p>\n\n\n\n<p>L\u2019\u00e9conomie a \u00e9mis beaucoup de signes de d\u00e9tresse en 2023 et son parcours erratique rend la t\u00e2che des pr\u00e9visionnistes difficile. <\/p>\n\n\n\n<p>L\u2019\u00e9quipe d\u2019\u00e9conomistes qui a particip\u00e9 l\u2019an dernier \u00e0 notre exercice traditionnel de pr\u00e9visions \u00e9conomiques avait pr\u00e9vu une ann\u00e9e entre stagnation et r\u00e9cession, ce qui s\u2019est av\u00e9r\u00e9 juste. Que nous r\u00e9serve\u00a02024\u00a0?<\/p>\n\n\n\n<h2 class=\"wp-block-heading\">Inflation&nbsp;: victoire \u00e0 l\u2019horizon<\/h2>\n\n\n\n<p>La meilleure nouvelle de l\u2019ann\u00e9e 2024 sera sans contredit le d\u00e9clin de l\u2019inflation et le retour de l\u2019indice des prix \u00e0 la consommation \u00e0 la cible de 2\u00a0% de la Banque du Canada. <\/p>\n\n\n\n<p>\u00ab\u00a0La bataille tire \u00e0 sa fin\u00a0\u00bb, avance Jimmy Jean. Tr\u00e8s critiqu\u00e9e pour avoir trop attendu avant d\u2019augmenter les taux d\u2019int\u00e9r\u00eat et pour l\u2019avoir fait de fa\u00e7on tr\u00e8s agressive, la Banque du Canada a agi de fa\u00e7on appropri\u00e9e pour refroidir l\u2019\u00e9conomie, croit pour sa part Robert Hogue. <\/p>\n\n\n\n<p>Pour Matthieu Arseneau, la derni\u00e8re hausse du taux directeur \u00e9tait probablement de trop et elle a aggrav\u00e9 le ralentissement \u00e9conomique. Mais la politique mon\u00e9taire fonctionne, dit-il, et elle a calm\u00e9 l\u2019inflation de fa\u00e7on importante. L\u2019IPC, qui \u00e9tait de 5,9\u00a0% au d\u00e9but de 2023, avait recul\u00e9 sous les 3\u00a0% \u00e0 la fin de l\u2019ann\u00e9e.<\/p>\n\n\n\n<p><\/p>\n\n\n\n<p><a href=\"https:\/\/www.lapresse.ca\/affaires\/economie\/2024-01-03\/previsions-economiques\/2024-la-lumiere-au-bout-du-tunnel.php\">LIRE LA SUITE ICI<\/a><\/p>\n","protected":false},"excerpt":{"rendered":"<p>H\u00e9l\u00e8ne Baril La Presse L\u2019\u00e9conomie a \u00e9mis beaucoup de signes de d\u00e9tresse en 2023 et son parcours erratique rend la t\u00e2che des pr\u00e9visionnistes difficile. L\u2019\u00e9quipe d\u2019\u00e9conomistes qui a particip\u00e9 l\u2019an dernier \u00e0 notre exercice traditionnel de pr\u00e9visions \u00e9conomiques avait pr\u00e9vu une ann\u00e9e entre stagnation et r\u00e9cession, ce qui s\u2019est av\u00e9r\u00e9 juste. Que nous r\u00e9serve\u00a02024\u00a0? Inflation&nbsp;: [&hellip;]<\/p>\n","protected":false},"author":560,"featured_media":5439,"comment_status":"closed","ping_status":"closed","sticky":false,"template":"","format":"standard","meta":{"_acf_changed":false,"footnotes":""},"categories":[52],"tags":[20,18,12,6,31,32,38],"class_list":["post-5750","post","type-post","status-publish","format-standard","hentry","category-immobilier","tag-agent-immobilier-rive-nord","tag-condo-a-vendre-ste-dorothee","tag-courtier-immobilier-laval","tag-maison-a-vendre-laval-et-ste-dorothee","tag-mls-laval","tag-mls-ca-laval","tag-real-estate-broker-ste-dorothee"],"acf":[],"yoast_head":"<!-- This site is optimized with the Yoast SEO plugin v26.7 - https:\/\/yoast.com\/wordpress\/plugins\/seo\/ -->\n<title>2024: la lumi\u00e8re au bout du tunnel | ERYCK V\u00c9ZIAU, COURTIER IMMOBILIER LAVAL, COURTIER IMMOBILIER STE-DOROTH\u00c9E, MAISON \u00c0 VENDRE LAVAL, AGENT IMMOBILIER STE-DOROTH\u00c9E<\/title>\n<meta name=\"description\" content=\"Inflation : victoire \u00e0 l\u2019horizonLa meilleure nouvelle de l\u2019ann\u00e9e 2024 sera sans contredit le d\u00e9clin de l\u2019inflation et le retour de l\u2019indice des prix \u00e0 la consommation \u00e0 la cible de 2 % de la Banque du Canada.\" \/>\n<meta name=\"robots\" content=\"index, follow, max-snippet:-1, max-image-preview:large, max-video-preview:-1\" \/>\n<link rel=\"canonical\" href=\"https:\/\/eryckveziau.com\/immobilier\/2024-la-lumiere-au-bout-du-tunnel\/\" \/>\n<meta property=\"og:locale\" content=\"en_US\" \/>\n<meta property=\"og:type\" content=\"article\" \/>\n<meta property=\"og:title\" content=\"2024: la lumi\u00e8re au bout du tunnel | ERYCK V\u00c9ZIAU, COURTIER IMMOBILIER LAVAL, COURTIER IMMOBILIER STE-DOROTH\u00c9E, MAISON \u00c0 VENDRE LAVAL, AGENT IMMOBILIER STE-DOROTH\u00c9E\" \/>\n<meta property=\"og:description\" content=\"Inflation : victoire \u00e0 l\u2019horizonLa meilleure nouvelle de l\u2019ann\u00e9e 2024 sera sans contredit le d\u00e9clin de l\u2019inflation et le retour de l\u2019indice des prix \u00e0 la consommation \u00e0 la cible de 2 % de la Banque du Canada.\" \/>\n<meta property=\"og:url\" content=\"https:\/\/eryckveziau.com\/immobilier\/2024-la-lumiere-au-bout-du-tunnel\/\" \/>\n<meta property=\"og:site_name\" content=\"ERYCK V\u00c9ZIAU, COURTIER IMMOBILIER LAVAL, COURTIER IMMOBILIER STE-DOROTH\u00c9E, MAISON \u00c0 VENDRE LAVAL, AGENT IMMOBILIER STE-DOROTH\u00c9E\" \/>\n<meta property=\"article:publisher\" content=\"https:\/\/www.facebook.com\/EryckVeziau.courtier.immobilier.ReMax.Laval\" \/>\n<meta property=\"article:published_time\" content=\"2024-01-03T20:34:37+00:00\" \/>\n<meta property=\"article:modified_time\" content=\"2024-01-03T20:41:37+00:00\" \/>\n<meta property=\"og:image\" content=\"https:\/\/eryckveziau.com\/files\/shared\/newsroom\/6641\/4EjRHf54qdI7jwPIqF4e5e2b01b4ff2c40dd8fc246ab0a30004aNYyH6K13abgJf6EDhRlw.jpg\" \/>\n\t<meta property=\"og:image:width\" content=\"1200\" \/>\n\t<meta property=\"og:image:height\" content=\"627\" \/>\n\t<meta property=\"og:image:type\" content=\"image\/jpeg\" \/>\n<meta name=\"author\" content=\"ERYCK V\u00c9ZIAU COURTIER IMMOBILIER LAVAL,COURTIER IMMOBILIER STE-DOROTH\u00c9E,MAISON \u00c0 VENDRE LAVAL,AGENT IMMOBILIER STE-DOROTH\u00c9E\" \/>\n<meta name=\"twitter:card\" content=\"summary_large_image\" \/>\n<meta name=\"twitter:label1\" content=\"Written by\" \/>\n\t<meta name=\"twitter:data1\" content=\"ERYCK V\u00c9ZIAU COURTIER IMMOBILIER LAVAL,COURTIER IMMOBILIER STE-DOROTH\u00c9E,MAISON \u00c0 VENDRE LAVAL,AGENT IMMOBILIER STE-DOROTH\u00c9E\" \/>\n\t<meta name=\"twitter:label2\" content=\"Est. reading time\" \/>\n\t<meta name=\"twitter:data2\" content=\"1 minute\" \/>\n<script type=\"application\/ld+json\" class=\"yoast-schema-graph\">{\"@context\":\"https:\/\/schema.org\",\"@graph\":[{\"@type\":\"Article\",\"@id\":\"https:\/\/eryckveziau.com\/immobilier\/2024-la-lumiere-au-bout-du-tunnel\/#article\",\"isPartOf\":{\"@id\":\"https:\/\/eryckveziau.com\/immobilier\/2024-la-lumiere-au-bout-du-tunnel\/\"},\"author\":{\"name\":\"ERYCK V\u00c9ZIAU COURTIER IMMOBILIER LAVAL,COURTIER IMMOBILIER STE-DOROTH\u00c9E,MAISON \u00c0 VENDRE LAVAL,AGENT IMMOBILIER STE-DOROTH\u00c9E\",\"@id\":\"https:\/\/eryckveziau.com\/en\/#\/schema\/person\/89ff47cf6f95211fdeae055c69df6d8a\"},\"headline\":\"2024: la lumi\u00e8re au bout du tunnel\",\"datePublished\":\"2024-01-03T20:34:37+00:00\",\"dateModified\":\"2024-01-03T20:41:37+00:00\",\"mainEntityOfPage\":{\"@id\":\"https:\/\/eryckveziau.com\/immobilier\/2024-la-lumiere-au-bout-du-tunnel\/\"},\"wordCount\":232,\"publisher\":{\"@id\":\"https:\/\/eryckveziau.com\/en\/#organization\"},\"image\":{\"@id\":\"https:\/\/eryckveziau.com\/immobilier\/2024-la-lumiere-au-bout-du-tunnel\/#primaryimage\"},\"thumbnailUrl\":\"https:\/\/eryckveziau.com\/files\/shared\/newsroom\/6641\/4EjRHf54qdI7jwPIqF4e5e2b01b4ff2c40dd8fc246ab0a30004aNYyH6K13abgJf6EDhRlw.jpg\",\"keywords\":[\"agent immobilier rive-nord\",\"condo a vendre ste-doroth\u00e9e\",\"Courtier immobilier laval\",\"Houses for sale Laval Ste-Dorothee\",\"mls laval\",\"mls.ca laval\",\"Real estate broker ste-dorothee\"],\"articleSection\":[\"Immobilier\"],\"inLanguage\":\"en-US\"},{\"@type\":\"WebPage\",\"@id\":\"https:\/\/eryckveziau.com\/immobilier\/2024-la-lumiere-au-bout-du-tunnel\/\",\"url\":\"https:\/\/eryckveziau.com\/immobilier\/2024-la-lumiere-au-bout-du-tunnel\/\",\"name\":\"2024: la lumi\u00e8re au bout du tunnel | ERYCK V\u00c9ZIAU, COURTIER IMMOBILIER LAVAL, COURTIER IMMOBILIER STE-DOROTH\u00c9E, MAISON \u00c0 VENDRE LAVAL, AGENT IMMOBILIER STE-DOROTH\u00c9E\",\"isPartOf\":{\"@id\":\"https:\/\/eryckveziau.com\/en\/#website\"},\"primaryImageOfPage\":{\"@id\":\"https:\/\/eryckveziau.com\/immobilier\/2024-la-lumiere-au-bout-du-tunnel\/#primaryimage\"},\"image\":{\"@id\":\"https:\/\/eryckveziau.com\/immobilier\/2024-la-lumiere-au-bout-du-tunnel\/#primaryimage\"},\"thumbnailUrl\":\"https:\/\/eryckveziau.com\/files\/shared\/newsroom\/6641\/4EjRHf54qdI7jwPIqF4e5e2b01b4ff2c40dd8fc246ab0a30004aNYyH6K13abgJf6EDhRlw.jpg\",\"datePublished\":\"2024-01-03T20:34:37+00:00\",\"dateModified\":\"2024-01-03T20:41:37+00:00\",\"description\":\"Inflation : victoire \u00e0 l\u2019horizonLa meilleure nouvelle de l\u2019ann\u00e9e 2024 sera sans contredit le d\u00e9clin de l\u2019inflation et le retour de l\u2019indice des prix \u00e0 la consommation \u00e0 la cible de 2 % de la Banque du Canada.\",\"breadcrumb\":{\"@id\":\"https:\/\/eryckveziau.com\/immobilier\/2024-la-lumiere-au-bout-du-tunnel\/#breadcrumb\"},\"inLanguage\":\"en-US\",\"potentialAction\":[{\"@type\":\"ReadAction\",\"target\":[\"https:\/\/eryckveziau.com\/immobilier\/2024-la-lumiere-au-bout-du-tunnel\/\"]}]},{\"@type\":\"ImageObject\",\"inLanguage\":\"en-US\",\"@id\":\"https:\/\/eryckveziau.com\/immobilier\/2024-la-lumiere-au-bout-du-tunnel\/#primaryimage\",\"url\":\"https:\/\/eryckveziau.com\/files\/shared\/newsroom\/6641\/4EjRHf54qdI7jwPIqF4e5e2b01b4ff2c40dd8fc246ab0a30004aNYyH6K13abgJf6EDhRlw.jpg\",\"contentUrl\":\"https:\/\/eryckveziau.com\/files\/shared\/newsroom\/6641\/4EjRHf54qdI7jwPIqF4e5e2b01b4ff2c40dd8fc246ab0a30004aNYyH6K13abgJf6EDhRlw.jpg\",\"width\":1200,\"height\":627},{\"@type\":\"BreadcrumbList\",\"@id\":\"https:\/\/eryckveziau.com\/immobilier\/2024-la-lumiere-au-bout-du-tunnel\/#breadcrumb\",\"itemListElement\":[{\"@type\":\"ListItem\",\"position\":1,\"name\":\"Accueil\",\"item\":\"https:\/\/eryckveziau.com\/en\/\"},{\"@type\":\"ListItem\",\"position\":2,\"name\":\"2024: la lumi\u00e8re au bout du tunnel\"}]},{\"@type\":\"WebSite\",\"@id\":\"https:\/\/eryckveziau.com\/en\/#website\",\"url\":\"https:\/\/eryckveziau.com\/en\/\",\"name\":\"ERYCK V\u00c9ZIAU, COURTIER IMMOBILIER LAVAL, COURTIER IMMOBILIER STE-DOROTH\u00c9E, MAISON \u00c0 VENDRE LAVAL, AGENT IMMOBILIER STE-DOROTH\u00c9E\",\"description\":\"\",\"publisher\":{\"@id\":\"https:\/\/eryckveziau.com\/en\/#organization\"},\"potentialAction\":[{\"@type\":\"SearchAction\",\"target\":{\"@type\":\"EntryPoint\",\"urlTemplate\":\"https:\/\/eryckveziau.com\/en\/?s={search_term_string}\"},\"query-input\":{\"@type\":\"PropertyValueSpecification\",\"valueRequired\":true,\"valueName\":\"search_term_string\"}}],\"inLanguage\":\"en-US\"},{\"@type\":\"Organization\",\"@id\":\"https:\/\/eryckveziau.com\/en\/#organization\",\"name\":\"Eryck V\u00e9ziau RE\/MAX\",\"url\":\"https:\/\/eryckveziau.com\/en\/\",\"logo\":{\"@type\":\"ImageObject\",\"inLanguage\":\"en-US\",\"@id\":\"https:\/\/eryckveziau.com\/en\/#\/schema\/logo\/image\/\",\"url\":\"https:\/\/eryckveziau.com\/files\/2022\/09\/PartageEveziau.png\",\"contentUrl\":\"https:\/\/eryckveziau.com\/files\/2022\/09\/PartageEveziau.png\",\"width\":924,\"height\":454,\"caption\":\"Eryck V\u00e9ziau RE\/MAX\"},\"image\":{\"@id\":\"https:\/\/eryckveziau.com\/en\/#\/schema\/logo\/image\/\"},\"sameAs\":[\"https:\/\/www.facebook.com\/EryckVeziau.courtier.immobilier.ReMax.Laval\",\"https:\/\/www.instagram.com\/eryck_veziau_remax\/\",\"https:\/\/www.linkedin.com\/in\/eryck-v\u00e9ziau-6a445134\/\",\"https:\/\/www.youtube.com\/user\/eveziau\"]},{\"@type\":\"Person\",\"@id\":\"https:\/\/eryckveziau.com\/en\/#\/schema\/person\/89ff47cf6f95211fdeae055c69df6d8a\",\"name\":\"ERYCK V\u00c9ZIAU COURTIER IMMOBILIER LAVAL,COURTIER IMMOBILIER STE-DOROTH\u00c9E,MAISON \u00c0 VENDRE LAVAL,AGENT IMMOBILIER STE-DOROTH\u00c9E\",\"image\":{\"@type\":\"ImageObject\",\"inLanguage\":\"en-US\",\"@id\":\"https:\/\/eryckveziau.com\/en\/#\/schema\/person\/image\/\",\"url\":\"https:\/\/secure.gravatar.com\/avatar\/1ff1317def8de13459788d21b92b8349d9bff8a1af6697e8a58c46acf60d787f?s=96&d=mm&r=g\",\"contentUrl\":\"https:\/\/secure.gravatar.com\/avatar\/1ff1317def8de13459788d21b92b8349d9bff8a1af6697e8a58c46acf60d787f?s=96&d=mm&r=g\",\"caption\":\"ERYCK V\u00c9ZIAU COURTIER IMMOBILIER LAVAL,COURTIER IMMOBILIER STE-DOROTH\u00c9E,MAISON \u00c0 VENDRE LAVAL,AGENT IMMOBILIER STE-DOROTH\u00c9E\"},\"description\":\"Faites confiance \u00e0 un courtier immobilier qui a fait ses preuves et qui sera vraiment l\u00e0 pour vous! Eryck V\u00e9ziau se d\u00e9marque par son approche dynamique et sa mise en march\u00e9 puissante et pro-active. En plus d'\u00eatre pr\u00e9sente sur plus de 10 sites internet diff\u00e9rents et d'\u00eatre publi\u00e9e dans diff\u00e9rents imprim\u00e9s votre propri\u00e9t\u00e9 est pr\u00e9sent\u00e9e \u00e0 de nombreux clients potentiels personnellement et ce chaques semaines. Sa connaissance du march\u00e9 et son professionnalisme en font sa renomm\u00e9e. B\u00e9n\u00e9ficiez en plus, de l'excellente visibilit\u00e9 et de la renomm\u00e9 de RE\/MAX la plus importante banni\u00e8re au monde! Bien appuy\u00e9 par son \u00e9quipe de professionnels (notaires, arpenteurs,courtiers hypoth\u00e9caire,avocats, conseillers financier...) vous serez servi sans aucun souci par des gens comp\u00e9tents. Vos attentes et vos r\u00eaves seront \u00e9cout\u00e9s et surtout compris afin que vos objectifs soient r\u00e9alis\u00e9s! Eryck V\u00e9ziau vous offre en prime la garantie Tranquili-T, offerte autant pour les clients-vendeurs que pour les clients-acheteurs! Le march\u00e9 \u00e9volue, votre courtier doit suivre... Contactez-moi pour une \u00e9valuation gratuite de votre propri\u00e9t\u00e9 ou pour un envoi sans frais des maisons list\u00e9es dans votre secteur.\",\"sameAs\":[\"http:\/\/www.eryckveziau.com\"],\"url\":\"https:\/\/eryckveziau.com\/en\/author\/14497\/\"}]}<\/script>\n<!-- \/ Yoast SEO plugin. -->","yoast_head_json":{"title":"2024: la lumi\u00e8re au bout du tunnel | ERYCK V\u00c9ZIAU, COURTIER IMMOBILIER LAVAL, COURTIER IMMOBILIER STE-DOROTH\u00c9E, MAISON \u00c0 VENDRE LAVAL, AGENT IMMOBILIER STE-DOROTH\u00c9E","description":"Inflation : victoire \u00e0 l\u2019horizonLa meilleure nouvelle de l\u2019ann\u00e9e 2024 sera sans contredit le d\u00e9clin de l\u2019inflation et le retour de l\u2019indice des prix \u00e0 la consommation \u00e0 la cible de 2 % de la Banque du Canada.","robots":{"index":"index","follow":"follow","max-snippet":"max-snippet:-1","max-image-preview":"max-image-preview:large","max-video-preview":"max-video-preview:-1"},"canonical":"https:\/\/eryckveziau.com\/immobilier\/2024-la-lumiere-au-bout-du-tunnel\/","og_locale":"en_US","og_type":"article","og_title":"2024: la lumi\u00e8re au bout du tunnel | ERYCK V\u00c9ZIAU, COURTIER IMMOBILIER LAVAL, COURTIER IMMOBILIER STE-DOROTH\u00c9E, MAISON \u00c0 VENDRE LAVAL, AGENT IMMOBILIER STE-DOROTH\u00c9E","og_description":"Inflation : victoire \u00e0 l\u2019horizonLa meilleure nouvelle de l\u2019ann\u00e9e 2024 sera sans contredit le d\u00e9clin de l\u2019inflation et le retour de l\u2019indice des prix \u00e0 la consommation \u00e0 la cible de 2 % de la Banque du Canada.","og_url":"https:\/\/eryckveziau.com\/immobilier\/2024-la-lumiere-au-bout-du-tunnel\/","og_site_name":"ERYCK V\u00c9ZIAU, COURTIER IMMOBILIER LAVAL, COURTIER IMMOBILIER STE-DOROTH\u00c9E, MAISON \u00c0 VENDRE LAVAL, AGENT IMMOBILIER STE-DOROTH\u00c9E","article_publisher":"https:\/\/www.facebook.com\/EryckVeziau.courtier.immobilier.ReMax.Laval","article_published_time":"2024-01-03T20:34:37+00:00","article_modified_time":"2024-01-03T20:41:37+00:00","og_image":[{"width":1200,"height":627,"url":"https:\/\/eryckveziau.com\/files\/shared\/newsroom\/6641\/4EjRHf54qdI7jwPIqF4e5e2b01b4ff2c40dd8fc246ab0a30004aNYyH6K13abgJf6EDhRlw.jpg","type":"image\/jpeg"}],"author":"ERYCK V\u00c9ZIAU COURTIER IMMOBILIER LAVAL,COURTIER IMMOBILIER STE-DOROTH\u00c9E,MAISON \u00c0 VENDRE LAVAL,AGENT IMMOBILIER STE-DOROTH\u00c9E","twitter_card":"summary_large_image","twitter_misc":{"Written by":"ERYCK V\u00c9ZIAU COURTIER IMMOBILIER LAVAL,COURTIER IMMOBILIER STE-DOROTH\u00c9E,MAISON \u00c0 VENDRE LAVAL,AGENT IMMOBILIER STE-DOROTH\u00c9E","Est. reading time":"1 minute"},"schema":{"@context":"https:\/\/schema.org","@graph":[{"@type":"Article","@id":"https:\/\/eryckveziau.com\/immobilier\/2024-la-lumiere-au-bout-du-tunnel\/#article","isPartOf":{"@id":"https:\/\/eryckveziau.com\/immobilier\/2024-la-lumiere-au-bout-du-tunnel\/"},"author":{"name":"ERYCK V\u00c9ZIAU COURTIER IMMOBILIER LAVAL,COURTIER IMMOBILIER STE-DOROTH\u00c9E,MAISON \u00c0 VENDRE LAVAL,AGENT IMMOBILIER STE-DOROTH\u00c9E","@id":"https:\/\/eryckveziau.com\/en\/#\/schema\/person\/89ff47cf6f95211fdeae055c69df6d8a"},"headline":"2024: la lumi\u00e8re au bout du tunnel","datePublished":"2024-01-03T20:34:37+00:00","dateModified":"2024-01-03T20:41:37+00:00","mainEntityOfPage":{"@id":"https:\/\/eryckveziau.com\/immobilier\/2024-la-lumiere-au-bout-du-tunnel\/"},"wordCount":232,"publisher":{"@id":"https:\/\/eryckveziau.com\/en\/#organization"},"image":{"@id":"https:\/\/eryckveziau.com\/immobilier\/2024-la-lumiere-au-bout-du-tunnel\/#primaryimage"},"thumbnailUrl":"https:\/\/eryckveziau.com\/files\/shared\/newsroom\/6641\/4EjRHf54qdI7jwPIqF4e5e2b01b4ff2c40dd8fc246ab0a30004aNYyH6K13abgJf6EDhRlw.jpg","keywords":["agent immobilier rive-nord","condo a vendre ste-doroth\u00e9e","Courtier immobilier laval","Houses for sale Laval Ste-Dorothee","mls laval","mls.ca laval","Real estate broker ste-dorothee"],"articleSection":["Immobilier"],"inLanguage":"en-US"},{"@type":"WebPage","@id":"https:\/\/eryckveziau.com\/immobilier\/2024-la-lumiere-au-bout-du-tunnel\/","url":"https:\/\/eryckveziau.com\/immobilier\/2024-la-lumiere-au-bout-du-tunnel\/","name":"2024: la lumi\u00e8re au bout du tunnel | ERYCK V\u00c9ZIAU, COURTIER IMMOBILIER LAVAL, COURTIER IMMOBILIER STE-DOROTH\u00c9E, MAISON \u00c0 VENDRE LAVAL, AGENT IMMOBILIER STE-DOROTH\u00c9E","isPartOf":{"@id":"https:\/\/eryckveziau.com\/en\/#website"},"primaryImageOfPage":{"@id":"https:\/\/eryckveziau.com\/immobilier\/2024-la-lumiere-au-bout-du-tunnel\/#primaryimage"},"image":{"@id":"https:\/\/eryckveziau.com\/immobilier\/2024-la-lumiere-au-bout-du-tunnel\/#primaryimage"},"thumbnailUrl":"https:\/\/eryckveziau.com\/files\/shared\/newsroom\/6641\/4EjRHf54qdI7jwPIqF4e5e2b01b4ff2c40dd8fc246ab0a30004aNYyH6K13abgJf6EDhRlw.jpg","datePublished":"2024-01-03T20:34:37+00:00","dateModified":"2024-01-03T20:41:37+00:00","description":"Inflation : victoire \u00e0 l\u2019horizonLa meilleure nouvelle de l\u2019ann\u00e9e 2024 sera sans contredit le d\u00e9clin de l\u2019inflation et le retour de l\u2019indice des prix \u00e0 la consommation \u00e0 la cible de 2 % de la Banque du Canada.","breadcrumb":{"@id":"https:\/\/eryckveziau.com\/immobilier\/2024-la-lumiere-au-bout-du-tunnel\/#breadcrumb"},"inLanguage":"en-US","potentialAction":[{"@type":"ReadAction","target":["https:\/\/eryckveziau.com\/immobilier\/2024-la-lumiere-au-bout-du-tunnel\/"]}]},{"@type":"ImageObject","inLanguage":"en-US","@id":"https:\/\/eryckveziau.com\/immobilier\/2024-la-lumiere-au-bout-du-tunnel\/#primaryimage","url":"https:\/\/eryckveziau.com\/files\/shared\/newsroom\/6641\/4EjRHf54qdI7jwPIqF4e5e2b01b4ff2c40dd8fc246ab0a30004aNYyH6K13abgJf6EDhRlw.jpg","contentUrl":"https:\/\/eryckveziau.com\/files\/shared\/newsroom\/6641\/4EjRHf54qdI7jwPIqF4e5e2b01b4ff2c40dd8fc246ab0a30004aNYyH6K13abgJf6EDhRlw.jpg","width":1200,"height":627},{"@type":"BreadcrumbList","@id":"https:\/\/eryckveziau.com\/immobilier\/2024-la-lumiere-au-bout-du-tunnel\/#breadcrumb","itemListElement":[{"@type":"ListItem","position":1,"name":"Accueil","item":"https:\/\/eryckveziau.com\/en\/"},{"@type":"ListItem","position":2,"name":"2024: la lumi\u00e8re au bout du tunnel"}]},{"@type":"WebSite","@id":"https:\/\/eryckveziau.com\/en\/#website","url":"https:\/\/eryckveziau.com\/en\/","name":"ERYCK V\u00c9ZIAU, COURTIER IMMOBILIER LAVAL, COURTIER IMMOBILIER STE-DOROTH\u00c9E, MAISON \u00c0 VENDRE LAVAL, AGENT IMMOBILIER STE-DOROTH\u00c9E","description":"","publisher":{"@id":"https:\/\/eryckveziau.com\/en\/#organization"},"potentialAction":[{"@type":"SearchAction","target":{"@type":"EntryPoint","urlTemplate":"https:\/\/eryckveziau.com\/en\/?s={search_term_string}"},"query-input":{"@type":"PropertyValueSpecification","valueRequired":true,"valueName":"search_term_string"}}],"inLanguage":"en-US"},{"@type":"Organization","@id":"https:\/\/eryckveziau.com\/en\/#organization","name":"Eryck V\u00e9ziau RE\/MAX","url":"https:\/\/eryckveziau.com\/en\/","logo":{"@type":"ImageObject","inLanguage":"en-US","@id":"https:\/\/eryckveziau.com\/en\/#\/schema\/logo\/image\/","url":"https:\/\/eryckveziau.com\/files\/2022\/09\/PartageEveziau.png","contentUrl":"https:\/\/eryckveziau.com\/files\/2022\/09\/PartageEveziau.png","width":924,"height":454,"caption":"Eryck V\u00e9ziau RE\/MAX"},"image":{"@id":"https:\/\/eryckveziau.com\/en\/#\/schema\/logo\/image\/"},"sameAs":["https:\/\/www.facebook.com\/EryckVeziau.courtier.immobilier.ReMax.Laval","https:\/\/www.instagram.com\/eryck_veziau_remax\/","https:\/\/www.linkedin.com\/in\/eryck-v\u00e9ziau-6a445134\/","https:\/\/www.youtube.com\/user\/eveziau"]},{"@type":"Person","@id":"https:\/\/eryckveziau.com\/en\/#\/schema\/person\/89ff47cf6f95211fdeae055c69df6d8a","name":"ERYCK V\u00c9ZIAU COURTIER IMMOBILIER LAVAL,COURTIER IMMOBILIER STE-DOROTH\u00c9E,MAISON \u00c0 VENDRE LAVAL,AGENT IMMOBILIER STE-DOROTH\u00c9E","image":{"@type":"ImageObject","inLanguage":"en-US","@id":"https:\/\/eryckveziau.com\/en\/#\/schema\/person\/image\/","url":"https:\/\/secure.gravatar.com\/avatar\/1ff1317def8de13459788d21b92b8349d9bff8a1af6697e8a58c46acf60d787f?s=96&d=mm&r=g","contentUrl":"https:\/\/secure.gravatar.com\/avatar\/1ff1317def8de13459788d21b92b8349d9bff8a1af6697e8a58c46acf60d787f?s=96&d=mm&r=g","caption":"ERYCK V\u00c9ZIAU COURTIER IMMOBILIER LAVAL,COURTIER IMMOBILIER STE-DOROTH\u00c9E,MAISON \u00c0 VENDRE LAVAL,AGENT IMMOBILIER STE-DOROTH\u00c9E"},"description":"Faites confiance \u00e0 un courtier immobilier qui a fait ses preuves et qui sera vraiment l\u00e0 pour vous! Eryck V\u00e9ziau se d\u00e9marque par son approche dynamique et sa mise en march\u00e9 puissante et pro-active. En plus d'\u00eatre pr\u00e9sente sur plus de 10 sites internet diff\u00e9rents et d'\u00eatre publi\u00e9e dans diff\u00e9rents imprim\u00e9s votre propri\u00e9t\u00e9 est pr\u00e9sent\u00e9e \u00e0 de nombreux clients potentiels personnellement et ce chaques semaines. Sa connaissance du march\u00e9 et son professionnalisme en font sa renomm\u00e9e. B\u00e9n\u00e9ficiez en plus, de l'excellente visibilit\u00e9 et de la renomm\u00e9 de RE\/MAX la plus importante banni\u00e8re au monde! Bien appuy\u00e9 par son \u00e9quipe de professionnels (notaires, arpenteurs,courtiers hypoth\u00e9caire,avocats, conseillers financier...) vous serez servi sans aucun souci par des gens comp\u00e9tents. Vos attentes et vos r\u00eaves seront \u00e9cout\u00e9s et surtout compris afin que vos objectifs soient r\u00e9alis\u00e9s! Eryck V\u00e9ziau vous offre en prime la garantie Tranquili-T, offerte autant pour les clients-vendeurs que pour les clients-acheteurs! Le march\u00e9 \u00e9volue, votre courtier doit suivre... Contactez-moi pour une \u00e9valuation gratuite de votre propri\u00e9t\u00e9 ou pour un envoi sans frais des maisons list\u00e9es dans votre secteur.","sameAs":["http:\/\/www.eryckveziau.com"],"url":"https:\/\/eryckveziau.com\/en\/author\/14497\/"}]}},"_links":{"self":[{"href":"https:\/\/eryckveziau.com\/en\/wp-json\/wp\/v2\/posts\/5750","targetHints":{"allow":["GET"]}}],"collection":[{"href":"https:\/\/eryckveziau.com\/en\/wp-json\/wp\/v2\/posts"}],"about":[{"href":"https:\/\/eryckveziau.com\/en\/wp-json\/wp\/v2\/types\/post"}],"author":[{"embeddable":true,"href":"https:\/\/eryckveziau.com\/en\/wp-json\/wp\/v2\/users\/560"}],"replies":[{"embeddable":true,"href":"https:\/\/eryckveziau.com\/en\/wp-json\/wp\/v2\/comments?post=5750"}],"version-history":[{"count":1,"href":"https:\/\/eryckveziau.com\/en\/wp-json\/wp\/v2\/posts\/5750\/revisions"}],"predecessor-version":[{"id":5756,"href":"https:\/\/eryckveziau.com\/en\/wp-json\/wp\/v2\/posts\/5750\/revisions\/5756"}],"wp:featuredmedia":[{"embeddable":true,"href":"https:\/\/eryckveziau.com\/en\/wp-json\/wp\/v2\/media\/5439"}],"wp:attachment":[{"href":"https:\/\/eryckveziau.com\/en\/wp-json\/wp\/v2\/media?parent=5750"}],"wp:term":[{"taxonomy":"category","embeddable":true,"href":"https:\/\/eryckveziau.com\/en\/wp-json\/wp\/v2\/categories?post=5750"},{"taxonomy":"post_tag","embeddable":true,"href":"https:\/\/eryckveziau.com\/en\/wp-json\/wp\/v2\/tags?post=5750"}],"curies":[{"name":"wp","href":"https:\/\/api.w.org\/{rel}","templated":true}]}}