{"id":5732,"date":"2023-06-19T15:30:51","date_gmt":"2023-06-19T19:30:51","guid":{"rendered":"https:\/\/eryckveziau.com\/?p=5732"},"modified":"2023-06-19T15:31:31","modified_gmt":"2023-06-19T19:31:31","slug":"5732","status":"publish","type":"post","link":"https:\/\/eryckveziau.com\/en\/immobilier\/5732\/","title":{"rendered":""},"content":{"rendered":"\n<p><a href=\"https:\/\/www.lapresse.ca\/affaires\/marche-immobilier\/\">MARCH\u00c9 IMMOBILIER<\/a><\/p>\n\n\n\n<h1 class=\"wp-block-heading\"><small>Canada<\/small>\u00a0Les ventes de maisons ont grimp\u00e9 en mai par rapport \u00e0 l\u2019an dernier<\/h1>\n\n\n\n<p>PHOTO MARCO CAMPANOZZI, LA PRESSE<\/p>\n\n\n\n<p>Selon l\u2019Association canadienne de l\u2019immobilier, le nombre r\u00e9el de maisons vendues en mai a grimp\u00e9 de 1,4\u00a0% par rapport \u00e0 celui du mois de mai\u00a02022. En donn\u00e9es d\u00e9saisonnalis\u00e9es, les ventes du mois de mai ont progress\u00e9 de 5,1\u00a0% par rapport \u00e0 celles d\u2019avril.<\/p>\n\n\n\n<p>Le march\u00e9 immobilier canadien a continu\u00e9 de se r\u00e9chauffer en mai, les ventes de maisons enregistrant leur premi\u00e8re augmentation d\u2019une ann\u00e9e \u00e0 l\u2019autre depuis juin\u00a02021 et le prix moyen enregistrant sa premi\u00e8re hausse annuelle en un an.<\/p>\n\n\n\n<p><a href=\"https:\/\/www.lapresse.ca\/affaires\/marche-immobilier\/2023-06-15\/canada\/les-ventes-de-maisons-ont-grimpe-en-mai-par-rapport-a-l-an-dernier.php\" target=\"_blank\" rel=\"noreferrer noopener\">LIRE LA SUITE ICI<\/a><\/p>\n","protected":false},"excerpt":{"rendered":"<p>MARCH\u00c9 IMMOBILIER Canada\u00a0Les ventes de maisons ont grimp\u00e9 en mai par rapport \u00e0 l\u2019an dernier PHOTO MARCO CAMPANOZZI, LA PRESSE Selon l\u2019Association canadienne de l\u2019immobilier, le nombre r\u00e9el de maisons vendues en mai a grimp\u00e9 de 1,4\u00a0% par rapport \u00e0 celui du mois de mai\u00a02022. En donn\u00e9es d\u00e9saisonnalis\u00e9es, les ventes du mois de mai ont [&hellip;]<\/p>\n","protected":false},"author":560,"featured_media":4335,"comment_status":"closed","ping_status":"closed","sticky":false,"template":"","format":"standard","meta":{"_acf_changed":false,"footnotes":""},"categories":[52],"tags":[20,18,12,6,31,32,38],"class_list":["post-5732","post","type-post","status-publish","format-standard","hentry","category-immobilier","tag-agent-immobilier-rive-nord","tag-condo-a-vendre-ste-dorothee","tag-courtier-immobilier-laval","tag-maison-a-vendre-laval-et-ste-dorothee","tag-mls-laval","tag-mls-ca-laval","tag-real-estate-broker-ste-dorothee"],"acf":[],"yoast_head":"<!-- This site is optimized with the Yoast SEO plugin v26.7 - https:\/\/yoast.com\/wordpress\/plugins\/seo\/ -->\n<title>| ERYCK V\u00c9ZIAU, COURTIER IMMOBILIER LAVAL, COURTIER IMMOBILIER STE-DOROTH\u00c9E, MAISON \u00c0 VENDRE LAVAL, AGENT IMMOBILIER STE-DOROTH\u00c9E<\/title>\n<meta name=\"robots\" content=\"index, follow, max-snippet:-1, max-image-preview:large, max-video-preview:-1\" \/>\n<link rel=\"canonical\" href=\"https:\/\/eryckveziau.com\/immobilier\/5732\/\" \/>\n<meta property=\"og:locale\" content=\"en_US\" \/>\n<meta property=\"og:type\" content=\"article\" \/>\n<meta property=\"og:title\" content=\"| ERYCK V\u00c9ZIAU, COURTIER IMMOBILIER LAVAL, COURTIER IMMOBILIER STE-DOROTH\u00c9E, MAISON \u00c0 VENDRE LAVAL, AGENT IMMOBILIER STE-DOROTH\u00c9E\" \/>\n<meta property=\"og:description\" content=\"MARCH\u00c9 IMMOBILIER Canada\u00a0Les ventes de maisons ont grimp\u00e9 en mai par rapport \u00e0 l\u2019an dernier PHOTO MARCO CAMPANOZZI, LA PRESSE Selon l\u2019Association canadienne de l\u2019immobilier, le nombre r\u00e9el de maisons vendues en mai a grimp\u00e9 de 1,4\u00a0% par rapport \u00e0 celui du mois de mai\u00a02022. En donn\u00e9es d\u00e9saisonnalis\u00e9es, les ventes du mois de mai ont [&hellip;]\" \/>\n<meta property=\"og:url\" content=\"https:\/\/eryckveziau.com\/immobilier\/5732\/\" \/>\n<meta property=\"og:site_name\" content=\"ERYCK V\u00c9ZIAU, COURTIER IMMOBILIER LAVAL, COURTIER IMMOBILIER STE-DOROTH\u00c9E, MAISON \u00c0 VENDRE LAVAL, AGENT IMMOBILIER STE-DOROTH\u00c9E\" \/>\n<meta property=\"article:publisher\" content=\"https:\/\/www.facebook.com\/EryckVeziau.courtier.immobilier.ReMax.Laval\" \/>\n<meta property=\"article:published_time\" content=\"2023-06-19T19:30:51+00:00\" \/>\n<meta property=\"article:modified_time\" content=\"2023-06-19T19:31:31+00:00\" \/>\n<meta property=\"og:image\" content=\"https:\/\/eryckveziau.com\/files\/shared\/newsroom\/260\/sehaQtko57rSlBAlQokS5853285521984895b7bd5a8db8aa8cc2TZlUCCEXATME0XyJajMl.jpg\" \/>\n\t<meta property=\"og:image:width\" content=\"1499\" \/>\n\t<meta property=\"og:image:height\" content=\"1000\" \/>\n\t<meta property=\"og:image:type\" content=\"image\/jpeg\" \/>\n<meta name=\"author\" content=\"ERYCK V\u00c9ZIAU COURTIER IMMOBILIER LAVAL,COURTIER IMMOBILIER STE-DOROTH\u00c9E,MAISON \u00c0 VENDRE LAVAL,AGENT IMMOBILIER STE-DOROTH\u00c9E\" \/>\n<meta name=\"twitter:card\" content=\"summary_large_image\" \/>\n<meta name=\"twitter:label1\" content=\"Written by\" \/>\n\t<meta name=\"twitter:data1\" content=\"ERYCK V\u00c9ZIAU COURTIER IMMOBILIER LAVAL,COURTIER IMMOBILIER STE-DOROTH\u00c9E,MAISON \u00c0 VENDRE LAVAL,AGENT IMMOBILIER STE-DOROTH\u00c9E\" \/>\n\t<meta name=\"twitter:label2\" content=\"Est. reading time\" \/>\n\t<meta name=\"twitter:data2\" content=\"1 minute\" \/>\n<script type=\"application\/ld+json\" class=\"yoast-schema-graph\">{\"@context\":\"https:\/\/schema.org\",\"@graph\":[{\"@type\":\"Article\",\"@id\":\"https:\/\/eryckveziau.com\/immobilier\/5732\/#article\",\"isPartOf\":{\"@id\":\"https:\/\/eryckveziau.com\/immobilier\/5732\/\"},\"author\":{\"name\":\"ERYCK V\u00c9ZIAU COURTIER IMMOBILIER LAVAL,COURTIER IMMOBILIER STE-DOROTH\u00c9E,MAISON \u00c0 VENDRE LAVAL,AGENT IMMOBILIER STE-DOROTH\u00c9E\",\"@id\":\"https:\/\/eryckveziau.com\/en\/#\/schema\/person\/89ff47cf6f95211fdeae055c69df6d8a\"},\"headline\":\"No title\",\"datePublished\":\"2023-06-19T19:30:51+00:00\",\"dateModified\":\"2023-06-19T19:31:31+00:00\",\"mainEntityOfPage\":{\"@id\":\"https:\/\/eryckveziau.com\/immobilier\/5732\/\"},\"wordCount\":113,\"publisher\":{\"@id\":\"https:\/\/eryckveziau.com\/en\/#organization\"},\"image\":{\"@id\":\"https:\/\/eryckveziau.com\/immobilier\/5732\/#primaryimage\"},\"thumbnailUrl\":\"https:\/\/eryckveziau.com\/files\/shared\/newsroom\/260\/sehaQtko57rSlBAlQokS5853285521984895b7bd5a8db8aa8cc2TZlUCCEXATME0XyJajMl.jpg\",\"keywords\":[\"agent immobilier rive-nord\",\"condo a vendre ste-doroth\u00e9e\",\"Courtier immobilier laval\",\"Houses for sale Laval Ste-Dorothee\",\"mls laval\",\"mls.ca laval\",\"Real estate broker ste-dorothee\"],\"articleSection\":[\"Immobilier\"],\"inLanguage\":\"en-US\"},{\"@type\":\"WebPage\",\"@id\":\"https:\/\/eryckveziau.com\/immobilier\/5732\/\",\"url\":\"https:\/\/eryckveziau.com\/immobilier\/5732\/\",\"name\":\"| ERYCK V\u00c9ZIAU, COURTIER IMMOBILIER LAVAL, COURTIER IMMOBILIER STE-DOROTH\u00c9E, MAISON \u00c0 VENDRE LAVAL, AGENT IMMOBILIER STE-DOROTH\u00c9E\",\"isPartOf\":{\"@id\":\"https:\/\/eryckveziau.com\/en\/#website\"},\"primaryImageOfPage\":{\"@id\":\"https:\/\/eryckveziau.com\/immobilier\/5732\/#primaryimage\"},\"image\":{\"@id\":\"https:\/\/eryckveziau.com\/immobilier\/5732\/#primaryimage\"},\"thumbnailUrl\":\"https:\/\/eryckveziau.com\/files\/shared\/newsroom\/260\/sehaQtko57rSlBAlQokS5853285521984895b7bd5a8db8aa8cc2TZlUCCEXATME0XyJajMl.jpg\",\"datePublished\":\"2023-06-19T19:30:51+00:00\",\"dateModified\":\"2023-06-19T19:31:31+00:00\",\"inLanguage\":\"en-US\",\"potentialAction\":[{\"@type\":\"ReadAction\",\"target\":[\"https:\/\/eryckveziau.com\/immobilier\/5732\/\"]}]},{\"@type\":\"ImageObject\",\"inLanguage\":\"en-US\",\"@id\":\"https:\/\/eryckveziau.com\/immobilier\/5732\/#primaryimage\",\"url\":\"https:\/\/eryckveziau.com\/files\/shared\/newsroom\/260\/sehaQtko57rSlBAlQokS5853285521984895b7bd5a8db8aa8cc2TZlUCCEXATME0XyJajMl.jpg\",\"contentUrl\":\"https:\/\/eryckveziau.com\/files\/shared\/newsroom\/260\/sehaQtko57rSlBAlQokS5853285521984895b7bd5a8db8aa8cc2TZlUCCEXATME0XyJajMl.jpg\",\"width\":1499,\"height\":1000},{\"@type\":\"WebSite\",\"@id\":\"https:\/\/eryckveziau.com\/en\/#website\",\"url\":\"https:\/\/eryckveziau.com\/en\/\",\"name\":\"ERYCK V\u00c9ZIAU, COURTIER IMMOBILIER LAVAL, COURTIER IMMOBILIER STE-DOROTH\u00c9E, MAISON \u00c0 VENDRE LAVAL, AGENT IMMOBILIER STE-DOROTH\u00c9E\",\"description\":\"\",\"publisher\":{\"@id\":\"https:\/\/eryckveziau.com\/en\/#organization\"},\"potentialAction\":[{\"@type\":\"SearchAction\",\"target\":{\"@type\":\"EntryPoint\",\"urlTemplate\":\"https:\/\/eryckveziau.com\/en\/?s={search_term_string}\"},\"query-input\":{\"@type\":\"PropertyValueSpecification\",\"valueRequired\":true,\"valueName\":\"search_term_string\"}}],\"inLanguage\":\"en-US\"},{\"@type\":\"Organization\",\"@id\":\"https:\/\/eryckveziau.com\/en\/#organization\",\"name\":\"Eryck V\u00e9ziau RE\/MAX\",\"url\":\"https:\/\/eryckveziau.com\/en\/\",\"logo\":{\"@type\":\"ImageObject\",\"inLanguage\":\"en-US\",\"@id\":\"https:\/\/eryckveziau.com\/en\/#\/schema\/logo\/image\/\",\"url\":\"https:\/\/eryckveziau.com\/files\/2022\/09\/PartageEveziau.png\",\"contentUrl\":\"https:\/\/eryckveziau.com\/files\/2022\/09\/PartageEveziau.png\",\"width\":924,\"height\":454,\"caption\":\"Eryck V\u00e9ziau RE\/MAX\"},\"image\":{\"@id\":\"https:\/\/eryckveziau.com\/en\/#\/schema\/logo\/image\/\"},\"sameAs\":[\"https:\/\/www.facebook.com\/EryckVeziau.courtier.immobilier.ReMax.Laval\",\"https:\/\/www.instagram.com\/eryck_veziau_remax\/\",\"https:\/\/www.linkedin.com\/in\/eryck-v\u00e9ziau-6a445134\/\",\"https:\/\/www.youtube.com\/user\/eveziau\"]},{\"@type\":\"Person\",\"@id\":\"https:\/\/eryckveziau.com\/en\/#\/schema\/person\/89ff47cf6f95211fdeae055c69df6d8a\",\"name\":\"ERYCK V\u00c9ZIAU COURTIER IMMOBILIER LAVAL,COURTIER IMMOBILIER STE-DOROTH\u00c9E,MAISON \u00c0 VENDRE LAVAL,AGENT IMMOBILIER STE-DOROTH\u00c9E\",\"image\":{\"@type\":\"ImageObject\",\"inLanguage\":\"en-US\",\"@id\":\"https:\/\/eryckveziau.com\/en\/#\/schema\/person\/image\/\",\"url\":\"https:\/\/secure.gravatar.com\/avatar\/1ff1317def8de13459788d21b92b8349d9bff8a1af6697e8a58c46acf60d787f?s=96&d=mm&r=g\",\"contentUrl\":\"https:\/\/secure.gravatar.com\/avatar\/1ff1317def8de13459788d21b92b8349d9bff8a1af6697e8a58c46acf60d787f?s=96&d=mm&r=g\",\"caption\":\"ERYCK V\u00c9ZIAU COURTIER IMMOBILIER LAVAL,COURTIER IMMOBILIER STE-DOROTH\u00c9E,MAISON \u00c0 VENDRE LAVAL,AGENT IMMOBILIER STE-DOROTH\u00c9E\"},\"description\":\"Faites confiance \u00e0 un courtier immobilier qui a fait ses preuves et qui sera vraiment l\u00e0 pour vous! Eryck V\u00e9ziau se d\u00e9marque par son approche dynamique et sa mise en march\u00e9 puissante et pro-active. En plus d'\u00eatre pr\u00e9sente sur plus de 10 sites internet diff\u00e9rents et d'\u00eatre publi\u00e9e dans diff\u00e9rents imprim\u00e9s votre propri\u00e9t\u00e9 est pr\u00e9sent\u00e9e \u00e0 de nombreux clients potentiels personnellement et ce chaques semaines. Sa connaissance du march\u00e9 et son professionnalisme en font sa renomm\u00e9e. B\u00e9n\u00e9ficiez en plus, de l'excellente visibilit\u00e9 et de la renomm\u00e9 de RE\/MAX la plus importante banni\u00e8re au monde! Bien appuy\u00e9 par son \u00e9quipe de professionnels (notaires, arpenteurs,courtiers hypoth\u00e9caire,avocats, conseillers financier...) vous serez servi sans aucun souci par des gens comp\u00e9tents. Vos attentes et vos r\u00eaves seront \u00e9cout\u00e9s et surtout compris afin que vos objectifs soient r\u00e9alis\u00e9s! Eryck V\u00e9ziau vous offre en prime la garantie Tranquili-T, offerte autant pour les clients-vendeurs que pour les clients-acheteurs! Le march\u00e9 \u00e9volue, votre courtier doit suivre... Contactez-moi pour une \u00e9valuation gratuite de votre propri\u00e9t\u00e9 ou pour un envoi sans frais des maisons list\u00e9es dans votre secteur.\",\"sameAs\":[\"http:\/\/www.eryckveziau.com\"],\"url\":\"https:\/\/eryckveziau.com\/en\/author\/14497\/\"}]}<\/script>\n<!-- \/ Yoast SEO plugin. -->","yoast_head_json":{"title":"| ERYCK V\u00c9ZIAU, COURTIER IMMOBILIER LAVAL, COURTIER IMMOBILIER STE-DOROTH\u00c9E, MAISON \u00c0 VENDRE LAVAL, AGENT IMMOBILIER STE-DOROTH\u00c9E","robots":{"index":"index","follow":"follow","max-snippet":"max-snippet:-1","max-image-preview":"max-image-preview:large","max-video-preview":"max-video-preview:-1"},"canonical":"https:\/\/eryckveziau.com\/immobilier\/5732\/","og_locale":"en_US","og_type":"article","og_title":"| ERYCK V\u00c9ZIAU, COURTIER IMMOBILIER LAVAL, COURTIER IMMOBILIER STE-DOROTH\u00c9E, MAISON \u00c0 VENDRE LAVAL, AGENT IMMOBILIER STE-DOROTH\u00c9E","og_description":"MARCH\u00c9 IMMOBILIER Canada\u00a0Les ventes de maisons ont grimp\u00e9 en mai par rapport \u00e0 l\u2019an dernier PHOTO MARCO CAMPANOZZI, LA PRESSE Selon l\u2019Association canadienne de l\u2019immobilier, le nombre r\u00e9el de maisons vendues en mai a grimp\u00e9 de 1,4\u00a0% par rapport \u00e0 celui du mois de mai\u00a02022. En donn\u00e9es d\u00e9saisonnalis\u00e9es, les ventes du mois de mai ont [&hellip;]","og_url":"https:\/\/eryckveziau.com\/immobilier\/5732\/","og_site_name":"ERYCK V\u00c9ZIAU, COURTIER IMMOBILIER LAVAL, COURTIER IMMOBILIER STE-DOROTH\u00c9E, MAISON \u00c0 VENDRE LAVAL, AGENT IMMOBILIER STE-DOROTH\u00c9E","article_publisher":"https:\/\/www.facebook.com\/EryckVeziau.courtier.immobilier.ReMax.Laval","article_published_time":"2023-06-19T19:30:51+00:00","article_modified_time":"2023-06-19T19:31:31+00:00","og_image":[{"width":1499,"height":1000,"url":"https:\/\/eryckveziau.com\/files\/shared\/newsroom\/260\/sehaQtko57rSlBAlQokS5853285521984895b7bd5a8db8aa8cc2TZlUCCEXATME0XyJajMl.jpg","type":"image\/jpeg"}],"author":"ERYCK V\u00c9ZIAU COURTIER IMMOBILIER LAVAL,COURTIER IMMOBILIER STE-DOROTH\u00c9E,MAISON \u00c0 VENDRE LAVAL,AGENT IMMOBILIER STE-DOROTH\u00c9E","twitter_card":"summary_large_image","twitter_misc":{"Written by":"ERYCK V\u00c9ZIAU COURTIER IMMOBILIER LAVAL,COURTIER IMMOBILIER STE-DOROTH\u00c9E,MAISON \u00c0 VENDRE LAVAL,AGENT IMMOBILIER STE-DOROTH\u00c9E","Est. reading time":"1 minute"},"schema":{"@context":"https:\/\/schema.org","@graph":[{"@type":"Article","@id":"https:\/\/eryckveziau.com\/immobilier\/5732\/#article","isPartOf":{"@id":"https:\/\/eryckveziau.com\/immobilier\/5732\/"},"author":{"name":"ERYCK V\u00c9ZIAU COURTIER IMMOBILIER LAVAL,COURTIER IMMOBILIER STE-DOROTH\u00c9E,MAISON \u00c0 VENDRE LAVAL,AGENT IMMOBILIER STE-DOROTH\u00c9E","@id":"https:\/\/eryckveziau.com\/en\/#\/schema\/person\/89ff47cf6f95211fdeae055c69df6d8a"},"headline":"No title","datePublished":"2023-06-19T19:30:51+00:00","dateModified":"2023-06-19T19:31:31+00:00","mainEntityOfPage":{"@id":"https:\/\/eryckveziau.com\/immobilier\/5732\/"},"wordCount":113,"publisher":{"@id":"https:\/\/eryckveziau.com\/en\/#organization"},"image":{"@id":"https:\/\/eryckveziau.com\/immobilier\/5732\/#primaryimage"},"thumbnailUrl":"https:\/\/eryckveziau.com\/files\/shared\/newsroom\/260\/sehaQtko57rSlBAlQokS5853285521984895b7bd5a8db8aa8cc2TZlUCCEXATME0XyJajMl.jpg","keywords":["agent immobilier rive-nord","condo a vendre ste-doroth\u00e9e","Courtier immobilier laval","Houses for sale Laval Ste-Dorothee","mls laval","mls.ca laval","Real estate broker ste-dorothee"],"articleSection":["Immobilier"],"inLanguage":"en-US"},{"@type":"WebPage","@id":"https:\/\/eryckveziau.com\/immobilier\/5732\/","url":"https:\/\/eryckveziau.com\/immobilier\/5732\/","name":"| ERYCK V\u00c9ZIAU, COURTIER IMMOBILIER LAVAL, COURTIER IMMOBILIER STE-DOROTH\u00c9E, MAISON \u00c0 VENDRE LAVAL, AGENT IMMOBILIER STE-DOROTH\u00c9E","isPartOf":{"@id":"https:\/\/eryckveziau.com\/en\/#website"},"primaryImageOfPage":{"@id":"https:\/\/eryckveziau.com\/immobilier\/5732\/#primaryimage"},"image":{"@id":"https:\/\/eryckveziau.com\/immobilier\/5732\/#primaryimage"},"thumbnailUrl":"https:\/\/eryckveziau.com\/files\/shared\/newsroom\/260\/sehaQtko57rSlBAlQokS5853285521984895b7bd5a8db8aa8cc2TZlUCCEXATME0XyJajMl.jpg","datePublished":"2023-06-19T19:30:51+00:00","dateModified":"2023-06-19T19:31:31+00:00","inLanguage":"en-US","potentialAction":[{"@type":"ReadAction","target":["https:\/\/eryckveziau.com\/immobilier\/5732\/"]}]},{"@type":"ImageObject","inLanguage":"en-US","@id":"https:\/\/eryckveziau.com\/immobilier\/5732\/#primaryimage","url":"https:\/\/eryckveziau.com\/files\/shared\/newsroom\/260\/sehaQtko57rSlBAlQokS5853285521984895b7bd5a8db8aa8cc2TZlUCCEXATME0XyJajMl.jpg","contentUrl":"https:\/\/eryckveziau.com\/files\/shared\/newsroom\/260\/sehaQtko57rSlBAlQokS5853285521984895b7bd5a8db8aa8cc2TZlUCCEXATME0XyJajMl.jpg","width":1499,"height":1000},{"@type":"WebSite","@id":"https:\/\/eryckveziau.com\/en\/#website","url":"https:\/\/eryckveziau.com\/en\/","name":"ERYCK V\u00c9ZIAU, COURTIER IMMOBILIER LAVAL, COURTIER IMMOBILIER STE-DOROTH\u00c9E, MAISON \u00c0 VENDRE LAVAL, AGENT IMMOBILIER STE-DOROTH\u00c9E","description":"","publisher":{"@id":"https:\/\/eryckveziau.com\/en\/#organization"},"potentialAction":[{"@type":"SearchAction","target":{"@type":"EntryPoint","urlTemplate":"https:\/\/eryckveziau.com\/en\/?s={search_term_string}"},"query-input":{"@type":"PropertyValueSpecification","valueRequired":true,"valueName":"search_term_string"}}],"inLanguage":"en-US"},{"@type":"Organization","@id":"https:\/\/eryckveziau.com\/en\/#organization","name":"Eryck V\u00e9ziau RE\/MAX","url":"https:\/\/eryckveziau.com\/en\/","logo":{"@type":"ImageObject","inLanguage":"en-US","@id":"https:\/\/eryckveziau.com\/en\/#\/schema\/logo\/image\/","url":"https:\/\/eryckveziau.com\/files\/2022\/09\/PartageEveziau.png","contentUrl":"https:\/\/eryckveziau.com\/files\/2022\/09\/PartageEveziau.png","width":924,"height":454,"caption":"Eryck V\u00e9ziau RE\/MAX"},"image":{"@id":"https:\/\/eryckveziau.com\/en\/#\/schema\/logo\/image\/"},"sameAs":["https:\/\/www.facebook.com\/EryckVeziau.courtier.immobilier.ReMax.Laval","https:\/\/www.instagram.com\/eryck_veziau_remax\/","https:\/\/www.linkedin.com\/in\/eryck-v\u00e9ziau-6a445134\/","https:\/\/www.youtube.com\/user\/eveziau"]},{"@type":"Person","@id":"https:\/\/eryckveziau.com\/en\/#\/schema\/person\/89ff47cf6f95211fdeae055c69df6d8a","name":"ERYCK V\u00c9ZIAU COURTIER IMMOBILIER LAVAL,COURTIER IMMOBILIER STE-DOROTH\u00c9E,MAISON \u00c0 VENDRE LAVAL,AGENT IMMOBILIER STE-DOROTH\u00c9E","image":{"@type":"ImageObject","inLanguage":"en-US","@id":"https:\/\/eryckveziau.com\/en\/#\/schema\/person\/image\/","url":"https:\/\/secure.gravatar.com\/avatar\/1ff1317def8de13459788d21b92b8349d9bff8a1af6697e8a58c46acf60d787f?s=96&d=mm&r=g","contentUrl":"https:\/\/secure.gravatar.com\/avatar\/1ff1317def8de13459788d21b92b8349d9bff8a1af6697e8a58c46acf60d787f?s=96&d=mm&r=g","caption":"ERYCK V\u00c9ZIAU COURTIER IMMOBILIER LAVAL,COURTIER IMMOBILIER STE-DOROTH\u00c9E,MAISON \u00c0 VENDRE LAVAL,AGENT IMMOBILIER STE-DOROTH\u00c9E"},"description":"Faites confiance \u00e0 un courtier immobilier qui a fait ses preuves et qui sera vraiment l\u00e0 pour vous! Eryck V\u00e9ziau se d\u00e9marque par son approche dynamique et sa mise en march\u00e9 puissante et pro-active. En plus d'\u00eatre pr\u00e9sente sur plus de 10 sites internet diff\u00e9rents et d'\u00eatre publi\u00e9e dans diff\u00e9rents imprim\u00e9s votre propri\u00e9t\u00e9 est pr\u00e9sent\u00e9e \u00e0 de nombreux clients potentiels personnellement et ce chaques semaines. Sa connaissance du march\u00e9 et son professionnalisme en font sa renomm\u00e9e. B\u00e9n\u00e9ficiez en plus, de l'excellente visibilit\u00e9 et de la renomm\u00e9 de RE\/MAX la plus importante banni\u00e8re au monde! Bien appuy\u00e9 par son \u00e9quipe de professionnels (notaires, arpenteurs,courtiers hypoth\u00e9caire,avocats, conseillers financier...) vous serez servi sans aucun souci par des gens comp\u00e9tents. Vos attentes et vos r\u00eaves seront \u00e9cout\u00e9s et surtout compris afin que vos objectifs soient r\u00e9alis\u00e9s! Eryck V\u00e9ziau vous offre en prime la garantie Tranquili-T, offerte autant pour les clients-vendeurs que pour les clients-acheteurs! Le march\u00e9 \u00e9volue, votre courtier doit suivre... Contactez-moi pour une \u00e9valuation gratuite de votre propri\u00e9t\u00e9 ou pour un envoi sans frais des maisons list\u00e9es dans votre secteur.","sameAs":["http:\/\/www.eryckveziau.com"],"url":"https:\/\/eryckveziau.com\/en\/author\/14497\/"}]}},"_links":{"self":[{"href":"https:\/\/eryckveziau.com\/en\/wp-json\/wp\/v2\/posts\/5732","targetHints":{"allow":["GET"]}}],"collection":[{"href":"https:\/\/eryckveziau.com\/en\/wp-json\/wp\/v2\/posts"}],"about":[{"href":"https:\/\/eryckveziau.com\/en\/wp-json\/wp\/v2\/types\/post"}],"author":[{"embeddable":true,"href":"https:\/\/eryckveziau.com\/en\/wp-json\/wp\/v2\/users\/560"}],"replies":[{"embeddable":true,"href":"https:\/\/eryckveziau.com\/en\/wp-json\/wp\/v2\/comments?post=5732"}],"version-history":[{"count":1,"href":"https:\/\/eryckveziau.com\/en\/wp-json\/wp\/v2\/posts\/5732\/revisions"}],"predecessor-version":[{"id":5733,"href":"https:\/\/eryckveziau.com\/en\/wp-json\/wp\/v2\/posts\/5732\/revisions\/5733"}],"wp:featuredmedia":[{"embeddable":true,"href":"https:\/\/eryckveziau.com\/en\/wp-json\/wp\/v2\/media\/4335"}],"wp:attachment":[{"href":"https:\/\/eryckveziau.com\/en\/wp-json\/wp\/v2\/media?parent=5732"}],"wp:term":[{"taxonomy":"category","embeddable":true,"href":"https:\/\/eryckveziau.com\/en\/wp-json\/wp\/v2\/categories?post=5732"},{"taxonomy":"post_tag","embeddable":true,"href":"https:\/\/eryckveziau.com\/en\/wp-json\/wp\/v2\/tags?post=5732"}],"curies":[{"name":"wp","href":"https:\/\/api.w.org\/{rel}","templated":true}]}}