{"id":5707,"date":"2023-05-08T09:23:59","date_gmt":"2023-05-08T13:23:59","guid":{"rendered":"https:\/\/eryckveziau.com\/?p=5707"},"modified":"2023-05-08T09:25:31","modified_gmt":"2023-05-08T13:25:31","slug":"les-ventes-et-les-prix-des-proprietes-augmentent-a-montreal","status":"publish","type":"post","link":"https:\/\/eryckveziau.com\/en\/nouvelles\/les-ventes-et-les-prix-des-proprietes-augmentent-a-montreal\/","title":{"rendered":"Les ventes (et les prix) des propri\u00e9t\u00e9s augmentent \u00e0 Montr\u00e9al"},"content":{"rendered":"\n<p>Par David Beauchamps<\/p>\n\n\n\n<p>En avril, les ventes et les prix des propri\u00e9t\u00e9s, toutes les cat\u00e9gories confondues, ont augment\u00e9 dans la r\u00e9gion m\u00e9tropolitaine de recensement (RMR) de Montr\u00e9al, selon les donn\u00e9es compil\u00e9es \u00e0 partir de la base de donn\u00e9es de Centris par l\u2019<a href=\"https:\/\/apciq.ca\/\" target=\"_blank\" rel=\"noreferrer noopener\">Association professionnelle des courtiers immobiliers du Qu\u00e9bec<\/a>&nbsp;(APCIQ). Ces chiffres sont encourageants pour les propri\u00e9taires puisqu\u2019ils sont similaires \u00e0 ceux de l\u2019an 2000, laissant croire que le creux de ventes de propri\u00e9t\u00e9s est pass\u00e9.<\/p>\n\n\n\n<p>Le nombre de ventes r\u00e9sidentielles s\u2019\u00e9l\u00e8ve \u00e0 3 755 en avril 2023, constituant une baisse de -26% par rapport \u00e0 avril 2022. Cela repr\u00e9sente aussi une stabilisation des ventes dans la r\u00e9gion de Montr\u00e9al pour un troisi\u00e8me mois cons\u00e9cutif. L\u2019APCIQ nuance cependant les chiffres en raison du nombre plus faible de maisons en vente sur le march\u00e9 et de la hausse des prix.<\/p>\n\n\n\n<p><a href=\"https:\/\/journalmetro.com\/actualites\/3068351\/les-ventes-et-les-prix-des-proprietes-augmentent-a-montreal\/\">LIRE LA SUITE ICI<\/a><\/p>\n\n\n\n<p><\/p>\n","protected":false},"excerpt":{"rendered":"<p>Par David Beauchamps En avril, les ventes et les prix des propri\u00e9t\u00e9s, toutes les cat\u00e9gories confondues, ont augment\u00e9 dans la r\u00e9gion m\u00e9tropolitaine de recensement (RMR) de Montr\u00e9al, selon les donn\u00e9es compil\u00e9es \u00e0 partir de la base de donn\u00e9es de Centris par l\u2019Association professionnelle des courtiers immobiliers du Qu\u00e9bec&nbsp;(APCIQ). Ces chiffres sont encourageants pour les propri\u00e9taires [&hellip;]<\/p>\n","protected":false},"author":560,"featured_media":5292,"comment_status":"closed","ping_status":"closed","sticky":false,"template":"","format":"standard","meta":{"_acf_changed":false,"footnotes":""},"categories":[52,63],"tags":[20,18,12,6,31,32,38],"class_list":["post-5707","post","type-post","status-publish","format-standard","hentry","category-immobilier","category-nouvelles","tag-agent-immobilier-rive-nord","tag-condo-a-vendre-ste-dorothee","tag-courtier-immobilier-laval","tag-maison-a-vendre-laval-et-ste-dorothee","tag-mls-laval","tag-mls-ca-laval","tag-real-estate-broker-ste-dorothee"],"acf":[],"yoast_head":"<!-- This site is optimized with the Yoast SEO plugin v26.7 - https:\/\/yoast.com\/wordpress\/plugins\/seo\/ -->\n<title>Les ventes (et les prix) des propri\u00e9t\u00e9s augmentent \u00e0 Montr\u00e9al | ERYCK V\u00c9ZIAU, COURTIER IMMOBILIER LAVAL, COURTIER IMMOBILIER STE-DOROTH\u00c9E, MAISON \u00c0 VENDRE LAVAL, AGENT IMMOBILIER STE-DOROTH\u00c9E<\/title>\n<meta name=\"robots\" content=\"index, follow, max-snippet:-1, max-image-preview:large, max-video-preview:-1\" \/>\n<link rel=\"canonical\" href=\"https:\/\/eryckveziau.com\/nouvelles\/les-ventes-et-les-prix-des-proprietes-augmentent-a-montreal\/\" \/>\n<meta property=\"og:locale\" content=\"en_US\" \/>\n<meta property=\"og:type\" content=\"article\" \/>\n<meta property=\"og:title\" content=\"Les ventes (et les prix) des propri\u00e9t\u00e9s augmentent \u00e0 Montr\u00e9al | ERYCK V\u00c9ZIAU, COURTIER IMMOBILIER LAVAL, COURTIER IMMOBILIER STE-DOROTH\u00c9E, MAISON \u00c0 VENDRE LAVAL, AGENT IMMOBILIER STE-DOROTH\u00c9E\" \/>\n<meta property=\"og:description\" content=\"Par David Beauchamps En avril, les ventes et les prix des propri\u00e9t\u00e9s, toutes les cat\u00e9gories confondues, ont augment\u00e9 dans la r\u00e9gion m\u00e9tropolitaine de recensement (RMR) de Montr\u00e9al, selon les donn\u00e9es compil\u00e9es \u00e0 partir de la base de donn\u00e9es de Centris par l\u2019Association professionnelle des courtiers immobiliers du Qu\u00e9bec&nbsp;(APCIQ). Ces chiffres sont encourageants pour les propri\u00e9taires [&hellip;]\" \/>\n<meta property=\"og:url\" content=\"https:\/\/eryckveziau.com\/nouvelles\/les-ventes-et-les-prix-des-proprietes-augmentent-a-montreal\/\" \/>\n<meta property=\"og:site_name\" content=\"ERYCK V\u00c9ZIAU, COURTIER IMMOBILIER LAVAL, COURTIER IMMOBILIER STE-DOROTH\u00c9E, MAISON \u00c0 VENDRE LAVAL, AGENT IMMOBILIER STE-DOROTH\u00c9E\" \/>\n<meta property=\"article:publisher\" content=\"https:\/\/www.facebook.com\/EryckVeziau.courtier.immobilier.ReMax.Laval\" \/>\n<meta property=\"article:published_time\" content=\"2023-05-08T13:23:59+00:00\" \/>\n<meta property=\"article:modified_time\" content=\"2023-05-08T13:25:31+00:00\" \/>\n<meta property=\"og:image\" content=\"https:\/\/eryckveziau.com\/files\/shared\/newsroom\/6031\/7iyNtyafBuFo26cBx4I15bd9c4b3d5b84cfc9bc145cbe4062251JJVnbHNyTDYBhvIsH1Na.jpg\" \/>\n\t<meta property=\"og:image:width\" content=\"1200\" \/>\n\t<meta property=\"og:image:height\" content=\"627\" \/>\n\t<meta property=\"og:image:type\" content=\"image\/jpeg\" \/>\n<meta name=\"author\" content=\"ERYCK V\u00c9ZIAU COURTIER IMMOBILIER LAVAL,COURTIER IMMOBILIER STE-DOROTH\u00c9E,MAISON \u00c0 VENDRE LAVAL,AGENT IMMOBILIER STE-DOROTH\u00c9E\" \/>\n<meta name=\"twitter:card\" content=\"summary_large_image\" \/>\n<meta name=\"twitter:label1\" content=\"Written by\" \/>\n\t<meta name=\"twitter:data1\" content=\"ERYCK V\u00c9ZIAU COURTIER IMMOBILIER LAVAL,COURTIER IMMOBILIER STE-DOROTH\u00c9E,MAISON \u00c0 VENDRE LAVAL,AGENT IMMOBILIER STE-DOROTH\u00c9E\" \/>\n\t<meta name=\"twitter:label2\" content=\"Est. reading time\" \/>\n\t<meta name=\"twitter:data2\" content=\"1 minute\" \/>\n<script type=\"application\/ld+json\" class=\"yoast-schema-graph\">{\"@context\":\"https:\/\/schema.org\",\"@graph\":[{\"@type\":\"Article\",\"@id\":\"https:\/\/eryckveziau.com\/nouvelles\/les-ventes-et-les-prix-des-proprietes-augmentent-a-montreal\/#article\",\"isPartOf\":{\"@id\":\"https:\/\/eryckveziau.com\/nouvelles\/les-ventes-et-les-prix-des-proprietes-augmentent-a-montreal\/\"},\"author\":{\"name\":\"ERYCK V\u00c9ZIAU COURTIER IMMOBILIER LAVAL,COURTIER IMMOBILIER STE-DOROTH\u00c9E,MAISON \u00c0 VENDRE LAVAL,AGENT IMMOBILIER STE-DOROTH\u00c9E\",\"@id\":\"https:\/\/eryckveziau.com\/en\/#\/schema\/person\/89ff47cf6f95211fdeae055c69df6d8a\"},\"headline\":\"Les ventes (et les prix) des propri\u00e9t\u00e9s augmentent \u00e0 Montr\u00e9al\",\"datePublished\":\"2023-05-08T13:23:59+00:00\",\"dateModified\":\"2023-05-08T13:25:31+00:00\",\"mainEntityOfPage\":{\"@id\":\"https:\/\/eryckveziau.com\/nouvelles\/les-ventes-et-les-prix-des-proprietes-augmentent-a-montreal\/\"},\"wordCount\":171,\"publisher\":{\"@id\":\"https:\/\/eryckveziau.com\/en\/#organization\"},\"image\":{\"@id\":\"https:\/\/eryckveziau.com\/nouvelles\/les-ventes-et-les-prix-des-proprietes-augmentent-a-montreal\/#primaryimage\"},\"thumbnailUrl\":\"https:\/\/eryckveziau.com\/files\/shared\/newsroom\/6031\/7iyNtyafBuFo26cBx4I15bd9c4b3d5b84cfc9bc145cbe4062251JJVnbHNyTDYBhvIsH1Na.jpg\",\"keywords\":[\"agent immobilier rive-nord\",\"condo a vendre ste-doroth\u00e9e\",\"Courtier immobilier laval\",\"Houses for sale Laval Ste-Dorothee\",\"mls laval\",\"mls.ca laval\",\"Real estate broker ste-dorothee\"],\"articleSection\":[\"Immobilier\",\"Nouvelles\"],\"inLanguage\":\"en-US\"},{\"@type\":\"WebPage\",\"@id\":\"https:\/\/eryckveziau.com\/nouvelles\/les-ventes-et-les-prix-des-proprietes-augmentent-a-montreal\/\",\"url\":\"https:\/\/eryckveziau.com\/nouvelles\/les-ventes-et-les-prix-des-proprietes-augmentent-a-montreal\/\",\"name\":\"Les ventes (et les prix) des propri\u00e9t\u00e9s augmentent \u00e0 Montr\u00e9al | ERYCK V\u00c9ZIAU, COURTIER IMMOBILIER LAVAL, COURTIER IMMOBILIER STE-DOROTH\u00c9E, MAISON \u00c0 VENDRE LAVAL, AGENT IMMOBILIER STE-DOROTH\u00c9E\",\"isPartOf\":{\"@id\":\"https:\/\/eryckveziau.com\/en\/#website\"},\"primaryImageOfPage\":{\"@id\":\"https:\/\/eryckveziau.com\/nouvelles\/les-ventes-et-les-prix-des-proprietes-augmentent-a-montreal\/#primaryimage\"},\"image\":{\"@id\":\"https:\/\/eryckveziau.com\/nouvelles\/les-ventes-et-les-prix-des-proprietes-augmentent-a-montreal\/#primaryimage\"},\"thumbnailUrl\":\"https:\/\/eryckveziau.com\/files\/shared\/newsroom\/6031\/7iyNtyafBuFo26cBx4I15bd9c4b3d5b84cfc9bc145cbe4062251JJVnbHNyTDYBhvIsH1Na.jpg\",\"datePublished\":\"2023-05-08T13:23:59+00:00\",\"dateModified\":\"2023-05-08T13:25:31+00:00\",\"breadcrumb\":{\"@id\":\"https:\/\/eryckveziau.com\/nouvelles\/les-ventes-et-les-prix-des-proprietes-augmentent-a-montreal\/#breadcrumb\"},\"inLanguage\":\"en-US\",\"potentialAction\":[{\"@type\":\"ReadAction\",\"target\":[\"https:\/\/eryckveziau.com\/nouvelles\/les-ventes-et-les-prix-des-proprietes-augmentent-a-montreal\/\"]}]},{\"@type\":\"ImageObject\",\"inLanguage\":\"en-US\",\"@id\":\"https:\/\/eryckveziau.com\/nouvelles\/les-ventes-et-les-prix-des-proprietes-augmentent-a-montreal\/#primaryimage\",\"url\":\"https:\/\/eryckveziau.com\/files\/shared\/newsroom\/6031\/7iyNtyafBuFo26cBx4I15bd9c4b3d5b84cfc9bc145cbe4062251JJVnbHNyTDYBhvIsH1Na.jpg\",\"contentUrl\":\"https:\/\/eryckveziau.com\/files\/shared\/newsroom\/6031\/7iyNtyafBuFo26cBx4I15bd9c4b3d5b84cfc9bc145cbe4062251JJVnbHNyTDYBhvIsH1Na.jpg\",\"width\":1200,\"height\":627},{\"@type\":\"BreadcrumbList\",\"@id\":\"https:\/\/eryckveziau.com\/nouvelles\/les-ventes-et-les-prix-des-proprietes-augmentent-a-montreal\/#breadcrumb\",\"itemListElement\":[{\"@type\":\"ListItem\",\"position\":1,\"name\":\"Accueil\",\"item\":\"https:\/\/eryckveziau.com\/en\/\"},{\"@type\":\"ListItem\",\"position\":2,\"name\":\"Les ventes (et les prix) des propri\u00e9t\u00e9s augmentent \u00e0 Montr\u00e9al\"}]},{\"@type\":\"WebSite\",\"@id\":\"https:\/\/eryckveziau.com\/en\/#website\",\"url\":\"https:\/\/eryckveziau.com\/en\/\",\"name\":\"ERYCK V\u00c9ZIAU, COURTIER IMMOBILIER LAVAL, COURTIER IMMOBILIER STE-DOROTH\u00c9E, MAISON \u00c0 VENDRE LAVAL, AGENT IMMOBILIER STE-DOROTH\u00c9E\",\"description\":\"\",\"publisher\":{\"@id\":\"https:\/\/eryckveziau.com\/en\/#organization\"},\"potentialAction\":[{\"@type\":\"SearchAction\",\"target\":{\"@type\":\"EntryPoint\",\"urlTemplate\":\"https:\/\/eryckveziau.com\/en\/?s={search_term_string}\"},\"query-input\":{\"@type\":\"PropertyValueSpecification\",\"valueRequired\":true,\"valueName\":\"search_term_string\"}}],\"inLanguage\":\"en-US\"},{\"@type\":\"Organization\",\"@id\":\"https:\/\/eryckveziau.com\/en\/#organization\",\"name\":\"Eryck V\u00e9ziau RE\/MAX\",\"url\":\"https:\/\/eryckveziau.com\/en\/\",\"logo\":{\"@type\":\"ImageObject\",\"inLanguage\":\"en-US\",\"@id\":\"https:\/\/eryckveziau.com\/en\/#\/schema\/logo\/image\/\",\"url\":\"https:\/\/eryckveziau.com\/files\/2022\/09\/PartageEveziau.png\",\"contentUrl\":\"https:\/\/eryckveziau.com\/files\/2022\/09\/PartageEveziau.png\",\"width\":924,\"height\":454,\"caption\":\"Eryck V\u00e9ziau RE\/MAX\"},\"image\":{\"@id\":\"https:\/\/eryckveziau.com\/en\/#\/schema\/logo\/image\/\"},\"sameAs\":[\"https:\/\/www.facebook.com\/EryckVeziau.courtier.immobilier.ReMax.Laval\",\"https:\/\/www.instagram.com\/eryck_veziau_remax\/\",\"https:\/\/www.linkedin.com\/in\/eryck-v\u00e9ziau-6a445134\/\",\"https:\/\/www.youtube.com\/user\/eveziau\"]},{\"@type\":\"Person\",\"@id\":\"https:\/\/eryckveziau.com\/en\/#\/schema\/person\/89ff47cf6f95211fdeae055c69df6d8a\",\"name\":\"ERYCK V\u00c9ZIAU COURTIER IMMOBILIER LAVAL,COURTIER IMMOBILIER STE-DOROTH\u00c9E,MAISON \u00c0 VENDRE LAVAL,AGENT IMMOBILIER STE-DOROTH\u00c9E\",\"image\":{\"@type\":\"ImageObject\",\"inLanguage\":\"en-US\",\"@id\":\"https:\/\/eryckveziau.com\/en\/#\/schema\/person\/image\/\",\"url\":\"https:\/\/secure.gravatar.com\/avatar\/1ff1317def8de13459788d21b92b8349d9bff8a1af6697e8a58c46acf60d787f?s=96&d=mm&r=g\",\"contentUrl\":\"https:\/\/secure.gravatar.com\/avatar\/1ff1317def8de13459788d21b92b8349d9bff8a1af6697e8a58c46acf60d787f?s=96&d=mm&r=g\",\"caption\":\"ERYCK V\u00c9ZIAU COURTIER IMMOBILIER LAVAL,COURTIER IMMOBILIER STE-DOROTH\u00c9E,MAISON \u00c0 VENDRE LAVAL,AGENT IMMOBILIER STE-DOROTH\u00c9E\"},\"description\":\"Faites confiance \u00e0 un courtier immobilier qui a fait ses preuves et qui sera vraiment l\u00e0 pour vous! Eryck V\u00e9ziau se d\u00e9marque par son approche dynamique et sa mise en march\u00e9 puissante et pro-active. En plus d'\u00eatre pr\u00e9sente sur plus de 10 sites internet diff\u00e9rents et d'\u00eatre publi\u00e9e dans diff\u00e9rents imprim\u00e9s votre propri\u00e9t\u00e9 est pr\u00e9sent\u00e9e \u00e0 de nombreux clients potentiels personnellement et ce chaques semaines. Sa connaissance du march\u00e9 et son professionnalisme en font sa renomm\u00e9e. B\u00e9n\u00e9ficiez en plus, de l'excellente visibilit\u00e9 et de la renomm\u00e9 de RE\/MAX la plus importante banni\u00e8re au monde! Bien appuy\u00e9 par son \u00e9quipe de professionnels (notaires, arpenteurs,courtiers hypoth\u00e9caire,avocats, conseillers financier...) vous serez servi sans aucun souci par des gens comp\u00e9tents. Vos attentes et vos r\u00eaves seront \u00e9cout\u00e9s et surtout compris afin que vos objectifs soient r\u00e9alis\u00e9s! Eryck V\u00e9ziau vous offre en prime la garantie Tranquili-T, offerte autant pour les clients-vendeurs que pour les clients-acheteurs! Le march\u00e9 \u00e9volue, votre courtier doit suivre... Contactez-moi pour une \u00e9valuation gratuite de votre propri\u00e9t\u00e9 ou pour un envoi sans frais des maisons list\u00e9es dans votre secteur.\",\"sameAs\":[\"http:\/\/www.eryckveziau.com\"],\"url\":\"https:\/\/eryckveziau.com\/en\/author\/14497\/\"}]}<\/script>\n<!-- \/ Yoast SEO plugin. -->","yoast_head_json":{"title":"Les ventes (et les prix) des propri\u00e9t\u00e9s augmentent \u00e0 Montr\u00e9al | ERYCK V\u00c9ZIAU, COURTIER IMMOBILIER LAVAL, COURTIER IMMOBILIER STE-DOROTH\u00c9E, MAISON \u00c0 VENDRE LAVAL, AGENT IMMOBILIER STE-DOROTH\u00c9E","robots":{"index":"index","follow":"follow","max-snippet":"max-snippet:-1","max-image-preview":"max-image-preview:large","max-video-preview":"max-video-preview:-1"},"canonical":"https:\/\/eryckveziau.com\/nouvelles\/les-ventes-et-les-prix-des-proprietes-augmentent-a-montreal\/","og_locale":"en_US","og_type":"article","og_title":"Les ventes (et les prix) des propri\u00e9t\u00e9s augmentent \u00e0 Montr\u00e9al | ERYCK V\u00c9ZIAU, COURTIER IMMOBILIER LAVAL, COURTIER IMMOBILIER STE-DOROTH\u00c9E, MAISON \u00c0 VENDRE LAVAL, AGENT IMMOBILIER STE-DOROTH\u00c9E","og_description":"Par David Beauchamps En avril, les ventes et les prix des propri\u00e9t\u00e9s, toutes les cat\u00e9gories confondues, ont augment\u00e9 dans la r\u00e9gion m\u00e9tropolitaine de recensement (RMR) de Montr\u00e9al, selon les donn\u00e9es compil\u00e9es \u00e0 partir de la base de donn\u00e9es de Centris par l\u2019Association professionnelle des courtiers immobiliers du Qu\u00e9bec&nbsp;(APCIQ). Ces chiffres sont encourageants pour les propri\u00e9taires [&hellip;]","og_url":"https:\/\/eryckveziau.com\/nouvelles\/les-ventes-et-les-prix-des-proprietes-augmentent-a-montreal\/","og_site_name":"ERYCK V\u00c9ZIAU, COURTIER IMMOBILIER LAVAL, COURTIER IMMOBILIER STE-DOROTH\u00c9E, MAISON \u00c0 VENDRE LAVAL, AGENT IMMOBILIER STE-DOROTH\u00c9E","article_publisher":"https:\/\/www.facebook.com\/EryckVeziau.courtier.immobilier.ReMax.Laval","article_published_time":"2023-05-08T13:23:59+00:00","article_modified_time":"2023-05-08T13:25:31+00:00","og_image":[{"width":1200,"height":627,"url":"https:\/\/eryckveziau.com\/files\/shared\/newsroom\/6031\/7iyNtyafBuFo26cBx4I15bd9c4b3d5b84cfc9bc145cbe4062251JJVnbHNyTDYBhvIsH1Na.jpg","type":"image\/jpeg"}],"author":"ERYCK V\u00c9ZIAU COURTIER IMMOBILIER LAVAL,COURTIER IMMOBILIER STE-DOROTH\u00c9E,MAISON \u00c0 VENDRE LAVAL,AGENT IMMOBILIER STE-DOROTH\u00c9E","twitter_card":"summary_large_image","twitter_misc":{"Written by":"ERYCK V\u00c9ZIAU COURTIER IMMOBILIER LAVAL,COURTIER IMMOBILIER STE-DOROTH\u00c9E,MAISON \u00c0 VENDRE LAVAL,AGENT IMMOBILIER STE-DOROTH\u00c9E","Est. reading time":"1 minute"},"schema":{"@context":"https:\/\/schema.org","@graph":[{"@type":"Article","@id":"https:\/\/eryckveziau.com\/nouvelles\/les-ventes-et-les-prix-des-proprietes-augmentent-a-montreal\/#article","isPartOf":{"@id":"https:\/\/eryckveziau.com\/nouvelles\/les-ventes-et-les-prix-des-proprietes-augmentent-a-montreal\/"},"author":{"name":"ERYCK V\u00c9ZIAU COURTIER IMMOBILIER LAVAL,COURTIER IMMOBILIER STE-DOROTH\u00c9E,MAISON \u00c0 VENDRE LAVAL,AGENT IMMOBILIER STE-DOROTH\u00c9E","@id":"https:\/\/eryckveziau.com\/en\/#\/schema\/person\/89ff47cf6f95211fdeae055c69df6d8a"},"headline":"Les ventes (et les prix) des propri\u00e9t\u00e9s augmentent \u00e0 Montr\u00e9al","datePublished":"2023-05-08T13:23:59+00:00","dateModified":"2023-05-08T13:25:31+00:00","mainEntityOfPage":{"@id":"https:\/\/eryckveziau.com\/nouvelles\/les-ventes-et-les-prix-des-proprietes-augmentent-a-montreal\/"},"wordCount":171,"publisher":{"@id":"https:\/\/eryckveziau.com\/en\/#organization"},"image":{"@id":"https:\/\/eryckveziau.com\/nouvelles\/les-ventes-et-les-prix-des-proprietes-augmentent-a-montreal\/#primaryimage"},"thumbnailUrl":"https:\/\/eryckveziau.com\/files\/shared\/newsroom\/6031\/7iyNtyafBuFo26cBx4I15bd9c4b3d5b84cfc9bc145cbe4062251JJVnbHNyTDYBhvIsH1Na.jpg","keywords":["agent immobilier rive-nord","condo a vendre ste-doroth\u00e9e","Courtier immobilier laval","Houses for sale Laval Ste-Dorothee","mls laval","mls.ca laval","Real estate broker ste-dorothee"],"articleSection":["Immobilier","Nouvelles"],"inLanguage":"en-US"},{"@type":"WebPage","@id":"https:\/\/eryckveziau.com\/nouvelles\/les-ventes-et-les-prix-des-proprietes-augmentent-a-montreal\/","url":"https:\/\/eryckveziau.com\/nouvelles\/les-ventes-et-les-prix-des-proprietes-augmentent-a-montreal\/","name":"Les ventes (et les prix) des propri\u00e9t\u00e9s augmentent \u00e0 Montr\u00e9al | ERYCK V\u00c9ZIAU, COURTIER IMMOBILIER LAVAL, COURTIER IMMOBILIER STE-DOROTH\u00c9E, MAISON \u00c0 VENDRE LAVAL, AGENT IMMOBILIER STE-DOROTH\u00c9E","isPartOf":{"@id":"https:\/\/eryckveziau.com\/en\/#website"},"primaryImageOfPage":{"@id":"https:\/\/eryckveziau.com\/nouvelles\/les-ventes-et-les-prix-des-proprietes-augmentent-a-montreal\/#primaryimage"},"image":{"@id":"https:\/\/eryckveziau.com\/nouvelles\/les-ventes-et-les-prix-des-proprietes-augmentent-a-montreal\/#primaryimage"},"thumbnailUrl":"https:\/\/eryckveziau.com\/files\/shared\/newsroom\/6031\/7iyNtyafBuFo26cBx4I15bd9c4b3d5b84cfc9bc145cbe4062251JJVnbHNyTDYBhvIsH1Na.jpg","datePublished":"2023-05-08T13:23:59+00:00","dateModified":"2023-05-08T13:25:31+00:00","breadcrumb":{"@id":"https:\/\/eryckveziau.com\/nouvelles\/les-ventes-et-les-prix-des-proprietes-augmentent-a-montreal\/#breadcrumb"},"inLanguage":"en-US","potentialAction":[{"@type":"ReadAction","target":["https:\/\/eryckveziau.com\/nouvelles\/les-ventes-et-les-prix-des-proprietes-augmentent-a-montreal\/"]}]},{"@type":"ImageObject","inLanguage":"en-US","@id":"https:\/\/eryckveziau.com\/nouvelles\/les-ventes-et-les-prix-des-proprietes-augmentent-a-montreal\/#primaryimage","url":"https:\/\/eryckveziau.com\/files\/shared\/newsroom\/6031\/7iyNtyafBuFo26cBx4I15bd9c4b3d5b84cfc9bc145cbe4062251JJVnbHNyTDYBhvIsH1Na.jpg","contentUrl":"https:\/\/eryckveziau.com\/files\/shared\/newsroom\/6031\/7iyNtyafBuFo26cBx4I15bd9c4b3d5b84cfc9bc145cbe4062251JJVnbHNyTDYBhvIsH1Na.jpg","width":1200,"height":627},{"@type":"BreadcrumbList","@id":"https:\/\/eryckveziau.com\/nouvelles\/les-ventes-et-les-prix-des-proprietes-augmentent-a-montreal\/#breadcrumb","itemListElement":[{"@type":"ListItem","position":1,"name":"Accueil","item":"https:\/\/eryckveziau.com\/en\/"},{"@type":"ListItem","position":2,"name":"Les ventes (et les prix) des propri\u00e9t\u00e9s augmentent \u00e0 Montr\u00e9al"}]},{"@type":"WebSite","@id":"https:\/\/eryckveziau.com\/en\/#website","url":"https:\/\/eryckveziau.com\/en\/","name":"ERYCK V\u00c9ZIAU, COURTIER IMMOBILIER LAVAL, COURTIER IMMOBILIER STE-DOROTH\u00c9E, MAISON \u00c0 VENDRE LAVAL, AGENT IMMOBILIER STE-DOROTH\u00c9E","description":"","publisher":{"@id":"https:\/\/eryckveziau.com\/en\/#organization"},"potentialAction":[{"@type":"SearchAction","target":{"@type":"EntryPoint","urlTemplate":"https:\/\/eryckveziau.com\/en\/?s={search_term_string}"},"query-input":{"@type":"PropertyValueSpecification","valueRequired":true,"valueName":"search_term_string"}}],"inLanguage":"en-US"},{"@type":"Organization","@id":"https:\/\/eryckveziau.com\/en\/#organization","name":"Eryck V\u00e9ziau RE\/MAX","url":"https:\/\/eryckveziau.com\/en\/","logo":{"@type":"ImageObject","inLanguage":"en-US","@id":"https:\/\/eryckveziau.com\/en\/#\/schema\/logo\/image\/","url":"https:\/\/eryckveziau.com\/files\/2022\/09\/PartageEveziau.png","contentUrl":"https:\/\/eryckveziau.com\/files\/2022\/09\/PartageEveziau.png","width":924,"height":454,"caption":"Eryck V\u00e9ziau RE\/MAX"},"image":{"@id":"https:\/\/eryckveziau.com\/en\/#\/schema\/logo\/image\/"},"sameAs":["https:\/\/www.facebook.com\/EryckVeziau.courtier.immobilier.ReMax.Laval","https:\/\/www.instagram.com\/eryck_veziau_remax\/","https:\/\/www.linkedin.com\/in\/eryck-v\u00e9ziau-6a445134\/","https:\/\/www.youtube.com\/user\/eveziau"]},{"@type":"Person","@id":"https:\/\/eryckveziau.com\/en\/#\/schema\/person\/89ff47cf6f95211fdeae055c69df6d8a","name":"ERYCK V\u00c9ZIAU COURTIER IMMOBILIER LAVAL,COURTIER IMMOBILIER STE-DOROTH\u00c9E,MAISON \u00c0 VENDRE LAVAL,AGENT IMMOBILIER STE-DOROTH\u00c9E","image":{"@type":"ImageObject","inLanguage":"en-US","@id":"https:\/\/eryckveziau.com\/en\/#\/schema\/person\/image\/","url":"https:\/\/secure.gravatar.com\/avatar\/1ff1317def8de13459788d21b92b8349d9bff8a1af6697e8a58c46acf60d787f?s=96&d=mm&r=g","contentUrl":"https:\/\/secure.gravatar.com\/avatar\/1ff1317def8de13459788d21b92b8349d9bff8a1af6697e8a58c46acf60d787f?s=96&d=mm&r=g","caption":"ERYCK V\u00c9ZIAU COURTIER IMMOBILIER LAVAL,COURTIER IMMOBILIER STE-DOROTH\u00c9E,MAISON \u00c0 VENDRE LAVAL,AGENT IMMOBILIER STE-DOROTH\u00c9E"},"description":"Faites confiance \u00e0 un courtier immobilier qui a fait ses preuves et qui sera vraiment l\u00e0 pour vous! Eryck V\u00e9ziau se d\u00e9marque par son approche dynamique et sa mise en march\u00e9 puissante et pro-active. En plus d'\u00eatre pr\u00e9sente sur plus de 10 sites internet diff\u00e9rents et d'\u00eatre publi\u00e9e dans diff\u00e9rents imprim\u00e9s votre propri\u00e9t\u00e9 est pr\u00e9sent\u00e9e \u00e0 de nombreux clients potentiels personnellement et ce chaques semaines. Sa connaissance du march\u00e9 et son professionnalisme en font sa renomm\u00e9e. B\u00e9n\u00e9ficiez en plus, de l'excellente visibilit\u00e9 et de la renomm\u00e9 de RE\/MAX la plus importante banni\u00e8re au monde! Bien appuy\u00e9 par son \u00e9quipe de professionnels (notaires, arpenteurs,courtiers hypoth\u00e9caire,avocats, conseillers financier...) vous serez servi sans aucun souci par des gens comp\u00e9tents. Vos attentes et vos r\u00eaves seront \u00e9cout\u00e9s et surtout compris afin que vos objectifs soient r\u00e9alis\u00e9s! Eryck V\u00e9ziau vous offre en prime la garantie Tranquili-T, offerte autant pour les clients-vendeurs que pour les clients-acheteurs! Le march\u00e9 \u00e9volue, votre courtier doit suivre... Contactez-moi pour une \u00e9valuation gratuite de votre propri\u00e9t\u00e9 ou pour un envoi sans frais des maisons list\u00e9es dans votre secteur.","sameAs":["http:\/\/www.eryckveziau.com"],"url":"https:\/\/eryckveziau.com\/en\/author\/14497\/"}]}},"_links":{"self":[{"href":"https:\/\/eryckveziau.com\/en\/wp-json\/wp\/v2\/posts\/5707","targetHints":{"allow":["GET"]}}],"collection":[{"href":"https:\/\/eryckveziau.com\/en\/wp-json\/wp\/v2\/posts"}],"about":[{"href":"https:\/\/eryckveziau.com\/en\/wp-json\/wp\/v2\/types\/post"}],"author":[{"embeddable":true,"href":"https:\/\/eryckveziau.com\/en\/wp-json\/wp\/v2\/users\/560"}],"replies":[{"embeddable":true,"href":"https:\/\/eryckveziau.com\/en\/wp-json\/wp\/v2\/comments?post=5707"}],"version-history":[{"count":2,"href":"https:\/\/eryckveziau.com\/en\/wp-json\/wp\/v2\/posts\/5707\/revisions"}],"predecessor-version":[{"id":5709,"href":"https:\/\/eryckveziau.com\/en\/wp-json\/wp\/v2\/posts\/5707\/revisions\/5709"}],"wp:featuredmedia":[{"embeddable":true,"href":"https:\/\/eryckveziau.com\/en\/wp-json\/wp\/v2\/media\/5292"}],"wp:attachment":[{"href":"https:\/\/eryckveziau.com\/en\/wp-json\/wp\/v2\/media?parent=5707"}],"wp:term":[{"taxonomy":"category","embeddable":true,"href":"https:\/\/eryckveziau.com\/en\/wp-json\/wp\/v2\/categories?post=5707"},{"taxonomy":"post_tag","embeddable":true,"href":"https:\/\/eryckveziau.com\/en\/wp-json\/wp\/v2\/tags?post=5707"}],"curies":[{"name":"wp","href":"https:\/\/api.w.org\/{rel}","templated":true}]}}