{"id":5686,"date":"2023-01-04T08:55:41","date_gmt":"2023-01-04T13:55:41","guid":{"rendered":"https:\/\/eryckveziau.com\/?p=5686"},"modified":"2023-01-05T08:47:58","modified_gmt":"2023-01-05T13:47:58","slug":"marche-immobilier-a-quoi-sattendre-en-2023","status":"publish","type":"post","link":"https:\/\/eryckveziau.com\/en\/immobilier\/marche-immobilier-a-quoi-sattendre-en-2023\/","title":{"rendered":"March\u00e9 immobilier : \u00e0 quoi s\u2019attendre en 2023?"},"content":{"rendered":"\n<p>Publi\u00e9 par TVA Nouvelles<\/p>\n\n\n\n<p>Le march\u00e9 immobilier qui conna\u00eet une surchauffe depuis les derni\u00e8res ann\u00e9es sera encore une fois un march\u00e9 de vendeurs en 2023, selon les pr\u00e9visions.\u00a0<\/p>\n\n\n\n<p>Le prix des maisons unifamiliales a observ\u00e9 une hausse de 13% en 2022, malgr\u00e9 un ralentissement qui s\u2019est fait sentir, o\u00f9 ne vendait plus en 2 ou 3 jours, mais plut\u00f4t entre 30 et 45 jours.\u00a0<\/p>\n\n\n\n<p>Moins de ventes et plus d\u2019inscriptions<\/p>\n\n\n\n<p>Comme l\u2019explique Rapha\u00ebl D. T\u00eatu, courtier immobilier, \u00abc\u2019est comme changer de direction d\u2019un gros paquebot : \u00e7a prend du temps. Donc, avant qu\u2019on se tourne vers un march\u00e9 d\u2019acheteurs, c\u2019est-\u00e0-dire qui favorise les acheteurs, \u00e7a va prendre du temps\u00bb.<\/p>\n\n\n\n<p>LIR<a href=\"https:\/\/www.tvanouvelles.ca\/2023\/01\/02\/marche-immobilier--a-quoi-sattendre-en-2023\" target=\"_blank\" rel=\"noreferrer noopener\">E LA SUITE ICI<\/a><\/p>\n","protected":false},"excerpt":{"rendered":"<p>Publi\u00e9 par TVA Nouvelles Le march\u00e9 immobilier qui conna\u00eet une surchauffe depuis les derni\u00e8res ann\u00e9es sera encore une fois un march\u00e9 de vendeurs en 2023, selon les pr\u00e9visions.\u00a0 Le prix des maisons unifamiliales a observ\u00e9 une hausse de 13% en 2022, malgr\u00e9 un ralentissement qui s\u2019est fait sentir, o\u00f9 ne vendait plus en 2 ou [&hellip;]<\/p>\n","protected":false},"author":560,"featured_media":5445,"comment_status":"closed","ping_status":"closed","sticky":false,"template":"","format":"standard","meta":{"_acf_changed":false,"footnotes":""},"categories":[52],"tags":[20,18,12,6,31,32,38],"class_list":["post-5686","post","type-post","status-publish","format-standard","hentry","category-immobilier","tag-agent-immobilier-rive-nord","tag-condo-a-vendre-ste-dorothee","tag-courtier-immobilier-laval","tag-maison-a-vendre-laval-et-ste-dorothee","tag-mls-laval","tag-mls-ca-laval","tag-real-estate-broker-ste-dorothee"],"acf":[],"yoast_head":"<!-- This site is optimized with the Yoast SEO plugin v26.7 - https:\/\/yoast.com\/wordpress\/plugins\/seo\/ -->\n<title>March\u00e9 immobilier : \u00e0 quoi s\u2019attendre en 2023? | ERYCK V\u00c9ZIAU, COURTIER IMMOBILIER LAVAL, COURTIER IMMOBILIER STE-DOROTH\u00c9E, MAISON \u00c0 VENDRE LAVAL, AGENT IMMOBILIER STE-DOROTH\u00c9E<\/title>\n<meta name=\"robots\" content=\"index, follow, max-snippet:-1, max-image-preview:large, max-video-preview:-1\" \/>\n<link rel=\"canonical\" href=\"https:\/\/eryckveziau.com\/immobilier\/marche-immobilier-a-quoi-sattendre-en-2023\/\" \/>\n<meta property=\"og:locale\" content=\"en_US\" \/>\n<meta property=\"og:type\" content=\"article\" \/>\n<meta property=\"og:title\" content=\"March\u00e9 immobilier : \u00e0 quoi s\u2019attendre en 2023? | ERYCK V\u00c9ZIAU, COURTIER IMMOBILIER LAVAL, COURTIER IMMOBILIER STE-DOROTH\u00c9E, MAISON \u00c0 VENDRE LAVAL, AGENT IMMOBILIER STE-DOROTH\u00c9E\" \/>\n<meta property=\"og:description\" content=\"Publi\u00e9 par TVA Nouvelles Le march\u00e9 immobilier qui conna\u00eet une surchauffe depuis les derni\u00e8res ann\u00e9es sera encore une fois un march\u00e9 de vendeurs en 2023, selon les pr\u00e9visions.\u00a0 Le prix des maisons unifamiliales a observ\u00e9 une hausse de 13% en 2022, malgr\u00e9 un ralentissement qui s\u2019est fait sentir, o\u00f9 ne vendait plus en 2 ou [&hellip;]\" \/>\n<meta property=\"og:url\" content=\"https:\/\/eryckveziau.com\/immobilier\/marche-immobilier-a-quoi-sattendre-en-2023\/\" \/>\n<meta property=\"og:site_name\" content=\"ERYCK V\u00c9ZIAU, COURTIER IMMOBILIER LAVAL, COURTIER IMMOBILIER STE-DOROTH\u00c9E, MAISON \u00c0 VENDRE LAVAL, AGENT IMMOBILIER STE-DOROTH\u00c9E\" \/>\n<meta property=\"article:publisher\" content=\"https:\/\/www.facebook.com\/EryckVeziau.courtier.immobilier.ReMax.Laval\" \/>\n<meta property=\"article:published_time\" content=\"2023-01-04T13:55:41+00:00\" \/>\n<meta property=\"article:modified_time\" content=\"2023-01-05T13:47:58+00:00\" \/>\n<meta property=\"og:image\" content=\"https:\/\/eryckveziau.com\/files\/shared\/newsroom\/6647\/tItPMn3r0cjqfp1uqyHV5e441b5d4c8c4f47a6054fa10a300207BaeYqBiMyMRkh4AHVEbR.jpg\" \/>\n\t<meta property=\"og:image:width\" content=\"1200\" \/>\n\t<meta property=\"og:image:height\" content=\"627\" \/>\n\t<meta property=\"og:image:type\" content=\"image\/jpeg\" \/>\n<meta name=\"author\" content=\"ERYCK V\u00c9ZIAU COURTIER IMMOBILIER LAVAL,COURTIER IMMOBILIER STE-DOROTH\u00c9E,MAISON \u00c0 VENDRE LAVAL,AGENT IMMOBILIER STE-DOROTH\u00c9E\" \/>\n<meta name=\"twitter:card\" content=\"summary_large_image\" \/>\n<meta name=\"twitter:label1\" content=\"Written by\" \/>\n\t<meta name=\"twitter:data1\" content=\"ERYCK V\u00c9ZIAU COURTIER IMMOBILIER LAVAL,COURTIER IMMOBILIER STE-DOROTH\u00c9E,MAISON \u00c0 VENDRE LAVAL,AGENT IMMOBILIER STE-DOROTH\u00c9E\" \/>\n\t<meta name=\"twitter:label2\" content=\"Est. reading time\" \/>\n\t<meta name=\"twitter:data2\" content=\"1 minute\" \/>\n<script type=\"application\/ld+json\" class=\"yoast-schema-graph\">{\"@context\":\"https:\/\/schema.org\",\"@graph\":[{\"@type\":\"Article\",\"@id\":\"https:\/\/eryckveziau.com\/immobilier\/marche-immobilier-a-quoi-sattendre-en-2023\/#article\",\"isPartOf\":{\"@id\":\"https:\/\/eryckveziau.com\/immobilier\/marche-immobilier-a-quoi-sattendre-en-2023\/\"},\"author\":{\"name\":\"ERYCK V\u00c9ZIAU COURTIER IMMOBILIER LAVAL,COURTIER IMMOBILIER STE-DOROTH\u00c9E,MAISON \u00c0 VENDRE LAVAL,AGENT IMMOBILIER STE-DOROTH\u00c9E\",\"@id\":\"https:\/\/eryckveziau.com\/en\/#\/schema\/person\/89ff47cf6f95211fdeae055c69df6d8a\"},\"headline\":\"March\u00e9 immobilier : \u00e0 quoi s\u2019attendre en 2023?\",\"datePublished\":\"2023-01-04T13:55:41+00:00\",\"dateModified\":\"2023-01-05T13:47:58+00:00\",\"mainEntityOfPage\":{\"@id\":\"https:\/\/eryckveziau.com\/immobilier\/marche-immobilier-a-quoi-sattendre-en-2023\/\"},\"wordCount\":127,\"publisher\":{\"@id\":\"https:\/\/eryckveziau.com\/en\/#organization\"},\"image\":{\"@id\":\"https:\/\/eryckveziau.com\/immobilier\/marche-immobilier-a-quoi-sattendre-en-2023\/#primaryimage\"},\"thumbnailUrl\":\"https:\/\/eryckveziau.com\/files\/shared\/newsroom\/6647\/tItPMn3r0cjqfp1uqyHV5e441b5d4c8c4f47a6054fa10a300207BaeYqBiMyMRkh4AHVEbR.jpg\",\"keywords\":[\"agent immobilier rive-nord\",\"condo a vendre ste-doroth\u00e9e\",\"Courtier immobilier laval\",\"Houses for sale Laval Ste-Dorothee\",\"mls laval\",\"mls.ca laval\",\"Real estate broker ste-dorothee\"],\"articleSection\":[\"Immobilier\"],\"inLanguage\":\"en-US\"},{\"@type\":\"WebPage\",\"@id\":\"https:\/\/eryckveziau.com\/immobilier\/marche-immobilier-a-quoi-sattendre-en-2023\/\",\"url\":\"https:\/\/eryckveziau.com\/immobilier\/marche-immobilier-a-quoi-sattendre-en-2023\/\",\"name\":\"March\u00e9 immobilier : \u00e0 quoi s\u2019attendre en 2023? | ERYCK V\u00c9ZIAU, COURTIER IMMOBILIER LAVAL, COURTIER IMMOBILIER STE-DOROTH\u00c9E, MAISON \u00c0 VENDRE LAVAL, AGENT IMMOBILIER STE-DOROTH\u00c9E\",\"isPartOf\":{\"@id\":\"https:\/\/eryckveziau.com\/en\/#website\"},\"primaryImageOfPage\":{\"@id\":\"https:\/\/eryckveziau.com\/immobilier\/marche-immobilier-a-quoi-sattendre-en-2023\/#primaryimage\"},\"image\":{\"@id\":\"https:\/\/eryckveziau.com\/immobilier\/marche-immobilier-a-quoi-sattendre-en-2023\/#primaryimage\"},\"thumbnailUrl\":\"https:\/\/eryckveziau.com\/files\/shared\/newsroom\/6647\/tItPMn3r0cjqfp1uqyHV5e441b5d4c8c4f47a6054fa10a300207BaeYqBiMyMRkh4AHVEbR.jpg\",\"datePublished\":\"2023-01-04T13:55:41+00:00\",\"dateModified\":\"2023-01-05T13:47:58+00:00\",\"breadcrumb\":{\"@id\":\"https:\/\/eryckveziau.com\/immobilier\/marche-immobilier-a-quoi-sattendre-en-2023\/#breadcrumb\"},\"inLanguage\":\"en-US\",\"potentialAction\":[{\"@type\":\"ReadAction\",\"target\":[\"https:\/\/eryckveziau.com\/immobilier\/marche-immobilier-a-quoi-sattendre-en-2023\/\"]}]},{\"@type\":\"ImageObject\",\"inLanguage\":\"en-US\",\"@id\":\"https:\/\/eryckveziau.com\/immobilier\/marche-immobilier-a-quoi-sattendre-en-2023\/#primaryimage\",\"url\":\"https:\/\/eryckveziau.com\/files\/shared\/newsroom\/6647\/tItPMn3r0cjqfp1uqyHV5e441b5d4c8c4f47a6054fa10a300207BaeYqBiMyMRkh4AHVEbR.jpg\",\"contentUrl\":\"https:\/\/eryckveziau.com\/files\/shared\/newsroom\/6647\/tItPMn3r0cjqfp1uqyHV5e441b5d4c8c4f47a6054fa10a300207BaeYqBiMyMRkh4AHVEbR.jpg\",\"width\":1200,\"height\":627},{\"@type\":\"BreadcrumbList\",\"@id\":\"https:\/\/eryckveziau.com\/immobilier\/marche-immobilier-a-quoi-sattendre-en-2023\/#breadcrumb\",\"itemListElement\":[{\"@type\":\"ListItem\",\"position\":1,\"name\":\"Accueil\",\"item\":\"https:\/\/eryckveziau.com\/en\/\"},{\"@type\":\"ListItem\",\"position\":2,\"name\":\"March\u00e9 immobilier : \u00e0 quoi s\u2019attendre en 2023?\"}]},{\"@type\":\"WebSite\",\"@id\":\"https:\/\/eryckveziau.com\/en\/#website\",\"url\":\"https:\/\/eryckveziau.com\/en\/\",\"name\":\"ERYCK V\u00c9ZIAU, COURTIER IMMOBILIER LAVAL, COURTIER IMMOBILIER STE-DOROTH\u00c9E, MAISON \u00c0 VENDRE LAVAL, AGENT IMMOBILIER STE-DOROTH\u00c9E\",\"description\":\"\",\"publisher\":{\"@id\":\"https:\/\/eryckveziau.com\/en\/#organization\"},\"potentialAction\":[{\"@type\":\"SearchAction\",\"target\":{\"@type\":\"EntryPoint\",\"urlTemplate\":\"https:\/\/eryckveziau.com\/en\/?s={search_term_string}\"},\"query-input\":{\"@type\":\"PropertyValueSpecification\",\"valueRequired\":true,\"valueName\":\"search_term_string\"}}],\"inLanguage\":\"en-US\"},{\"@type\":\"Organization\",\"@id\":\"https:\/\/eryckveziau.com\/en\/#organization\",\"name\":\"Eryck V\u00e9ziau RE\/MAX\",\"url\":\"https:\/\/eryckveziau.com\/en\/\",\"logo\":{\"@type\":\"ImageObject\",\"inLanguage\":\"en-US\",\"@id\":\"https:\/\/eryckveziau.com\/en\/#\/schema\/logo\/image\/\",\"url\":\"https:\/\/eryckveziau.com\/files\/2022\/09\/PartageEveziau.png\",\"contentUrl\":\"https:\/\/eryckveziau.com\/files\/2022\/09\/PartageEveziau.png\",\"width\":924,\"height\":454,\"caption\":\"Eryck V\u00e9ziau RE\/MAX\"},\"image\":{\"@id\":\"https:\/\/eryckveziau.com\/en\/#\/schema\/logo\/image\/\"},\"sameAs\":[\"https:\/\/www.facebook.com\/EryckVeziau.courtier.immobilier.ReMax.Laval\",\"https:\/\/www.instagram.com\/eryck_veziau_remax\/\",\"https:\/\/www.linkedin.com\/in\/eryck-v\u00e9ziau-6a445134\/\",\"https:\/\/www.youtube.com\/user\/eveziau\"]},{\"@type\":\"Person\",\"@id\":\"https:\/\/eryckveziau.com\/en\/#\/schema\/person\/89ff47cf6f95211fdeae055c69df6d8a\",\"name\":\"ERYCK V\u00c9ZIAU COURTIER IMMOBILIER LAVAL,COURTIER IMMOBILIER STE-DOROTH\u00c9E,MAISON \u00c0 VENDRE LAVAL,AGENT IMMOBILIER STE-DOROTH\u00c9E\",\"image\":{\"@type\":\"ImageObject\",\"inLanguage\":\"en-US\",\"@id\":\"https:\/\/eryckveziau.com\/en\/#\/schema\/person\/image\/\",\"url\":\"https:\/\/secure.gravatar.com\/avatar\/1ff1317def8de13459788d21b92b8349d9bff8a1af6697e8a58c46acf60d787f?s=96&d=mm&r=g\",\"contentUrl\":\"https:\/\/secure.gravatar.com\/avatar\/1ff1317def8de13459788d21b92b8349d9bff8a1af6697e8a58c46acf60d787f?s=96&d=mm&r=g\",\"caption\":\"ERYCK V\u00c9ZIAU COURTIER IMMOBILIER LAVAL,COURTIER IMMOBILIER STE-DOROTH\u00c9E,MAISON \u00c0 VENDRE LAVAL,AGENT IMMOBILIER STE-DOROTH\u00c9E\"},\"description\":\"Faites confiance \u00e0 un courtier immobilier qui a fait ses preuves et qui sera vraiment l\u00e0 pour vous! Eryck V\u00e9ziau se d\u00e9marque par son approche dynamique et sa mise en march\u00e9 puissante et pro-active. En plus d'\u00eatre pr\u00e9sente sur plus de 10 sites internet diff\u00e9rents et d'\u00eatre publi\u00e9e dans diff\u00e9rents imprim\u00e9s votre propri\u00e9t\u00e9 est pr\u00e9sent\u00e9e \u00e0 de nombreux clients potentiels personnellement et ce chaques semaines. Sa connaissance du march\u00e9 et son professionnalisme en font sa renomm\u00e9e. B\u00e9n\u00e9ficiez en plus, de l'excellente visibilit\u00e9 et de la renomm\u00e9 de RE\/MAX la plus importante banni\u00e8re au monde! Bien appuy\u00e9 par son \u00e9quipe de professionnels (notaires, arpenteurs,courtiers hypoth\u00e9caire,avocats, conseillers financier...) vous serez servi sans aucun souci par des gens comp\u00e9tents. Vos attentes et vos r\u00eaves seront \u00e9cout\u00e9s et surtout compris afin que vos objectifs soient r\u00e9alis\u00e9s! Eryck V\u00e9ziau vous offre en prime la garantie Tranquili-T, offerte autant pour les clients-vendeurs que pour les clients-acheteurs! Le march\u00e9 \u00e9volue, votre courtier doit suivre... Contactez-moi pour une \u00e9valuation gratuite de votre propri\u00e9t\u00e9 ou pour un envoi sans frais des maisons list\u00e9es dans votre secteur.\",\"sameAs\":[\"http:\/\/www.eryckveziau.com\"],\"url\":\"https:\/\/eryckveziau.com\/en\/author\/14497\/\"}]}<\/script>\n<!-- \/ Yoast SEO plugin. -->","yoast_head_json":{"title":"March\u00e9 immobilier : \u00e0 quoi s\u2019attendre en 2023? | ERYCK V\u00c9ZIAU, COURTIER IMMOBILIER LAVAL, COURTIER IMMOBILIER STE-DOROTH\u00c9E, MAISON \u00c0 VENDRE LAVAL, AGENT IMMOBILIER STE-DOROTH\u00c9E","robots":{"index":"index","follow":"follow","max-snippet":"max-snippet:-1","max-image-preview":"max-image-preview:large","max-video-preview":"max-video-preview:-1"},"canonical":"https:\/\/eryckveziau.com\/immobilier\/marche-immobilier-a-quoi-sattendre-en-2023\/","og_locale":"en_US","og_type":"article","og_title":"March\u00e9 immobilier : \u00e0 quoi s\u2019attendre en 2023? | ERYCK V\u00c9ZIAU, COURTIER IMMOBILIER LAVAL, COURTIER IMMOBILIER STE-DOROTH\u00c9E, MAISON \u00c0 VENDRE LAVAL, AGENT IMMOBILIER STE-DOROTH\u00c9E","og_description":"Publi\u00e9 par TVA Nouvelles Le march\u00e9 immobilier qui conna\u00eet une surchauffe depuis les derni\u00e8res ann\u00e9es sera encore une fois un march\u00e9 de vendeurs en 2023, selon les pr\u00e9visions.\u00a0 Le prix des maisons unifamiliales a observ\u00e9 une hausse de 13% en 2022, malgr\u00e9 un ralentissement qui s\u2019est fait sentir, o\u00f9 ne vendait plus en 2 ou [&hellip;]","og_url":"https:\/\/eryckveziau.com\/immobilier\/marche-immobilier-a-quoi-sattendre-en-2023\/","og_site_name":"ERYCK V\u00c9ZIAU, COURTIER IMMOBILIER LAVAL, COURTIER IMMOBILIER STE-DOROTH\u00c9E, MAISON \u00c0 VENDRE LAVAL, AGENT IMMOBILIER STE-DOROTH\u00c9E","article_publisher":"https:\/\/www.facebook.com\/EryckVeziau.courtier.immobilier.ReMax.Laval","article_published_time":"2023-01-04T13:55:41+00:00","article_modified_time":"2023-01-05T13:47:58+00:00","og_image":[{"width":1200,"height":627,"url":"https:\/\/eryckveziau.com\/files\/shared\/newsroom\/6647\/tItPMn3r0cjqfp1uqyHV5e441b5d4c8c4f47a6054fa10a300207BaeYqBiMyMRkh4AHVEbR.jpg","type":"image\/jpeg"}],"author":"ERYCK V\u00c9ZIAU COURTIER IMMOBILIER LAVAL,COURTIER IMMOBILIER STE-DOROTH\u00c9E,MAISON \u00c0 VENDRE LAVAL,AGENT IMMOBILIER STE-DOROTH\u00c9E","twitter_card":"summary_large_image","twitter_misc":{"Written by":"ERYCK V\u00c9ZIAU COURTIER IMMOBILIER LAVAL,COURTIER IMMOBILIER STE-DOROTH\u00c9E,MAISON \u00c0 VENDRE LAVAL,AGENT IMMOBILIER STE-DOROTH\u00c9E","Est. reading time":"1 minute"},"schema":{"@context":"https:\/\/schema.org","@graph":[{"@type":"Article","@id":"https:\/\/eryckveziau.com\/immobilier\/marche-immobilier-a-quoi-sattendre-en-2023\/#article","isPartOf":{"@id":"https:\/\/eryckveziau.com\/immobilier\/marche-immobilier-a-quoi-sattendre-en-2023\/"},"author":{"name":"ERYCK V\u00c9ZIAU COURTIER IMMOBILIER LAVAL,COURTIER IMMOBILIER STE-DOROTH\u00c9E,MAISON \u00c0 VENDRE LAVAL,AGENT IMMOBILIER STE-DOROTH\u00c9E","@id":"https:\/\/eryckveziau.com\/en\/#\/schema\/person\/89ff47cf6f95211fdeae055c69df6d8a"},"headline":"March\u00e9 immobilier : \u00e0 quoi s\u2019attendre en 2023?","datePublished":"2023-01-04T13:55:41+00:00","dateModified":"2023-01-05T13:47:58+00:00","mainEntityOfPage":{"@id":"https:\/\/eryckveziau.com\/immobilier\/marche-immobilier-a-quoi-sattendre-en-2023\/"},"wordCount":127,"publisher":{"@id":"https:\/\/eryckveziau.com\/en\/#organization"},"image":{"@id":"https:\/\/eryckveziau.com\/immobilier\/marche-immobilier-a-quoi-sattendre-en-2023\/#primaryimage"},"thumbnailUrl":"https:\/\/eryckveziau.com\/files\/shared\/newsroom\/6647\/tItPMn3r0cjqfp1uqyHV5e441b5d4c8c4f47a6054fa10a300207BaeYqBiMyMRkh4AHVEbR.jpg","keywords":["agent immobilier rive-nord","condo a vendre ste-doroth\u00e9e","Courtier immobilier laval","Houses for sale Laval Ste-Dorothee","mls laval","mls.ca laval","Real estate broker ste-dorothee"],"articleSection":["Immobilier"],"inLanguage":"en-US"},{"@type":"WebPage","@id":"https:\/\/eryckveziau.com\/immobilier\/marche-immobilier-a-quoi-sattendre-en-2023\/","url":"https:\/\/eryckveziau.com\/immobilier\/marche-immobilier-a-quoi-sattendre-en-2023\/","name":"March\u00e9 immobilier : \u00e0 quoi s\u2019attendre en 2023? | ERYCK V\u00c9ZIAU, COURTIER IMMOBILIER LAVAL, COURTIER IMMOBILIER STE-DOROTH\u00c9E, MAISON \u00c0 VENDRE LAVAL, AGENT IMMOBILIER STE-DOROTH\u00c9E","isPartOf":{"@id":"https:\/\/eryckveziau.com\/en\/#website"},"primaryImageOfPage":{"@id":"https:\/\/eryckveziau.com\/immobilier\/marche-immobilier-a-quoi-sattendre-en-2023\/#primaryimage"},"image":{"@id":"https:\/\/eryckveziau.com\/immobilier\/marche-immobilier-a-quoi-sattendre-en-2023\/#primaryimage"},"thumbnailUrl":"https:\/\/eryckveziau.com\/files\/shared\/newsroom\/6647\/tItPMn3r0cjqfp1uqyHV5e441b5d4c8c4f47a6054fa10a300207BaeYqBiMyMRkh4AHVEbR.jpg","datePublished":"2023-01-04T13:55:41+00:00","dateModified":"2023-01-05T13:47:58+00:00","breadcrumb":{"@id":"https:\/\/eryckveziau.com\/immobilier\/marche-immobilier-a-quoi-sattendre-en-2023\/#breadcrumb"},"inLanguage":"en-US","potentialAction":[{"@type":"ReadAction","target":["https:\/\/eryckveziau.com\/immobilier\/marche-immobilier-a-quoi-sattendre-en-2023\/"]}]},{"@type":"ImageObject","inLanguage":"en-US","@id":"https:\/\/eryckveziau.com\/immobilier\/marche-immobilier-a-quoi-sattendre-en-2023\/#primaryimage","url":"https:\/\/eryckveziau.com\/files\/shared\/newsroom\/6647\/tItPMn3r0cjqfp1uqyHV5e441b5d4c8c4f47a6054fa10a300207BaeYqBiMyMRkh4AHVEbR.jpg","contentUrl":"https:\/\/eryckveziau.com\/files\/shared\/newsroom\/6647\/tItPMn3r0cjqfp1uqyHV5e441b5d4c8c4f47a6054fa10a300207BaeYqBiMyMRkh4AHVEbR.jpg","width":1200,"height":627},{"@type":"BreadcrumbList","@id":"https:\/\/eryckveziau.com\/immobilier\/marche-immobilier-a-quoi-sattendre-en-2023\/#breadcrumb","itemListElement":[{"@type":"ListItem","position":1,"name":"Accueil","item":"https:\/\/eryckveziau.com\/en\/"},{"@type":"ListItem","position":2,"name":"March\u00e9 immobilier : \u00e0 quoi s\u2019attendre en 2023?"}]},{"@type":"WebSite","@id":"https:\/\/eryckveziau.com\/en\/#website","url":"https:\/\/eryckveziau.com\/en\/","name":"ERYCK V\u00c9ZIAU, COURTIER IMMOBILIER LAVAL, COURTIER IMMOBILIER STE-DOROTH\u00c9E, MAISON \u00c0 VENDRE LAVAL, AGENT IMMOBILIER STE-DOROTH\u00c9E","description":"","publisher":{"@id":"https:\/\/eryckveziau.com\/en\/#organization"},"potentialAction":[{"@type":"SearchAction","target":{"@type":"EntryPoint","urlTemplate":"https:\/\/eryckveziau.com\/en\/?s={search_term_string}"},"query-input":{"@type":"PropertyValueSpecification","valueRequired":true,"valueName":"search_term_string"}}],"inLanguage":"en-US"},{"@type":"Organization","@id":"https:\/\/eryckveziau.com\/en\/#organization","name":"Eryck V\u00e9ziau RE\/MAX","url":"https:\/\/eryckveziau.com\/en\/","logo":{"@type":"ImageObject","inLanguage":"en-US","@id":"https:\/\/eryckveziau.com\/en\/#\/schema\/logo\/image\/","url":"https:\/\/eryckveziau.com\/files\/2022\/09\/PartageEveziau.png","contentUrl":"https:\/\/eryckveziau.com\/files\/2022\/09\/PartageEveziau.png","width":924,"height":454,"caption":"Eryck V\u00e9ziau RE\/MAX"},"image":{"@id":"https:\/\/eryckveziau.com\/en\/#\/schema\/logo\/image\/"},"sameAs":["https:\/\/www.facebook.com\/EryckVeziau.courtier.immobilier.ReMax.Laval","https:\/\/www.instagram.com\/eryck_veziau_remax\/","https:\/\/www.linkedin.com\/in\/eryck-v\u00e9ziau-6a445134\/","https:\/\/www.youtube.com\/user\/eveziau"]},{"@type":"Person","@id":"https:\/\/eryckveziau.com\/en\/#\/schema\/person\/89ff47cf6f95211fdeae055c69df6d8a","name":"ERYCK V\u00c9ZIAU COURTIER IMMOBILIER LAVAL,COURTIER IMMOBILIER STE-DOROTH\u00c9E,MAISON \u00c0 VENDRE LAVAL,AGENT IMMOBILIER STE-DOROTH\u00c9E","image":{"@type":"ImageObject","inLanguage":"en-US","@id":"https:\/\/eryckveziau.com\/en\/#\/schema\/person\/image\/","url":"https:\/\/secure.gravatar.com\/avatar\/1ff1317def8de13459788d21b92b8349d9bff8a1af6697e8a58c46acf60d787f?s=96&d=mm&r=g","contentUrl":"https:\/\/secure.gravatar.com\/avatar\/1ff1317def8de13459788d21b92b8349d9bff8a1af6697e8a58c46acf60d787f?s=96&d=mm&r=g","caption":"ERYCK V\u00c9ZIAU COURTIER IMMOBILIER LAVAL,COURTIER IMMOBILIER STE-DOROTH\u00c9E,MAISON \u00c0 VENDRE LAVAL,AGENT IMMOBILIER STE-DOROTH\u00c9E"},"description":"Faites confiance \u00e0 un courtier immobilier qui a fait ses preuves et qui sera vraiment l\u00e0 pour vous! Eryck V\u00e9ziau se d\u00e9marque par son approche dynamique et sa mise en march\u00e9 puissante et pro-active. En plus d'\u00eatre pr\u00e9sente sur plus de 10 sites internet diff\u00e9rents et d'\u00eatre publi\u00e9e dans diff\u00e9rents imprim\u00e9s votre propri\u00e9t\u00e9 est pr\u00e9sent\u00e9e \u00e0 de nombreux clients potentiels personnellement et ce chaques semaines. Sa connaissance du march\u00e9 et son professionnalisme en font sa renomm\u00e9e. B\u00e9n\u00e9ficiez en plus, de l'excellente visibilit\u00e9 et de la renomm\u00e9 de RE\/MAX la plus importante banni\u00e8re au monde! Bien appuy\u00e9 par son \u00e9quipe de professionnels (notaires, arpenteurs,courtiers hypoth\u00e9caire,avocats, conseillers financier...) vous serez servi sans aucun souci par des gens comp\u00e9tents. Vos attentes et vos r\u00eaves seront \u00e9cout\u00e9s et surtout compris afin que vos objectifs soient r\u00e9alis\u00e9s! Eryck V\u00e9ziau vous offre en prime la garantie Tranquili-T, offerte autant pour les clients-vendeurs que pour les clients-acheteurs! Le march\u00e9 \u00e9volue, votre courtier doit suivre... Contactez-moi pour une \u00e9valuation gratuite de votre propri\u00e9t\u00e9 ou pour un envoi sans frais des maisons list\u00e9es dans votre secteur.","sameAs":["http:\/\/www.eryckveziau.com"],"url":"https:\/\/eryckveziau.com\/en\/author\/14497\/"}]}},"_links":{"self":[{"href":"https:\/\/eryckveziau.com\/en\/wp-json\/wp\/v2\/posts\/5686","targetHints":{"allow":["GET"]}}],"collection":[{"href":"https:\/\/eryckveziau.com\/en\/wp-json\/wp\/v2\/posts"}],"about":[{"href":"https:\/\/eryckveziau.com\/en\/wp-json\/wp\/v2\/types\/post"}],"author":[{"embeddable":true,"href":"https:\/\/eryckveziau.com\/en\/wp-json\/wp\/v2\/users\/560"}],"replies":[{"embeddable":true,"href":"https:\/\/eryckveziau.com\/en\/wp-json\/wp\/v2\/comments?post=5686"}],"version-history":[{"count":1,"href":"https:\/\/eryckveziau.com\/en\/wp-json\/wp\/v2\/posts\/5686\/revisions"}],"predecessor-version":[{"id":5687,"href":"https:\/\/eryckveziau.com\/en\/wp-json\/wp\/v2\/posts\/5686\/revisions\/5687"}],"wp:featuredmedia":[{"embeddable":true,"href":"https:\/\/eryckveziau.com\/en\/wp-json\/wp\/v2\/media\/5445"}],"wp:attachment":[{"href":"https:\/\/eryckveziau.com\/en\/wp-json\/wp\/v2\/media?parent=5686"}],"wp:term":[{"taxonomy":"category","embeddable":true,"href":"https:\/\/eryckveziau.com\/en\/wp-json\/wp\/v2\/categories?post=5686"},{"taxonomy":"post_tag","embeddable":true,"href":"https:\/\/eryckveziau.com\/en\/wp-json\/wp\/v2\/tags?post=5686"}],"curies":[{"name":"wp","href":"https:\/\/api.w.org\/{rel}","templated":true}]}}