{"id":5629,"date":"2022-08-29T12:48:18","date_gmt":"2022-08-29T16:48:18","guid":{"rendered":"https:\/\/eryckveziau.com\/?p=5629"},"modified":"2022-12-20T08:43:21","modified_gmt":"2022-12-20T13:43:21","slug":"sommet-de-lhabitation-les-10-engagements-des-10-plus-grandes-villes-du-quebec","status":"publish","type":"post","link":"https:\/\/eryckveziau.com\/en\/immobilier\/sommet-de-lhabitation-les-10-engagements-des-10-plus-grandes-villes-du-quebec\/","title":{"rendered":"Sommet de l\u2019habitation : les 10 engagements des 10 plus grandes villes du Qu\u00e9bec"},"content":{"rendered":"\n<p>James-Patrick CannonPubli\u00e9 le&nbsp;26 ao\u00fbt 2022<\/p>\n\n\n\n<p>Taxer la sp\u00e9culation immobili\u00e8re et favoriser une densification \u00ab&nbsp;douce&nbsp;\u00bb du territoire&nbsp;: <\/p>\n\n\n\n<p>tels sont quelques-uns des engagements pris par les 10&nbsp;plus grandes municipalit\u00e9s du Qu\u00e9bec.<\/p>\n\n\n\n<p>Coorganis\u00e9 par le maire de Laval, St\u00e9phane Boyer, et la mairesse de Longueuil, Catherine Fournier:<\/p>\n\n\n\n<p> Le sommet, qui portait le th\u00e8me&nbsp;<q>Notre avenir en t\u00eate<\/q>&nbsp;a r\u00e9uni les maires des 10&nbsp;villes les plus peupl\u00e9es du Qu\u00e9bec ainsi que des centaines de partenaires du milieu de l\u2019habitation. <\/p>\n\n\n\n<p><a href=\"https:\/\/ici.radio-canada.ca\/profil\/25831\/james-patrick-cannon\">James-Patrick Cannon (acc\u00e9der \u00e0 la page de l&#8217;auteur)<\/a>James-Patrick CannonPubli\u00e9 le&nbsp;26 ao\u00fbt 2022<\/p>\n\n\n\n<p><q>Toutes les donn\u00e9es tendent \u00e0 le confirmer&nbsp;: la situation sur le march\u00e9 locatif, les appartements [&#8230;] disponibles [qui] atteignent des prix records, la surchauffe sur le march\u00e9 immobilier&#8230;.<\/q><\/p>\n\n\n\n<p><a href=\"https:\/\/ici.radio-canada.ca\/nouvelle\/1908250\/sommet-habitation-laval-10-engagements-crise-logements\" target=\"_blank\" rel=\"noreferrer noopener nofollow\">LIRE LA SUITE ICI<\/a><\/p>\n","protected":false},"excerpt":{"rendered":"<p>James-Patrick CannonPubli\u00e9 le&nbsp;26 ao\u00fbt 2022 Taxer la sp\u00e9culation immobili\u00e8re et favoriser une densification \u00ab&nbsp;douce&nbsp;\u00bb du territoire&nbsp;: tels sont quelques-uns des engagements pris par les 10&nbsp;plus grandes municipalit\u00e9s du Qu\u00e9bec. Coorganis\u00e9 par le maire de Laval, St\u00e9phane Boyer, et la mairesse de Longueuil, Catherine Fournier: Le sommet, qui portait le th\u00e8me&nbsp;Notre avenir en t\u00eate&nbsp;a r\u00e9uni les [&hellip;]<\/p>\n","protected":false},"author":560,"featured_media":5249,"comment_status":"closed","ping_status":"closed","sticky":false,"template":"","format":"standard","meta":{"_acf_changed":false,"footnotes":""},"categories":[52],"tags":[20,18,12,6,31,32,38],"class_list":["post-5629","post","type-post","status-publish","format-standard","hentry","category-immobilier","tag-agent-immobilier-rive-nord","tag-condo-a-vendre-ste-dorothee","tag-courtier-immobilier-laval","tag-maison-a-vendre-laval-et-ste-dorothee","tag-mls-laval","tag-mls-ca-laval","tag-real-estate-broker-ste-dorothee"],"acf":[],"yoast_head":"<!-- This site is optimized with the Yoast SEO plugin v26.7 - https:\/\/yoast.com\/wordpress\/plugins\/seo\/ -->\n<title>Sommet de l\u2019habitation : les 10 engagements des 10 plus grandes villes du Qu\u00e9bec | ERYCK V\u00c9ZIAU, COURTIER IMMOBILIER LAVAL, COURTIER IMMOBILIER STE-DOROTH\u00c9E, MAISON \u00c0 VENDRE LAVAL, AGENT IMMOBILIER STE-DOROTH\u00c9E<\/title>\n<meta name=\"robots\" content=\"index, follow, max-snippet:-1, max-image-preview:large, max-video-preview:-1\" \/>\n<link rel=\"canonical\" href=\"https:\/\/eryckveziau.com\/immobilier\/sommet-de-lhabitation-les-10-engagements-des-10-plus-grandes-villes-du-quebec\/\" \/>\n<meta property=\"og:locale\" content=\"en_US\" \/>\n<meta property=\"og:type\" content=\"article\" \/>\n<meta property=\"og:title\" content=\"Sommet de l\u2019habitation : les 10 engagements des 10 plus grandes villes du Qu\u00e9bec | ERYCK V\u00c9ZIAU, COURTIER IMMOBILIER LAVAL, COURTIER IMMOBILIER STE-DOROTH\u00c9E, MAISON \u00c0 VENDRE LAVAL, AGENT IMMOBILIER STE-DOROTH\u00c9E\" \/>\n<meta property=\"og:description\" content=\"James-Patrick CannonPubli\u00e9 le&nbsp;26 ao\u00fbt 2022 Taxer la sp\u00e9culation immobili\u00e8re et favoriser une densification \u00ab&nbsp;douce&nbsp;\u00bb du territoire&nbsp;: tels sont quelques-uns des engagements pris par les 10&nbsp;plus grandes municipalit\u00e9s du Qu\u00e9bec. Coorganis\u00e9 par le maire de Laval, St\u00e9phane Boyer, et la mairesse de Longueuil, Catherine Fournier: Le sommet, qui portait le th\u00e8me&nbsp;Notre avenir en t\u00eate&nbsp;a r\u00e9uni les [&hellip;]\" \/>\n<meta property=\"og:url\" content=\"https:\/\/eryckveziau.com\/immobilier\/sommet-de-lhabitation-les-10-engagements-des-10-plus-grandes-villes-du-quebec\/\" \/>\n<meta property=\"og:site_name\" content=\"ERYCK V\u00c9ZIAU, COURTIER IMMOBILIER LAVAL, COURTIER IMMOBILIER STE-DOROTH\u00c9E, MAISON \u00c0 VENDRE LAVAL, AGENT IMMOBILIER STE-DOROTH\u00c9E\" \/>\n<meta property=\"article:publisher\" content=\"https:\/\/www.facebook.com\/EryckVeziau.courtier.immobilier.ReMax.Laval\" \/>\n<meta property=\"article:published_time\" content=\"2022-08-29T16:48:18+00:00\" \/>\n<meta property=\"article:modified_time\" content=\"2022-12-20T13:43:21+00:00\" \/>\n<meta property=\"og:image\" content=\"https:\/\/eryckveziau.com\/files\/shared\/newsroom\/6280\/WFTkvNS7Bz6SRjJ4Rio35c9e31a9674c4851aa540638ac110007ULbyGGwoz0bxrjeQndLE.jpg\" \/>\n\t<meta property=\"og:image:width\" content=\"1200\" \/>\n\t<meta property=\"og:image:height\" content=\"627\" \/>\n\t<meta property=\"og:image:type\" content=\"image\/jpeg\" \/>\n<meta name=\"author\" content=\"ERYCK V\u00c9ZIAU COURTIER IMMOBILIER LAVAL,COURTIER IMMOBILIER STE-DOROTH\u00c9E,MAISON \u00c0 VENDRE LAVAL,AGENT IMMOBILIER STE-DOROTH\u00c9E\" \/>\n<meta name=\"twitter:card\" content=\"summary_large_image\" \/>\n<meta name=\"twitter:label1\" content=\"Written by\" \/>\n\t<meta name=\"twitter:data1\" content=\"ERYCK V\u00c9ZIAU COURTIER IMMOBILIER LAVAL,COURTIER IMMOBILIER STE-DOROTH\u00c9E,MAISON \u00c0 VENDRE LAVAL,AGENT IMMOBILIER STE-DOROTH\u00c9E\" \/>\n\t<meta name=\"twitter:label2\" content=\"Est. reading time\" \/>\n\t<meta name=\"twitter:data2\" content=\"1 minute\" \/>\n<script type=\"application\/ld+json\" class=\"yoast-schema-graph\">{\"@context\":\"https:\/\/schema.org\",\"@graph\":[{\"@type\":\"Article\",\"@id\":\"https:\/\/eryckveziau.com\/immobilier\/sommet-de-lhabitation-les-10-engagements-des-10-plus-grandes-villes-du-quebec\/#article\",\"isPartOf\":{\"@id\":\"https:\/\/eryckveziau.com\/immobilier\/sommet-de-lhabitation-les-10-engagements-des-10-plus-grandes-villes-du-quebec\/\"},\"author\":{\"name\":\"ERYCK V\u00c9ZIAU COURTIER IMMOBILIER LAVAL,COURTIER IMMOBILIER STE-DOROTH\u00c9E,MAISON \u00c0 VENDRE LAVAL,AGENT IMMOBILIER STE-DOROTH\u00c9E\",\"@id\":\"https:\/\/eryckveziau.com\/en\/#\/schema\/person\/89ff47cf6f95211fdeae055c69df6d8a\"},\"headline\":\"Sommet de l\u2019habitation : les 10 engagements des 10 plus grandes villes du Qu\u00e9bec\",\"datePublished\":\"2022-08-29T16:48:18+00:00\",\"dateModified\":\"2022-12-20T13:43:21+00:00\",\"mainEntityOfPage\":{\"@id\":\"https:\/\/eryckveziau.com\/immobilier\/sommet-de-lhabitation-les-10-engagements-des-10-plus-grandes-villes-du-quebec\/\"},\"wordCount\":154,\"publisher\":{\"@id\":\"https:\/\/eryckveziau.com\/en\/#organization\"},\"image\":{\"@id\":\"https:\/\/eryckveziau.com\/immobilier\/sommet-de-lhabitation-les-10-engagements-des-10-plus-grandes-villes-du-quebec\/#primaryimage\"},\"thumbnailUrl\":\"https:\/\/eryckveziau.com\/files\/shared\/newsroom\/6280\/WFTkvNS7Bz6SRjJ4Rio35c9e31a9674c4851aa540638ac110007ULbyGGwoz0bxrjeQndLE.jpg\",\"keywords\":[\"agent immobilier rive-nord\",\"condo a vendre ste-doroth\u00e9e\",\"Courtier immobilier laval\",\"Houses for sale Laval Ste-Dorothee\",\"mls laval\",\"mls.ca laval\",\"Real estate broker ste-dorothee\"],\"articleSection\":[\"Immobilier\"],\"inLanguage\":\"en-US\"},{\"@type\":\"WebPage\",\"@id\":\"https:\/\/eryckveziau.com\/immobilier\/sommet-de-lhabitation-les-10-engagements-des-10-plus-grandes-villes-du-quebec\/\",\"url\":\"https:\/\/eryckveziau.com\/immobilier\/sommet-de-lhabitation-les-10-engagements-des-10-plus-grandes-villes-du-quebec\/\",\"name\":\"Sommet de l\u2019habitation : les 10 engagements des 10 plus grandes villes du Qu\u00e9bec | ERYCK V\u00c9ZIAU, COURTIER IMMOBILIER LAVAL, COURTIER IMMOBILIER STE-DOROTH\u00c9E, MAISON \u00c0 VENDRE LAVAL, AGENT IMMOBILIER STE-DOROTH\u00c9E\",\"isPartOf\":{\"@id\":\"https:\/\/eryckveziau.com\/en\/#website\"},\"primaryImageOfPage\":{\"@id\":\"https:\/\/eryckveziau.com\/immobilier\/sommet-de-lhabitation-les-10-engagements-des-10-plus-grandes-villes-du-quebec\/#primaryimage\"},\"image\":{\"@id\":\"https:\/\/eryckveziau.com\/immobilier\/sommet-de-lhabitation-les-10-engagements-des-10-plus-grandes-villes-du-quebec\/#primaryimage\"},\"thumbnailUrl\":\"https:\/\/eryckveziau.com\/files\/shared\/newsroom\/6280\/WFTkvNS7Bz6SRjJ4Rio35c9e31a9674c4851aa540638ac110007ULbyGGwoz0bxrjeQndLE.jpg\",\"datePublished\":\"2022-08-29T16:48:18+00:00\",\"dateModified\":\"2022-12-20T13:43:21+00:00\",\"breadcrumb\":{\"@id\":\"https:\/\/eryckveziau.com\/immobilier\/sommet-de-lhabitation-les-10-engagements-des-10-plus-grandes-villes-du-quebec\/#breadcrumb\"},\"inLanguage\":\"en-US\",\"potentialAction\":[{\"@type\":\"ReadAction\",\"target\":[\"https:\/\/eryckveziau.com\/immobilier\/sommet-de-lhabitation-les-10-engagements-des-10-plus-grandes-villes-du-quebec\/\"]}]},{\"@type\":\"ImageObject\",\"inLanguage\":\"en-US\",\"@id\":\"https:\/\/eryckveziau.com\/immobilier\/sommet-de-lhabitation-les-10-engagements-des-10-plus-grandes-villes-du-quebec\/#primaryimage\",\"url\":\"https:\/\/eryckveziau.com\/files\/shared\/newsroom\/6280\/WFTkvNS7Bz6SRjJ4Rio35c9e31a9674c4851aa540638ac110007ULbyGGwoz0bxrjeQndLE.jpg\",\"contentUrl\":\"https:\/\/eryckveziau.com\/files\/shared\/newsroom\/6280\/WFTkvNS7Bz6SRjJ4Rio35c9e31a9674c4851aa540638ac110007ULbyGGwoz0bxrjeQndLE.jpg\",\"width\":1200,\"height\":627,\"caption\":\"Achat propri\u00e9t\u00e9\"},{\"@type\":\"BreadcrumbList\",\"@id\":\"https:\/\/eryckveziau.com\/immobilier\/sommet-de-lhabitation-les-10-engagements-des-10-plus-grandes-villes-du-quebec\/#breadcrumb\",\"itemListElement\":[{\"@type\":\"ListItem\",\"position\":1,\"name\":\"Accueil\",\"item\":\"https:\/\/eryckveziau.com\/en\/\"},{\"@type\":\"ListItem\",\"position\":2,\"name\":\"Sommet de l\u2019habitation : les 10 engagements des 10 plus grandes villes du Qu\u00e9bec\"}]},{\"@type\":\"WebSite\",\"@id\":\"https:\/\/eryckveziau.com\/en\/#website\",\"url\":\"https:\/\/eryckveziau.com\/en\/\",\"name\":\"ERYCK V\u00c9ZIAU, COURTIER IMMOBILIER LAVAL, COURTIER IMMOBILIER STE-DOROTH\u00c9E, MAISON \u00c0 VENDRE LAVAL, AGENT IMMOBILIER STE-DOROTH\u00c9E\",\"description\":\"\",\"publisher\":{\"@id\":\"https:\/\/eryckveziau.com\/en\/#organization\"},\"potentialAction\":[{\"@type\":\"SearchAction\",\"target\":{\"@type\":\"EntryPoint\",\"urlTemplate\":\"https:\/\/eryckveziau.com\/en\/?s={search_term_string}\"},\"query-input\":{\"@type\":\"PropertyValueSpecification\",\"valueRequired\":true,\"valueName\":\"search_term_string\"}}],\"inLanguage\":\"en-US\"},{\"@type\":\"Organization\",\"@id\":\"https:\/\/eryckveziau.com\/en\/#organization\",\"name\":\"Eryck V\u00e9ziau RE\/MAX\",\"url\":\"https:\/\/eryckveziau.com\/en\/\",\"logo\":{\"@type\":\"ImageObject\",\"inLanguage\":\"en-US\",\"@id\":\"https:\/\/eryckveziau.com\/en\/#\/schema\/logo\/image\/\",\"url\":\"https:\/\/eryckveziau.com\/files\/2022\/09\/PartageEveziau.png\",\"contentUrl\":\"https:\/\/eryckveziau.com\/files\/2022\/09\/PartageEveziau.png\",\"width\":924,\"height\":454,\"caption\":\"Eryck V\u00e9ziau RE\/MAX\"},\"image\":{\"@id\":\"https:\/\/eryckveziau.com\/en\/#\/schema\/logo\/image\/\"},\"sameAs\":[\"https:\/\/www.facebook.com\/EryckVeziau.courtier.immobilier.ReMax.Laval\",\"https:\/\/www.instagram.com\/eryck_veziau_remax\/\",\"https:\/\/www.linkedin.com\/in\/eryck-v\u00e9ziau-6a445134\/\",\"https:\/\/www.youtube.com\/user\/eveziau\"]},{\"@type\":\"Person\",\"@id\":\"https:\/\/eryckveziau.com\/en\/#\/schema\/person\/89ff47cf6f95211fdeae055c69df6d8a\",\"name\":\"ERYCK V\u00c9ZIAU COURTIER IMMOBILIER LAVAL,COURTIER IMMOBILIER STE-DOROTH\u00c9E,MAISON \u00c0 VENDRE LAVAL,AGENT IMMOBILIER STE-DOROTH\u00c9E\",\"image\":{\"@type\":\"ImageObject\",\"inLanguage\":\"en-US\",\"@id\":\"https:\/\/eryckveziau.com\/en\/#\/schema\/person\/image\/\",\"url\":\"https:\/\/secure.gravatar.com\/avatar\/1ff1317def8de13459788d21b92b8349d9bff8a1af6697e8a58c46acf60d787f?s=96&d=mm&r=g\",\"contentUrl\":\"https:\/\/secure.gravatar.com\/avatar\/1ff1317def8de13459788d21b92b8349d9bff8a1af6697e8a58c46acf60d787f?s=96&d=mm&r=g\",\"caption\":\"ERYCK V\u00c9ZIAU COURTIER IMMOBILIER LAVAL,COURTIER IMMOBILIER STE-DOROTH\u00c9E,MAISON \u00c0 VENDRE LAVAL,AGENT IMMOBILIER STE-DOROTH\u00c9E\"},\"description\":\"Faites confiance \u00e0 un courtier immobilier qui a fait ses preuves et qui sera vraiment l\u00e0 pour vous! Eryck V\u00e9ziau se d\u00e9marque par son approche dynamique et sa mise en march\u00e9 puissante et pro-active. En plus d'\u00eatre pr\u00e9sente sur plus de 10 sites internet diff\u00e9rents et d'\u00eatre publi\u00e9e dans diff\u00e9rents imprim\u00e9s votre propri\u00e9t\u00e9 est pr\u00e9sent\u00e9e \u00e0 de nombreux clients potentiels personnellement et ce chaques semaines. Sa connaissance du march\u00e9 et son professionnalisme en font sa renomm\u00e9e. B\u00e9n\u00e9ficiez en plus, de l'excellente visibilit\u00e9 et de la renomm\u00e9 de RE\/MAX la plus importante banni\u00e8re au monde! Bien appuy\u00e9 par son \u00e9quipe de professionnels (notaires, arpenteurs,courtiers hypoth\u00e9caire,avocats, conseillers financier...) vous serez servi sans aucun souci par des gens comp\u00e9tents. Vos attentes et vos r\u00eaves seront \u00e9cout\u00e9s et surtout compris afin que vos objectifs soient r\u00e9alis\u00e9s! Eryck V\u00e9ziau vous offre en prime la garantie Tranquili-T, offerte autant pour les clients-vendeurs que pour les clients-acheteurs! Le march\u00e9 \u00e9volue, votre courtier doit suivre... Contactez-moi pour une \u00e9valuation gratuite de votre propri\u00e9t\u00e9 ou pour un envoi sans frais des maisons list\u00e9es dans votre secteur.\",\"sameAs\":[\"http:\/\/www.eryckveziau.com\"],\"url\":\"https:\/\/eryckveziau.com\/en\/author\/14497\/\"}]}<\/script>\n<!-- \/ Yoast SEO plugin. -->","yoast_head_json":{"title":"Sommet de l\u2019habitation : les 10 engagements des 10 plus grandes villes du Qu\u00e9bec | ERYCK V\u00c9ZIAU, COURTIER IMMOBILIER LAVAL, COURTIER IMMOBILIER STE-DOROTH\u00c9E, MAISON \u00c0 VENDRE LAVAL, AGENT IMMOBILIER STE-DOROTH\u00c9E","robots":{"index":"index","follow":"follow","max-snippet":"max-snippet:-1","max-image-preview":"max-image-preview:large","max-video-preview":"max-video-preview:-1"},"canonical":"https:\/\/eryckveziau.com\/immobilier\/sommet-de-lhabitation-les-10-engagements-des-10-plus-grandes-villes-du-quebec\/","og_locale":"en_US","og_type":"article","og_title":"Sommet de l\u2019habitation : les 10 engagements des 10 plus grandes villes du Qu\u00e9bec | ERYCK V\u00c9ZIAU, COURTIER IMMOBILIER LAVAL, COURTIER IMMOBILIER STE-DOROTH\u00c9E, MAISON \u00c0 VENDRE LAVAL, AGENT IMMOBILIER STE-DOROTH\u00c9E","og_description":"James-Patrick CannonPubli\u00e9 le&nbsp;26 ao\u00fbt 2022 Taxer la sp\u00e9culation immobili\u00e8re et favoriser une densification \u00ab&nbsp;douce&nbsp;\u00bb du territoire&nbsp;: tels sont quelques-uns des engagements pris par les 10&nbsp;plus grandes municipalit\u00e9s du Qu\u00e9bec. Coorganis\u00e9 par le maire de Laval, St\u00e9phane Boyer, et la mairesse de Longueuil, Catherine Fournier: Le sommet, qui portait le th\u00e8me&nbsp;Notre avenir en t\u00eate&nbsp;a r\u00e9uni les [&hellip;]","og_url":"https:\/\/eryckveziau.com\/immobilier\/sommet-de-lhabitation-les-10-engagements-des-10-plus-grandes-villes-du-quebec\/","og_site_name":"ERYCK V\u00c9ZIAU, COURTIER IMMOBILIER LAVAL, COURTIER IMMOBILIER STE-DOROTH\u00c9E, MAISON \u00c0 VENDRE LAVAL, AGENT IMMOBILIER STE-DOROTH\u00c9E","article_publisher":"https:\/\/www.facebook.com\/EryckVeziau.courtier.immobilier.ReMax.Laval","article_published_time":"2022-08-29T16:48:18+00:00","article_modified_time":"2022-12-20T13:43:21+00:00","og_image":[{"width":1200,"height":627,"url":"https:\/\/eryckveziau.com\/files\/shared\/newsroom\/6280\/WFTkvNS7Bz6SRjJ4Rio35c9e31a9674c4851aa540638ac110007ULbyGGwoz0bxrjeQndLE.jpg","type":"image\/jpeg"}],"author":"ERYCK V\u00c9ZIAU COURTIER IMMOBILIER LAVAL,COURTIER IMMOBILIER STE-DOROTH\u00c9E,MAISON \u00c0 VENDRE LAVAL,AGENT IMMOBILIER STE-DOROTH\u00c9E","twitter_card":"summary_large_image","twitter_misc":{"Written by":"ERYCK V\u00c9ZIAU COURTIER IMMOBILIER LAVAL,COURTIER IMMOBILIER STE-DOROTH\u00c9E,MAISON \u00c0 VENDRE LAVAL,AGENT IMMOBILIER STE-DOROTH\u00c9E","Est. reading time":"1 minute"},"schema":{"@context":"https:\/\/schema.org","@graph":[{"@type":"Article","@id":"https:\/\/eryckveziau.com\/immobilier\/sommet-de-lhabitation-les-10-engagements-des-10-plus-grandes-villes-du-quebec\/#article","isPartOf":{"@id":"https:\/\/eryckveziau.com\/immobilier\/sommet-de-lhabitation-les-10-engagements-des-10-plus-grandes-villes-du-quebec\/"},"author":{"name":"ERYCK V\u00c9ZIAU COURTIER IMMOBILIER LAVAL,COURTIER IMMOBILIER STE-DOROTH\u00c9E,MAISON \u00c0 VENDRE LAVAL,AGENT IMMOBILIER STE-DOROTH\u00c9E","@id":"https:\/\/eryckveziau.com\/en\/#\/schema\/person\/89ff47cf6f95211fdeae055c69df6d8a"},"headline":"Sommet de l\u2019habitation : les 10 engagements des 10 plus grandes villes du Qu\u00e9bec","datePublished":"2022-08-29T16:48:18+00:00","dateModified":"2022-12-20T13:43:21+00:00","mainEntityOfPage":{"@id":"https:\/\/eryckveziau.com\/immobilier\/sommet-de-lhabitation-les-10-engagements-des-10-plus-grandes-villes-du-quebec\/"},"wordCount":154,"publisher":{"@id":"https:\/\/eryckveziau.com\/en\/#organization"},"image":{"@id":"https:\/\/eryckveziau.com\/immobilier\/sommet-de-lhabitation-les-10-engagements-des-10-plus-grandes-villes-du-quebec\/#primaryimage"},"thumbnailUrl":"https:\/\/eryckveziau.com\/files\/shared\/newsroom\/6280\/WFTkvNS7Bz6SRjJ4Rio35c9e31a9674c4851aa540638ac110007ULbyGGwoz0bxrjeQndLE.jpg","keywords":["agent immobilier rive-nord","condo a vendre ste-doroth\u00e9e","Courtier immobilier laval","Houses for sale Laval Ste-Dorothee","mls laval","mls.ca laval","Real estate broker ste-dorothee"],"articleSection":["Immobilier"],"inLanguage":"en-US"},{"@type":"WebPage","@id":"https:\/\/eryckveziau.com\/immobilier\/sommet-de-lhabitation-les-10-engagements-des-10-plus-grandes-villes-du-quebec\/","url":"https:\/\/eryckveziau.com\/immobilier\/sommet-de-lhabitation-les-10-engagements-des-10-plus-grandes-villes-du-quebec\/","name":"Sommet de l\u2019habitation : les 10 engagements des 10 plus grandes villes du Qu\u00e9bec | ERYCK V\u00c9ZIAU, COURTIER IMMOBILIER LAVAL, COURTIER IMMOBILIER STE-DOROTH\u00c9E, MAISON \u00c0 VENDRE LAVAL, AGENT IMMOBILIER STE-DOROTH\u00c9E","isPartOf":{"@id":"https:\/\/eryckveziau.com\/en\/#website"},"primaryImageOfPage":{"@id":"https:\/\/eryckveziau.com\/immobilier\/sommet-de-lhabitation-les-10-engagements-des-10-plus-grandes-villes-du-quebec\/#primaryimage"},"image":{"@id":"https:\/\/eryckveziau.com\/immobilier\/sommet-de-lhabitation-les-10-engagements-des-10-plus-grandes-villes-du-quebec\/#primaryimage"},"thumbnailUrl":"https:\/\/eryckveziau.com\/files\/shared\/newsroom\/6280\/WFTkvNS7Bz6SRjJ4Rio35c9e31a9674c4851aa540638ac110007ULbyGGwoz0bxrjeQndLE.jpg","datePublished":"2022-08-29T16:48:18+00:00","dateModified":"2022-12-20T13:43:21+00:00","breadcrumb":{"@id":"https:\/\/eryckveziau.com\/immobilier\/sommet-de-lhabitation-les-10-engagements-des-10-plus-grandes-villes-du-quebec\/#breadcrumb"},"inLanguage":"en-US","potentialAction":[{"@type":"ReadAction","target":["https:\/\/eryckveziau.com\/immobilier\/sommet-de-lhabitation-les-10-engagements-des-10-plus-grandes-villes-du-quebec\/"]}]},{"@type":"ImageObject","inLanguage":"en-US","@id":"https:\/\/eryckveziau.com\/immobilier\/sommet-de-lhabitation-les-10-engagements-des-10-plus-grandes-villes-du-quebec\/#primaryimage","url":"https:\/\/eryckveziau.com\/files\/shared\/newsroom\/6280\/WFTkvNS7Bz6SRjJ4Rio35c9e31a9674c4851aa540638ac110007ULbyGGwoz0bxrjeQndLE.jpg","contentUrl":"https:\/\/eryckveziau.com\/files\/shared\/newsroom\/6280\/WFTkvNS7Bz6SRjJ4Rio35c9e31a9674c4851aa540638ac110007ULbyGGwoz0bxrjeQndLE.jpg","width":1200,"height":627,"caption":"Achat propri\u00e9t\u00e9"},{"@type":"BreadcrumbList","@id":"https:\/\/eryckveziau.com\/immobilier\/sommet-de-lhabitation-les-10-engagements-des-10-plus-grandes-villes-du-quebec\/#breadcrumb","itemListElement":[{"@type":"ListItem","position":1,"name":"Accueil","item":"https:\/\/eryckveziau.com\/en\/"},{"@type":"ListItem","position":2,"name":"Sommet de l\u2019habitation : les 10 engagements des 10 plus grandes villes du Qu\u00e9bec"}]},{"@type":"WebSite","@id":"https:\/\/eryckveziau.com\/en\/#website","url":"https:\/\/eryckveziau.com\/en\/","name":"ERYCK V\u00c9ZIAU, COURTIER IMMOBILIER LAVAL, COURTIER IMMOBILIER STE-DOROTH\u00c9E, MAISON \u00c0 VENDRE LAVAL, AGENT IMMOBILIER STE-DOROTH\u00c9E","description":"","publisher":{"@id":"https:\/\/eryckveziau.com\/en\/#organization"},"potentialAction":[{"@type":"SearchAction","target":{"@type":"EntryPoint","urlTemplate":"https:\/\/eryckveziau.com\/en\/?s={search_term_string}"},"query-input":{"@type":"PropertyValueSpecification","valueRequired":true,"valueName":"search_term_string"}}],"inLanguage":"en-US"},{"@type":"Organization","@id":"https:\/\/eryckveziau.com\/en\/#organization","name":"Eryck V\u00e9ziau RE\/MAX","url":"https:\/\/eryckveziau.com\/en\/","logo":{"@type":"ImageObject","inLanguage":"en-US","@id":"https:\/\/eryckveziau.com\/en\/#\/schema\/logo\/image\/","url":"https:\/\/eryckveziau.com\/files\/2022\/09\/PartageEveziau.png","contentUrl":"https:\/\/eryckveziau.com\/files\/2022\/09\/PartageEveziau.png","width":924,"height":454,"caption":"Eryck V\u00e9ziau RE\/MAX"},"image":{"@id":"https:\/\/eryckveziau.com\/en\/#\/schema\/logo\/image\/"},"sameAs":["https:\/\/www.facebook.com\/EryckVeziau.courtier.immobilier.ReMax.Laval","https:\/\/www.instagram.com\/eryck_veziau_remax\/","https:\/\/www.linkedin.com\/in\/eryck-v\u00e9ziau-6a445134\/","https:\/\/www.youtube.com\/user\/eveziau"]},{"@type":"Person","@id":"https:\/\/eryckveziau.com\/en\/#\/schema\/person\/89ff47cf6f95211fdeae055c69df6d8a","name":"ERYCK V\u00c9ZIAU COURTIER IMMOBILIER LAVAL,COURTIER IMMOBILIER STE-DOROTH\u00c9E,MAISON \u00c0 VENDRE LAVAL,AGENT IMMOBILIER STE-DOROTH\u00c9E","image":{"@type":"ImageObject","inLanguage":"en-US","@id":"https:\/\/eryckveziau.com\/en\/#\/schema\/person\/image\/","url":"https:\/\/secure.gravatar.com\/avatar\/1ff1317def8de13459788d21b92b8349d9bff8a1af6697e8a58c46acf60d787f?s=96&d=mm&r=g","contentUrl":"https:\/\/secure.gravatar.com\/avatar\/1ff1317def8de13459788d21b92b8349d9bff8a1af6697e8a58c46acf60d787f?s=96&d=mm&r=g","caption":"ERYCK V\u00c9ZIAU COURTIER IMMOBILIER LAVAL,COURTIER IMMOBILIER STE-DOROTH\u00c9E,MAISON \u00c0 VENDRE LAVAL,AGENT IMMOBILIER STE-DOROTH\u00c9E"},"description":"Faites confiance \u00e0 un courtier immobilier qui a fait ses preuves et qui sera vraiment l\u00e0 pour vous! Eryck V\u00e9ziau se d\u00e9marque par son approche dynamique et sa mise en march\u00e9 puissante et pro-active. En plus d'\u00eatre pr\u00e9sente sur plus de 10 sites internet diff\u00e9rents et d'\u00eatre publi\u00e9e dans diff\u00e9rents imprim\u00e9s votre propri\u00e9t\u00e9 est pr\u00e9sent\u00e9e \u00e0 de nombreux clients potentiels personnellement et ce chaques semaines. Sa connaissance du march\u00e9 et son professionnalisme en font sa renomm\u00e9e. B\u00e9n\u00e9ficiez en plus, de l'excellente visibilit\u00e9 et de la renomm\u00e9 de RE\/MAX la plus importante banni\u00e8re au monde! Bien appuy\u00e9 par son \u00e9quipe de professionnels (notaires, arpenteurs,courtiers hypoth\u00e9caire,avocats, conseillers financier...) vous serez servi sans aucun souci par des gens comp\u00e9tents. Vos attentes et vos r\u00eaves seront \u00e9cout\u00e9s et surtout compris afin que vos objectifs soient r\u00e9alis\u00e9s! Eryck V\u00e9ziau vous offre en prime la garantie Tranquili-T, offerte autant pour les clients-vendeurs que pour les clients-acheteurs! Le march\u00e9 \u00e9volue, votre courtier doit suivre... Contactez-moi pour une \u00e9valuation gratuite de votre propri\u00e9t\u00e9 ou pour un envoi sans frais des maisons list\u00e9es dans votre secteur.","sameAs":["http:\/\/www.eryckveziau.com"],"url":"https:\/\/eryckveziau.com\/en\/author\/14497\/"}]}},"_links":{"self":[{"href":"https:\/\/eryckveziau.com\/en\/wp-json\/wp\/v2\/posts\/5629","targetHints":{"allow":["GET"]}}],"collection":[{"href":"https:\/\/eryckveziau.com\/en\/wp-json\/wp\/v2\/posts"}],"about":[{"href":"https:\/\/eryckveziau.com\/en\/wp-json\/wp\/v2\/types\/post"}],"author":[{"embeddable":true,"href":"https:\/\/eryckveziau.com\/en\/wp-json\/wp\/v2\/users\/560"}],"replies":[{"embeddable":true,"href":"https:\/\/eryckveziau.com\/en\/wp-json\/wp\/v2\/comments?post=5629"}],"version-history":[{"count":2,"href":"https:\/\/eryckveziau.com\/en\/wp-json\/wp\/v2\/posts\/5629\/revisions"}],"predecessor-version":[{"id":5675,"href":"https:\/\/eryckveziau.com\/en\/wp-json\/wp\/v2\/posts\/5629\/revisions\/5675"}],"wp:featuredmedia":[{"embeddable":true,"href":"https:\/\/eryckveziau.com\/en\/wp-json\/wp\/v2\/media\/5249"}],"wp:attachment":[{"href":"https:\/\/eryckveziau.com\/en\/wp-json\/wp\/v2\/media?parent=5629"}],"wp:term":[{"taxonomy":"category","embeddable":true,"href":"https:\/\/eryckveziau.com\/en\/wp-json\/wp\/v2\/categories?post=5629"},{"taxonomy":"post_tag","embeddable":true,"href":"https:\/\/eryckveziau.com\/en\/wp-json\/wp\/v2\/tags?post=5629"}],"curies":[{"name":"wp","href":"https:\/\/api.w.org\/{rel}","templated":true}]}}