{"id":5625,"date":"2022-08-25T08:31:01","date_gmt":"2022-08-25T12:31:01","guid":{"rendered":"https:\/\/eryckveziau.com\/?p=5625"},"modified":"2022-08-25T08:38:44","modified_gmt":"2022-08-25T12:38:44","slug":"baisse-de-la-valeur-des-maisons-eryck-veziau-courtier-immobilier","status":"publish","type":"post","link":"https:\/\/eryckveziau.com\/en\/immobilier\/baisse-de-la-valeur-des-maisons-eryck-veziau-courtier-immobilier\/","title":{"rendered":"Baisse de la valeur des maisons"},"content":{"rendered":"\n<p>\u00abOn revient \u00e0 un march\u00e9 un peu plus \u00e9quilibr\u00e9\u00bb  <strong><em>Fran\u00e7ois Gagnon, chroniqueur \u00e9conomique<\/em><\/strong> <\/p>\n\n\n\n<p><strong>Apr\u00e8s la folie furieuse du temps de la COVID, des pr\u00e9visions affirmeraient que la valeur des maisons pourrait \u00eatre \u00e0 la baisse dans les prochains mois. Une situation plut\u00f4t normale, selon Fran\u00e7ois Gagnon.<\/strong><\/p>\n\n\n\n<p>Lors de son segment \u00e9conomique dans l\u2019\u00e9mission\u00a0<em>M\u00eame le week-end<\/em>, avec \u00c9lisabeth Cr\u00eate, le chroniqueur expliquait que celles-ci \u00e9taient vraies, mais que cette diminution, dans le milieu immobilier, ne serait pas aussi importante qu\u2019on le pense.<\/p>\n\n\n\n<p><em>\u00ab\u00a0Il y a eu une folie furieuse, il y a eu de la surench\u00e8re et, malheureusement, il y en a qui ont peut-\u00eatre pay\u00e9 leur maison un petit peu trop ch\u00e8re pendant cette p\u00e9riode l\u00e0. Donc, on revient \u00e0 une esp\u00e8ce de march\u00e9 un peu plus \u00e9quilibr\u00e9. \u00bb<\/em><\/p>\n\n\n\n<p><strong><em>Fran\u00e7ois Gagnon, chroniqueur \u00e9conomique<\/em><\/strong><\/p>\n\n\n\n<p>Il affirmait, tout de m\u00eame, que l\u2019abordabilit\u00e9 demeurait relativement haute.<\/p>\n\n\n\n<p><em>\u00ab\u00a0\u00c7a devient tr\u00e8s difficile pour un premier acheteur de pouvoir mettre la main sur une maison si tu n\u2019as pas le \u201ccash\u201d n\u00e9cessaire, donc la mise de fonds n\u00e9cessaire pour \u00eatre capable d\u2019acc\u00e9der \u00e0 la propri\u00e9t\u00e9. \u00bb<\/em><\/p>\n\n\n\n<p>L&#8217;agente immobili\u00e8re et co-animatrice de l\u2019\u00e9mission Les dessous de l&#8217;immobilier, M\u00e9lanie Bergeron, s&#8217;est aussi prononc\u00e9e sur la situation, au micro d&#8217;\u00c9lisabeth Cr\u00eate.<\/p>\n\n\n\n<p><\/p>\n\n\n\n<p><a href=\"https:\/\/www.985fm.ca\/nouvelles\/502797\/on-revient-a-un-marche-un-peu-plus-equilibre-francois-gagnon\" target=\"_blank\" rel=\"noreferrer noopener\">LIRE LA SUITE ICI<\/a><\/p>\n\n\n\n<p><\/p>\n","protected":false},"excerpt":{"rendered":"<p>\u00abOn revient \u00e0 un march\u00e9 un peu plus \u00e9quilibr\u00e9\u00bb Fran\u00e7ois Gagnon, chroniqueur \u00e9conomique Apr\u00e8s la folie furieuse du temps de la COVID, des pr\u00e9visions affirmeraient que la valeur des maisons pourrait \u00eatre \u00e0 la baisse dans les prochains mois. Une situation plut\u00f4t normale, selon Fran\u00e7ois Gagnon. Lors de son segment \u00e9conomique dans l\u2019\u00e9mission\u00a0M\u00eame le week-end, [&hellip;]<\/p>\n","protected":false},"author":560,"featured_media":5410,"comment_status":"closed","ping_status":"closed","sticky":false,"template":"","format":"standard","meta":{"_acf_changed":false,"footnotes":""},"categories":[52],"tags":[20,18,12,6,31,32,38],"class_list":["post-5625","post","type-post","status-publish","format-standard","hentry","category-immobilier","tag-agent-immobilier-rive-nord","tag-condo-a-vendre-ste-dorothee","tag-courtier-immobilier-laval","tag-maison-a-vendre-laval-et-ste-dorothee","tag-mls-laval","tag-mls-ca-laval","tag-real-estate-broker-ste-dorothee"],"acf":[],"yoast_head":"<!-- This site is optimized with the Yoast SEO plugin v26.7 - https:\/\/yoast.com\/wordpress\/plugins\/seo\/ -->\n<title>| ERYCK V\u00c9ZIAU, COURTIER IMMOBILIER LAVAL, COURTIER IMMOBILIER STE-DOROTH\u00c9E, MAISON \u00c0 VENDRE LAVAL, AGENT IMMOBILIER STE-DOROTH\u00c9E<\/title>\n<meta name=\"description\" content=\"\u00abOn revient \u00e0 un march\u00e9 un peu plus \u00e9quilibr\u00e9\u00bb\" \/>\n<meta name=\"robots\" content=\"index, follow, max-snippet:-1, max-image-preview:large, max-video-preview:-1\" \/>\n<link rel=\"canonical\" href=\"https:\/\/eryckveziau.com\/immobilier\/baisse-de-la-valeur-des-maisons-eryck-veziau-courtier-immobilier\/\" \/>\n<meta property=\"og:locale\" content=\"en_US\" \/>\n<meta property=\"og:type\" content=\"article\" \/>\n<meta property=\"og:title\" content=\"| ERYCK V\u00c9ZIAU, COURTIER IMMOBILIER LAVAL, COURTIER IMMOBILIER STE-DOROTH\u00c9E, MAISON \u00c0 VENDRE LAVAL, AGENT IMMOBILIER STE-DOROTH\u00c9E\" \/>\n<meta property=\"og:description\" content=\"\u00abOn revient \u00e0 un march\u00e9 un peu plus \u00e9quilibr\u00e9\u00bb\" \/>\n<meta property=\"og:url\" content=\"https:\/\/eryckveziau.com\/immobilier\/baisse-de-la-valeur-des-maisons-eryck-veziau-courtier-immobilier\/\" \/>\n<meta property=\"og:site_name\" content=\"ERYCK V\u00c9ZIAU, COURTIER IMMOBILIER LAVAL, COURTIER IMMOBILIER STE-DOROTH\u00c9E, MAISON \u00c0 VENDRE LAVAL, AGENT IMMOBILIER STE-DOROTH\u00c9E\" \/>\n<meta property=\"article:publisher\" content=\"https:\/\/www.facebook.com\/EryckVeziau.courtier.immobilier.ReMax.Laval\" \/>\n<meta property=\"article:published_time\" content=\"2022-08-25T12:31:01+00:00\" \/>\n<meta property=\"article:modified_time\" content=\"2022-08-25T12:38:44+00:00\" \/>\n<meta property=\"og:image\" content=\"https:\/\/eryckveziau.com\/files\/shared\/newsroom\/6620\/0IHaOD6BerfmGaJCn0qc5de7ca7084c44407842340210a300011Mw7QAroAVqVAnonQ9M1V.jpg\" \/>\n\t<meta property=\"og:image:width\" content=\"1200\" \/>\n\t<meta property=\"og:image:height\" content=\"627\" \/>\n\t<meta property=\"og:image:type\" content=\"image\/jpeg\" \/>\n<meta name=\"author\" content=\"ERYCK V\u00c9ZIAU COURTIER IMMOBILIER LAVAL,COURTIER IMMOBILIER STE-DOROTH\u00c9E,MAISON \u00c0 VENDRE LAVAL,AGENT IMMOBILIER STE-DOROTH\u00c9E\" \/>\n<meta name=\"twitter:card\" content=\"summary_large_image\" \/>\n<meta name=\"twitter:label1\" content=\"Written by\" \/>\n\t<meta name=\"twitter:data1\" content=\"ERYCK V\u00c9ZIAU COURTIER IMMOBILIER LAVAL,COURTIER IMMOBILIER STE-DOROTH\u00c9E,MAISON \u00c0 VENDRE LAVAL,AGENT IMMOBILIER STE-DOROTH\u00c9E\" \/>\n\t<meta name=\"twitter:label2\" content=\"Est. reading time\" \/>\n\t<meta name=\"twitter:data2\" content=\"1 minute\" \/>\n<script type=\"application\/ld+json\" class=\"yoast-schema-graph\">{\"@context\":\"https:\/\/schema.org\",\"@graph\":[{\"@type\":\"Article\",\"@id\":\"https:\/\/eryckveziau.com\/immobilier\/baisse-de-la-valeur-des-maisons-eryck-veziau-courtier-immobilier\/#article\",\"isPartOf\":{\"@id\":\"https:\/\/eryckveziau.com\/immobilier\/baisse-de-la-valeur-des-maisons-eryck-veziau-courtier-immobilier\/\"},\"author\":{\"name\":\"ERYCK V\u00c9ZIAU COURTIER IMMOBILIER LAVAL,COURTIER IMMOBILIER STE-DOROTH\u00c9E,MAISON \u00c0 VENDRE LAVAL,AGENT IMMOBILIER STE-DOROTH\u00c9E\",\"@id\":\"https:\/\/eryckveziau.com\/en\/#\/schema\/person\/89ff47cf6f95211fdeae055c69df6d8a\"},\"headline\":\"Baisse de la valeur des maisons\",\"datePublished\":\"2022-08-25T12:31:01+00:00\",\"dateModified\":\"2022-08-25T12:38:44+00:00\",\"mainEntityOfPage\":{\"@id\":\"https:\/\/eryckveziau.com\/immobilier\/baisse-de-la-valeur-des-maisons-eryck-veziau-courtier-immobilier\/\"},\"wordCount\":240,\"publisher\":{\"@id\":\"https:\/\/eryckveziau.com\/en\/#organization\"},\"image\":{\"@id\":\"https:\/\/eryckveziau.com\/immobilier\/baisse-de-la-valeur-des-maisons-eryck-veziau-courtier-immobilier\/#primaryimage\"},\"thumbnailUrl\":\"https:\/\/eryckveziau.com\/files\/shared\/newsroom\/6620\/0IHaOD6BerfmGaJCn0qc5de7ca7084c44407842340210a300011Mw7QAroAVqVAnonQ9M1V.jpg\",\"keywords\":[\"agent immobilier rive-nord\",\"condo a vendre ste-doroth\u00e9e\",\"Courtier immobilier laval\",\"Houses for sale Laval Ste-Dorothee\",\"mls laval\",\"mls.ca laval\",\"Real estate broker ste-dorothee\"],\"articleSection\":[\"Immobilier\"],\"inLanguage\":\"en-US\"},{\"@type\":\"WebPage\",\"@id\":\"https:\/\/eryckveziau.com\/immobilier\/baisse-de-la-valeur-des-maisons-eryck-veziau-courtier-immobilier\/\",\"url\":\"https:\/\/eryckveziau.com\/immobilier\/baisse-de-la-valeur-des-maisons-eryck-veziau-courtier-immobilier\/\",\"name\":\"| ERYCK V\u00c9ZIAU, COURTIER IMMOBILIER LAVAL, COURTIER IMMOBILIER STE-DOROTH\u00c9E, MAISON \u00c0 VENDRE LAVAL, AGENT IMMOBILIER STE-DOROTH\u00c9E\",\"isPartOf\":{\"@id\":\"https:\/\/eryckveziau.com\/en\/#website\"},\"primaryImageOfPage\":{\"@id\":\"https:\/\/eryckveziau.com\/immobilier\/baisse-de-la-valeur-des-maisons-eryck-veziau-courtier-immobilier\/#primaryimage\"},\"image\":{\"@id\":\"https:\/\/eryckveziau.com\/immobilier\/baisse-de-la-valeur-des-maisons-eryck-veziau-courtier-immobilier\/#primaryimage\"},\"thumbnailUrl\":\"https:\/\/eryckveziau.com\/files\/shared\/newsroom\/6620\/0IHaOD6BerfmGaJCn0qc5de7ca7084c44407842340210a300011Mw7QAroAVqVAnonQ9M1V.jpg\",\"datePublished\":\"2022-08-25T12:31:01+00:00\",\"dateModified\":\"2022-08-25T12:38:44+00:00\",\"description\":\"\u00abOn revient \u00e0 un march\u00e9 un peu plus \u00e9quilibr\u00e9\u00bb\",\"breadcrumb\":{\"@id\":\"https:\/\/eryckveziau.com\/immobilier\/baisse-de-la-valeur-des-maisons-eryck-veziau-courtier-immobilier\/#breadcrumb\"},\"inLanguage\":\"en-US\",\"potentialAction\":[{\"@type\":\"ReadAction\",\"target\":[\"https:\/\/eryckveziau.com\/immobilier\/baisse-de-la-valeur-des-maisons-eryck-veziau-courtier-immobilier\/\"]}]},{\"@type\":\"ImageObject\",\"inLanguage\":\"en-US\",\"@id\":\"https:\/\/eryckveziau.com\/immobilier\/baisse-de-la-valeur-des-maisons-eryck-veziau-courtier-immobilier\/#primaryimage\",\"url\":\"https:\/\/eryckveziau.com\/files\/shared\/newsroom\/6620\/0IHaOD6BerfmGaJCn0qc5de7ca7084c44407842340210a300011Mw7QAroAVqVAnonQ9M1V.jpg\",\"contentUrl\":\"https:\/\/eryckveziau.com\/files\/shared\/newsroom\/6620\/0IHaOD6BerfmGaJCn0qc5de7ca7084c44407842340210a300011Mw7QAroAVqVAnonQ9M1V.jpg\",\"width\":1200,\"height\":627},{\"@type\":\"BreadcrumbList\",\"@id\":\"https:\/\/eryckveziau.com\/immobilier\/baisse-de-la-valeur-des-maisons-eryck-veziau-courtier-immobilier\/#breadcrumb\",\"itemListElement\":[{\"@type\":\"ListItem\",\"position\":1,\"name\":\"Accueil\",\"item\":\"https:\/\/eryckveziau.com\/en\/\"},{\"@type\":\"ListItem\",\"position\":2,\"name\":\"Baisse de la valeur des maisons\"}]},{\"@type\":\"WebSite\",\"@id\":\"https:\/\/eryckveziau.com\/en\/#website\",\"url\":\"https:\/\/eryckveziau.com\/en\/\",\"name\":\"ERYCK V\u00c9ZIAU, COURTIER IMMOBILIER LAVAL, COURTIER IMMOBILIER STE-DOROTH\u00c9E, MAISON \u00c0 VENDRE LAVAL, AGENT IMMOBILIER STE-DOROTH\u00c9E\",\"description\":\"\",\"publisher\":{\"@id\":\"https:\/\/eryckveziau.com\/en\/#organization\"},\"potentialAction\":[{\"@type\":\"SearchAction\",\"target\":{\"@type\":\"EntryPoint\",\"urlTemplate\":\"https:\/\/eryckveziau.com\/en\/?s={search_term_string}\"},\"query-input\":{\"@type\":\"PropertyValueSpecification\",\"valueRequired\":true,\"valueName\":\"search_term_string\"}}],\"inLanguage\":\"en-US\"},{\"@type\":\"Organization\",\"@id\":\"https:\/\/eryckveziau.com\/en\/#organization\",\"name\":\"Eryck V\u00e9ziau RE\/MAX\",\"url\":\"https:\/\/eryckveziau.com\/en\/\",\"logo\":{\"@type\":\"ImageObject\",\"inLanguage\":\"en-US\",\"@id\":\"https:\/\/eryckveziau.com\/en\/#\/schema\/logo\/image\/\",\"url\":\"https:\/\/eryckveziau.com\/files\/2022\/09\/PartageEveziau.png\",\"contentUrl\":\"https:\/\/eryckveziau.com\/files\/2022\/09\/PartageEveziau.png\",\"width\":924,\"height\":454,\"caption\":\"Eryck V\u00e9ziau RE\/MAX\"},\"image\":{\"@id\":\"https:\/\/eryckveziau.com\/en\/#\/schema\/logo\/image\/\"},\"sameAs\":[\"https:\/\/www.facebook.com\/EryckVeziau.courtier.immobilier.ReMax.Laval\",\"https:\/\/www.instagram.com\/eryck_veziau_remax\/\",\"https:\/\/www.linkedin.com\/in\/eryck-v\u00e9ziau-6a445134\/\",\"https:\/\/www.youtube.com\/user\/eveziau\"]},{\"@type\":\"Person\",\"@id\":\"https:\/\/eryckveziau.com\/en\/#\/schema\/person\/89ff47cf6f95211fdeae055c69df6d8a\",\"name\":\"ERYCK V\u00c9ZIAU COURTIER IMMOBILIER LAVAL,COURTIER IMMOBILIER STE-DOROTH\u00c9E,MAISON \u00c0 VENDRE LAVAL,AGENT IMMOBILIER STE-DOROTH\u00c9E\",\"image\":{\"@type\":\"ImageObject\",\"inLanguage\":\"en-US\",\"@id\":\"https:\/\/eryckveziau.com\/en\/#\/schema\/person\/image\/\",\"url\":\"https:\/\/secure.gravatar.com\/avatar\/1ff1317def8de13459788d21b92b8349d9bff8a1af6697e8a58c46acf60d787f?s=96&d=mm&r=g\",\"contentUrl\":\"https:\/\/secure.gravatar.com\/avatar\/1ff1317def8de13459788d21b92b8349d9bff8a1af6697e8a58c46acf60d787f?s=96&d=mm&r=g\",\"caption\":\"ERYCK V\u00c9ZIAU COURTIER IMMOBILIER LAVAL,COURTIER IMMOBILIER STE-DOROTH\u00c9E,MAISON \u00c0 VENDRE LAVAL,AGENT IMMOBILIER STE-DOROTH\u00c9E\"},\"description\":\"Faites confiance \u00e0 un courtier immobilier qui a fait ses preuves et qui sera vraiment l\u00e0 pour vous! Eryck V\u00e9ziau se d\u00e9marque par son approche dynamique et sa mise en march\u00e9 puissante et pro-active. En plus d'\u00eatre pr\u00e9sente sur plus de 10 sites internet diff\u00e9rents et d'\u00eatre publi\u00e9e dans diff\u00e9rents imprim\u00e9s votre propri\u00e9t\u00e9 est pr\u00e9sent\u00e9e \u00e0 de nombreux clients potentiels personnellement et ce chaques semaines. Sa connaissance du march\u00e9 et son professionnalisme en font sa renomm\u00e9e. B\u00e9n\u00e9ficiez en plus, de l'excellente visibilit\u00e9 et de la renomm\u00e9 de RE\/MAX la plus importante banni\u00e8re au monde! Bien appuy\u00e9 par son \u00e9quipe de professionnels (notaires, arpenteurs,courtiers hypoth\u00e9caire,avocats, conseillers financier...) vous serez servi sans aucun souci par des gens comp\u00e9tents. Vos attentes et vos r\u00eaves seront \u00e9cout\u00e9s et surtout compris afin que vos objectifs soient r\u00e9alis\u00e9s! Eryck V\u00e9ziau vous offre en prime la garantie Tranquili-T, offerte autant pour les clients-vendeurs que pour les clients-acheteurs! Le march\u00e9 \u00e9volue, votre courtier doit suivre... Contactez-moi pour une \u00e9valuation gratuite de votre propri\u00e9t\u00e9 ou pour un envoi sans frais des maisons list\u00e9es dans votre secteur.\",\"sameAs\":[\"http:\/\/www.eryckveziau.com\"],\"url\":\"https:\/\/eryckveziau.com\/en\/author\/14497\/\"}]}<\/script>\n<!-- \/ Yoast SEO plugin. -->","yoast_head_json":{"title":"| ERYCK V\u00c9ZIAU, COURTIER IMMOBILIER LAVAL, COURTIER IMMOBILIER STE-DOROTH\u00c9E, MAISON \u00c0 VENDRE LAVAL, AGENT IMMOBILIER STE-DOROTH\u00c9E","description":"\u00abOn revient \u00e0 un march\u00e9 un peu plus \u00e9quilibr\u00e9\u00bb","robots":{"index":"index","follow":"follow","max-snippet":"max-snippet:-1","max-image-preview":"max-image-preview:large","max-video-preview":"max-video-preview:-1"},"canonical":"https:\/\/eryckveziau.com\/immobilier\/baisse-de-la-valeur-des-maisons-eryck-veziau-courtier-immobilier\/","og_locale":"en_US","og_type":"article","og_title":"| ERYCK V\u00c9ZIAU, COURTIER IMMOBILIER LAVAL, COURTIER IMMOBILIER STE-DOROTH\u00c9E, MAISON \u00c0 VENDRE LAVAL, AGENT IMMOBILIER STE-DOROTH\u00c9E","og_description":"\u00abOn revient \u00e0 un march\u00e9 un peu plus \u00e9quilibr\u00e9\u00bb","og_url":"https:\/\/eryckveziau.com\/immobilier\/baisse-de-la-valeur-des-maisons-eryck-veziau-courtier-immobilier\/","og_site_name":"ERYCK V\u00c9ZIAU, COURTIER IMMOBILIER LAVAL, COURTIER IMMOBILIER STE-DOROTH\u00c9E, MAISON \u00c0 VENDRE LAVAL, AGENT IMMOBILIER STE-DOROTH\u00c9E","article_publisher":"https:\/\/www.facebook.com\/EryckVeziau.courtier.immobilier.ReMax.Laval","article_published_time":"2022-08-25T12:31:01+00:00","article_modified_time":"2022-08-25T12:38:44+00:00","og_image":[{"width":1200,"height":627,"url":"https:\/\/eryckveziau.com\/files\/shared\/newsroom\/6620\/0IHaOD6BerfmGaJCn0qc5de7ca7084c44407842340210a300011Mw7QAroAVqVAnonQ9M1V.jpg","type":"image\/jpeg"}],"author":"ERYCK V\u00c9ZIAU COURTIER IMMOBILIER LAVAL,COURTIER IMMOBILIER STE-DOROTH\u00c9E,MAISON \u00c0 VENDRE LAVAL,AGENT IMMOBILIER STE-DOROTH\u00c9E","twitter_card":"summary_large_image","twitter_misc":{"Written by":"ERYCK V\u00c9ZIAU COURTIER IMMOBILIER LAVAL,COURTIER IMMOBILIER STE-DOROTH\u00c9E,MAISON \u00c0 VENDRE LAVAL,AGENT IMMOBILIER STE-DOROTH\u00c9E","Est. reading time":"1 minute"},"schema":{"@context":"https:\/\/schema.org","@graph":[{"@type":"Article","@id":"https:\/\/eryckveziau.com\/immobilier\/baisse-de-la-valeur-des-maisons-eryck-veziau-courtier-immobilier\/#article","isPartOf":{"@id":"https:\/\/eryckveziau.com\/immobilier\/baisse-de-la-valeur-des-maisons-eryck-veziau-courtier-immobilier\/"},"author":{"name":"ERYCK V\u00c9ZIAU COURTIER IMMOBILIER LAVAL,COURTIER IMMOBILIER STE-DOROTH\u00c9E,MAISON \u00c0 VENDRE LAVAL,AGENT IMMOBILIER STE-DOROTH\u00c9E","@id":"https:\/\/eryckveziau.com\/en\/#\/schema\/person\/89ff47cf6f95211fdeae055c69df6d8a"},"headline":"Baisse de la valeur des maisons","datePublished":"2022-08-25T12:31:01+00:00","dateModified":"2022-08-25T12:38:44+00:00","mainEntityOfPage":{"@id":"https:\/\/eryckveziau.com\/immobilier\/baisse-de-la-valeur-des-maisons-eryck-veziau-courtier-immobilier\/"},"wordCount":240,"publisher":{"@id":"https:\/\/eryckveziau.com\/en\/#organization"},"image":{"@id":"https:\/\/eryckveziau.com\/immobilier\/baisse-de-la-valeur-des-maisons-eryck-veziau-courtier-immobilier\/#primaryimage"},"thumbnailUrl":"https:\/\/eryckveziau.com\/files\/shared\/newsroom\/6620\/0IHaOD6BerfmGaJCn0qc5de7ca7084c44407842340210a300011Mw7QAroAVqVAnonQ9M1V.jpg","keywords":["agent immobilier rive-nord","condo a vendre ste-doroth\u00e9e","Courtier immobilier laval","Houses for sale Laval Ste-Dorothee","mls laval","mls.ca laval","Real estate broker ste-dorothee"],"articleSection":["Immobilier"],"inLanguage":"en-US"},{"@type":"WebPage","@id":"https:\/\/eryckveziau.com\/immobilier\/baisse-de-la-valeur-des-maisons-eryck-veziau-courtier-immobilier\/","url":"https:\/\/eryckveziau.com\/immobilier\/baisse-de-la-valeur-des-maisons-eryck-veziau-courtier-immobilier\/","name":"| ERYCK V\u00c9ZIAU, COURTIER IMMOBILIER LAVAL, COURTIER IMMOBILIER STE-DOROTH\u00c9E, MAISON \u00c0 VENDRE LAVAL, AGENT IMMOBILIER STE-DOROTH\u00c9E","isPartOf":{"@id":"https:\/\/eryckveziau.com\/en\/#website"},"primaryImageOfPage":{"@id":"https:\/\/eryckveziau.com\/immobilier\/baisse-de-la-valeur-des-maisons-eryck-veziau-courtier-immobilier\/#primaryimage"},"image":{"@id":"https:\/\/eryckveziau.com\/immobilier\/baisse-de-la-valeur-des-maisons-eryck-veziau-courtier-immobilier\/#primaryimage"},"thumbnailUrl":"https:\/\/eryckveziau.com\/files\/shared\/newsroom\/6620\/0IHaOD6BerfmGaJCn0qc5de7ca7084c44407842340210a300011Mw7QAroAVqVAnonQ9M1V.jpg","datePublished":"2022-08-25T12:31:01+00:00","dateModified":"2022-08-25T12:38:44+00:00","description":"\u00abOn revient \u00e0 un march\u00e9 un peu plus \u00e9quilibr\u00e9\u00bb","breadcrumb":{"@id":"https:\/\/eryckveziau.com\/immobilier\/baisse-de-la-valeur-des-maisons-eryck-veziau-courtier-immobilier\/#breadcrumb"},"inLanguage":"en-US","potentialAction":[{"@type":"ReadAction","target":["https:\/\/eryckveziau.com\/immobilier\/baisse-de-la-valeur-des-maisons-eryck-veziau-courtier-immobilier\/"]}]},{"@type":"ImageObject","inLanguage":"en-US","@id":"https:\/\/eryckveziau.com\/immobilier\/baisse-de-la-valeur-des-maisons-eryck-veziau-courtier-immobilier\/#primaryimage","url":"https:\/\/eryckveziau.com\/files\/shared\/newsroom\/6620\/0IHaOD6BerfmGaJCn0qc5de7ca7084c44407842340210a300011Mw7QAroAVqVAnonQ9M1V.jpg","contentUrl":"https:\/\/eryckveziau.com\/files\/shared\/newsroom\/6620\/0IHaOD6BerfmGaJCn0qc5de7ca7084c44407842340210a300011Mw7QAroAVqVAnonQ9M1V.jpg","width":1200,"height":627},{"@type":"BreadcrumbList","@id":"https:\/\/eryckveziau.com\/immobilier\/baisse-de-la-valeur-des-maisons-eryck-veziau-courtier-immobilier\/#breadcrumb","itemListElement":[{"@type":"ListItem","position":1,"name":"Accueil","item":"https:\/\/eryckveziau.com\/en\/"},{"@type":"ListItem","position":2,"name":"Baisse de la valeur des maisons"}]},{"@type":"WebSite","@id":"https:\/\/eryckveziau.com\/en\/#website","url":"https:\/\/eryckveziau.com\/en\/","name":"ERYCK V\u00c9ZIAU, COURTIER IMMOBILIER LAVAL, COURTIER IMMOBILIER STE-DOROTH\u00c9E, MAISON \u00c0 VENDRE LAVAL, AGENT IMMOBILIER STE-DOROTH\u00c9E","description":"","publisher":{"@id":"https:\/\/eryckveziau.com\/en\/#organization"},"potentialAction":[{"@type":"SearchAction","target":{"@type":"EntryPoint","urlTemplate":"https:\/\/eryckveziau.com\/en\/?s={search_term_string}"},"query-input":{"@type":"PropertyValueSpecification","valueRequired":true,"valueName":"search_term_string"}}],"inLanguage":"en-US"},{"@type":"Organization","@id":"https:\/\/eryckveziau.com\/en\/#organization","name":"Eryck V\u00e9ziau RE\/MAX","url":"https:\/\/eryckveziau.com\/en\/","logo":{"@type":"ImageObject","inLanguage":"en-US","@id":"https:\/\/eryckveziau.com\/en\/#\/schema\/logo\/image\/","url":"https:\/\/eryckveziau.com\/files\/2022\/09\/PartageEveziau.png","contentUrl":"https:\/\/eryckveziau.com\/files\/2022\/09\/PartageEveziau.png","width":924,"height":454,"caption":"Eryck V\u00e9ziau RE\/MAX"},"image":{"@id":"https:\/\/eryckveziau.com\/en\/#\/schema\/logo\/image\/"},"sameAs":["https:\/\/www.facebook.com\/EryckVeziau.courtier.immobilier.ReMax.Laval","https:\/\/www.instagram.com\/eryck_veziau_remax\/","https:\/\/www.linkedin.com\/in\/eryck-v\u00e9ziau-6a445134\/","https:\/\/www.youtube.com\/user\/eveziau"]},{"@type":"Person","@id":"https:\/\/eryckveziau.com\/en\/#\/schema\/person\/89ff47cf6f95211fdeae055c69df6d8a","name":"ERYCK V\u00c9ZIAU COURTIER IMMOBILIER LAVAL,COURTIER IMMOBILIER STE-DOROTH\u00c9E,MAISON \u00c0 VENDRE LAVAL,AGENT IMMOBILIER STE-DOROTH\u00c9E","image":{"@type":"ImageObject","inLanguage":"en-US","@id":"https:\/\/eryckveziau.com\/en\/#\/schema\/person\/image\/","url":"https:\/\/secure.gravatar.com\/avatar\/1ff1317def8de13459788d21b92b8349d9bff8a1af6697e8a58c46acf60d787f?s=96&d=mm&r=g","contentUrl":"https:\/\/secure.gravatar.com\/avatar\/1ff1317def8de13459788d21b92b8349d9bff8a1af6697e8a58c46acf60d787f?s=96&d=mm&r=g","caption":"ERYCK V\u00c9ZIAU COURTIER IMMOBILIER LAVAL,COURTIER IMMOBILIER STE-DOROTH\u00c9E,MAISON \u00c0 VENDRE LAVAL,AGENT IMMOBILIER STE-DOROTH\u00c9E"},"description":"Faites confiance \u00e0 un courtier immobilier qui a fait ses preuves et qui sera vraiment l\u00e0 pour vous! Eryck V\u00e9ziau se d\u00e9marque par son approche dynamique et sa mise en march\u00e9 puissante et pro-active. En plus d'\u00eatre pr\u00e9sente sur plus de 10 sites internet diff\u00e9rents et d'\u00eatre publi\u00e9e dans diff\u00e9rents imprim\u00e9s votre propri\u00e9t\u00e9 est pr\u00e9sent\u00e9e \u00e0 de nombreux clients potentiels personnellement et ce chaques semaines. Sa connaissance du march\u00e9 et son professionnalisme en font sa renomm\u00e9e. B\u00e9n\u00e9ficiez en plus, de l'excellente visibilit\u00e9 et de la renomm\u00e9 de RE\/MAX la plus importante banni\u00e8re au monde! Bien appuy\u00e9 par son \u00e9quipe de professionnels (notaires, arpenteurs,courtiers hypoth\u00e9caire,avocats, conseillers financier...) vous serez servi sans aucun souci par des gens comp\u00e9tents. Vos attentes et vos r\u00eaves seront \u00e9cout\u00e9s et surtout compris afin que vos objectifs soient r\u00e9alis\u00e9s! Eryck V\u00e9ziau vous offre en prime la garantie Tranquili-T, offerte autant pour les clients-vendeurs que pour les clients-acheteurs! Le march\u00e9 \u00e9volue, votre courtier doit suivre... Contactez-moi pour une \u00e9valuation gratuite de votre propri\u00e9t\u00e9 ou pour un envoi sans frais des maisons list\u00e9es dans votre secteur.","sameAs":["http:\/\/www.eryckveziau.com"],"url":"https:\/\/eryckveziau.com\/en\/author\/14497\/"}]}},"_links":{"self":[{"href":"https:\/\/eryckveziau.com\/en\/wp-json\/wp\/v2\/posts\/5625","targetHints":{"allow":["GET"]}}],"collection":[{"href":"https:\/\/eryckveziau.com\/en\/wp-json\/wp\/v2\/posts"}],"about":[{"href":"https:\/\/eryckveziau.com\/en\/wp-json\/wp\/v2\/types\/post"}],"author":[{"embeddable":true,"href":"https:\/\/eryckveziau.com\/en\/wp-json\/wp\/v2\/users\/560"}],"replies":[{"embeddable":true,"href":"https:\/\/eryckveziau.com\/en\/wp-json\/wp\/v2\/comments?post=5625"}],"version-history":[{"count":1,"href":"https:\/\/eryckveziau.com\/en\/wp-json\/wp\/v2\/posts\/5625\/revisions"}],"predecessor-version":[{"id":5628,"href":"https:\/\/eryckveziau.com\/en\/wp-json\/wp\/v2\/posts\/5625\/revisions\/5628"}],"wp:featuredmedia":[{"embeddable":true,"href":"https:\/\/eryckveziau.com\/en\/wp-json\/wp\/v2\/media\/5410"}],"wp:attachment":[{"href":"https:\/\/eryckveziau.com\/en\/wp-json\/wp\/v2\/media?parent=5625"}],"wp:term":[{"taxonomy":"category","embeddable":true,"href":"https:\/\/eryckveziau.com\/en\/wp-json\/wp\/v2\/categories?post=5625"},{"taxonomy":"post_tag","embeddable":true,"href":"https:\/\/eryckveziau.com\/en\/wp-json\/wp\/v2\/tags?post=5625"}],"curies":[{"name":"wp","href":"https:\/\/api.w.org\/{rel}","templated":true}]}}