{"id":5602,"date":"2022-04-07T09:02:01","date_gmt":"2022-04-07T13:02:01","guid":{"rendered":"https:\/\/eryckveziau.com\/?p=5602"},"modified":"2022-12-20T08:45:02","modified_gmt":"2022-12-20T13:45:02","slug":"5602","status":"publish","type":"post","link":"https:\/\/eryckveziau.com\/en\/immobilier\/5602\/","title":{"rendered":"La hausse des prix de l\u2019immobilier r\u00e9sidentiel tire \u00e0 sa fin, avance l\u2019APCIQ"},"content":{"rendered":"\n<figure class=\"wp-block-image\"><a href=\"https:\/\/www.lesaffaires.com\/\"><img decoding=\"async\" src=\"https:\/\/www.lesaffaires.com\/images\/logo_site_lesaffaires.png\" alt=\"lesaffaires\" \/><\/a><\/figure>\n\n\n\n<p>La hausse des prix de l\u2019immobilier r\u00e9sidentiel tire \u00e0 sa fin, avance l\u2019APCIQ<\/p>\n\n\n\n<p><strong>La pouss\u00e9e de prix de l\u2019immobilier r\u00e9sidentiel de 17% observ\u00e9e en mars dans la grande r\u00e9gion m\u00e9tropolitaine tire \u00e0 sa fin, estime l\u2019Association professionnelle des courtiers immobiliers du Qu\u00e9bec (APCIQ).<\/strong><\/p>\n\n\n\n<p>L\u2019organisme remarque que les prix ont encore progress\u00e9 de fa\u00e7on \u00abvigoureuse\u00bb. .<\/p>\n\n\n\n<p>Voici un article int\u00e9ressant sur la hausse des prix de l\u2019immobilier r\u00e9sidentiel  r\u00e9dig\u00e9 par CHARLES POULIN du Journal Les affaires. Toutefois, celui-ci est \u00e9crite qu&#8217;en fran\u00e7ais. Si vous d\u00e9sirez le lire, vous pouvez le faire en cliquant ici: <a href=\"https:\/\/www.lesaffaires.com\/secteurs-d-activite\/immobilier\/la-hausse-des-prix-de-limmobilier-residentiel-tire-a-sa-fin-avance-lapciq\/632057\" target=\"_blank\" rel=\"noreferrer noopener\">LIRE LA SUITE<\/a><\/p>\n\n\n\n<p>\u00abCette nouvelle pouss\u00e9e de fi\u00e8vre, sur fond de surench\u00e8re, pourrait \u00eatre une des toutes derni\u00e8res, avance dans un communiqu\u00e9 le directeur du Service de l\u2019analyse de march\u00e9 \u00e0 l\u2019APCIQ, Charles Brant. <\/p>\n\n\n\n<p><\/p>\n","protected":false},"excerpt":{"rendered":"<p>La hausse des prix de l\u2019immobilier r\u00e9sidentiel tire \u00e0 sa fin, avance l\u2019APCIQ La pouss\u00e9e de prix de l\u2019immobilier r\u00e9sidentiel de 17% observ\u00e9e en mars dans la grande r\u00e9gion m\u00e9tropolitaine tire \u00e0 sa fin, estime l\u2019Association professionnelle des courtiers immobiliers du Qu\u00e9bec (APCIQ). L\u2019organisme remarque que les prix ont encore progress\u00e9 de fa\u00e7on \u00abvigoureuse\u00bb. . [&hellip;]<\/p>\n","protected":false},"author":560,"featured_media":5445,"comment_status":"closed","ping_status":"closed","sticky":false,"template":"","format":"standard","meta":{"_acf_changed":false,"footnotes":""},"categories":[52,63],"tags":[20,18,12,6,31,32,38],"class_list":["post-5602","post","type-post","status-publish","format-standard","hentry","category-immobilier","category-nouvelles","tag-agent-immobilier-rive-nord","tag-condo-a-vendre-ste-dorothee","tag-courtier-immobilier-laval","tag-maison-a-vendre-laval-et-ste-dorothee","tag-mls-laval","tag-mls-ca-laval","tag-real-estate-broker-ste-dorothee"],"acf":[],"yoast_head":"<!-- This site is optimized with the Yoast SEO plugin v26.7 - https:\/\/yoast.com\/wordpress\/plugins\/seo\/ -->\n<title>La hausse des prix | Eryck V\u00e9ziau, courtier immobilier<\/title>\n<meta name=\"description\" content=\": La pouss\u00e9e de prix de l\u2019immobilier r\u00e9sidentiel de 17% observ\u00e9e en mars dans la grande r\u00e9gion m\u00e9tropolitaine tire \u00e0 sa fin. (APCIQ).\" \/>\n<meta name=\"robots\" content=\"index, follow, max-snippet:-1, max-image-preview:large, max-video-preview:-1\" \/>\n<link rel=\"canonical\" href=\"https:\/\/eryckveziau.com\/\" \/>\n<meta property=\"og:locale\" content=\"en_US\" \/>\n<meta property=\"og:type\" content=\"article\" \/>\n<meta property=\"og:title\" content=\"La hausse des prix | Eryck V\u00e9ziau, courtier immobilier\" \/>\n<meta property=\"og:description\" content=\": La pouss\u00e9e de prix de l\u2019immobilier r\u00e9sidentiel de 17% observ\u00e9e en mars dans la grande r\u00e9gion m\u00e9tropolitaine tire \u00e0 sa fin. (APCIQ).\" \/>\n<meta property=\"og:url\" content=\"https:\/\/eryckveziau.com\/\" \/>\n<meta property=\"og:site_name\" content=\"ERYCK V\u00c9ZIAU, COURTIER IMMOBILIER LAVAL, COURTIER IMMOBILIER STE-DOROTH\u00c9E, MAISON \u00c0 VENDRE LAVAL, AGENT IMMOBILIER STE-DOROTH\u00c9E\" \/>\n<meta property=\"article:publisher\" content=\"https:\/\/www.facebook.com\/EryckVeziau.courtier.immobilier.ReMax.Laval\" \/>\n<meta property=\"article:published_time\" content=\"2022-04-07T13:02:01+00:00\" \/>\n<meta property=\"article:modified_time\" content=\"2022-12-20T13:45:02+00:00\" \/>\n<meta property=\"og:image\" content=\"https:\/\/eryckveziau.com\/files\/shared\/newsroom\/6647\/tItPMn3r0cjqfp1uqyHV5e441b5d4c8c4f47a6054fa10a300207BaeYqBiMyMRkh4AHVEbR.jpg\" \/>\n\t<meta property=\"og:image:width\" content=\"1200\" \/>\n\t<meta property=\"og:image:height\" content=\"627\" \/>\n\t<meta property=\"og:image:type\" content=\"image\/jpeg\" \/>\n<meta name=\"author\" content=\"ERYCK V\u00c9ZIAU COURTIER IMMOBILIER LAVAL,COURTIER IMMOBILIER STE-DOROTH\u00c9E,MAISON \u00c0 VENDRE LAVAL,AGENT IMMOBILIER STE-DOROTH\u00c9E\" \/>\n<meta name=\"twitter:card\" content=\"summary_large_image\" \/>\n<meta name=\"twitter:label1\" content=\"Written by\" \/>\n\t<meta name=\"twitter:data1\" content=\"ERYCK V\u00c9ZIAU COURTIER IMMOBILIER LAVAL,COURTIER IMMOBILIER STE-DOROTH\u00c9E,MAISON \u00c0 VENDRE LAVAL,AGENT IMMOBILIER STE-DOROTH\u00c9E\" \/>\n\t<meta name=\"twitter:label2\" content=\"Est. reading time\" \/>\n\t<meta name=\"twitter:data2\" content=\"1 minute\" \/>\n<script type=\"application\/ld+json\" class=\"yoast-schema-graph\">{\"@context\":\"https:\/\/schema.org\",\"@graph\":[{\"@type\":\"Article\",\"@id\":\"https:\/\/eryckveziau.com\/#article\",\"isPartOf\":{\"@id\":\"https:\/\/eryckveziau.com\/immobilier\/5602\/\"},\"author\":{\"name\":\"ERYCK V\u00c9ZIAU COURTIER IMMOBILIER LAVAL,COURTIER IMMOBILIER STE-DOROTH\u00c9E,MAISON \u00c0 VENDRE LAVAL,AGENT IMMOBILIER STE-DOROTH\u00c9E\",\"@id\":\"https:\/\/eryckveziau.com\/en\/#\/schema\/person\/89ff47cf6f95211fdeae055c69df6d8a\"},\"headline\":\"La hausse des prix de l\u2019immobilier r\u00e9sidentiel tire \u00e0 sa fin, avance l\u2019APCIQ\",\"datePublished\":\"2022-04-07T13:02:01+00:00\",\"dateModified\":\"2022-12-20T13:45:02+00:00\",\"mainEntityOfPage\":{\"@id\":\"https:\/\/eryckveziau.com\/immobilier\/5602\/\"},\"wordCount\":163,\"publisher\":{\"@id\":\"https:\/\/eryckveziau.com\/en\/#organization\"},\"image\":{\"@id\":\"https:\/\/eryckveziau.com\/#primaryimage\"},\"thumbnailUrl\":\"https:\/\/eryckveziau.com\/files\/shared\/newsroom\/6647\/tItPMn3r0cjqfp1uqyHV5e441b5d4c8c4f47a6054fa10a300207BaeYqBiMyMRkh4AHVEbR.jpg\",\"keywords\":[\"agent immobilier rive-nord\",\"condo a vendre ste-doroth\u00e9e\",\"Courtier immobilier laval\",\"Houses for sale Laval Ste-Dorothee\",\"mls laval\",\"mls.ca laval\",\"Real estate broker ste-dorothee\"],\"articleSection\":[\"Immobilier\",\"Nouvelles\"],\"inLanguage\":\"en-US\"},{\"@type\":\"WebPage\",\"@id\":\"https:\/\/eryckveziau.com\/immobilier\/5602\/\",\"url\":\"https:\/\/eryckveziau.com\/\",\"name\":\"La hausse des prix | Eryck V\u00e9ziau, courtier immobilier\",\"isPartOf\":{\"@id\":\"https:\/\/eryckveziau.com\/en\/#website\"},\"primaryImageOfPage\":{\"@id\":\"https:\/\/eryckveziau.com\/#primaryimage\"},\"image\":{\"@id\":\"https:\/\/eryckveziau.com\/#primaryimage\"},\"thumbnailUrl\":\"https:\/\/eryckveziau.com\/files\/shared\/newsroom\/6647\/tItPMn3r0cjqfp1uqyHV5e441b5d4c8c4f47a6054fa10a300207BaeYqBiMyMRkh4AHVEbR.jpg\",\"datePublished\":\"2022-04-07T13:02:01+00:00\",\"dateModified\":\"2022-12-20T13:45:02+00:00\",\"description\":\": La pouss\u00e9e de prix de l\u2019immobilier r\u00e9sidentiel de 17% observ\u00e9e en mars dans la grande r\u00e9gion m\u00e9tropolitaine tire \u00e0 sa fin. (APCIQ).\",\"breadcrumb\":{\"@id\":\"https:\/\/eryckveziau.com\/#breadcrumb\"},\"inLanguage\":\"en-US\",\"potentialAction\":[{\"@type\":\"ReadAction\",\"target\":[\"https:\/\/eryckveziau.com\/\"]}]},{\"@type\":\"ImageObject\",\"inLanguage\":\"en-US\",\"@id\":\"https:\/\/eryckveziau.com\/#primaryimage\",\"url\":\"https:\/\/eryckveziau.com\/files\/shared\/newsroom\/6647\/tItPMn3r0cjqfp1uqyHV5e441b5d4c8c4f47a6054fa10a300207BaeYqBiMyMRkh4AHVEbR.jpg\",\"contentUrl\":\"https:\/\/eryckveziau.com\/files\/shared\/newsroom\/6647\/tItPMn3r0cjqfp1uqyHV5e441b5d4c8c4f47a6054fa10a300207BaeYqBiMyMRkh4AHVEbR.jpg\",\"width\":1200,\"height\":627},{\"@type\":\"BreadcrumbList\",\"@id\":\"https:\/\/eryckveziau.com\/#breadcrumb\",\"itemListElement\":[{\"@type\":\"ListItem\",\"position\":1,\"name\":\"Accueil\",\"item\":\"https:\/\/eryckveziau.com\/en\/\"},{\"@type\":\"ListItem\",\"position\":2,\"name\":\"La hausse des prix de l\u2019immobilier r\u00e9sidentiel tire \u00e0 sa fin, avance l\u2019APCIQ\"}]},{\"@type\":\"WebSite\",\"@id\":\"https:\/\/eryckveziau.com\/en\/#website\",\"url\":\"https:\/\/eryckveziau.com\/en\/\",\"name\":\"ERYCK V\u00c9ZIAU, COURTIER IMMOBILIER LAVAL, COURTIER IMMOBILIER STE-DOROTH\u00c9E, MAISON \u00c0 VENDRE LAVAL, AGENT IMMOBILIER STE-DOROTH\u00c9E\",\"description\":\"\",\"publisher\":{\"@id\":\"https:\/\/eryckveziau.com\/en\/#organization\"},\"potentialAction\":[{\"@type\":\"SearchAction\",\"target\":{\"@type\":\"EntryPoint\",\"urlTemplate\":\"https:\/\/eryckveziau.com\/en\/?s={search_term_string}\"},\"query-input\":{\"@type\":\"PropertyValueSpecification\",\"valueRequired\":true,\"valueName\":\"search_term_string\"}}],\"inLanguage\":\"en-US\"},{\"@type\":\"Organization\",\"@id\":\"https:\/\/eryckveziau.com\/en\/#organization\",\"name\":\"Eryck V\u00e9ziau RE\/MAX\",\"url\":\"https:\/\/eryckveziau.com\/en\/\",\"logo\":{\"@type\":\"ImageObject\",\"inLanguage\":\"en-US\",\"@id\":\"https:\/\/eryckveziau.com\/en\/#\/schema\/logo\/image\/\",\"url\":\"https:\/\/eryckveziau.com\/files\/2022\/09\/PartageEveziau.png\",\"contentUrl\":\"https:\/\/eryckveziau.com\/files\/2022\/09\/PartageEveziau.png\",\"width\":924,\"height\":454,\"caption\":\"Eryck V\u00e9ziau RE\/MAX\"},\"image\":{\"@id\":\"https:\/\/eryckveziau.com\/en\/#\/schema\/logo\/image\/\"},\"sameAs\":[\"https:\/\/www.facebook.com\/EryckVeziau.courtier.immobilier.ReMax.Laval\",\"https:\/\/www.instagram.com\/eryck_veziau_remax\/\",\"https:\/\/www.linkedin.com\/in\/eryck-v\u00e9ziau-6a445134\/\",\"https:\/\/www.youtube.com\/user\/eveziau\"]},{\"@type\":\"Person\",\"@id\":\"https:\/\/eryckveziau.com\/en\/#\/schema\/person\/89ff47cf6f95211fdeae055c69df6d8a\",\"name\":\"ERYCK V\u00c9ZIAU COURTIER IMMOBILIER LAVAL,COURTIER IMMOBILIER STE-DOROTH\u00c9E,MAISON \u00c0 VENDRE LAVAL,AGENT IMMOBILIER STE-DOROTH\u00c9E\",\"image\":{\"@type\":\"ImageObject\",\"inLanguage\":\"en-US\",\"@id\":\"https:\/\/eryckveziau.com\/en\/#\/schema\/person\/image\/\",\"url\":\"https:\/\/secure.gravatar.com\/avatar\/1ff1317def8de13459788d21b92b8349d9bff8a1af6697e8a58c46acf60d787f?s=96&d=mm&r=g\",\"contentUrl\":\"https:\/\/secure.gravatar.com\/avatar\/1ff1317def8de13459788d21b92b8349d9bff8a1af6697e8a58c46acf60d787f?s=96&d=mm&r=g\",\"caption\":\"ERYCK V\u00c9ZIAU COURTIER IMMOBILIER LAVAL,COURTIER IMMOBILIER STE-DOROTH\u00c9E,MAISON \u00c0 VENDRE LAVAL,AGENT IMMOBILIER STE-DOROTH\u00c9E\"},\"description\":\"Faites confiance \u00e0 un courtier immobilier qui a fait ses preuves et qui sera vraiment l\u00e0 pour vous! Eryck V\u00e9ziau se d\u00e9marque par son approche dynamique et sa mise en march\u00e9 puissante et pro-active. En plus d'\u00eatre pr\u00e9sente sur plus de 10 sites internet diff\u00e9rents et d'\u00eatre publi\u00e9e dans diff\u00e9rents imprim\u00e9s votre propri\u00e9t\u00e9 est pr\u00e9sent\u00e9e \u00e0 de nombreux clients potentiels personnellement et ce chaques semaines. Sa connaissance du march\u00e9 et son professionnalisme en font sa renomm\u00e9e. B\u00e9n\u00e9ficiez en plus, de l'excellente visibilit\u00e9 et de la renomm\u00e9 de RE\/MAX la plus importante banni\u00e8re au monde! Bien appuy\u00e9 par son \u00e9quipe de professionnels (notaires, arpenteurs,courtiers hypoth\u00e9caire,avocats, conseillers financier...) vous serez servi sans aucun souci par des gens comp\u00e9tents. Vos attentes et vos r\u00eaves seront \u00e9cout\u00e9s et surtout compris afin que vos objectifs soient r\u00e9alis\u00e9s! Eryck V\u00e9ziau vous offre en prime la garantie Tranquili-T, offerte autant pour les clients-vendeurs que pour les clients-acheteurs! Le march\u00e9 \u00e9volue, votre courtier doit suivre... Contactez-moi pour une \u00e9valuation gratuite de votre propri\u00e9t\u00e9 ou pour un envoi sans frais des maisons list\u00e9es dans votre secteur.\",\"sameAs\":[\"http:\/\/www.eryckveziau.com\"],\"url\":\"https:\/\/eryckveziau.com\/en\/author\/14497\/\"}]}<\/script>\n<!-- \/ Yoast SEO plugin. -->","yoast_head_json":{"title":"La hausse des prix | Eryck V\u00e9ziau, courtier immobilier","description":": La pouss\u00e9e de prix de l\u2019immobilier r\u00e9sidentiel de 17% observ\u00e9e en mars dans la grande r\u00e9gion m\u00e9tropolitaine tire \u00e0 sa fin. (APCIQ).","robots":{"index":"index","follow":"follow","max-snippet":"max-snippet:-1","max-image-preview":"max-image-preview:large","max-video-preview":"max-video-preview:-1"},"canonical":"https:\/\/eryckveziau.com\/","og_locale":"en_US","og_type":"article","og_title":"La hausse des prix | Eryck V\u00e9ziau, courtier immobilier","og_description":": La pouss\u00e9e de prix de l\u2019immobilier r\u00e9sidentiel de 17% observ\u00e9e en mars dans la grande r\u00e9gion m\u00e9tropolitaine tire \u00e0 sa fin. (APCIQ).","og_url":"https:\/\/eryckveziau.com\/","og_site_name":"ERYCK V\u00c9ZIAU, COURTIER IMMOBILIER LAVAL, COURTIER IMMOBILIER STE-DOROTH\u00c9E, MAISON \u00c0 VENDRE LAVAL, AGENT IMMOBILIER STE-DOROTH\u00c9E","article_publisher":"https:\/\/www.facebook.com\/EryckVeziau.courtier.immobilier.ReMax.Laval","article_published_time":"2022-04-07T13:02:01+00:00","article_modified_time":"2022-12-20T13:45:02+00:00","og_image":[{"width":1200,"height":627,"url":"https:\/\/eryckveziau.com\/files\/shared\/newsroom\/6647\/tItPMn3r0cjqfp1uqyHV5e441b5d4c8c4f47a6054fa10a300207BaeYqBiMyMRkh4AHVEbR.jpg","type":"image\/jpeg"}],"author":"ERYCK V\u00c9ZIAU COURTIER IMMOBILIER LAVAL,COURTIER IMMOBILIER STE-DOROTH\u00c9E,MAISON \u00c0 VENDRE LAVAL,AGENT IMMOBILIER STE-DOROTH\u00c9E","twitter_card":"summary_large_image","twitter_misc":{"Written by":"ERYCK V\u00c9ZIAU COURTIER IMMOBILIER LAVAL,COURTIER IMMOBILIER STE-DOROTH\u00c9E,MAISON \u00c0 VENDRE LAVAL,AGENT IMMOBILIER STE-DOROTH\u00c9E","Est. reading time":"1 minute"},"schema":{"@context":"https:\/\/schema.org","@graph":[{"@type":"Article","@id":"https:\/\/eryckveziau.com\/#article","isPartOf":{"@id":"https:\/\/eryckveziau.com\/immobilier\/5602\/"},"author":{"name":"ERYCK V\u00c9ZIAU COURTIER IMMOBILIER LAVAL,COURTIER IMMOBILIER STE-DOROTH\u00c9E,MAISON \u00c0 VENDRE LAVAL,AGENT IMMOBILIER STE-DOROTH\u00c9E","@id":"https:\/\/eryckveziau.com\/en\/#\/schema\/person\/89ff47cf6f95211fdeae055c69df6d8a"},"headline":"La hausse des prix de l\u2019immobilier r\u00e9sidentiel tire \u00e0 sa fin, avance l\u2019APCIQ","datePublished":"2022-04-07T13:02:01+00:00","dateModified":"2022-12-20T13:45:02+00:00","mainEntityOfPage":{"@id":"https:\/\/eryckveziau.com\/immobilier\/5602\/"},"wordCount":163,"publisher":{"@id":"https:\/\/eryckveziau.com\/en\/#organization"},"image":{"@id":"https:\/\/eryckveziau.com\/#primaryimage"},"thumbnailUrl":"https:\/\/eryckveziau.com\/files\/shared\/newsroom\/6647\/tItPMn3r0cjqfp1uqyHV5e441b5d4c8c4f47a6054fa10a300207BaeYqBiMyMRkh4AHVEbR.jpg","keywords":["agent immobilier rive-nord","condo a vendre ste-doroth\u00e9e","Courtier immobilier laval","Houses for sale Laval Ste-Dorothee","mls laval","mls.ca laval","Real estate broker ste-dorothee"],"articleSection":["Immobilier","Nouvelles"],"inLanguage":"en-US"},{"@type":"WebPage","@id":"https:\/\/eryckveziau.com\/immobilier\/5602\/","url":"https:\/\/eryckveziau.com\/","name":"La hausse des prix | Eryck V\u00e9ziau, courtier immobilier","isPartOf":{"@id":"https:\/\/eryckveziau.com\/en\/#website"},"primaryImageOfPage":{"@id":"https:\/\/eryckveziau.com\/#primaryimage"},"image":{"@id":"https:\/\/eryckveziau.com\/#primaryimage"},"thumbnailUrl":"https:\/\/eryckveziau.com\/files\/shared\/newsroom\/6647\/tItPMn3r0cjqfp1uqyHV5e441b5d4c8c4f47a6054fa10a300207BaeYqBiMyMRkh4AHVEbR.jpg","datePublished":"2022-04-07T13:02:01+00:00","dateModified":"2022-12-20T13:45:02+00:00","description":": La pouss\u00e9e de prix de l\u2019immobilier r\u00e9sidentiel de 17% observ\u00e9e en mars dans la grande r\u00e9gion m\u00e9tropolitaine tire \u00e0 sa fin. (APCIQ).","breadcrumb":{"@id":"https:\/\/eryckveziau.com\/#breadcrumb"},"inLanguage":"en-US","potentialAction":[{"@type":"ReadAction","target":["https:\/\/eryckveziau.com\/"]}]},{"@type":"ImageObject","inLanguage":"en-US","@id":"https:\/\/eryckveziau.com\/#primaryimage","url":"https:\/\/eryckveziau.com\/files\/shared\/newsroom\/6647\/tItPMn3r0cjqfp1uqyHV5e441b5d4c8c4f47a6054fa10a300207BaeYqBiMyMRkh4AHVEbR.jpg","contentUrl":"https:\/\/eryckveziau.com\/files\/shared\/newsroom\/6647\/tItPMn3r0cjqfp1uqyHV5e441b5d4c8c4f47a6054fa10a300207BaeYqBiMyMRkh4AHVEbR.jpg","width":1200,"height":627},{"@type":"BreadcrumbList","@id":"https:\/\/eryckveziau.com\/#breadcrumb","itemListElement":[{"@type":"ListItem","position":1,"name":"Accueil","item":"https:\/\/eryckveziau.com\/en\/"},{"@type":"ListItem","position":2,"name":"La hausse des prix de l\u2019immobilier r\u00e9sidentiel tire \u00e0 sa fin, avance l\u2019APCIQ"}]},{"@type":"WebSite","@id":"https:\/\/eryckveziau.com\/en\/#website","url":"https:\/\/eryckveziau.com\/en\/","name":"ERYCK V\u00c9ZIAU, COURTIER IMMOBILIER LAVAL, COURTIER IMMOBILIER STE-DOROTH\u00c9E, MAISON \u00c0 VENDRE LAVAL, AGENT IMMOBILIER STE-DOROTH\u00c9E","description":"","publisher":{"@id":"https:\/\/eryckveziau.com\/en\/#organization"},"potentialAction":[{"@type":"SearchAction","target":{"@type":"EntryPoint","urlTemplate":"https:\/\/eryckveziau.com\/en\/?s={search_term_string}"},"query-input":{"@type":"PropertyValueSpecification","valueRequired":true,"valueName":"search_term_string"}}],"inLanguage":"en-US"},{"@type":"Organization","@id":"https:\/\/eryckveziau.com\/en\/#organization","name":"Eryck V\u00e9ziau RE\/MAX","url":"https:\/\/eryckveziau.com\/en\/","logo":{"@type":"ImageObject","inLanguage":"en-US","@id":"https:\/\/eryckveziau.com\/en\/#\/schema\/logo\/image\/","url":"https:\/\/eryckveziau.com\/files\/2022\/09\/PartageEveziau.png","contentUrl":"https:\/\/eryckveziau.com\/files\/2022\/09\/PartageEveziau.png","width":924,"height":454,"caption":"Eryck V\u00e9ziau RE\/MAX"},"image":{"@id":"https:\/\/eryckveziau.com\/en\/#\/schema\/logo\/image\/"},"sameAs":["https:\/\/www.facebook.com\/EryckVeziau.courtier.immobilier.ReMax.Laval","https:\/\/www.instagram.com\/eryck_veziau_remax\/","https:\/\/www.linkedin.com\/in\/eryck-v\u00e9ziau-6a445134\/","https:\/\/www.youtube.com\/user\/eveziau"]},{"@type":"Person","@id":"https:\/\/eryckveziau.com\/en\/#\/schema\/person\/89ff47cf6f95211fdeae055c69df6d8a","name":"ERYCK V\u00c9ZIAU COURTIER IMMOBILIER LAVAL,COURTIER IMMOBILIER STE-DOROTH\u00c9E,MAISON \u00c0 VENDRE LAVAL,AGENT IMMOBILIER STE-DOROTH\u00c9E","image":{"@type":"ImageObject","inLanguage":"en-US","@id":"https:\/\/eryckveziau.com\/en\/#\/schema\/person\/image\/","url":"https:\/\/secure.gravatar.com\/avatar\/1ff1317def8de13459788d21b92b8349d9bff8a1af6697e8a58c46acf60d787f?s=96&d=mm&r=g","contentUrl":"https:\/\/secure.gravatar.com\/avatar\/1ff1317def8de13459788d21b92b8349d9bff8a1af6697e8a58c46acf60d787f?s=96&d=mm&r=g","caption":"ERYCK V\u00c9ZIAU COURTIER IMMOBILIER LAVAL,COURTIER IMMOBILIER STE-DOROTH\u00c9E,MAISON \u00c0 VENDRE LAVAL,AGENT IMMOBILIER STE-DOROTH\u00c9E"},"description":"Faites confiance \u00e0 un courtier immobilier qui a fait ses preuves et qui sera vraiment l\u00e0 pour vous! Eryck V\u00e9ziau se d\u00e9marque par son approche dynamique et sa mise en march\u00e9 puissante et pro-active. En plus d'\u00eatre pr\u00e9sente sur plus de 10 sites internet diff\u00e9rents et d'\u00eatre publi\u00e9e dans diff\u00e9rents imprim\u00e9s votre propri\u00e9t\u00e9 est pr\u00e9sent\u00e9e \u00e0 de nombreux clients potentiels personnellement et ce chaques semaines. Sa connaissance du march\u00e9 et son professionnalisme en font sa renomm\u00e9e. B\u00e9n\u00e9ficiez en plus, de l'excellente visibilit\u00e9 et de la renomm\u00e9 de RE\/MAX la plus importante banni\u00e8re au monde! Bien appuy\u00e9 par son \u00e9quipe de professionnels (notaires, arpenteurs,courtiers hypoth\u00e9caire,avocats, conseillers financier...) vous serez servi sans aucun souci par des gens comp\u00e9tents. Vos attentes et vos r\u00eaves seront \u00e9cout\u00e9s et surtout compris afin que vos objectifs soient r\u00e9alis\u00e9s! Eryck V\u00e9ziau vous offre en prime la garantie Tranquili-T, offerte autant pour les clients-vendeurs que pour les clients-acheteurs! Le march\u00e9 \u00e9volue, votre courtier doit suivre... Contactez-moi pour une \u00e9valuation gratuite de votre propri\u00e9t\u00e9 ou pour un envoi sans frais des maisons list\u00e9es dans votre secteur.","sameAs":["http:\/\/www.eryckveziau.com"],"url":"https:\/\/eryckveziau.com\/en\/author\/14497\/"}]}},"_links":{"self":[{"href":"https:\/\/eryckveziau.com\/en\/wp-json\/wp\/v2\/posts\/5602","targetHints":{"allow":["GET"]}}],"collection":[{"href":"https:\/\/eryckveziau.com\/en\/wp-json\/wp\/v2\/posts"}],"about":[{"href":"https:\/\/eryckveziau.com\/en\/wp-json\/wp\/v2\/types\/post"}],"author":[{"embeddable":true,"href":"https:\/\/eryckveziau.com\/en\/wp-json\/wp\/v2\/users\/560"}],"replies":[{"embeddable":true,"href":"https:\/\/eryckveziau.com\/en\/wp-json\/wp\/v2\/comments?post=5602"}],"version-history":[{"count":2,"href":"https:\/\/eryckveziau.com\/en\/wp-json\/wp\/v2\/posts\/5602\/revisions"}],"predecessor-version":[{"id":5685,"href":"https:\/\/eryckveziau.com\/en\/wp-json\/wp\/v2\/posts\/5602\/revisions\/5685"}],"wp:featuredmedia":[{"embeddable":true,"href":"https:\/\/eryckveziau.com\/en\/wp-json\/wp\/v2\/media\/5445"}],"wp:attachment":[{"href":"https:\/\/eryckveziau.com\/en\/wp-json\/wp\/v2\/media?parent=5602"}],"wp:term":[{"taxonomy":"category","embeddable":true,"href":"https:\/\/eryckveziau.com\/en\/wp-json\/wp\/v2\/categories?post=5602"},{"taxonomy":"post_tag","embeddable":true,"href":"https:\/\/eryckveziau.com\/en\/wp-json\/wp\/v2\/tags?post=5602"}],"curies":[{"name":"wp","href":"https:\/\/api.w.org\/{rel}","templated":true}]}}