{"id":5582,"date":"2021-10-18T12:09:59","date_gmt":"2021-10-18T16:09:59","guid":{"rendered":"https:\/\/eryckveziau.com\/?p=5582"},"modified":"2022-12-20T08:47:29","modified_gmt":"2022-12-20T13:47:29","slug":"marche-immobilier-en-folie-encore-pour-longtemps","status":"publish","type":"post","link":"https:\/\/eryckveziau.com\/en\/immobilier\/marche-immobilier-en-folie-encore-pour-longtemps\/","title":{"rendered":"March\u00e9 immobilier en folie: encore pour longtemps?"},"content":{"rendered":"\n<p>METRO <\/p>\n\n\n\n<h5 class=\"wp-block-heading\"><a href=\"https:\/\/journalmetro.com\/auteur\/jcouturier\/\">Jules Couturier<\/a><\/h5>\n\n\n\n<p><a>13 octobre 2021 \u00e0 10h52\u00a0<\/a><\/p>\n\n\n\n<p>Pand\u00e9mie a aussi rim\u00e9 avec&nbsp;<a href=\"https:\/\/journalmetro.com\/inspiration\/habitation-et-immobilier\/\">surchauffe immobili\u00e8re<\/a>. Mais y a-t-il&nbsp;un&nbsp;espoir que \u00e7a (re)devienne&nbsp;\u00abachetable\u00bb&nbsp;pour les futurs&nbsp;propri\u00e9taires?&nbsp;Enfin des r\u00e9ponses.&nbsp;<\/p>\n\n\n\n<p>On est&nbsp;actuellement&nbsp;t\u00e9moin&nbsp;\u00abd\u2019un&nbsp;d\u00e9ficit d\u2019offre ph\u00e9nom\u00e9nal que l\u2019on n\u2019avait jamais enregistr\u00e9 au cours des 30 derni\u00e8res&nbsp;ann\u00e9es\u00bb, indique Charles Brant,&nbsp;le&nbsp;directeur&nbsp;du service de l\u2019analyse du march\u00e9 \u00e0 l\u2019Association professionnelle des courtiers immobiliers du Qu\u00e9bec (APCIQ),&nbsp;pour expliquer cette hausse soudaine.&nbsp;&nbsp;<\/p>\n\n\n\n<p>Ce d\u00e9ficit n\u2019est pas pr\u00e8s de se r\u00e9sorber.\u00a0Selon les statistiques combin\u00e9es\u00a0de\u00a0<a rel=\"noreferrer noopener\" href=\"https:\/\/duproprio.com\/\" target=\"_blank\">DuProprio.com<\/a>\u00a0et\u00a0de l\u2019<a rel=\"noreferrer noopener\" href=\"https:\/\/apciq.ca\/?utm_source=fidelitix&amp;utm_medium=sem&amp;gclid=CjwKCAjwh5qLBhALEiwAioods_79Rys77lGQ78N_8cHqUHYeGyh_3TjQPr08WhDC2WIO1YulftlCtRoCgpUQAvD_BwE\" target=\"_blank\">APCIQ<\/a>, en date d\u2019ao\u00fbt 2021, l\u2019offre de propri\u00e9t\u00e9 \u00e0 vendre a encore recul\u00e9 de 6% par rapport \u00e0 ao\u00fbt 2020.\u00a0<\/p>\n\n\n\n<p><a href=\"https:\/\/journalmetro.com\/inspiration\/2709790\/marche-immobilier-en-folie\/\">LIRE LA SUITE ICI<\/a><\/p>\n","protected":false},"excerpt":{"rendered":"<p>METRO Jules Couturier 13 octobre 2021 \u00e0 10h52\u00a0 Pand\u00e9mie a aussi rim\u00e9 avec&nbsp;surchauffe immobili\u00e8re. Mais y a-t-il&nbsp;un&nbsp;espoir que \u00e7a (re)devienne&nbsp;\u00abachetable\u00bb&nbsp;pour les futurs&nbsp;propri\u00e9taires?&nbsp;Enfin des r\u00e9ponses.&nbsp; On est&nbsp;actuellement&nbsp;t\u00e9moin&nbsp;\u00abd\u2019un&nbsp;d\u00e9ficit d\u2019offre ph\u00e9nom\u00e9nal que l\u2019on n\u2019avait jamais enregistr\u00e9 au cours des 30 derni\u00e8res&nbsp;ann\u00e9es\u00bb, indique Charles Brant,&nbsp;le&nbsp;directeur&nbsp;du service de l\u2019analyse du march\u00e9 \u00e0 l\u2019Association professionnelle des courtiers immobiliers du Qu\u00e9bec (APCIQ),&nbsp;pour [&hellip;]<\/p>\n","protected":false},"author":560,"featured_media":5272,"comment_status":"closed","ping_status":"closed","sticky":false,"template":"","format":"standard","meta":{"_acf_changed":false,"footnotes":""},"categories":[52],"tags":[20,18,12,6,31,32,38],"class_list":["post-5582","post","type-post","status-publish","format-standard","hentry","category-immobilier","tag-agent-immobilier-rive-nord","tag-condo-a-vendre-ste-dorothee","tag-courtier-immobilier-laval","tag-maison-a-vendre-laval-et-ste-dorothee","tag-mls-laval","tag-mls-ca-laval","tag-real-estate-broker-ste-dorothee"],"acf":[],"yoast_head":"<!-- This site is optimized with the Yoast SEO plugin v26.7 - https:\/\/yoast.com\/wordpress\/plugins\/seo\/ -->\n<title>March\u00e9 immobilier en folie: encore pour longtemps? | ERYCK V\u00c9ZIAU, COURTIER IMMOBILIER LAVAL, COURTIER IMMOBILIER STE-DOROTH\u00c9E, MAISON \u00c0 VENDRE LAVAL, AGENT IMMOBILIER STE-DOROTH\u00c9E<\/title>\n<meta name=\"robots\" content=\"index, follow, max-snippet:-1, max-image-preview:large, max-video-preview:-1\" \/>\n<link rel=\"canonical\" href=\"https:\/\/eryckveziau.com\/immobilier\/marche-immobilier-en-folie-encore-pour-longtemps\/\" \/>\n<meta property=\"og:locale\" content=\"en_US\" \/>\n<meta property=\"og:type\" content=\"article\" \/>\n<meta property=\"og:title\" content=\"March\u00e9 immobilier en folie: encore pour longtemps? | ERYCK V\u00c9ZIAU, COURTIER IMMOBILIER LAVAL, COURTIER IMMOBILIER STE-DOROTH\u00c9E, MAISON \u00c0 VENDRE LAVAL, AGENT IMMOBILIER STE-DOROTH\u00c9E\" \/>\n<meta property=\"og:description\" content=\"METRO Jules Couturier 13 octobre 2021 \u00e0 10h52\u00a0 Pand\u00e9mie a aussi rim\u00e9 avec&nbsp;surchauffe immobili\u00e8re. Mais y a-t-il&nbsp;un&nbsp;espoir que \u00e7a (re)devienne&nbsp;\u00abachetable\u00bb&nbsp;pour les futurs&nbsp;propri\u00e9taires?&nbsp;Enfin des r\u00e9ponses.&nbsp; On est&nbsp;actuellement&nbsp;t\u00e9moin&nbsp;\u00abd\u2019un&nbsp;d\u00e9ficit d\u2019offre ph\u00e9nom\u00e9nal que l\u2019on n\u2019avait jamais enregistr\u00e9 au cours des 30 derni\u00e8res&nbsp;ann\u00e9es\u00bb, indique Charles Brant,&nbsp;le&nbsp;directeur&nbsp;du service de l\u2019analyse du march\u00e9 \u00e0 l\u2019Association professionnelle des courtiers immobiliers du Qu\u00e9bec (APCIQ),&nbsp;pour [&hellip;]\" \/>\n<meta property=\"og:url\" content=\"https:\/\/eryckveziau.com\/immobilier\/marche-immobilier-en-folie-encore-pour-longtemps\/\" \/>\n<meta property=\"og:site_name\" content=\"ERYCK V\u00c9ZIAU, COURTIER IMMOBILIER LAVAL, COURTIER IMMOBILIER STE-DOROTH\u00c9E, MAISON \u00c0 VENDRE LAVAL, AGENT IMMOBILIER STE-DOROTH\u00c9E\" \/>\n<meta property=\"article:publisher\" content=\"https:\/\/www.facebook.com\/EryckVeziau.courtier.immobilier.ReMax.Laval\" \/>\n<meta property=\"article:published_time\" content=\"2021-10-18T16:09:59+00:00\" \/>\n<meta property=\"article:modified_time\" content=\"2022-12-20T13:47:29+00:00\" \/>\n<meta property=\"og:image\" content=\"https:\/\/eryckveziau.com\/files\/shared\/newsroom\/6166\/M9sX7zfsFF63qScprLuC5c40e6502ca84ae598cb4c9ce4062251ypYwGOMqy40D0sdmw9Ar.jpg\" \/>\n\t<meta property=\"og:image:width\" content=\"1200\" \/>\n\t<meta property=\"og:image:height\" content=\"627\" \/>\n\t<meta property=\"og:image:type\" content=\"image\/jpeg\" \/>\n<meta name=\"author\" content=\"ERYCK V\u00c9ZIAU COURTIER IMMOBILIER LAVAL,COURTIER IMMOBILIER STE-DOROTH\u00c9E,MAISON \u00c0 VENDRE LAVAL,AGENT IMMOBILIER STE-DOROTH\u00c9E\" \/>\n<meta name=\"twitter:card\" content=\"summary_large_image\" \/>\n<meta name=\"twitter:label1\" content=\"Written by\" \/>\n\t<meta name=\"twitter:data1\" content=\"ERYCK V\u00c9ZIAU COURTIER IMMOBILIER LAVAL,COURTIER IMMOBILIER STE-DOROTH\u00c9E,MAISON \u00c0 VENDRE LAVAL,AGENT IMMOBILIER STE-DOROTH\u00c9E\" \/>\n\t<meta name=\"twitter:label2\" content=\"Est. reading time\" \/>\n\t<meta name=\"twitter:data2\" content=\"1 minute\" \/>\n<script type=\"application\/ld+json\" class=\"yoast-schema-graph\">{\"@context\":\"https:\/\/schema.org\",\"@graph\":[{\"@type\":\"Article\",\"@id\":\"https:\/\/eryckveziau.com\/immobilier\/marche-immobilier-en-folie-encore-pour-longtemps\/#article\",\"isPartOf\":{\"@id\":\"https:\/\/eryckveziau.com\/immobilier\/marche-immobilier-en-folie-encore-pour-longtemps\/\"},\"author\":{\"name\":\"ERYCK V\u00c9ZIAU COURTIER IMMOBILIER LAVAL,COURTIER IMMOBILIER STE-DOROTH\u00c9E,MAISON \u00c0 VENDRE LAVAL,AGENT IMMOBILIER STE-DOROTH\u00c9E\",\"@id\":\"https:\/\/eryckveziau.com\/en\/#\/schema\/person\/89ff47cf6f95211fdeae055c69df6d8a\"},\"headline\":\"March\u00e9 immobilier en folie: encore pour longtemps?\",\"datePublished\":\"2021-10-18T16:09:59+00:00\",\"dateModified\":\"2022-12-20T13:47:29+00:00\",\"mainEntityOfPage\":{\"@id\":\"https:\/\/eryckveziau.com\/immobilier\/marche-immobilier-en-folie-encore-pour-longtemps\/\"},\"wordCount\":161,\"publisher\":{\"@id\":\"https:\/\/eryckveziau.com\/en\/#organization\"},\"image\":{\"@id\":\"https:\/\/eryckveziau.com\/immobilier\/marche-immobilier-en-folie-encore-pour-longtemps\/#primaryimage\"},\"thumbnailUrl\":\"https:\/\/eryckveziau.com\/files\/shared\/newsroom\/6166\/M9sX7zfsFF63qScprLuC5c40e6502ca84ae598cb4c9ce4062251ypYwGOMqy40D0sdmw9Ar.jpg\",\"keywords\":[\"agent immobilier rive-nord\",\"condo a vendre ste-doroth\u00e9e\",\"Courtier immobilier laval\",\"Houses for sale Laval Ste-Dorothee\",\"mls laval\",\"mls.ca laval\",\"Real estate broker ste-dorothee\"],\"articleSection\":[\"Immobilier\"],\"inLanguage\":\"en-US\"},{\"@type\":\"WebPage\",\"@id\":\"https:\/\/eryckveziau.com\/immobilier\/marche-immobilier-en-folie-encore-pour-longtemps\/\",\"url\":\"https:\/\/eryckveziau.com\/immobilier\/marche-immobilier-en-folie-encore-pour-longtemps\/\",\"name\":\"March\u00e9 immobilier en folie: encore pour longtemps? | ERYCK V\u00c9ZIAU, COURTIER IMMOBILIER LAVAL, COURTIER IMMOBILIER STE-DOROTH\u00c9E, MAISON \u00c0 VENDRE LAVAL, AGENT IMMOBILIER STE-DOROTH\u00c9E\",\"isPartOf\":{\"@id\":\"https:\/\/eryckveziau.com\/en\/#website\"},\"primaryImageOfPage\":{\"@id\":\"https:\/\/eryckveziau.com\/immobilier\/marche-immobilier-en-folie-encore-pour-longtemps\/#primaryimage\"},\"image\":{\"@id\":\"https:\/\/eryckveziau.com\/immobilier\/marche-immobilier-en-folie-encore-pour-longtemps\/#primaryimage\"},\"thumbnailUrl\":\"https:\/\/eryckveziau.com\/files\/shared\/newsroom\/6166\/M9sX7zfsFF63qScprLuC5c40e6502ca84ae598cb4c9ce4062251ypYwGOMqy40D0sdmw9Ar.jpg\",\"datePublished\":\"2021-10-18T16:09:59+00:00\",\"dateModified\":\"2022-12-20T13:47:29+00:00\",\"breadcrumb\":{\"@id\":\"https:\/\/eryckveziau.com\/immobilier\/marche-immobilier-en-folie-encore-pour-longtemps\/#breadcrumb\"},\"inLanguage\":\"en-US\",\"potentialAction\":[{\"@type\":\"ReadAction\",\"target\":[\"https:\/\/eryckveziau.com\/immobilier\/marche-immobilier-en-folie-encore-pour-longtemps\/\"]}]},{\"@type\":\"ImageObject\",\"inLanguage\":\"en-US\",\"@id\":\"https:\/\/eryckveziau.com\/immobilier\/marche-immobilier-en-folie-encore-pour-longtemps\/#primaryimage\",\"url\":\"https:\/\/eryckveziau.com\/files\/shared\/newsroom\/6166\/M9sX7zfsFF63qScprLuC5c40e6502ca84ae598cb4c9ce4062251ypYwGOMqy40D0sdmw9Ar.jpg\",\"contentUrl\":\"https:\/\/eryckveziau.com\/files\/shared\/newsroom\/6166\/M9sX7zfsFF63qScprLuC5c40e6502ca84ae598cb4c9ce4062251ypYwGOMqy40D0sdmw9Ar.jpg\",\"width\":1200,\"height\":627},{\"@type\":\"BreadcrumbList\",\"@id\":\"https:\/\/eryckveziau.com\/immobilier\/marche-immobilier-en-folie-encore-pour-longtemps\/#breadcrumb\",\"itemListElement\":[{\"@type\":\"ListItem\",\"position\":1,\"name\":\"Accueil\",\"item\":\"https:\/\/eryckveziau.com\/en\/\"},{\"@type\":\"ListItem\",\"position\":2,\"name\":\"March\u00e9 immobilier en folie: encore pour longtemps?\"}]},{\"@type\":\"WebSite\",\"@id\":\"https:\/\/eryckveziau.com\/en\/#website\",\"url\":\"https:\/\/eryckveziau.com\/en\/\",\"name\":\"ERYCK V\u00c9ZIAU, COURTIER IMMOBILIER LAVAL, COURTIER IMMOBILIER STE-DOROTH\u00c9E, MAISON \u00c0 VENDRE LAVAL, AGENT IMMOBILIER STE-DOROTH\u00c9E\",\"description\":\"\",\"publisher\":{\"@id\":\"https:\/\/eryckveziau.com\/en\/#organization\"},\"potentialAction\":[{\"@type\":\"SearchAction\",\"target\":{\"@type\":\"EntryPoint\",\"urlTemplate\":\"https:\/\/eryckveziau.com\/en\/?s={search_term_string}\"},\"query-input\":{\"@type\":\"PropertyValueSpecification\",\"valueRequired\":true,\"valueName\":\"search_term_string\"}}],\"inLanguage\":\"en-US\"},{\"@type\":\"Organization\",\"@id\":\"https:\/\/eryckveziau.com\/en\/#organization\",\"name\":\"Eryck V\u00e9ziau RE\/MAX\",\"url\":\"https:\/\/eryckveziau.com\/en\/\",\"logo\":{\"@type\":\"ImageObject\",\"inLanguage\":\"en-US\",\"@id\":\"https:\/\/eryckveziau.com\/en\/#\/schema\/logo\/image\/\",\"url\":\"https:\/\/eryckveziau.com\/files\/2022\/09\/PartageEveziau.png\",\"contentUrl\":\"https:\/\/eryckveziau.com\/files\/2022\/09\/PartageEveziau.png\",\"width\":924,\"height\":454,\"caption\":\"Eryck V\u00e9ziau RE\/MAX\"},\"image\":{\"@id\":\"https:\/\/eryckveziau.com\/en\/#\/schema\/logo\/image\/\"},\"sameAs\":[\"https:\/\/www.facebook.com\/EryckVeziau.courtier.immobilier.ReMax.Laval\",\"https:\/\/www.instagram.com\/eryck_veziau_remax\/\",\"https:\/\/www.linkedin.com\/in\/eryck-v\u00e9ziau-6a445134\/\",\"https:\/\/www.youtube.com\/user\/eveziau\"]},{\"@type\":\"Person\",\"@id\":\"https:\/\/eryckveziau.com\/en\/#\/schema\/person\/89ff47cf6f95211fdeae055c69df6d8a\",\"name\":\"ERYCK V\u00c9ZIAU COURTIER IMMOBILIER LAVAL,COURTIER IMMOBILIER STE-DOROTH\u00c9E,MAISON \u00c0 VENDRE LAVAL,AGENT IMMOBILIER STE-DOROTH\u00c9E\",\"image\":{\"@type\":\"ImageObject\",\"inLanguage\":\"en-US\",\"@id\":\"https:\/\/eryckveziau.com\/en\/#\/schema\/person\/image\/\",\"url\":\"https:\/\/secure.gravatar.com\/avatar\/1ff1317def8de13459788d21b92b8349d9bff8a1af6697e8a58c46acf60d787f?s=96&d=mm&r=g\",\"contentUrl\":\"https:\/\/secure.gravatar.com\/avatar\/1ff1317def8de13459788d21b92b8349d9bff8a1af6697e8a58c46acf60d787f?s=96&d=mm&r=g\",\"caption\":\"ERYCK V\u00c9ZIAU COURTIER IMMOBILIER LAVAL,COURTIER IMMOBILIER STE-DOROTH\u00c9E,MAISON \u00c0 VENDRE LAVAL,AGENT IMMOBILIER STE-DOROTH\u00c9E\"},\"description\":\"Faites confiance \u00e0 un courtier immobilier qui a fait ses preuves et qui sera vraiment l\u00e0 pour vous! Eryck V\u00e9ziau se d\u00e9marque par son approche dynamique et sa mise en march\u00e9 puissante et pro-active. En plus d'\u00eatre pr\u00e9sente sur plus de 10 sites internet diff\u00e9rents et d'\u00eatre publi\u00e9e dans diff\u00e9rents imprim\u00e9s votre propri\u00e9t\u00e9 est pr\u00e9sent\u00e9e \u00e0 de nombreux clients potentiels personnellement et ce chaques semaines. Sa connaissance du march\u00e9 et son professionnalisme en font sa renomm\u00e9e. B\u00e9n\u00e9ficiez en plus, de l'excellente visibilit\u00e9 et de la renomm\u00e9 de RE\/MAX la plus importante banni\u00e8re au monde! Bien appuy\u00e9 par son \u00e9quipe de professionnels (notaires, arpenteurs,courtiers hypoth\u00e9caire,avocats, conseillers financier...) vous serez servi sans aucun souci par des gens comp\u00e9tents. Vos attentes et vos r\u00eaves seront \u00e9cout\u00e9s et surtout compris afin que vos objectifs soient r\u00e9alis\u00e9s! Eryck V\u00e9ziau vous offre en prime la garantie Tranquili-T, offerte autant pour les clients-vendeurs que pour les clients-acheteurs! Le march\u00e9 \u00e9volue, votre courtier doit suivre... Contactez-moi pour une \u00e9valuation gratuite de votre propri\u00e9t\u00e9 ou pour un envoi sans frais des maisons list\u00e9es dans votre secteur.\",\"sameAs\":[\"http:\/\/www.eryckveziau.com\"],\"url\":\"https:\/\/eryckveziau.com\/en\/author\/14497\/\"}]}<\/script>\n<!-- \/ Yoast SEO plugin. -->","yoast_head_json":{"title":"March\u00e9 immobilier en folie: encore pour longtemps? | ERYCK V\u00c9ZIAU, COURTIER IMMOBILIER LAVAL, COURTIER IMMOBILIER STE-DOROTH\u00c9E, MAISON \u00c0 VENDRE LAVAL, AGENT IMMOBILIER STE-DOROTH\u00c9E","robots":{"index":"index","follow":"follow","max-snippet":"max-snippet:-1","max-image-preview":"max-image-preview:large","max-video-preview":"max-video-preview:-1"},"canonical":"https:\/\/eryckveziau.com\/immobilier\/marche-immobilier-en-folie-encore-pour-longtemps\/","og_locale":"en_US","og_type":"article","og_title":"March\u00e9 immobilier en folie: encore pour longtemps? | ERYCK V\u00c9ZIAU, COURTIER IMMOBILIER LAVAL, COURTIER IMMOBILIER STE-DOROTH\u00c9E, MAISON \u00c0 VENDRE LAVAL, AGENT IMMOBILIER STE-DOROTH\u00c9E","og_description":"METRO Jules Couturier 13 octobre 2021 \u00e0 10h52\u00a0 Pand\u00e9mie a aussi rim\u00e9 avec&nbsp;surchauffe immobili\u00e8re. Mais y a-t-il&nbsp;un&nbsp;espoir que \u00e7a (re)devienne&nbsp;\u00abachetable\u00bb&nbsp;pour les futurs&nbsp;propri\u00e9taires?&nbsp;Enfin des r\u00e9ponses.&nbsp; On est&nbsp;actuellement&nbsp;t\u00e9moin&nbsp;\u00abd\u2019un&nbsp;d\u00e9ficit d\u2019offre ph\u00e9nom\u00e9nal que l\u2019on n\u2019avait jamais enregistr\u00e9 au cours des 30 derni\u00e8res&nbsp;ann\u00e9es\u00bb, indique Charles Brant,&nbsp;le&nbsp;directeur&nbsp;du service de l\u2019analyse du march\u00e9 \u00e0 l\u2019Association professionnelle des courtiers immobiliers du Qu\u00e9bec (APCIQ),&nbsp;pour [&hellip;]","og_url":"https:\/\/eryckveziau.com\/immobilier\/marche-immobilier-en-folie-encore-pour-longtemps\/","og_site_name":"ERYCK V\u00c9ZIAU, COURTIER IMMOBILIER LAVAL, COURTIER IMMOBILIER STE-DOROTH\u00c9E, MAISON \u00c0 VENDRE LAVAL, AGENT IMMOBILIER STE-DOROTH\u00c9E","article_publisher":"https:\/\/www.facebook.com\/EryckVeziau.courtier.immobilier.ReMax.Laval","article_published_time":"2021-10-18T16:09:59+00:00","article_modified_time":"2022-12-20T13:47:29+00:00","og_image":[{"width":1200,"height":627,"url":"https:\/\/eryckveziau.com\/files\/shared\/newsroom\/6166\/M9sX7zfsFF63qScprLuC5c40e6502ca84ae598cb4c9ce4062251ypYwGOMqy40D0sdmw9Ar.jpg","type":"image\/jpeg"}],"author":"ERYCK V\u00c9ZIAU COURTIER IMMOBILIER LAVAL,COURTIER IMMOBILIER STE-DOROTH\u00c9E,MAISON \u00c0 VENDRE LAVAL,AGENT IMMOBILIER STE-DOROTH\u00c9E","twitter_card":"summary_large_image","twitter_misc":{"Written by":"ERYCK V\u00c9ZIAU COURTIER IMMOBILIER LAVAL,COURTIER IMMOBILIER STE-DOROTH\u00c9E,MAISON \u00c0 VENDRE LAVAL,AGENT IMMOBILIER STE-DOROTH\u00c9E","Est. reading time":"1 minute"},"schema":{"@context":"https:\/\/schema.org","@graph":[{"@type":"Article","@id":"https:\/\/eryckveziau.com\/immobilier\/marche-immobilier-en-folie-encore-pour-longtemps\/#article","isPartOf":{"@id":"https:\/\/eryckveziau.com\/immobilier\/marche-immobilier-en-folie-encore-pour-longtemps\/"},"author":{"name":"ERYCK V\u00c9ZIAU COURTIER IMMOBILIER LAVAL,COURTIER IMMOBILIER STE-DOROTH\u00c9E,MAISON \u00c0 VENDRE LAVAL,AGENT IMMOBILIER STE-DOROTH\u00c9E","@id":"https:\/\/eryckveziau.com\/en\/#\/schema\/person\/89ff47cf6f95211fdeae055c69df6d8a"},"headline":"March\u00e9 immobilier en folie: encore pour longtemps?","datePublished":"2021-10-18T16:09:59+00:00","dateModified":"2022-12-20T13:47:29+00:00","mainEntityOfPage":{"@id":"https:\/\/eryckveziau.com\/immobilier\/marche-immobilier-en-folie-encore-pour-longtemps\/"},"wordCount":161,"publisher":{"@id":"https:\/\/eryckveziau.com\/en\/#organization"},"image":{"@id":"https:\/\/eryckveziau.com\/immobilier\/marche-immobilier-en-folie-encore-pour-longtemps\/#primaryimage"},"thumbnailUrl":"https:\/\/eryckveziau.com\/files\/shared\/newsroom\/6166\/M9sX7zfsFF63qScprLuC5c40e6502ca84ae598cb4c9ce4062251ypYwGOMqy40D0sdmw9Ar.jpg","keywords":["agent immobilier rive-nord","condo a vendre ste-doroth\u00e9e","Courtier immobilier laval","Houses for sale Laval Ste-Dorothee","mls laval","mls.ca laval","Real estate broker ste-dorothee"],"articleSection":["Immobilier"],"inLanguage":"en-US"},{"@type":"WebPage","@id":"https:\/\/eryckveziau.com\/immobilier\/marche-immobilier-en-folie-encore-pour-longtemps\/","url":"https:\/\/eryckveziau.com\/immobilier\/marche-immobilier-en-folie-encore-pour-longtemps\/","name":"March\u00e9 immobilier en folie: encore pour longtemps? | ERYCK V\u00c9ZIAU, COURTIER IMMOBILIER LAVAL, COURTIER IMMOBILIER STE-DOROTH\u00c9E, MAISON \u00c0 VENDRE LAVAL, AGENT IMMOBILIER STE-DOROTH\u00c9E","isPartOf":{"@id":"https:\/\/eryckveziau.com\/en\/#website"},"primaryImageOfPage":{"@id":"https:\/\/eryckveziau.com\/immobilier\/marche-immobilier-en-folie-encore-pour-longtemps\/#primaryimage"},"image":{"@id":"https:\/\/eryckveziau.com\/immobilier\/marche-immobilier-en-folie-encore-pour-longtemps\/#primaryimage"},"thumbnailUrl":"https:\/\/eryckveziau.com\/files\/shared\/newsroom\/6166\/M9sX7zfsFF63qScprLuC5c40e6502ca84ae598cb4c9ce4062251ypYwGOMqy40D0sdmw9Ar.jpg","datePublished":"2021-10-18T16:09:59+00:00","dateModified":"2022-12-20T13:47:29+00:00","breadcrumb":{"@id":"https:\/\/eryckveziau.com\/immobilier\/marche-immobilier-en-folie-encore-pour-longtemps\/#breadcrumb"},"inLanguage":"en-US","potentialAction":[{"@type":"ReadAction","target":["https:\/\/eryckveziau.com\/immobilier\/marche-immobilier-en-folie-encore-pour-longtemps\/"]}]},{"@type":"ImageObject","inLanguage":"en-US","@id":"https:\/\/eryckveziau.com\/immobilier\/marche-immobilier-en-folie-encore-pour-longtemps\/#primaryimage","url":"https:\/\/eryckveziau.com\/files\/shared\/newsroom\/6166\/M9sX7zfsFF63qScprLuC5c40e6502ca84ae598cb4c9ce4062251ypYwGOMqy40D0sdmw9Ar.jpg","contentUrl":"https:\/\/eryckveziau.com\/files\/shared\/newsroom\/6166\/M9sX7zfsFF63qScprLuC5c40e6502ca84ae598cb4c9ce4062251ypYwGOMqy40D0sdmw9Ar.jpg","width":1200,"height":627},{"@type":"BreadcrumbList","@id":"https:\/\/eryckveziau.com\/immobilier\/marche-immobilier-en-folie-encore-pour-longtemps\/#breadcrumb","itemListElement":[{"@type":"ListItem","position":1,"name":"Accueil","item":"https:\/\/eryckveziau.com\/en\/"},{"@type":"ListItem","position":2,"name":"March\u00e9 immobilier en folie: encore pour longtemps?"}]},{"@type":"WebSite","@id":"https:\/\/eryckveziau.com\/en\/#website","url":"https:\/\/eryckveziau.com\/en\/","name":"ERYCK V\u00c9ZIAU, COURTIER IMMOBILIER LAVAL, COURTIER IMMOBILIER STE-DOROTH\u00c9E, MAISON \u00c0 VENDRE LAVAL, AGENT IMMOBILIER STE-DOROTH\u00c9E","description":"","publisher":{"@id":"https:\/\/eryckveziau.com\/en\/#organization"},"potentialAction":[{"@type":"SearchAction","target":{"@type":"EntryPoint","urlTemplate":"https:\/\/eryckveziau.com\/en\/?s={search_term_string}"},"query-input":{"@type":"PropertyValueSpecification","valueRequired":true,"valueName":"search_term_string"}}],"inLanguage":"en-US"},{"@type":"Organization","@id":"https:\/\/eryckveziau.com\/en\/#organization","name":"Eryck V\u00e9ziau RE\/MAX","url":"https:\/\/eryckveziau.com\/en\/","logo":{"@type":"ImageObject","inLanguage":"en-US","@id":"https:\/\/eryckveziau.com\/en\/#\/schema\/logo\/image\/","url":"https:\/\/eryckveziau.com\/files\/2022\/09\/PartageEveziau.png","contentUrl":"https:\/\/eryckveziau.com\/files\/2022\/09\/PartageEveziau.png","width":924,"height":454,"caption":"Eryck V\u00e9ziau RE\/MAX"},"image":{"@id":"https:\/\/eryckveziau.com\/en\/#\/schema\/logo\/image\/"},"sameAs":["https:\/\/www.facebook.com\/EryckVeziau.courtier.immobilier.ReMax.Laval","https:\/\/www.instagram.com\/eryck_veziau_remax\/","https:\/\/www.linkedin.com\/in\/eryck-v\u00e9ziau-6a445134\/","https:\/\/www.youtube.com\/user\/eveziau"]},{"@type":"Person","@id":"https:\/\/eryckveziau.com\/en\/#\/schema\/person\/89ff47cf6f95211fdeae055c69df6d8a","name":"ERYCK V\u00c9ZIAU COURTIER IMMOBILIER LAVAL,COURTIER IMMOBILIER STE-DOROTH\u00c9E,MAISON \u00c0 VENDRE LAVAL,AGENT IMMOBILIER STE-DOROTH\u00c9E","image":{"@type":"ImageObject","inLanguage":"en-US","@id":"https:\/\/eryckveziau.com\/en\/#\/schema\/person\/image\/","url":"https:\/\/secure.gravatar.com\/avatar\/1ff1317def8de13459788d21b92b8349d9bff8a1af6697e8a58c46acf60d787f?s=96&d=mm&r=g","contentUrl":"https:\/\/secure.gravatar.com\/avatar\/1ff1317def8de13459788d21b92b8349d9bff8a1af6697e8a58c46acf60d787f?s=96&d=mm&r=g","caption":"ERYCK V\u00c9ZIAU COURTIER IMMOBILIER LAVAL,COURTIER IMMOBILIER STE-DOROTH\u00c9E,MAISON \u00c0 VENDRE LAVAL,AGENT IMMOBILIER STE-DOROTH\u00c9E"},"description":"Faites confiance \u00e0 un courtier immobilier qui a fait ses preuves et qui sera vraiment l\u00e0 pour vous! Eryck V\u00e9ziau se d\u00e9marque par son approche dynamique et sa mise en march\u00e9 puissante et pro-active. En plus d'\u00eatre pr\u00e9sente sur plus de 10 sites internet diff\u00e9rents et d'\u00eatre publi\u00e9e dans diff\u00e9rents imprim\u00e9s votre propri\u00e9t\u00e9 est pr\u00e9sent\u00e9e \u00e0 de nombreux clients potentiels personnellement et ce chaques semaines. Sa connaissance du march\u00e9 et son professionnalisme en font sa renomm\u00e9e. B\u00e9n\u00e9ficiez en plus, de l'excellente visibilit\u00e9 et de la renomm\u00e9 de RE\/MAX la plus importante banni\u00e8re au monde! Bien appuy\u00e9 par son \u00e9quipe de professionnels (notaires, arpenteurs,courtiers hypoth\u00e9caire,avocats, conseillers financier...) vous serez servi sans aucun souci par des gens comp\u00e9tents. Vos attentes et vos r\u00eaves seront \u00e9cout\u00e9s et surtout compris afin que vos objectifs soient r\u00e9alis\u00e9s! Eryck V\u00e9ziau vous offre en prime la garantie Tranquili-T, offerte autant pour les clients-vendeurs que pour les clients-acheteurs! Le march\u00e9 \u00e9volue, votre courtier doit suivre... Contactez-moi pour une \u00e9valuation gratuite de votre propri\u00e9t\u00e9 ou pour un envoi sans frais des maisons list\u00e9es dans votre secteur.","sameAs":["http:\/\/www.eryckveziau.com"],"url":"https:\/\/eryckveziau.com\/en\/author\/14497\/"}]}},"_links":{"self":[{"href":"https:\/\/eryckveziau.com\/en\/wp-json\/wp\/v2\/posts\/5582","targetHints":{"allow":["GET"]}}],"collection":[{"href":"https:\/\/eryckveziau.com\/en\/wp-json\/wp\/v2\/posts"}],"about":[{"href":"https:\/\/eryckveziau.com\/en\/wp-json\/wp\/v2\/types\/post"}],"author":[{"embeddable":true,"href":"https:\/\/eryckveziau.com\/en\/wp-json\/wp\/v2\/users\/560"}],"replies":[{"embeddable":true,"href":"https:\/\/eryckveziau.com\/en\/wp-json\/wp\/v2\/comments?post=5582"}],"version-history":[{"count":1,"href":"https:\/\/eryckveziau.com\/en\/wp-json\/wp\/v2\/posts\/5582\/revisions"}],"predecessor-version":[{"id":5583,"href":"https:\/\/eryckveziau.com\/en\/wp-json\/wp\/v2\/posts\/5582\/revisions\/5583"}],"wp:featuredmedia":[{"embeddable":true,"href":"https:\/\/eryckveziau.com\/en\/wp-json\/wp\/v2\/media\/5272"}],"wp:attachment":[{"href":"https:\/\/eryckveziau.com\/en\/wp-json\/wp\/v2\/media?parent=5582"}],"wp:term":[{"taxonomy":"category","embeddable":true,"href":"https:\/\/eryckveziau.com\/en\/wp-json\/wp\/v2\/categories?post=5582"},{"taxonomy":"post_tag","embeddable":true,"href":"https:\/\/eryckveziau.com\/en\/wp-json\/wp\/v2\/tags?post=5582"}],"curies":[{"name":"wp","href":"https:\/\/api.w.org\/{rel}","templated":true}]}}