{"id":5535,"date":"2020-11-17T09:52:06","date_gmt":"2020-11-17T14:52:06","guid":{"rendered":"https:\/\/eryckveziau.com\/?p=5535"},"modified":"2022-12-20T08:51:46","modified_gmt":"2022-12-20T13:51:46","slug":"ce-que-tu-dois-savoir-si-tu-veux-acheter-une-1re-maison-au-quebec-en-temps-de-pandemie","status":"publish","type":"post","link":"https:\/\/eryckveziau.com\/en\/immobilier\/ce-que-tu-dois-savoir-si-tu-veux-acheter-une-1re-maison-au-quebec-en-temps-de-pandemie\/","title":{"rendered":"Ce que tu dois savoir si tu veux acheter une 1re maison au Qu\u00e9bec en temps de pand\u00e9mie"},"content":{"rendered":"\n<p> NARCITY   Publi\u00e9 par <a href=\"https:\/\/www.narcity.com\/author\/jean-michel-clermont-goulet\">Jean-Michel Clermont-Goulet<\/a>  2020-11-13<\/p>\n\n\n\n<p> Qui n\u2019a jamais r\u00eav\u00e9 d\u2019avoir son chez-soi, \u00eatre son propre propri\u00e9taire? Se poser la question, c\u2019est y r\u00e9pondre. Malgr\u00e9 la pand\u00e9mie de COVID-19, il y a tout de m\u00eame des choses \u00e0 savoir avant d\u2019<a href=\"https:\/\/www.narcity.com\/fr-ca\/marche-immobilier\/montreal\/achat-de-sa-premiere-maison-9-choses-a-savoir-selon-un-expert\">acheter sa premi\u00e8re maison<\/a>. <\/p>\n\n\n\n<p><a href=\"https:\/\/www.narcity.com\/fr-ca\/marche-immobilier\/premire-maison-ce-que-tu-dois-savoir-si-tu-veux-acheter-au-qubec-en-temps-de-pandmie\">LIRE LA SUITE ICI<\/a><\/p>\n","protected":false},"excerpt":{"rendered":"<p>NARCITY Publi\u00e9 par Jean-Michel Clermont-Goulet 2020-11-13 Qui n\u2019a jamais r\u00eav\u00e9 d\u2019avoir son chez-soi, \u00eatre son propre propri\u00e9taire? Se poser la question, c\u2019est y r\u00e9pondre. Malgr\u00e9 la pand\u00e9mie de COVID-19, il y a tout de m\u00eame des choses \u00e0 savoir avant d\u2019acheter sa premi\u00e8re maison. LIRE LA SUITE ICI<\/p>\n","protected":false},"author":560,"featured_media":5445,"comment_status":"closed","ping_status":"closed","sticky":false,"template":"","format":"standard","meta":{"_acf_changed":false,"footnotes":""},"categories":[52],"tags":[20,18,12,6,31,32,38],"class_list":["post-5535","post","type-post","status-publish","format-standard","hentry","category-immobilier","tag-agent-immobilier-rive-nord","tag-condo-a-vendre-ste-dorothee","tag-courtier-immobilier-laval","tag-maison-a-vendre-laval-et-ste-dorothee","tag-mls-laval","tag-mls-ca-laval","tag-real-estate-broker-ste-dorothee"],"acf":[],"yoast_head":"<!-- This site is optimized with the Yoast SEO plugin v26.7 - https:\/\/yoast.com\/wordpress\/plugins\/seo\/ -->\n<title>Ce que tu dois savoir si tu veux acheter une 1re maison au Qu\u00e9bec en temps de pand\u00e9mie | ERYCK V\u00c9ZIAU, COURTIER IMMOBILIER LAVAL, COURTIER IMMOBILIER STE-DOROTH\u00c9E, MAISON \u00c0 VENDRE LAVAL, AGENT IMMOBILIER STE-DOROTH\u00c9E<\/title>\n<meta name=\"robots\" content=\"index, follow, max-snippet:-1, max-image-preview:large, max-video-preview:-1\" \/>\n<link rel=\"canonical\" href=\"https:\/\/eryckveziau.com\/immobilier\/ce-que-tu-dois-savoir-si-tu-veux-acheter-une-1re-maison-au-quebec-en-temps-de-pandemie\/\" \/>\n<meta property=\"og:locale\" content=\"en_US\" \/>\n<meta property=\"og:type\" content=\"article\" \/>\n<meta property=\"og:title\" content=\"Ce que tu dois savoir si tu veux acheter une 1re maison au Qu\u00e9bec en temps de pand\u00e9mie | ERYCK V\u00c9ZIAU, COURTIER IMMOBILIER LAVAL, COURTIER IMMOBILIER STE-DOROTH\u00c9E, MAISON \u00c0 VENDRE LAVAL, AGENT IMMOBILIER STE-DOROTH\u00c9E\" \/>\n<meta property=\"og:description\" content=\"NARCITY Publi\u00e9 par Jean-Michel Clermont-Goulet 2020-11-13 Qui n\u2019a jamais r\u00eav\u00e9 d\u2019avoir son chez-soi, \u00eatre son propre propri\u00e9taire? Se poser la question, c\u2019est y r\u00e9pondre. Malgr\u00e9 la pand\u00e9mie de COVID-19, il y a tout de m\u00eame des choses \u00e0 savoir avant d\u2019acheter sa premi\u00e8re maison. LIRE LA SUITE ICI\" \/>\n<meta property=\"og:url\" content=\"https:\/\/eryckveziau.com\/immobilier\/ce-que-tu-dois-savoir-si-tu-veux-acheter-une-1re-maison-au-quebec-en-temps-de-pandemie\/\" \/>\n<meta property=\"og:site_name\" content=\"ERYCK V\u00c9ZIAU, COURTIER IMMOBILIER LAVAL, COURTIER IMMOBILIER STE-DOROTH\u00c9E, MAISON \u00c0 VENDRE LAVAL, AGENT IMMOBILIER STE-DOROTH\u00c9E\" \/>\n<meta property=\"article:publisher\" content=\"https:\/\/www.facebook.com\/EryckVeziau.courtier.immobilier.ReMax.Laval\" \/>\n<meta property=\"article:published_time\" content=\"2020-11-17T14:52:06+00:00\" \/>\n<meta property=\"article:modified_time\" content=\"2022-12-20T13:51:46+00:00\" \/>\n<meta property=\"og:image\" content=\"https:\/\/eryckveziau.com\/files\/shared\/newsroom\/6647\/tItPMn3r0cjqfp1uqyHV5e441b5d4c8c4f47a6054fa10a300207BaeYqBiMyMRkh4AHVEbR.jpg\" \/>\n\t<meta property=\"og:image:width\" content=\"1200\" \/>\n\t<meta property=\"og:image:height\" content=\"627\" \/>\n\t<meta property=\"og:image:type\" content=\"image\/jpeg\" \/>\n<meta name=\"author\" content=\"ERYCK V\u00c9ZIAU COURTIER IMMOBILIER LAVAL,COURTIER IMMOBILIER STE-DOROTH\u00c9E,MAISON \u00c0 VENDRE LAVAL,AGENT IMMOBILIER STE-DOROTH\u00c9E\" \/>\n<meta name=\"twitter:card\" content=\"summary_large_image\" \/>\n<meta name=\"twitter:label1\" content=\"Written by\" \/>\n\t<meta name=\"twitter:data1\" content=\"ERYCK V\u00c9ZIAU COURTIER IMMOBILIER LAVAL,COURTIER IMMOBILIER STE-DOROTH\u00c9E,MAISON \u00c0 VENDRE LAVAL,AGENT IMMOBILIER STE-DOROTH\u00c9E\" \/>\n<script type=\"application\/ld+json\" class=\"yoast-schema-graph\">{\"@context\":\"https:\/\/schema.org\",\"@graph\":[{\"@type\":\"Article\",\"@id\":\"https:\/\/eryckveziau.com\/immobilier\/ce-que-tu-dois-savoir-si-tu-veux-acheter-une-1re-maison-au-quebec-en-temps-de-pandemie\/#article\",\"isPartOf\":{\"@id\":\"https:\/\/eryckveziau.com\/immobilier\/ce-que-tu-dois-savoir-si-tu-veux-acheter-une-1re-maison-au-quebec-en-temps-de-pandemie\/\"},\"author\":{\"name\":\"ERYCK V\u00c9ZIAU COURTIER IMMOBILIER LAVAL,COURTIER IMMOBILIER STE-DOROTH\u00c9E,MAISON \u00c0 VENDRE LAVAL,AGENT IMMOBILIER STE-DOROTH\u00c9E\",\"@id\":\"https:\/\/eryckveziau.com\/en\/#\/schema\/person\/89ff47cf6f95211fdeae055c69df6d8a\"},\"headline\":\"Ce que tu dois savoir si tu veux acheter une 1re maison au Qu\u00e9bec en temps de pand\u00e9mie\",\"datePublished\":\"2020-11-17T14:52:06+00:00\",\"dateModified\":\"2022-12-20T13:51:46+00:00\",\"mainEntityOfPage\":{\"@id\":\"https:\/\/eryckveziau.com\/immobilier\/ce-que-tu-dois-savoir-si-tu-veux-acheter-une-1re-maison-au-quebec-en-temps-de-pandemie\/\"},\"wordCount\":78,\"publisher\":{\"@id\":\"https:\/\/eryckveziau.com\/en\/#organization\"},\"image\":{\"@id\":\"https:\/\/eryckveziau.com\/immobilier\/ce-que-tu-dois-savoir-si-tu-veux-acheter-une-1re-maison-au-quebec-en-temps-de-pandemie\/#primaryimage\"},\"thumbnailUrl\":\"https:\/\/eryckveziau.com\/files\/shared\/newsroom\/6647\/tItPMn3r0cjqfp1uqyHV5e441b5d4c8c4f47a6054fa10a300207BaeYqBiMyMRkh4AHVEbR.jpg\",\"keywords\":[\"agent immobilier rive-nord\",\"condo a vendre ste-doroth\u00e9e\",\"Courtier immobilier laval\",\"Houses for sale Laval Ste-Dorothee\",\"mls laval\",\"mls.ca laval\",\"Real estate broker ste-dorothee\"],\"articleSection\":[\"Immobilier\"],\"inLanguage\":\"en-US\"},{\"@type\":\"WebPage\",\"@id\":\"https:\/\/eryckveziau.com\/immobilier\/ce-que-tu-dois-savoir-si-tu-veux-acheter-une-1re-maison-au-quebec-en-temps-de-pandemie\/\",\"url\":\"https:\/\/eryckveziau.com\/immobilier\/ce-que-tu-dois-savoir-si-tu-veux-acheter-une-1re-maison-au-quebec-en-temps-de-pandemie\/\",\"name\":\"Ce que tu dois savoir si tu veux acheter une 1re maison au Qu\u00e9bec en temps de pand\u00e9mie | ERYCK V\u00c9ZIAU, COURTIER IMMOBILIER LAVAL, COURTIER IMMOBILIER STE-DOROTH\u00c9E, MAISON \u00c0 VENDRE LAVAL, AGENT IMMOBILIER STE-DOROTH\u00c9E\",\"isPartOf\":{\"@id\":\"https:\/\/eryckveziau.com\/en\/#website\"},\"primaryImageOfPage\":{\"@id\":\"https:\/\/eryckveziau.com\/immobilier\/ce-que-tu-dois-savoir-si-tu-veux-acheter-une-1re-maison-au-quebec-en-temps-de-pandemie\/#primaryimage\"},\"image\":{\"@id\":\"https:\/\/eryckveziau.com\/immobilier\/ce-que-tu-dois-savoir-si-tu-veux-acheter-une-1re-maison-au-quebec-en-temps-de-pandemie\/#primaryimage\"},\"thumbnailUrl\":\"https:\/\/eryckveziau.com\/files\/shared\/newsroom\/6647\/tItPMn3r0cjqfp1uqyHV5e441b5d4c8c4f47a6054fa10a300207BaeYqBiMyMRkh4AHVEbR.jpg\",\"datePublished\":\"2020-11-17T14:52:06+00:00\",\"dateModified\":\"2022-12-20T13:51:46+00:00\",\"breadcrumb\":{\"@id\":\"https:\/\/eryckveziau.com\/immobilier\/ce-que-tu-dois-savoir-si-tu-veux-acheter-une-1re-maison-au-quebec-en-temps-de-pandemie\/#breadcrumb\"},\"inLanguage\":\"en-US\",\"potentialAction\":[{\"@type\":\"ReadAction\",\"target\":[\"https:\/\/eryckveziau.com\/immobilier\/ce-que-tu-dois-savoir-si-tu-veux-acheter-une-1re-maison-au-quebec-en-temps-de-pandemie\/\"]}]},{\"@type\":\"ImageObject\",\"inLanguage\":\"en-US\",\"@id\":\"https:\/\/eryckveziau.com\/immobilier\/ce-que-tu-dois-savoir-si-tu-veux-acheter-une-1re-maison-au-quebec-en-temps-de-pandemie\/#primaryimage\",\"url\":\"https:\/\/eryckveziau.com\/files\/shared\/newsroom\/6647\/tItPMn3r0cjqfp1uqyHV5e441b5d4c8c4f47a6054fa10a300207BaeYqBiMyMRkh4AHVEbR.jpg\",\"contentUrl\":\"https:\/\/eryckveziau.com\/files\/shared\/newsroom\/6647\/tItPMn3r0cjqfp1uqyHV5e441b5d4c8c4f47a6054fa10a300207BaeYqBiMyMRkh4AHVEbR.jpg\",\"width\":1200,\"height\":627},{\"@type\":\"BreadcrumbList\",\"@id\":\"https:\/\/eryckveziau.com\/immobilier\/ce-que-tu-dois-savoir-si-tu-veux-acheter-une-1re-maison-au-quebec-en-temps-de-pandemie\/#breadcrumb\",\"itemListElement\":[{\"@type\":\"ListItem\",\"position\":1,\"name\":\"Accueil\",\"item\":\"https:\/\/eryckveziau.com\/en\/\"},{\"@type\":\"ListItem\",\"position\":2,\"name\":\"Ce que tu dois savoir si tu veux acheter une 1re maison au Qu\u00e9bec en temps de pand\u00e9mie\"}]},{\"@type\":\"WebSite\",\"@id\":\"https:\/\/eryckveziau.com\/en\/#website\",\"url\":\"https:\/\/eryckveziau.com\/en\/\",\"name\":\"ERYCK V\u00c9ZIAU, COURTIER IMMOBILIER LAVAL, COURTIER IMMOBILIER STE-DOROTH\u00c9E, MAISON \u00c0 VENDRE LAVAL, AGENT IMMOBILIER STE-DOROTH\u00c9E\",\"description\":\"\",\"publisher\":{\"@id\":\"https:\/\/eryckveziau.com\/en\/#organization\"},\"potentialAction\":[{\"@type\":\"SearchAction\",\"target\":{\"@type\":\"EntryPoint\",\"urlTemplate\":\"https:\/\/eryckveziau.com\/en\/?s={search_term_string}\"},\"query-input\":{\"@type\":\"PropertyValueSpecification\",\"valueRequired\":true,\"valueName\":\"search_term_string\"}}],\"inLanguage\":\"en-US\"},{\"@type\":\"Organization\",\"@id\":\"https:\/\/eryckveziau.com\/en\/#organization\",\"name\":\"Eryck V\u00e9ziau RE\/MAX\",\"url\":\"https:\/\/eryckveziau.com\/en\/\",\"logo\":{\"@type\":\"ImageObject\",\"inLanguage\":\"en-US\",\"@id\":\"https:\/\/eryckveziau.com\/en\/#\/schema\/logo\/image\/\",\"url\":\"https:\/\/eryckveziau.com\/files\/2022\/09\/PartageEveziau.png\",\"contentUrl\":\"https:\/\/eryckveziau.com\/files\/2022\/09\/PartageEveziau.png\",\"width\":924,\"height\":454,\"caption\":\"Eryck V\u00e9ziau RE\/MAX\"},\"image\":{\"@id\":\"https:\/\/eryckveziau.com\/en\/#\/schema\/logo\/image\/\"},\"sameAs\":[\"https:\/\/www.facebook.com\/EryckVeziau.courtier.immobilier.ReMax.Laval\",\"https:\/\/www.instagram.com\/eryck_veziau_remax\/\",\"https:\/\/www.linkedin.com\/in\/eryck-v\u00e9ziau-6a445134\/\",\"https:\/\/www.youtube.com\/user\/eveziau\"]},{\"@type\":\"Person\",\"@id\":\"https:\/\/eryckveziau.com\/en\/#\/schema\/person\/89ff47cf6f95211fdeae055c69df6d8a\",\"name\":\"ERYCK V\u00c9ZIAU COURTIER IMMOBILIER LAVAL,COURTIER IMMOBILIER STE-DOROTH\u00c9E,MAISON \u00c0 VENDRE LAVAL,AGENT IMMOBILIER STE-DOROTH\u00c9E\",\"image\":{\"@type\":\"ImageObject\",\"inLanguage\":\"en-US\",\"@id\":\"https:\/\/eryckveziau.com\/en\/#\/schema\/person\/image\/\",\"url\":\"https:\/\/secure.gravatar.com\/avatar\/1ff1317def8de13459788d21b92b8349d9bff8a1af6697e8a58c46acf60d787f?s=96&d=mm&r=g\",\"contentUrl\":\"https:\/\/secure.gravatar.com\/avatar\/1ff1317def8de13459788d21b92b8349d9bff8a1af6697e8a58c46acf60d787f?s=96&d=mm&r=g\",\"caption\":\"ERYCK V\u00c9ZIAU COURTIER IMMOBILIER LAVAL,COURTIER IMMOBILIER STE-DOROTH\u00c9E,MAISON \u00c0 VENDRE LAVAL,AGENT IMMOBILIER STE-DOROTH\u00c9E\"},\"description\":\"Faites confiance \u00e0 un courtier immobilier qui a fait ses preuves et qui sera vraiment l\u00e0 pour vous! Eryck V\u00e9ziau se d\u00e9marque par son approche dynamique et sa mise en march\u00e9 puissante et pro-active. En plus d'\u00eatre pr\u00e9sente sur plus de 10 sites internet diff\u00e9rents et d'\u00eatre publi\u00e9e dans diff\u00e9rents imprim\u00e9s votre propri\u00e9t\u00e9 est pr\u00e9sent\u00e9e \u00e0 de nombreux clients potentiels personnellement et ce chaques semaines. Sa connaissance du march\u00e9 et son professionnalisme en font sa renomm\u00e9e. B\u00e9n\u00e9ficiez en plus, de l'excellente visibilit\u00e9 et de la renomm\u00e9 de RE\/MAX la plus importante banni\u00e8re au monde! Bien appuy\u00e9 par son \u00e9quipe de professionnels (notaires, arpenteurs,courtiers hypoth\u00e9caire,avocats, conseillers financier...) vous serez servi sans aucun souci par des gens comp\u00e9tents. Vos attentes et vos r\u00eaves seront \u00e9cout\u00e9s et surtout compris afin que vos objectifs soient r\u00e9alis\u00e9s! Eryck V\u00e9ziau vous offre en prime la garantie Tranquili-T, offerte autant pour les clients-vendeurs que pour les clients-acheteurs! Le march\u00e9 \u00e9volue, votre courtier doit suivre... Contactez-moi pour une \u00e9valuation gratuite de votre propri\u00e9t\u00e9 ou pour un envoi sans frais des maisons list\u00e9es dans votre secteur.\",\"sameAs\":[\"http:\/\/www.eryckveziau.com\"],\"url\":\"https:\/\/eryckveziau.com\/en\/author\/14497\/\"}]}<\/script>\n<!-- \/ Yoast SEO plugin. -->","yoast_head_json":{"title":"Ce que tu dois savoir si tu veux acheter une 1re maison au Qu\u00e9bec en temps de pand\u00e9mie | ERYCK V\u00c9ZIAU, COURTIER IMMOBILIER LAVAL, COURTIER IMMOBILIER STE-DOROTH\u00c9E, MAISON \u00c0 VENDRE LAVAL, AGENT IMMOBILIER STE-DOROTH\u00c9E","robots":{"index":"index","follow":"follow","max-snippet":"max-snippet:-1","max-image-preview":"max-image-preview:large","max-video-preview":"max-video-preview:-1"},"canonical":"https:\/\/eryckveziau.com\/immobilier\/ce-que-tu-dois-savoir-si-tu-veux-acheter-une-1re-maison-au-quebec-en-temps-de-pandemie\/","og_locale":"en_US","og_type":"article","og_title":"Ce que tu dois savoir si tu veux acheter une 1re maison au Qu\u00e9bec en temps de pand\u00e9mie | ERYCK V\u00c9ZIAU, COURTIER IMMOBILIER LAVAL, COURTIER IMMOBILIER STE-DOROTH\u00c9E, MAISON \u00c0 VENDRE LAVAL, AGENT IMMOBILIER STE-DOROTH\u00c9E","og_description":"NARCITY Publi\u00e9 par Jean-Michel Clermont-Goulet 2020-11-13 Qui n\u2019a jamais r\u00eav\u00e9 d\u2019avoir son chez-soi, \u00eatre son propre propri\u00e9taire? Se poser la question, c\u2019est y r\u00e9pondre. Malgr\u00e9 la pand\u00e9mie de COVID-19, il y a tout de m\u00eame des choses \u00e0 savoir avant d\u2019acheter sa premi\u00e8re maison. LIRE LA SUITE ICI","og_url":"https:\/\/eryckveziau.com\/immobilier\/ce-que-tu-dois-savoir-si-tu-veux-acheter-une-1re-maison-au-quebec-en-temps-de-pandemie\/","og_site_name":"ERYCK V\u00c9ZIAU, COURTIER IMMOBILIER LAVAL, COURTIER IMMOBILIER STE-DOROTH\u00c9E, MAISON \u00c0 VENDRE LAVAL, AGENT IMMOBILIER STE-DOROTH\u00c9E","article_publisher":"https:\/\/www.facebook.com\/EryckVeziau.courtier.immobilier.ReMax.Laval","article_published_time":"2020-11-17T14:52:06+00:00","article_modified_time":"2022-12-20T13:51:46+00:00","og_image":[{"width":1200,"height":627,"url":"https:\/\/eryckveziau.com\/files\/shared\/newsroom\/6647\/tItPMn3r0cjqfp1uqyHV5e441b5d4c8c4f47a6054fa10a300207BaeYqBiMyMRkh4AHVEbR.jpg","type":"image\/jpeg"}],"author":"ERYCK V\u00c9ZIAU COURTIER IMMOBILIER LAVAL,COURTIER IMMOBILIER STE-DOROTH\u00c9E,MAISON \u00c0 VENDRE LAVAL,AGENT IMMOBILIER STE-DOROTH\u00c9E","twitter_card":"summary_large_image","twitter_misc":{"Written by":"ERYCK V\u00c9ZIAU COURTIER IMMOBILIER LAVAL,COURTIER IMMOBILIER STE-DOROTH\u00c9E,MAISON \u00c0 VENDRE LAVAL,AGENT IMMOBILIER STE-DOROTH\u00c9E"},"schema":{"@context":"https:\/\/schema.org","@graph":[{"@type":"Article","@id":"https:\/\/eryckveziau.com\/immobilier\/ce-que-tu-dois-savoir-si-tu-veux-acheter-une-1re-maison-au-quebec-en-temps-de-pandemie\/#article","isPartOf":{"@id":"https:\/\/eryckveziau.com\/immobilier\/ce-que-tu-dois-savoir-si-tu-veux-acheter-une-1re-maison-au-quebec-en-temps-de-pandemie\/"},"author":{"name":"ERYCK V\u00c9ZIAU COURTIER IMMOBILIER LAVAL,COURTIER IMMOBILIER STE-DOROTH\u00c9E,MAISON \u00c0 VENDRE LAVAL,AGENT IMMOBILIER STE-DOROTH\u00c9E","@id":"https:\/\/eryckveziau.com\/en\/#\/schema\/person\/89ff47cf6f95211fdeae055c69df6d8a"},"headline":"Ce que tu dois savoir si tu veux acheter une 1re maison au Qu\u00e9bec en temps de pand\u00e9mie","datePublished":"2020-11-17T14:52:06+00:00","dateModified":"2022-12-20T13:51:46+00:00","mainEntityOfPage":{"@id":"https:\/\/eryckveziau.com\/immobilier\/ce-que-tu-dois-savoir-si-tu-veux-acheter-une-1re-maison-au-quebec-en-temps-de-pandemie\/"},"wordCount":78,"publisher":{"@id":"https:\/\/eryckveziau.com\/en\/#organization"},"image":{"@id":"https:\/\/eryckveziau.com\/immobilier\/ce-que-tu-dois-savoir-si-tu-veux-acheter-une-1re-maison-au-quebec-en-temps-de-pandemie\/#primaryimage"},"thumbnailUrl":"https:\/\/eryckveziau.com\/files\/shared\/newsroom\/6647\/tItPMn3r0cjqfp1uqyHV5e441b5d4c8c4f47a6054fa10a300207BaeYqBiMyMRkh4AHVEbR.jpg","keywords":["agent immobilier rive-nord","condo a vendre ste-doroth\u00e9e","Courtier immobilier laval","Houses for sale Laval Ste-Dorothee","mls laval","mls.ca laval","Real estate broker ste-dorothee"],"articleSection":["Immobilier"],"inLanguage":"en-US"},{"@type":"WebPage","@id":"https:\/\/eryckveziau.com\/immobilier\/ce-que-tu-dois-savoir-si-tu-veux-acheter-une-1re-maison-au-quebec-en-temps-de-pandemie\/","url":"https:\/\/eryckveziau.com\/immobilier\/ce-que-tu-dois-savoir-si-tu-veux-acheter-une-1re-maison-au-quebec-en-temps-de-pandemie\/","name":"Ce que tu dois savoir si tu veux acheter une 1re maison au Qu\u00e9bec en temps de pand\u00e9mie | ERYCK V\u00c9ZIAU, COURTIER IMMOBILIER LAVAL, COURTIER IMMOBILIER STE-DOROTH\u00c9E, MAISON \u00c0 VENDRE LAVAL, AGENT IMMOBILIER STE-DOROTH\u00c9E","isPartOf":{"@id":"https:\/\/eryckveziau.com\/en\/#website"},"primaryImageOfPage":{"@id":"https:\/\/eryckveziau.com\/immobilier\/ce-que-tu-dois-savoir-si-tu-veux-acheter-une-1re-maison-au-quebec-en-temps-de-pandemie\/#primaryimage"},"image":{"@id":"https:\/\/eryckveziau.com\/immobilier\/ce-que-tu-dois-savoir-si-tu-veux-acheter-une-1re-maison-au-quebec-en-temps-de-pandemie\/#primaryimage"},"thumbnailUrl":"https:\/\/eryckveziau.com\/files\/shared\/newsroom\/6647\/tItPMn3r0cjqfp1uqyHV5e441b5d4c8c4f47a6054fa10a300207BaeYqBiMyMRkh4AHVEbR.jpg","datePublished":"2020-11-17T14:52:06+00:00","dateModified":"2022-12-20T13:51:46+00:00","breadcrumb":{"@id":"https:\/\/eryckveziau.com\/immobilier\/ce-que-tu-dois-savoir-si-tu-veux-acheter-une-1re-maison-au-quebec-en-temps-de-pandemie\/#breadcrumb"},"inLanguage":"en-US","potentialAction":[{"@type":"ReadAction","target":["https:\/\/eryckveziau.com\/immobilier\/ce-que-tu-dois-savoir-si-tu-veux-acheter-une-1re-maison-au-quebec-en-temps-de-pandemie\/"]}]},{"@type":"ImageObject","inLanguage":"en-US","@id":"https:\/\/eryckveziau.com\/immobilier\/ce-que-tu-dois-savoir-si-tu-veux-acheter-une-1re-maison-au-quebec-en-temps-de-pandemie\/#primaryimage","url":"https:\/\/eryckveziau.com\/files\/shared\/newsroom\/6647\/tItPMn3r0cjqfp1uqyHV5e441b5d4c8c4f47a6054fa10a300207BaeYqBiMyMRkh4AHVEbR.jpg","contentUrl":"https:\/\/eryckveziau.com\/files\/shared\/newsroom\/6647\/tItPMn3r0cjqfp1uqyHV5e441b5d4c8c4f47a6054fa10a300207BaeYqBiMyMRkh4AHVEbR.jpg","width":1200,"height":627},{"@type":"BreadcrumbList","@id":"https:\/\/eryckveziau.com\/immobilier\/ce-que-tu-dois-savoir-si-tu-veux-acheter-une-1re-maison-au-quebec-en-temps-de-pandemie\/#breadcrumb","itemListElement":[{"@type":"ListItem","position":1,"name":"Accueil","item":"https:\/\/eryckveziau.com\/en\/"},{"@type":"ListItem","position":2,"name":"Ce que tu dois savoir si tu veux acheter une 1re maison au Qu\u00e9bec en temps de pand\u00e9mie"}]},{"@type":"WebSite","@id":"https:\/\/eryckveziau.com\/en\/#website","url":"https:\/\/eryckveziau.com\/en\/","name":"ERYCK V\u00c9ZIAU, COURTIER IMMOBILIER LAVAL, COURTIER IMMOBILIER STE-DOROTH\u00c9E, MAISON \u00c0 VENDRE LAVAL, AGENT IMMOBILIER STE-DOROTH\u00c9E","description":"","publisher":{"@id":"https:\/\/eryckveziau.com\/en\/#organization"},"potentialAction":[{"@type":"SearchAction","target":{"@type":"EntryPoint","urlTemplate":"https:\/\/eryckveziau.com\/en\/?s={search_term_string}"},"query-input":{"@type":"PropertyValueSpecification","valueRequired":true,"valueName":"search_term_string"}}],"inLanguage":"en-US"},{"@type":"Organization","@id":"https:\/\/eryckveziau.com\/en\/#organization","name":"Eryck V\u00e9ziau RE\/MAX","url":"https:\/\/eryckveziau.com\/en\/","logo":{"@type":"ImageObject","inLanguage":"en-US","@id":"https:\/\/eryckveziau.com\/en\/#\/schema\/logo\/image\/","url":"https:\/\/eryckveziau.com\/files\/2022\/09\/PartageEveziau.png","contentUrl":"https:\/\/eryckveziau.com\/files\/2022\/09\/PartageEveziau.png","width":924,"height":454,"caption":"Eryck V\u00e9ziau RE\/MAX"},"image":{"@id":"https:\/\/eryckveziau.com\/en\/#\/schema\/logo\/image\/"},"sameAs":["https:\/\/www.facebook.com\/EryckVeziau.courtier.immobilier.ReMax.Laval","https:\/\/www.instagram.com\/eryck_veziau_remax\/","https:\/\/www.linkedin.com\/in\/eryck-v\u00e9ziau-6a445134\/","https:\/\/www.youtube.com\/user\/eveziau"]},{"@type":"Person","@id":"https:\/\/eryckveziau.com\/en\/#\/schema\/person\/89ff47cf6f95211fdeae055c69df6d8a","name":"ERYCK V\u00c9ZIAU COURTIER IMMOBILIER LAVAL,COURTIER IMMOBILIER STE-DOROTH\u00c9E,MAISON \u00c0 VENDRE LAVAL,AGENT IMMOBILIER STE-DOROTH\u00c9E","image":{"@type":"ImageObject","inLanguage":"en-US","@id":"https:\/\/eryckveziau.com\/en\/#\/schema\/person\/image\/","url":"https:\/\/secure.gravatar.com\/avatar\/1ff1317def8de13459788d21b92b8349d9bff8a1af6697e8a58c46acf60d787f?s=96&d=mm&r=g","contentUrl":"https:\/\/secure.gravatar.com\/avatar\/1ff1317def8de13459788d21b92b8349d9bff8a1af6697e8a58c46acf60d787f?s=96&d=mm&r=g","caption":"ERYCK V\u00c9ZIAU COURTIER IMMOBILIER LAVAL,COURTIER IMMOBILIER STE-DOROTH\u00c9E,MAISON \u00c0 VENDRE LAVAL,AGENT IMMOBILIER STE-DOROTH\u00c9E"},"description":"Faites confiance \u00e0 un courtier immobilier qui a fait ses preuves et qui sera vraiment l\u00e0 pour vous! Eryck V\u00e9ziau se d\u00e9marque par son approche dynamique et sa mise en march\u00e9 puissante et pro-active. En plus d'\u00eatre pr\u00e9sente sur plus de 10 sites internet diff\u00e9rents et d'\u00eatre publi\u00e9e dans diff\u00e9rents imprim\u00e9s votre propri\u00e9t\u00e9 est pr\u00e9sent\u00e9e \u00e0 de nombreux clients potentiels personnellement et ce chaques semaines. Sa connaissance du march\u00e9 et son professionnalisme en font sa renomm\u00e9e. B\u00e9n\u00e9ficiez en plus, de l'excellente visibilit\u00e9 et de la renomm\u00e9 de RE\/MAX la plus importante banni\u00e8re au monde! Bien appuy\u00e9 par son \u00e9quipe de professionnels (notaires, arpenteurs,courtiers hypoth\u00e9caire,avocats, conseillers financier...) vous serez servi sans aucun souci par des gens comp\u00e9tents. Vos attentes et vos r\u00eaves seront \u00e9cout\u00e9s et surtout compris afin que vos objectifs soient r\u00e9alis\u00e9s! Eryck V\u00e9ziau vous offre en prime la garantie Tranquili-T, offerte autant pour les clients-vendeurs que pour les clients-acheteurs! Le march\u00e9 \u00e9volue, votre courtier doit suivre... Contactez-moi pour une \u00e9valuation gratuite de votre propri\u00e9t\u00e9 ou pour un envoi sans frais des maisons list\u00e9es dans votre secteur.","sameAs":["http:\/\/www.eryckveziau.com"],"url":"https:\/\/eryckveziau.com\/en\/author\/14497\/"}]}},"_links":{"self":[{"href":"https:\/\/eryckveziau.com\/en\/wp-json\/wp\/v2\/posts\/5535","targetHints":{"allow":["GET"]}}],"collection":[{"href":"https:\/\/eryckveziau.com\/en\/wp-json\/wp\/v2\/posts"}],"about":[{"href":"https:\/\/eryckveziau.com\/en\/wp-json\/wp\/v2\/types\/post"}],"author":[{"embeddable":true,"href":"https:\/\/eryckveziau.com\/en\/wp-json\/wp\/v2\/users\/560"}],"replies":[{"embeddable":true,"href":"https:\/\/eryckveziau.com\/en\/wp-json\/wp\/v2\/comments?post=5535"}],"version-history":[{"count":1,"href":"https:\/\/eryckveziau.com\/en\/wp-json\/wp\/v2\/posts\/5535\/revisions"}],"predecessor-version":[{"id":5536,"href":"https:\/\/eryckveziau.com\/en\/wp-json\/wp\/v2\/posts\/5535\/revisions\/5536"}],"wp:featuredmedia":[{"embeddable":true,"href":"https:\/\/eryckveziau.com\/en\/wp-json\/wp\/v2\/media\/5445"}],"wp:attachment":[{"href":"https:\/\/eryckveziau.com\/en\/wp-json\/wp\/v2\/media?parent=5535"}],"wp:term":[{"taxonomy":"category","embeddable":true,"href":"https:\/\/eryckveziau.com\/en\/wp-json\/wp\/v2\/categories?post=5535"},{"taxonomy":"post_tag","embeddable":true,"href":"https:\/\/eryckveziau.com\/en\/wp-json\/wp\/v2\/tags?post=5535"}],"curies":[{"name":"wp","href":"https:\/\/api.w.org\/{rel}","templated":true}]}}