{"id":5505,"date":"2020-10-04T13:04:29","date_gmt":"2020-10-04T17:04:29","guid":{"rendered":"https:\/\/eryckveziau.com\/?p=5505"},"modified":"2020-09-30T13:08:30","modified_gmt":"2020-09-30T17:08:30","slug":"le-malheur-de-montreal-fera-t-il-le-bonheur-des-regions","status":"publish","type":"post","link":"https:\/\/eryckveziau.com\/en\/nouvelles\/le-malheur-de-montreal-fera-t-il-le-bonheur-des-regions\/","title":{"rendered":"Le malheur de Montr\u00e9al fera-t-il le bonheur des r\u00e9gions?"},"content":{"rendered":"\n<p> Le regain d&#8217;int\u00e9r\u00eat pour les r\u00e9gions pendant la pand\u00e9mie est symptomatique d&#8217;une remise en question de la concentration et de l\u2019id\u00e9ologie m\u00e9tropolitaine, selon un expert <\/p>\n\n\n\n<p><a href=\"https:\/\/ici.radio-canada.ca\/profil\/21789\/ahmed-kouaou\">Ahmed Kouaou (acc\u00e9der \u00e0 la page de l&#8217;auteur)<\/a>Ahmed KouaouPubli\u00e9 le&nbsp;26 septembre 2020<\/p>\n\n\n\n<p>La crise de la COVID-19 aura-t-elle raison de la bonne sant\u00e9 \u00e9conomique de Montr\u00e9al et de son positionnement comme m\u00e9tropole? La morosit\u00e9 dans laquelle elle est emp\u00eatr\u00e9e est-elle passag\u00e8re ou augure-t-elle d\u2019une inexorable descente aux enfers? Les r\u00e9gions en tireront-elles profit au point de faire contrepoids aux grands centres? \u00c9clairage.<\/p>\n\n\n\n<p><strong><a href=\"https:\/\/ici.radio-canada.ca\/nouvelle\/1736184\/covid-crise-montreal-regions-economie-teletravail\">LIRE LA SUITE ICI<\/a><\/strong><\/p>\n","protected":false},"excerpt":{"rendered":"<p>Le regain d&#8217;int\u00e9r\u00eat pour les r\u00e9gions pendant la pand\u00e9mie est symptomatique d&#8217;une remise en question de la concentration et de l\u2019id\u00e9ologie m\u00e9tropolitaine, selon un expert Ahmed Kouaou (acc\u00e9der \u00e0 la page de l&#8217;auteur)Ahmed KouaouPubli\u00e9 le&nbsp;26 septembre 2020 La crise de la COVID-19 aura-t-elle raison de la bonne sant\u00e9 \u00e9conomique de Montr\u00e9al et de son positionnement [&hellip;]<\/p>\n","protected":false},"author":560,"featured_media":5388,"comment_status":"closed","ping_status":"closed","sticky":false,"template":"","format":"standard","meta":{"_acf_changed":false,"footnotes":""},"categories":[63],"tags":[],"class_list":["post-5505","post","type-post","status-publish","format-standard","hentry","category-nouvelles"],"acf":[],"yoast_head":"<!-- This site is optimized with the Yoast SEO plugin v26.7 - https:\/\/yoast.com\/wordpress\/plugins\/seo\/ -->\n<title>Le malheur de Montr\u00e9al fera-t-il le bonheur des r\u00e9gions? | ERYCK V\u00c9ZIAU, COURTIER IMMOBILIER LAVAL, COURTIER IMMOBILIER STE-DOROTH\u00c9E, MAISON \u00c0 VENDRE LAVAL, AGENT IMMOBILIER STE-DOROTH\u00c9E<\/title>\n<meta name=\"robots\" content=\"index, follow, max-snippet:-1, max-image-preview:large, max-video-preview:-1\" \/>\n<link rel=\"canonical\" href=\"https:\/\/eryckveziau.com\/nouvelles\/le-malheur-de-montreal-fera-t-il-le-bonheur-des-regions\/\" \/>\n<meta property=\"og:locale\" content=\"en_US\" \/>\n<meta property=\"og:type\" content=\"article\" \/>\n<meta property=\"og:title\" content=\"Le malheur de Montr\u00e9al fera-t-il le bonheur des r\u00e9gions? | ERYCK V\u00c9ZIAU, COURTIER IMMOBILIER LAVAL, COURTIER IMMOBILIER STE-DOROTH\u00c9E, MAISON \u00c0 VENDRE LAVAL, AGENT IMMOBILIER STE-DOROTH\u00c9E\" \/>\n<meta property=\"og:description\" content=\"Le regain d&#8217;int\u00e9r\u00eat pour les r\u00e9gions pendant la pand\u00e9mie est symptomatique d&#8217;une remise en question de la concentration et de l\u2019id\u00e9ologie m\u00e9tropolitaine, selon un expert Ahmed Kouaou (acc\u00e9der \u00e0 la page de l&#8217;auteur)Ahmed KouaouPubli\u00e9 le&nbsp;26 septembre 2020 La crise de la COVID-19 aura-t-elle raison de la bonne sant\u00e9 \u00e9conomique de Montr\u00e9al et de son positionnement [&hellip;]\" \/>\n<meta property=\"og:url\" content=\"https:\/\/eryckveziau.com\/nouvelles\/le-malheur-de-montreal-fera-t-il-le-bonheur-des-regions\/\" \/>\n<meta property=\"og:site_name\" content=\"ERYCK V\u00c9ZIAU, COURTIER IMMOBILIER LAVAL, COURTIER IMMOBILIER STE-DOROTH\u00c9E, MAISON \u00c0 VENDRE LAVAL, AGENT IMMOBILIER STE-DOROTH\u00c9E\" \/>\n<meta property=\"article:publisher\" content=\"https:\/\/www.facebook.com\/EryckVeziau.courtier.immobilier.ReMax.Laval\" \/>\n<meta property=\"article:published_time\" content=\"2020-10-04T17:04:29+00:00\" \/>\n<meta property=\"og:image\" content=\"https:\/\/eryckveziau.com\/files\/shared\/newsroom\/6613\/cKLTW70PToB3hgaqM6lz5dd40b4b62604a6bbf8e4bc20a3002078Yd2oiwwQp1DkqVNsfJY.jpg\" \/>\n\t<meta property=\"og:image:width\" content=\"1200\" \/>\n\t<meta property=\"og:image:height\" content=\"627\" \/>\n\t<meta property=\"og:image:type\" content=\"image\/jpeg\" \/>\n<meta name=\"author\" content=\"ERYCK V\u00c9ZIAU COURTIER IMMOBILIER LAVAL,COURTIER IMMOBILIER STE-DOROTH\u00c9E,MAISON \u00c0 VENDRE LAVAL,AGENT IMMOBILIER STE-DOROTH\u00c9E\" \/>\n<meta name=\"twitter:card\" content=\"summary_large_image\" \/>\n<meta name=\"twitter:label1\" content=\"Written by\" \/>\n\t<meta name=\"twitter:data1\" content=\"ERYCK V\u00c9ZIAU COURTIER IMMOBILIER LAVAL,COURTIER IMMOBILIER STE-DOROTH\u00c9E,MAISON \u00c0 VENDRE LAVAL,AGENT IMMOBILIER STE-DOROTH\u00c9E\" \/>\n\t<meta name=\"twitter:label2\" content=\"Est. reading time\" \/>\n\t<meta name=\"twitter:data2\" content=\"1 minute\" \/>\n<script type=\"application\/ld+json\" class=\"yoast-schema-graph\">{\"@context\":\"https:\/\/schema.org\",\"@graph\":[{\"@type\":\"Article\",\"@id\":\"https:\/\/eryckveziau.com\/nouvelles\/le-malheur-de-montreal-fera-t-il-le-bonheur-des-regions\/#article\",\"isPartOf\":{\"@id\":\"https:\/\/eryckveziau.com\/nouvelles\/le-malheur-de-montreal-fera-t-il-le-bonheur-des-regions\/\"},\"author\":{\"name\":\"ERYCK V\u00c9ZIAU COURTIER IMMOBILIER LAVAL,COURTIER IMMOBILIER STE-DOROTH\u00c9E,MAISON \u00c0 VENDRE LAVAL,AGENT IMMOBILIER STE-DOROTH\u00c9E\",\"@id\":\"https:\/\/eryckveziau.com\/en\/#\/schema\/person\/89ff47cf6f95211fdeae055c69df6d8a\"},\"headline\":\"Le malheur de Montr\u00e9al fera-t-il le bonheur des r\u00e9gions?\",\"datePublished\":\"2020-10-04T17:04:29+00:00\",\"mainEntityOfPage\":{\"@id\":\"https:\/\/eryckveziau.com\/nouvelles\/le-malheur-de-montreal-fera-t-il-le-bonheur-des-regions\/\"},\"wordCount\":120,\"publisher\":{\"@id\":\"https:\/\/eryckveziau.com\/en\/#organization\"},\"image\":{\"@id\":\"https:\/\/eryckveziau.com\/nouvelles\/le-malheur-de-montreal-fera-t-il-le-bonheur-des-regions\/#primaryimage\"},\"thumbnailUrl\":\"https:\/\/eryckveziau.com\/files\/shared\/newsroom\/6613\/cKLTW70PToB3hgaqM6lz5dd40b4b62604a6bbf8e4bc20a3002078Yd2oiwwQp1DkqVNsfJY.jpg\",\"articleSection\":[\"Nouvelles\"],\"inLanguage\":\"en-US\"},{\"@type\":\"WebPage\",\"@id\":\"https:\/\/eryckveziau.com\/nouvelles\/le-malheur-de-montreal-fera-t-il-le-bonheur-des-regions\/\",\"url\":\"https:\/\/eryckveziau.com\/nouvelles\/le-malheur-de-montreal-fera-t-il-le-bonheur-des-regions\/\",\"name\":\"Le malheur de Montr\u00e9al fera-t-il le bonheur des r\u00e9gions? | ERYCK V\u00c9ZIAU, COURTIER IMMOBILIER LAVAL, COURTIER IMMOBILIER STE-DOROTH\u00c9E, MAISON \u00c0 VENDRE LAVAL, AGENT IMMOBILIER STE-DOROTH\u00c9E\",\"isPartOf\":{\"@id\":\"https:\/\/eryckveziau.com\/en\/#website\"},\"primaryImageOfPage\":{\"@id\":\"https:\/\/eryckveziau.com\/nouvelles\/le-malheur-de-montreal-fera-t-il-le-bonheur-des-regions\/#primaryimage\"},\"image\":{\"@id\":\"https:\/\/eryckveziau.com\/nouvelles\/le-malheur-de-montreal-fera-t-il-le-bonheur-des-regions\/#primaryimage\"},\"thumbnailUrl\":\"https:\/\/eryckveziau.com\/files\/shared\/newsroom\/6613\/cKLTW70PToB3hgaqM6lz5dd40b4b62604a6bbf8e4bc20a3002078Yd2oiwwQp1DkqVNsfJY.jpg\",\"datePublished\":\"2020-10-04T17:04:29+00:00\",\"breadcrumb\":{\"@id\":\"https:\/\/eryckveziau.com\/nouvelles\/le-malheur-de-montreal-fera-t-il-le-bonheur-des-regions\/#breadcrumb\"},\"inLanguage\":\"en-US\",\"potentialAction\":[{\"@type\":\"ReadAction\",\"target\":[\"https:\/\/eryckveziau.com\/nouvelles\/le-malheur-de-montreal-fera-t-il-le-bonheur-des-regions\/\"]}]},{\"@type\":\"ImageObject\",\"inLanguage\":\"en-US\",\"@id\":\"https:\/\/eryckveziau.com\/nouvelles\/le-malheur-de-montreal-fera-t-il-le-bonheur-des-regions\/#primaryimage\",\"url\":\"https:\/\/eryckveziau.com\/files\/shared\/newsroom\/6613\/cKLTW70PToB3hgaqM6lz5dd40b4b62604a6bbf8e4bc20a3002078Yd2oiwwQp1DkqVNsfJY.jpg\",\"contentUrl\":\"https:\/\/eryckveziau.com\/files\/shared\/newsroom\/6613\/cKLTW70PToB3hgaqM6lz5dd40b4b62604a6bbf8e4bc20a3002078Yd2oiwwQp1DkqVNsfJY.jpg\",\"width\":1200,\"height\":627},{\"@type\":\"BreadcrumbList\",\"@id\":\"https:\/\/eryckveziau.com\/nouvelles\/le-malheur-de-montreal-fera-t-il-le-bonheur-des-regions\/#breadcrumb\",\"itemListElement\":[{\"@type\":\"ListItem\",\"position\":1,\"name\":\"Accueil\",\"item\":\"https:\/\/eryckveziau.com\/en\/\"},{\"@type\":\"ListItem\",\"position\":2,\"name\":\"Le malheur de Montr\u00e9al fera-t-il le bonheur des r\u00e9gions?\"}]},{\"@type\":\"WebSite\",\"@id\":\"https:\/\/eryckveziau.com\/en\/#website\",\"url\":\"https:\/\/eryckveziau.com\/en\/\",\"name\":\"ERYCK V\u00c9ZIAU, COURTIER IMMOBILIER LAVAL, COURTIER IMMOBILIER STE-DOROTH\u00c9E, MAISON \u00c0 VENDRE LAVAL, AGENT IMMOBILIER STE-DOROTH\u00c9E\",\"description\":\"\",\"publisher\":{\"@id\":\"https:\/\/eryckveziau.com\/en\/#organization\"},\"potentialAction\":[{\"@type\":\"SearchAction\",\"target\":{\"@type\":\"EntryPoint\",\"urlTemplate\":\"https:\/\/eryckveziau.com\/en\/?s={search_term_string}\"},\"query-input\":{\"@type\":\"PropertyValueSpecification\",\"valueRequired\":true,\"valueName\":\"search_term_string\"}}],\"inLanguage\":\"en-US\"},{\"@type\":\"Organization\",\"@id\":\"https:\/\/eryckveziau.com\/en\/#organization\",\"name\":\"Eryck V\u00e9ziau RE\/MAX\",\"url\":\"https:\/\/eryckveziau.com\/en\/\",\"logo\":{\"@type\":\"ImageObject\",\"inLanguage\":\"en-US\",\"@id\":\"https:\/\/eryckveziau.com\/en\/#\/schema\/logo\/image\/\",\"url\":\"https:\/\/eryckveziau.com\/files\/2022\/09\/PartageEveziau.png\",\"contentUrl\":\"https:\/\/eryckveziau.com\/files\/2022\/09\/PartageEveziau.png\",\"width\":924,\"height\":454,\"caption\":\"Eryck V\u00e9ziau RE\/MAX\"},\"image\":{\"@id\":\"https:\/\/eryckveziau.com\/en\/#\/schema\/logo\/image\/\"},\"sameAs\":[\"https:\/\/www.facebook.com\/EryckVeziau.courtier.immobilier.ReMax.Laval\",\"https:\/\/www.instagram.com\/eryck_veziau_remax\/\",\"https:\/\/www.linkedin.com\/in\/eryck-v\u00e9ziau-6a445134\/\",\"https:\/\/www.youtube.com\/user\/eveziau\"]},{\"@type\":\"Person\",\"@id\":\"https:\/\/eryckveziau.com\/en\/#\/schema\/person\/89ff47cf6f95211fdeae055c69df6d8a\",\"name\":\"ERYCK V\u00c9ZIAU COURTIER IMMOBILIER LAVAL,COURTIER IMMOBILIER STE-DOROTH\u00c9E,MAISON \u00c0 VENDRE LAVAL,AGENT IMMOBILIER STE-DOROTH\u00c9E\",\"image\":{\"@type\":\"ImageObject\",\"inLanguage\":\"en-US\",\"@id\":\"https:\/\/eryckveziau.com\/en\/#\/schema\/person\/image\/\",\"url\":\"https:\/\/secure.gravatar.com\/avatar\/1ff1317def8de13459788d21b92b8349d9bff8a1af6697e8a58c46acf60d787f?s=96&d=mm&r=g\",\"contentUrl\":\"https:\/\/secure.gravatar.com\/avatar\/1ff1317def8de13459788d21b92b8349d9bff8a1af6697e8a58c46acf60d787f?s=96&d=mm&r=g\",\"caption\":\"ERYCK V\u00c9ZIAU COURTIER IMMOBILIER LAVAL,COURTIER IMMOBILIER STE-DOROTH\u00c9E,MAISON \u00c0 VENDRE LAVAL,AGENT IMMOBILIER STE-DOROTH\u00c9E\"},\"description\":\"Faites confiance \u00e0 un courtier immobilier qui a fait ses preuves et qui sera vraiment l\u00e0 pour vous! Eryck V\u00e9ziau se d\u00e9marque par son approche dynamique et sa mise en march\u00e9 puissante et pro-active. En plus d'\u00eatre pr\u00e9sente sur plus de 10 sites internet diff\u00e9rents et d'\u00eatre publi\u00e9e dans diff\u00e9rents imprim\u00e9s votre propri\u00e9t\u00e9 est pr\u00e9sent\u00e9e \u00e0 de nombreux clients potentiels personnellement et ce chaques semaines. Sa connaissance du march\u00e9 et son professionnalisme en font sa renomm\u00e9e. B\u00e9n\u00e9ficiez en plus, de l'excellente visibilit\u00e9 et de la renomm\u00e9 de RE\/MAX la plus importante banni\u00e8re au monde! Bien appuy\u00e9 par son \u00e9quipe de professionnels (notaires, arpenteurs,courtiers hypoth\u00e9caire,avocats, conseillers financier...) vous serez servi sans aucun souci par des gens comp\u00e9tents. Vos attentes et vos r\u00eaves seront \u00e9cout\u00e9s et surtout compris afin que vos objectifs soient r\u00e9alis\u00e9s! Eryck V\u00e9ziau vous offre en prime la garantie Tranquili-T, offerte autant pour les clients-vendeurs que pour les clients-acheteurs! Le march\u00e9 \u00e9volue, votre courtier doit suivre... Contactez-moi pour une \u00e9valuation gratuite de votre propri\u00e9t\u00e9 ou pour un envoi sans frais des maisons list\u00e9es dans votre secteur.\",\"sameAs\":[\"http:\/\/www.eryckveziau.com\"],\"url\":\"https:\/\/eryckveziau.com\/en\/author\/14497\/\"}]}<\/script>\n<!-- \/ Yoast SEO plugin. -->","yoast_head_json":{"title":"Le malheur de Montr\u00e9al fera-t-il le bonheur des r\u00e9gions? | ERYCK V\u00c9ZIAU, COURTIER IMMOBILIER LAVAL, COURTIER IMMOBILIER STE-DOROTH\u00c9E, MAISON \u00c0 VENDRE LAVAL, AGENT IMMOBILIER STE-DOROTH\u00c9E","robots":{"index":"index","follow":"follow","max-snippet":"max-snippet:-1","max-image-preview":"max-image-preview:large","max-video-preview":"max-video-preview:-1"},"canonical":"https:\/\/eryckveziau.com\/nouvelles\/le-malheur-de-montreal-fera-t-il-le-bonheur-des-regions\/","og_locale":"en_US","og_type":"article","og_title":"Le malheur de Montr\u00e9al fera-t-il le bonheur des r\u00e9gions? | ERYCK V\u00c9ZIAU, COURTIER IMMOBILIER LAVAL, COURTIER IMMOBILIER STE-DOROTH\u00c9E, MAISON \u00c0 VENDRE LAVAL, AGENT IMMOBILIER STE-DOROTH\u00c9E","og_description":"Le regain d&#8217;int\u00e9r\u00eat pour les r\u00e9gions pendant la pand\u00e9mie est symptomatique d&#8217;une remise en question de la concentration et de l\u2019id\u00e9ologie m\u00e9tropolitaine, selon un expert Ahmed Kouaou (acc\u00e9der \u00e0 la page de l&#8217;auteur)Ahmed KouaouPubli\u00e9 le&nbsp;26 septembre 2020 La crise de la COVID-19 aura-t-elle raison de la bonne sant\u00e9 \u00e9conomique de Montr\u00e9al et de son positionnement [&hellip;]","og_url":"https:\/\/eryckveziau.com\/nouvelles\/le-malheur-de-montreal-fera-t-il-le-bonheur-des-regions\/","og_site_name":"ERYCK V\u00c9ZIAU, COURTIER IMMOBILIER LAVAL, COURTIER IMMOBILIER STE-DOROTH\u00c9E, MAISON \u00c0 VENDRE LAVAL, AGENT IMMOBILIER STE-DOROTH\u00c9E","article_publisher":"https:\/\/www.facebook.com\/EryckVeziau.courtier.immobilier.ReMax.Laval","article_published_time":"2020-10-04T17:04:29+00:00","og_image":[{"width":1200,"height":627,"url":"https:\/\/eryckveziau.com\/files\/shared\/newsroom\/6613\/cKLTW70PToB3hgaqM6lz5dd40b4b62604a6bbf8e4bc20a3002078Yd2oiwwQp1DkqVNsfJY.jpg","type":"image\/jpeg"}],"author":"ERYCK V\u00c9ZIAU COURTIER IMMOBILIER LAVAL,COURTIER IMMOBILIER STE-DOROTH\u00c9E,MAISON \u00c0 VENDRE LAVAL,AGENT IMMOBILIER STE-DOROTH\u00c9E","twitter_card":"summary_large_image","twitter_misc":{"Written by":"ERYCK V\u00c9ZIAU COURTIER IMMOBILIER LAVAL,COURTIER IMMOBILIER STE-DOROTH\u00c9E,MAISON \u00c0 VENDRE LAVAL,AGENT IMMOBILIER STE-DOROTH\u00c9E","Est. reading time":"1 minute"},"schema":{"@context":"https:\/\/schema.org","@graph":[{"@type":"Article","@id":"https:\/\/eryckveziau.com\/nouvelles\/le-malheur-de-montreal-fera-t-il-le-bonheur-des-regions\/#article","isPartOf":{"@id":"https:\/\/eryckveziau.com\/nouvelles\/le-malheur-de-montreal-fera-t-il-le-bonheur-des-regions\/"},"author":{"name":"ERYCK V\u00c9ZIAU COURTIER IMMOBILIER LAVAL,COURTIER IMMOBILIER STE-DOROTH\u00c9E,MAISON \u00c0 VENDRE LAVAL,AGENT IMMOBILIER STE-DOROTH\u00c9E","@id":"https:\/\/eryckveziau.com\/en\/#\/schema\/person\/89ff47cf6f95211fdeae055c69df6d8a"},"headline":"Le malheur de Montr\u00e9al fera-t-il le bonheur des r\u00e9gions?","datePublished":"2020-10-04T17:04:29+00:00","mainEntityOfPage":{"@id":"https:\/\/eryckveziau.com\/nouvelles\/le-malheur-de-montreal-fera-t-il-le-bonheur-des-regions\/"},"wordCount":120,"publisher":{"@id":"https:\/\/eryckveziau.com\/en\/#organization"},"image":{"@id":"https:\/\/eryckveziau.com\/nouvelles\/le-malheur-de-montreal-fera-t-il-le-bonheur-des-regions\/#primaryimage"},"thumbnailUrl":"https:\/\/eryckveziau.com\/files\/shared\/newsroom\/6613\/cKLTW70PToB3hgaqM6lz5dd40b4b62604a6bbf8e4bc20a3002078Yd2oiwwQp1DkqVNsfJY.jpg","articleSection":["Nouvelles"],"inLanguage":"en-US"},{"@type":"WebPage","@id":"https:\/\/eryckveziau.com\/nouvelles\/le-malheur-de-montreal-fera-t-il-le-bonheur-des-regions\/","url":"https:\/\/eryckveziau.com\/nouvelles\/le-malheur-de-montreal-fera-t-il-le-bonheur-des-regions\/","name":"Le malheur de Montr\u00e9al fera-t-il le bonheur des r\u00e9gions? | ERYCK V\u00c9ZIAU, COURTIER IMMOBILIER LAVAL, COURTIER IMMOBILIER STE-DOROTH\u00c9E, MAISON \u00c0 VENDRE LAVAL, AGENT IMMOBILIER STE-DOROTH\u00c9E","isPartOf":{"@id":"https:\/\/eryckveziau.com\/en\/#website"},"primaryImageOfPage":{"@id":"https:\/\/eryckveziau.com\/nouvelles\/le-malheur-de-montreal-fera-t-il-le-bonheur-des-regions\/#primaryimage"},"image":{"@id":"https:\/\/eryckveziau.com\/nouvelles\/le-malheur-de-montreal-fera-t-il-le-bonheur-des-regions\/#primaryimage"},"thumbnailUrl":"https:\/\/eryckveziau.com\/files\/shared\/newsroom\/6613\/cKLTW70PToB3hgaqM6lz5dd40b4b62604a6bbf8e4bc20a3002078Yd2oiwwQp1DkqVNsfJY.jpg","datePublished":"2020-10-04T17:04:29+00:00","breadcrumb":{"@id":"https:\/\/eryckveziau.com\/nouvelles\/le-malheur-de-montreal-fera-t-il-le-bonheur-des-regions\/#breadcrumb"},"inLanguage":"en-US","potentialAction":[{"@type":"ReadAction","target":["https:\/\/eryckveziau.com\/nouvelles\/le-malheur-de-montreal-fera-t-il-le-bonheur-des-regions\/"]}]},{"@type":"ImageObject","inLanguage":"en-US","@id":"https:\/\/eryckveziau.com\/nouvelles\/le-malheur-de-montreal-fera-t-il-le-bonheur-des-regions\/#primaryimage","url":"https:\/\/eryckveziau.com\/files\/shared\/newsroom\/6613\/cKLTW70PToB3hgaqM6lz5dd40b4b62604a6bbf8e4bc20a3002078Yd2oiwwQp1DkqVNsfJY.jpg","contentUrl":"https:\/\/eryckveziau.com\/files\/shared\/newsroom\/6613\/cKLTW70PToB3hgaqM6lz5dd40b4b62604a6bbf8e4bc20a3002078Yd2oiwwQp1DkqVNsfJY.jpg","width":1200,"height":627},{"@type":"BreadcrumbList","@id":"https:\/\/eryckveziau.com\/nouvelles\/le-malheur-de-montreal-fera-t-il-le-bonheur-des-regions\/#breadcrumb","itemListElement":[{"@type":"ListItem","position":1,"name":"Accueil","item":"https:\/\/eryckveziau.com\/en\/"},{"@type":"ListItem","position":2,"name":"Le malheur de Montr\u00e9al fera-t-il le bonheur des r\u00e9gions?"}]},{"@type":"WebSite","@id":"https:\/\/eryckveziau.com\/en\/#website","url":"https:\/\/eryckveziau.com\/en\/","name":"ERYCK V\u00c9ZIAU, COURTIER IMMOBILIER LAVAL, COURTIER IMMOBILIER STE-DOROTH\u00c9E, MAISON \u00c0 VENDRE LAVAL, AGENT IMMOBILIER STE-DOROTH\u00c9E","description":"","publisher":{"@id":"https:\/\/eryckveziau.com\/en\/#organization"},"potentialAction":[{"@type":"SearchAction","target":{"@type":"EntryPoint","urlTemplate":"https:\/\/eryckveziau.com\/en\/?s={search_term_string}"},"query-input":{"@type":"PropertyValueSpecification","valueRequired":true,"valueName":"search_term_string"}}],"inLanguage":"en-US"},{"@type":"Organization","@id":"https:\/\/eryckveziau.com\/en\/#organization","name":"Eryck V\u00e9ziau RE\/MAX","url":"https:\/\/eryckveziau.com\/en\/","logo":{"@type":"ImageObject","inLanguage":"en-US","@id":"https:\/\/eryckveziau.com\/en\/#\/schema\/logo\/image\/","url":"https:\/\/eryckveziau.com\/files\/2022\/09\/PartageEveziau.png","contentUrl":"https:\/\/eryckveziau.com\/files\/2022\/09\/PartageEveziau.png","width":924,"height":454,"caption":"Eryck V\u00e9ziau RE\/MAX"},"image":{"@id":"https:\/\/eryckveziau.com\/en\/#\/schema\/logo\/image\/"},"sameAs":["https:\/\/www.facebook.com\/EryckVeziau.courtier.immobilier.ReMax.Laval","https:\/\/www.instagram.com\/eryck_veziau_remax\/","https:\/\/www.linkedin.com\/in\/eryck-v\u00e9ziau-6a445134\/","https:\/\/www.youtube.com\/user\/eveziau"]},{"@type":"Person","@id":"https:\/\/eryckveziau.com\/en\/#\/schema\/person\/89ff47cf6f95211fdeae055c69df6d8a","name":"ERYCK V\u00c9ZIAU COURTIER IMMOBILIER LAVAL,COURTIER IMMOBILIER STE-DOROTH\u00c9E,MAISON \u00c0 VENDRE LAVAL,AGENT IMMOBILIER STE-DOROTH\u00c9E","image":{"@type":"ImageObject","inLanguage":"en-US","@id":"https:\/\/eryckveziau.com\/en\/#\/schema\/person\/image\/","url":"https:\/\/secure.gravatar.com\/avatar\/1ff1317def8de13459788d21b92b8349d9bff8a1af6697e8a58c46acf60d787f?s=96&d=mm&r=g","contentUrl":"https:\/\/secure.gravatar.com\/avatar\/1ff1317def8de13459788d21b92b8349d9bff8a1af6697e8a58c46acf60d787f?s=96&d=mm&r=g","caption":"ERYCK V\u00c9ZIAU COURTIER IMMOBILIER LAVAL,COURTIER IMMOBILIER STE-DOROTH\u00c9E,MAISON \u00c0 VENDRE LAVAL,AGENT IMMOBILIER STE-DOROTH\u00c9E"},"description":"Faites confiance \u00e0 un courtier immobilier qui a fait ses preuves et qui sera vraiment l\u00e0 pour vous! Eryck V\u00e9ziau se d\u00e9marque par son approche dynamique et sa mise en march\u00e9 puissante et pro-active. En plus d'\u00eatre pr\u00e9sente sur plus de 10 sites internet diff\u00e9rents et d'\u00eatre publi\u00e9e dans diff\u00e9rents imprim\u00e9s votre propri\u00e9t\u00e9 est pr\u00e9sent\u00e9e \u00e0 de nombreux clients potentiels personnellement et ce chaques semaines. Sa connaissance du march\u00e9 et son professionnalisme en font sa renomm\u00e9e. B\u00e9n\u00e9ficiez en plus, de l'excellente visibilit\u00e9 et de la renomm\u00e9 de RE\/MAX la plus importante banni\u00e8re au monde! Bien appuy\u00e9 par son \u00e9quipe de professionnels (notaires, arpenteurs,courtiers hypoth\u00e9caire,avocats, conseillers financier...) vous serez servi sans aucun souci par des gens comp\u00e9tents. Vos attentes et vos r\u00eaves seront \u00e9cout\u00e9s et surtout compris afin que vos objectifs soient r\u00e9alis\u00e9s! Eryck V\u00e9ziau vous offre en prime la garantie Tranquili-T, offerte autant pour les clients-vendeurs que pour les clients-acheteurs! Le march\u00e9 \u00e9volue, votre courtier doit suivre... Contactez-moi pour une \u00e9valuation gratuite de votre propri\u00e9t\u00e9 ou pour un envoi sans frais des maisons list\u00e9es dans votre secteur.","sameAs":["http:\/\/www.eryckveziau.com"],"url":"https:\/\/eryckveziau.com\/en\/author\/14497\/"}]}},"_links":{"self":[{"href":"https:\/\/eryckveziau.com\/en\/wp-json\/wp\/v2\/posts\/5505","targetHints":{"allow":["GET"]}}],"collection":[{"href":"https:\/\/eryckveziau.com\/en\/wp-json\/wp\/v2\/posts"}],"about":[{"href":"https:\/\/eryckveziau.com\/en\/wp-json\/wp\/v2\/types\/post"}],"author":[{"embeddable":true,"href":"https:\/\/eryckveziau.com\/en\/wp-json\/wp\/v2\/users\/560"}],"replies":[{"embeddable":true,"href":"https:\/\/eryckveziau.com\/en\/wp-json\/wp\/v2\/comments?post=5505"}],"version-history":[{"count":1,"href":"https:\/\/eryckveziau.com\/en\/wp-json\/wp\/v2\/posts\/5505\/revisions"}],"predecessor-version":[{"id":5506,"href":"https:\/\/eryckveziau.com\/en\/wp-json\/wp\/v2\/posts\/5505\/revisions\/5506"}],"wp:featuredmedia":[{"embeddable":true,"href":"https:\/\/eryckveziau.com\/en\/wp-json\/wp\/v2\/media\/5388"}],"wp:attachment":[{"href":"https:\/\/eryckveziau.com\/en\/wp-json\/wp\/v2\/media?parent=5505"}],"wp:term":[{"taxonomy":"category","embeddable":true,"href":"https:\/\/eryckveziau.com\/en\/wp-json\/wp\/v2\/categories?post=5505"},{"taxonomy":"post_tag","embeddable":true,"href":"https:\/\/eryckveziau.com\/en\/wp-json\/wp\/v2\/tags?post=5505"}],"curies":[{"name":"wp","href":"https:\/\/api.w.org\/{rel}","templated":true}]}}