{"id":2638,"date":"2016-07-11T12:08:25","date_gmt":"2016-07-11T16:08:25","guid":{"rendered":"\/?p=2638"},"modified":"2016-07-11T12:08:25","modified_gmt":"2016-07-11T16:08:25","slug":"les-preteurs-hypothecaires-doivent-etre-plus-prudents","status":"publish","type":"post","link":"https:\/\/eryckveziau.com\/en\/non-classe\/les-preteurs-hypothecaires-doivent-etre-plus-prudents\/","title":{"rendered":"Les pr\u00eateurs hypoth\u00e9caires doivent \u00eatre plus prudents"},"content":{"rendered":"<p>Le Bureau du surintendant des institutions financi\u00e8res (BSIF) souhaite que les pr\u00eateurs hypoth\u00e9caires soient plus prudents lorsqu\u2019ils accordent des hypoth\u00e8ques. L\u2019organisme f\u00e9d\u00e9ral a publi\u00e9 une lettre \u00e0 cet effet, aujourd\u2019hui, \u00e0 l\u2019intention de toutes les soci\u00e9t\u00e9s financi\u00e8res f\u00e9d\u00e9rales.<\/p>\n<p>Le BSIF estime que le niveau record d\u2019endettement des m\u00e9nages canadiens et la hausse rapide du prix des propri\u00e9t\u00e9s, dans certaines r\u00e9gions du pays, entra\u00eenent une augmentation du risque et rendent les pr\u00eateurs plus vuln\u00e9rables.<\/p>\n<p>\u00abCompte tenu de l\u2019augmentation rapide des prix dans certaines r\u00e9gions et de la faiblesse exceptionnelle des taux d\u2019int\u00e9r\u00eat que nous connaissons pr\u00e9sentement, les risques sont en train de prendre une toute autre dimension, a expliqu\u00e9 le surintendant Jeremy Rudin, par communiqu\u00e9.<\/p>\n","protected":false},"excerpt":{"rendered":"<p>Le Bureau du surintendant des institutions financi\u00e8res (BSIF) souhaite que les pr\u00eateurs hypoth\u00e9caires soient plus prudents lorsqu\u2019ils accordent des hypoth\u00e8ques. L\u2019organisme f\u00e9d\u00e9ral a publi\u00e9 une lettre \u00e0 cet effet, aujourd\u2019hui, \u00e0 l\u2019intention de toutes les soci\u00e9t\u00e9s financi\u00e8res f\u00e9d\u00e9rales. Le BSIF estime que le niveau record d\u2019endettement des m\u00e9nages canadiens et la hausse rapide du prix [&hellip;]<\/p>\n","protected":false},"author":285,"featured_media":0,"comment_status":"closed","ping_status":"closed","sticky":false,"template":"","format":"standard","meta":{"_acf_changed":false,"footnotes":""},"categories":[1],"tags":[],"class_list":["post-2638","post","type-post","status-publish","format-standard","hentry","category-non-classe"],"acf":[],"yoast_head":"<!-- This site is optimized with the Yoast SEO plugin v26.7 - https:\/\/yoast.com\/wordpress\/plugins\/seo\/ -->\n<title>Les pr\u00eateurs hypoth\u00e9caires doivent \u00eatre plus prudents | ERYCK V\u00c9ZIAU, COURTIER IMMOBILIER LAVAL, COURTIER IMMOBILIER STE-DOROTH\u00c9E, MAISON \u00c0 VENDRE LAVAL, AGENT IMMOBILIER STE-DOROTH\u00c9E<\/title>\n<meta name=\"robots\" content=\"index, follow, max-snippet:-1, max-image-preview:large, max-video-preview:-1\" \/>\n<link rel=\"canonical\" href=\"https:\/\/eryckveziau.com\/en\/non-classe\/les-preteurs-hypothecaires-doivent-etre-plus-prudents\/\" \/>\n<meta property=\"og:locale\" content=\"en_US\" \/>\n<meta property=\"og:type\" content=\"article\" \/>\n<meta property=\"og:title\" content=\"Les pr\u00eateurs hypoth\u00e9caires doivent \u00eatre plus prudents | ERYCK V\u00c9ZIAU, COURTIER IMMOBILIER LAVAL, COURTIER IMMOBILIER STE-DOROTH\u00c9E, MAISON \u00c0 VENDRE LAVAL, AGENT IMMOBILIER STE-DOROTH\u00c9E\" \/>\n<meta property=\"og:description\" content=\"Le Bureau du surintendant des institutions financi\u00e8res (BSIF) souhaite que les pr\u00eateurs hypoth\u00e9caires soient plus prudents lorsqu\u2019ils accordent des hypoth\u00e8ques. L\u2019organisme f\u00e9d\u00e9ral a publi\u00e9 une lettre \u00e0 cet effet, aujourd\u2019hui, \u00e0 l\u2019intention de toutes les soci\u00e9t\u00e9s financi\u00e8res f\u00e9d\u00e9rales. Le BSIF estime que le niveau record d\u2019endettement des m\u00e9nages canadiens et la hausse rapide du prix [&hellip;]\" \/>\n<meta property=\"og:url\" content=\"https:\/\/eryckveziau.com\/en\/non-classe\/les-preteurs-hypothecaires-doivent-etre-plus-prudents\/\" \/>\n<meta property=\"og:site_name\" content=\"ERYCK V\u00c9ZIAU, COURTIER IMMOBILIER LAVAL, COURTIER IMMOBILIER STE-DOROTH\u00c9E, MAISON \u00c0 VENDRE LAVAL, AGENT IMMOBILIER STE-DOROTH\u00c9E\" \/>\n<meta property=\"article:publisher\" content=\"https:\/\/www.facebook.com\/EryckVeziau.courtier.immobilier.ReMax.Laval\" \/>\n<meta property=\"article:published_time\" content=\"2016-07-11T16:08:25+00:00\" \/>\n<meta property=\"og:image\" content=\"https:\/\/eryckveziau.com\/files\/2022\/09\/PartageEveziau.png\" \/>\n\t<meta property=\"og:image:width\" content=\"924\" \/>\n\t<meta property=\"og:image:height\" content=\"454\" \/>\n\t<meta property=\"og:image:type\" content=\"image\/png\" \/>\n<meta name=\"twitter:card\" content=\"summary_large_image\" \/>\n<meta name=\"twitter:label1\" content=\"Written by\" \/>\n\t<meta name=\"twitter:data1\" content=\"\" \/>\n\t<meta name=\"twitter:label2\" content=\"Est. reading time\" \/>\n\t<meta name=\"twitter:data2\" content=\"1 minute\" \/>\n<script type=\"application\/ld+json\" class=\"yoast-schema-graph\">{\"@context\":\"https:\/\/schema.org\",\"@graph\":[{\"@type\":\"Article\",\"@id\":\"https:\/\/eryckveziau.com\/en\/non-classe\/les-preteurs-hypothecaires-doivent-etre-plus-prudents\/#article\",\"isPartOf\":{\"@id\":\"https:\/\/eryckveziau.com\/en\/non-classe\/les-preteurs-hypothecaires-doivent-etre-plus-prudents\/\"},\"author\":{\"name\":\"\",\"@id\":\"\"},\"headline\":\"Les pr\u00eateurs hypoth\u00e9caires doivent \u00eatre plus prudents\",\"datePublished\":\"2016-07-11T16:08:25+00:00\",\"mainEntityOfPage\":{\"@id\":\"https:\/\/eryckveziau.com\/en\/non-classe\/les-preteurs-hypothecaires-doivent-etre-plus-prudents\/\"},\"wordCount\":150,\"publisher\":{\"@id\":\"https:\/\/eryckveziau.com\/en\/#organization\"},\"articleSection\":[\"Non class\u00e9\"],\"inLanguage\":\"en-US\"},{\"@type\":\"WebPage\",\"@id\":\"https:\/\/eryckveziau.com\/en\/non-classe\/les-preteurs-hypothecaires-doivent-etre-plus-prudents\/\",\"url\":\"https:\/\/eryckveziau.com\/en\/non-classe\/les-preteurs-hypothecaires-doivent-etre-plus-prudents\/\",\"name\":\"Les pr\u00eateurs hypoth\u00e9caires doivent \u00eatre plus prudents | ERYCK V\u00c9ZIAU, COURTIER IMMOBILIER LAVAL, COURTIER IMMOBILIER STE-DOROTH\u00c9E, MAISON \u00c0 VENDRE LAVAL, AGENT IMMOBILIER STE-DOROTH\u00c9E\",\"isPartOf\":{\"@id\":\"https:\/\/eryckveziau.com\/en\/#website\"},\"datePublished\":\"2016-07-11T16:08:25+00:00\",\"breadcrumb\":{\"@id\":\"https:\/\/eryckveziau.com\/en\/non-classe\/les-preteurs-hypothecaires-doivent-etre-plus-prudents\/#breadcrumb\"},\"inLanguage\":\"en-US\",\"potentialAction\":[{\"@type\":\"ReadAction\",\"target\":[\"https:\/\/eryckveziau.com\/en\/non-classe\/les-preteurs-hypothecaires-doivent-etre-plus-prudents\/\"]}]},{\"@type\":\"BreadcrumbList\",\"@id\":\"https:\/\/eryckveziau.com\/en\/non-classe\/les-preteurs-hypothecaires-doivent-etre-plus-prudents\/#breadcrumb\",\"itemListElement\":[{\"@type\":\"ListItem\",\"position\":1,\"name\":\"Accueil\",\"item\":\"https:\/\/eryckveziau.com\/en\/\"},{\"@type\":\"ListItem\",\"position\":2,\"name\":\"Les pr\u00eateurs hypoth\u00e9caires doivent \u00eatre plus prudents\"}]},{\"@type\":\"WebSite\",\"@id\":\"https:\/\/eryckveziau.com\/en\/#website\",\"url\":\"https:\/\/eryckveziau.com\/en\/\",\"name\":\"ERYCK V\u00c9ZIAU, COURTIER IMMOBILIER LAVAL, COURTIER IMMOBILIER STE-DOROTH\u00c9E, MAISON \u00c0 VENDRE LAVAL, AGENT IMMOBILIER STE-DOROTH\u00c9E\",\"description\":\"\",\"publisher\":{\"@id\":\"https:\/\/eryckveziau.com\/en\/#organization\"},\"potentialAction\":[{\"@type\":\"SearchAction\",\"target\":{\"@type\":\"EntryPoint\",\"urlTemplate\":\"https:\/\/eryckveziau.com\/en\/?s={search_term_string}\"},\"query-input\":{\"@type\":\"PropertyValueSpecification\",\"valueRequired\":true,\"valueName\":\"search_term_string\"}}],\"inLanguage\":\"en-US\"},{\"@type\":\"Organization\",\"@id\":\"https:\/\/eryckveziau.com\/en\/#organization\",\"name\":\"Eryck V\u00e9ziau RE\/MAX\",\"url\":\"https:\/\/eryckveziau.com\/en\/\",\"logo\":{\"@type\":\"ImageObject\",\"inLanguage\":\"en-US\",\"@id\":\"https:\/\/eryckveziau.com\/en\/#\/schema\/logo\/image\/\",\"url\":\"https:\/\/eryckveziau.com\/files\/2022\/09\/PartageEveziau.png\",\"contentUrl\":\"https:\/\/eryckveziau.com\/files\/2022\/09\/PartageEveziau.png\",\"width\":924,\"height\":454,\"caption\":\"Eryck V\u00e9ziau RE\/MAX\"},\"image\":{\"@id\":\"https:\/\/eryckveziau.com\/en\/#\/schema\/logo\/image\/\"},\"sameAs\":[\"https:\/\/www.facebook.com\/EryckVeziau.courtier.immobilier.ReMax.Laval\",\"https:\/\/www.instagram.com\/eryck_veziau_remax\/\",\"https:\/\/www.linkedin.com\/in\/eryck-v\u00e9ziau-6a445134\/\",\"https:\/\/www.youtube.com\/user\/eveziau\"]},{\"@type\":\"Person\",\"@id\":\"\",\"url\":\"https:\/\/eryckveziau.com\/en\/author\/\"}]}<\/script>\n<!-- \/ Yoast SEO plugin. -->","yoast_head_json":{"title":"Les pr\u00eateurs hypoth\u00e9caires doivent \u00eatre plus prudents | ERYCK V\u00c9ZIAU, COURTIER IMMOBILIER LAVAL, COURTIER IMMOBILIER STE-DOROTH\u00c9E, MAISON \u00c0 VENDRE LAVAL, AGENT IMMOBILIER STE-DOROTH\u00c9E","robots":{"index":"index","follow":"follow","max-snippet":"max-snippet:-1","max-image-preview":"max-image-preview:large","max-video-preview":"max-video-preview:-1"},"canonical":"https:\/\/eryckveziau.com\/en\/non-classe\/les-preteurs-hypothecaires-doivent-etre-plus-prudents\/","og_locale":"en_US","og_type":"article","og_title":"Les pr\u00eateurs hypoth\u00e9caires doivent \u00eatre plus prudents | ERYCK V\u00c9ZIAU, COURTIER IMMOBILIER LAVAL, COURTIER IMMOBILIER STE-DOROTH\u00c9E, MAISON \u00c0 VENDRE LAVAL, AGENT IMMOBILIER STE-DOROTH\u00c9E","og_description":"Le Bureau du surintendant des institutions financi\u00e8res (BSIF) souhaite que les pr\u00eateurs hypoth\u00e9caires soient plus prudents lorsqu\u2019ils accordent des hypoth\u00e8ques. L\u2019organisme f\u00e9d\u00e9ral a publi\u00e9 une lettre \u00e0 cet effet, aujourd\u2019hui, \u00e0 l\u2019intention de toutes les soci\u00e9t\u00e9s financi\u00e8res f\u00e9d\u00e9rales. Le BSIF estime que le niveau record d\u2019endettement des m\u00e9nages canadiens et la hausse rapide du prix [&hellip;]","og_url":"https:\/\/eryckveziau.com\/en\/non-classe\/les-preteurs-hypothecaires-doivent-etre-plus-prudents\/","og_site_name":"ERYCK V\u00c9ZIAU, COURTIER IMMOBILIER LAVAL, COURTIER IMMOBILIER STE-DOROTH\u00c9E, MAISON \u00c0 VENDRE LAVAL, AGENT IMMOBILIER STE-DOROTH\u00c9E","article_publisher":"https:\/\/www.facebook.com\/EryckVeziau.courtier.immobilier.ReMax.Laval","article_published_time":"2016-07-11T16:08:25+00:00","og_image":[{"width":924,"height":454,"url":"https:\/\/eryckveziau.com\/files\/2022\/09\/PartageEveziau.png","type":"image\/png"}],"twitter_card":"summary_large_image","twitter_misc":{"Written by":"","Est. reading time":"1 minute"},"schema":{"@context":"https:\/\/schema.org","@graph":[{"@type":"Article","@id":"https:\/\/eryckveziau.com\/en\/non-classe\/les-preteurs-hypothecaires-doivent-etre-plus-prudents\/#article","isPartOf":{"@id":"https:\/\/eryckveziau.com\/en\/non-classe\/les-preteurs-hypothecaires-doivent-etre-plus-prudents\/"},"author":{"name":"","@id":""},"headline":"Les pr\u00eateurs hypoth\u00e9caires doivent \u00eatre plus prudents","datePublished":"2016-07-11T16:08:25+00:00","mainEntityOfPage":{"@id":"https:\/\/eryckveziau.com\/en\/non-classe\/les-preteurs-hypothecaires-doivent-etre-plus-prudents\/"},"wordCount":150,"publisher":{"@id":"https:\/\/eryckveziau.com\/en\/#organization"},"articleSection":["Non class\u00e9"],"inLanguage":"en-US"},{"@type":"WebPage","@id":"https:\/\/eryckveziau.com\/en\/non-classe\/les-preteurs-hypothecaires-doivent-etre-plus-prudents\/","url":"https:\/\/eryckveziau.com\/en\/non-classe\/les-preteurs-hypothecaires-doivent-etre-plus-prudents\/","name":"Les pr\u00eateurs hypoth\u00e9caires doivent \u00eatre plus prudents | ERYCK V\u00c9ZIAU, COURTIER IMMOBILIER LAVAL, COURTIER IMMOBILIER STE-DOROTH\u00c9E, MAISON \u00c0 VENDRE LAVAL, AGENT IMMOBILIER STE-DOROTH\u00c9E","isPartOf":{"@id":"https:\/\/eryckveziau.com\/en\/#website"},"datePublished":"2016-07-11T16:08:25+00:00","breadcrumb":{"@id":"https:\/\/eryckveziau.com\/en\/non-classe\/les-preteurs-hypothecaires-doivent-etre-plus-prudents\/#breadcrumb"},"inLanguage":"en-US","potentialAction":[{"@type":"ReadAction","target":["https:\/\/eryckveziau.com\/en\/non-classe\/les-preteurs-hypothecaires-doivent-etre-plus-prudents\/"]}]},{"@type":"BreadcrumbList","@id":"https:\/\/eryckveziau.com\/en\/non-classe\/les-preteurs-hypothecaires-doivent-etre-plus-prudents\/#breadcrumb","itemListElement":[{"@type":"ListItem","position":1,"name":"Accueil","item":"https:\/\/eryckveziau.com\/en\/"},{"@type":"ListItem","position":2,"name":"Les pr\u00eateurs hypoth\u00e9caires doivent \u00eatre plus prudents"}]},{"@type":"WebSite","@id":"https:\/\/eryckveziau.com\/en\/#website","url":"https:\/\/eryckveziau.com\/en\/","name":"ERYCK V\u00c9ZIAU, COURTIER IMMOBILIER LAVAL, COURTIER IMMOBILIER STE-DOROTH\u00c9E, MAISON \u00c0 VENDRE LAVAL, AGENT IMMOBILIER STE-DOROTH\u00c9E","description":"","publisher":{"@id":"https:\/\/eryckveziau.com\/en\/#organization"},"potentialAction":[{"@type":"SearchAction","target":{"@type":"EntryPoint","urlTemplate":"https:\/\/eryckveziau.com\/en\/?s={search_term_string}"},"query-input":{"@type":"PropertyValueSpecification","valueRequired":true,"valueName":"search_term_string"}}],"inLanguage":"en-US"},{"@type":"Organization","@id":"https:\/\/eryckveziau.com\/en\/#organization","name":"Eryck V\u00e9ziau RE\/MAX","url":"https:\/\/eryckveziau.com\/en\/","logo":{"@type":"ImageObject","inLanguage":"en-US","@id":"https:\/\/eryckveziau.com\/en\/#\/schema\/logo\/image\/","url":"https:\/\/eryckveziau.com\/files\/2022\/09\/PartageEveziau.png","contentUrl":"https:\/\/eryckveziau.com\/files\/2022\/09\/PartageEveziau.png","width":924,"height":454,"caption":"Eryck V\u00e9ziau RE\/MAX"},"image":{"@id":"https:\/\/eryckveziau.com\/en\/#\/schema\/logo\/image\/"},"sameAs":["https:\/\/www.facebook.com\/EryckVeziau.courtier.immobilier.ReMax.Laval","https:\/\/www.instagram.com\/eryck_veziau_remax\/","https:\/\/www.linkedin.com\/in\/eryck-v\u00e9ziau-6a445134\/","https:\/\/www.youtube.com\/user\/eveziau"]},{"@type":"Person","@id":"","url":"https:\/\/eryckveziau.com\/en\/author\/"}]}},"_links":{"self":[{"href":"https:\/\/eryckveziau.com\/en\/wp-json\/wp\/v2\/posts\/2638","targetHints":{"allow":["GET"]}}],"collection":[{"href":"https:\/\/eryckveziau.com\/en\/wp-json\/wp\/v2\/posts"}],"about":[{"href":"https:\/\/eryckveziau.com\/en\/wp-json\/wp\/v2\/types\/post"}],"author":[{"embeddable":true,"href":"https:\/\/eryckveziau.com\/en\/wp-json\/wp\/v2\/users\/285"}],"replies":[{"embeddable":true,"href":"https:\/\/eryckveziau.com\/en\/wp-json\/wp\/v2\/comments?post=2638"}],"version-history":[{"count":1,"href":"https:\/\/eryckveziau.com\/en\/wp-json\/wp\/v2\/posts\/2638\/revisions"}],"predecessor-version":[{"id":2639,"href":"https:\/\/eryckveziau.com\/en\/wp-json\/wp\/v2\/posts\/2638\/revisions\/2639"}],"wp:attachment":[{"href":"https:\/\/eryckveziau.com\/en\/wp-json\/wp\/v2\/media?parent=2638"}],"wp:term":[{"taxonomy":"category","embeddable":true,"href":"https:\/\/eryckveziau.com\/en\/wp-json\/wp\/v2\/categories?post=2638"},{"taxonomy":"post_tag","embeddable":true,"href":"https:\/\/eryckveziau.com\/en\/wp-json\/wp\/v2\/tags?post=2638"}],"curies":[{"name":"wp","href":"https:\/\/api.w.org\/{rel}","templated":true}]}}