{"id":2626,"date":"2016-06-17T09:29:30","date_gmt":"2016-06-17T13:29:30","guid":{"rendered":"\/?p=2626"},"modified":"2016-06-17T09:29:30","modified_gmt":"2016-06-17T13:29:30","slug":"la-construction-neuve-tourne-au-ralenti","status":"publish","type":"post","link":"https:\/\/eryckveziau.com\/en\/non-classe\/la-construction-neuve-tourne-au-ralenti\/","title":{"rendered":"La construction neuve tourne au ralenti"},"content":{"rendered":"<p>Les chantiers de construction d\u2019habitations vont continuer \u00e0 se faire plus rares au Qu\u00e9bec d\u2019ici la fin de l\u2019ann\u00e9e, le nombre de logements neufs sur le march\u00e9 \u00e9tant encore trop nombreux, estime Desjardins.<\/p>\n<p>Le march\u00e9 de la vente de propri\u00e9t\u00e9s existantes a repris de la vigueur dans la plupart des grandes agglom\u00e9rations de la province depuis le d\u00e9but de l\u2019ann\u00e9e, mais l\u2019offre d\u2019habitations \u00abdemeure toutefois trop abondante\u00bb pour esp\u00e9rer une relance dans la construction, explique H\u00e9l\u00e8ne B\u00e9gin, \u00e9conomiste principale chez Desjardins dans une \u00e9tude sur le march\u00e9 immobilier, publi\u00e9e jeudi.<\/p>\n<p>Le bassin de r\u00e9sidences \u00e0 vendre a r\u00e9tr\u00e9ci depuis le d\u00e9but de l\u2019ann\u00e9e de sorte que les conditions de march\u00e9 se sont un peu am\u00e9lior\u00e9es pour les vendeurs. Malgr\u00e9 cela, le d\u00e9s\u00e9quilibre s\u2019av\u00e8re encore important et les acheteurs ont l\u2019embarras du choix pour les copropri\u00e9t\u00e9s.<\/p>\n<div id=\"fsk_splitbox_992\" class=\"  fsk_splitbox_992\"><\/div>\n<p>Desjardins ne table pas sur une relance de la construction \u00e0 court terme car le d\u00e9s\u00e9quilibre est encore trop important m\u00eame si les conditions du march\u00e9 de la revente se sont am\u00e9lior\u00e9es, r\u00e9cemment, pour les maisons et les copropri\u00e9t\u00e9s.<\/p>\n","protected":false},"excerpt":{"rendered":"<p>Les chantiers de construction d\u2019habitations vont continuer \u00e0 se faire plus rares au Qu\u00e9bec d\u2019ici la fin de l\u2019ann\u00e9e, le nombre de logements neufs sur le march\u00e9 \u00e9tant encore trop nombreux, estime Desjardins. Le march\u00e9 de la vente de propri\u00e9t\u00e9s existantes a repris de la vigueur dans la plupart des grandes agglom\u00e9rations de la province [&hellip;]<\/p>\n","protected":false},"author":285,"featured_media":0,"comment_status":"closed","ping_status":"closed","sticky":false,"template":"","format":"standard","meta":{"_acf_changed":false,"footnotes":""},"categories":[1],"tags":[],"class_list":["post-2626","post","type-post","status-publish","format-standard","hentry","category-non-classe"],"acf":[],"yoast_head":"<!-- This site is optimized with the Yoast SEO plugin v26.7 - https:\/\/yoast.com\/wordpress\/plugins\/seo\/ -->\n<title>La construction neuve tourne au ralenti | ERYCK V\u00c9ZIAU, COURTIER IMMOBILIER LAVAL, COURTIER IMMOBILIER STE-DOROTH\u00c9E, MAISON \u00c0 VENDRE LAVAL, AGENT IMMOBILIER STE-DOROTH\u00c9E<\/title>\n<meta name=\"robots\" content=\"index, follow, max-snippet:-1, max-image-preview:large, max-video-preview:-1\" \/>\n<link rel=\"canonical\" href=\"https:\/\/eryckveziau.com\/non-classe\/la-construction-neuve-tourne-au-ralenti\/\" \/>\n<meta property=\"og:locale\" content=\"en_US\" \/>\n<meta property=\"og:type\" content=\"article\" \/>\n<meta property=\"og:title\" content=\"La construction neuve tourne au ralenti | ERYCK V\u00c9ZIAU, COURTIER IMMOBILIER LAVAL, COURTIER IMMOBILIER STE-DOROTH\u00c9E, MAISON \u00c0 VENDRE LAVAL, AGENT IMMOBILIER STE-DOROTH\u00c9E\" \/>\n<meta property=\"og:description\" content=\"Les chantiers de construction d\u2019habitations vont continuer \u00e0 se faire plus rares au Qu\u00e9bec d\u2019ici la fin de l\u2019ann\u00e9e, le nombre de logements neufs sur le march\u00e9 \u00e9tant encore trop nombreux, estime Desjardins. Le march\u00e9 de la vente de propri\u00e9t\u00e9s existantes a repris de la vigueur dans la plupart des grandes agglom\u00e9rations de la province [&hellip;]\" \/>\n<meta property=\"og:url\" content=\"https:\/\/eryckveziau.com\/non-classe\/la-construction-neuve-tourne-au-ralenti\/\" \/>\n<meta property=\"og:site_name\" content=\"ERYCK V\u00c9ZIAU, COURTIER IMMOBILIER LAVAL, COURTIER IMMOBILIER STE-DOROTH\u00c9E, MAISON \u00c0 VENDRE LAVAL, AGENT IMMOBILIER STE-DOROTH\u00c9E\" \/>\n<meta property=\"article:publisher\" content=\"https:\/\/www.facebook.com\/EryckVeziau.courtier.immobilier.ReMax.Laval\" \/>\n<meta property=\"article:published_time\" content=\"2016-06-17T13:29:30+00:00\" \/>\n<meta property=\"og:image\" content=\"https:\/\/eryckveziau.com\/files\/2022\/09\/PartageEveziau.png\" \/>\n\t<meta property=\"og:image:width\" content=\"924\" \/>\n\t<meta property=\"og:image:height\" content=\"454\" \/>\n\t<meta property=\"og:image:type\" content=\"image\/png\" \/>\n<meta name=\"twitter:card\" content=\"summary_large_image\" \/>\n<meta name=\"twitter:label1\" content=\"Written by\" \/>\n\t<meta name=\"twitter:data1\" content=\"\" \/>\n\t<meta name=\"twitter:label2\" content=\"Est. reading time\" \/>\n\t<meta name=\"twitter:data2\" content=\"1 minute\" \/>\n<script type=\"application\/ld+json\" class=\"yoast-schema-graph\">{\"@context\":\"https:\/\/schema.org\",\"@graph\":[{\"@type\":\"Article\",\"@id\":\"https:\/\/eryckveziau.com\/non-classe\/la-construction-neuve-tourne-au-ralenti\/#article\",\"isPartOf\":{\"@id\":\"https:\/\/eryckveziau.com\/non-classe\/la-construction-neuve-tourne-au-ralenti\/\"},\"author\":{\"name\":\"\",\"@id\":\"\"},\"headline\":\"La construction neuve tourne au ralenti\",\"datePublished\":\"2016-06-17T13:29:30+00:00\",\"mainEntityOfPage\":{\"@id\":\"https:\/\/eryckveziau.com\/non-classe\/la-construction-neuve-tourne-au-ralenti\/\"},\"wordCount\":218,\"publisher\":{\"@id\":\"https:\/\/eryckveziau.com\/en\/#organization\"},\"articleSection\":[\"Non class\u00e9\"],\"inLanguage\":\"en-US\"},{\"@type\":\"WebPage\",\"@id\":\"https:\/\/eryckveziau.com\/non-classe\/la-construction-neuve-tourne-au-ralenti\/\",\"url\":\"https:\/\/eryckveziau.com\/non-classe\/la-construction-neuve-tourne-au-ralenti\/\",\"name\":\"La construction neuve tourne au ralenti | ERYCK V\u00c9ZIAU, COURTIER IMMOBILIER LAVAL, COURTIER IMMOBILIER STE-DOROTH\u00c9E, MAISON \u00c0 VENDRE LAVAL, AGENT IMMOBILIER STE-DOROTH\u00c9E\",\"isPartOf\":{\"@id\":\"https:\/\/eryckveziau.com\/en\/#website\"},\"datePublished\":\"2016-06-17T13:29:30+00:00\",\"breadcrumb\":{\"@id\":\"https:\/\/eryckveziau.com\/non-classe\/la-construction-neuve-tourne-au-ralenti\/#breadcrumb\"},\"inLanguage\":\"en-US\",\"potentialAction\":[{\"@type\":\"ReadAction\",\"target\":[\"https:\/\/eryckveziau.com\/non-classe\/la-construction-neuve-tourne-au-ralenti\/\"]}]},{\"@type\":\"BreadcrumbList\",\"@id\":\"https:\/\/eryckveziau.com\/non-classe\/la-construction-neuve-tourne-au-ralenti\/#breadcrumb\",\"itemListElement\":[{\"@type\":\"ListItem\",\"position\":1,\"name\":\"Accueil\",\"item\":\"https:\/\/eryckveziau.com\/en\/\"},{\"@type\":\"ListItem\",\"position\":2,\"name\":\"La construction neuve tourne au ralenti\"}]},{\"@type\":\"WebSite\",\"@id\":\"https:\/\/eryckveziau.com\/en\/#website\",\"url\":\"https:\/\/eryckveziau.com\/en\/\",\"name\":\"ERYCK V\u00c9ZIAU, COURTIER IMMOBILIER LAVAL, COURTIER IMMOBILIER STE-DOROTH\u00c9E, MAISON \u00c0 VENDRE LAVAL, AGENT IMMOBILIER STE-DOROTH\u00c9E\",\"description\":\"\",\"publisher\":{\"@id\":\"https:\/\/eryckveziau.com\/en\/#organization\"},\"potentialAction\":[{\"@type\":\"SearchAction\",\"target\":{\"@type\":\"EntryPoint\",\"urlTemplate\":\"https:\/\/eryckveziau.com\/en\/?s={search_term_string}\"},\"query-input\":{\"@type\":\"PropertyValueSpecification\",\"valueRequired\":true,\"valueName\":\"search_term_string\"}}],\"inLanguage\":\"en-US\"},{\"@type\":\"Organization\",\"@id\":\"https:\/\/eryckveziau.com\/en\/#organization\",\"name\":\"Eryck V\u00e9ziau RE\/MAX\",\"url\":\"https:\/\/eryckveziau.com\/en\/\",\"logo\":{\"@type\":\"ImageObject\",\"inLanguage\":\"en-US\",\"@id\":\"https:\/\/eryckveziau.com\/en\/#\/schema\/logo\/image\/\",\"url\":\"https:\/\/eryckveziau.com\/files\/2022\/09\/PartageEveziau.png\",\"contentUrl\":\"https:\/\/eryckveziau.com\/files\/2022\/09\/PartageEveziau.png\",\"width\":924,\"height\":454,\"caption\":\"Eryck V\u00e9ziau RE\/MAX\"},\"image\":{\"@id\":\"https:\/\/eryckveziau.com\/en\/#\/schema\/logo\/image\/\"},\"sameAs\":[\"https:\/\/www.facebook.com\/EryckVeziau.courtier.immobilier.ReMax.Laval\",\"https:\/\/www.instagram.com\/eryck_veziau_remax\/\",\"https:\/\/www.linkedin.com\/in\/eryck-v\u00e9ziau-6a445134\/\",\"https:\/\/www.youtube.com\/user\/eveziau\"]},{\"@type\":\"Person\",\"@id\":\"\",\"url\":\"https:\/\/eryckveziau.com\/en\/author\/\"}]}<\/script>\n<!-- \/ Yoast SEO plugin. -->","yoast_head_json":{"title":"La construction neuve tourne au ralenti | ERYCK V\u00c9ZIAU, COURTIER IMMOBILIER LAVAL, COURTIER IMMOBILIER STE-DOROTH\u00c9E, MAISON \u00c0 VENDRE LAVAL, AGENT IMMOBILIER STE-DOROTH\u00c9E","robots":{"index":"index","follow":"follow","max-snippet":"max-snippet:-1","max-image-preview":"max-image-preview:large","max-video-preview":"max-video-preview:-1"},"canonical":"https:\/\/eryckveziau.com\/non-classe\/la-construction-neuve-tourne-au-ralenti\/","og_locale":"en_US","og_type":"article","og_title":"La construction neuve tourne au ralenti | ERYCK V\u00c9ZIAU, COURTIER IMMOBILIER LAVAL, COURTIER IMMOBILIER STE-DOROTH\u00c9E, MAISON \u00c0 VENDRE LAVAL, AGENT IMMOBILIER STE-DOROTH\u00c9E","og_description":"Les chantiers de construction d\u2019habitations vont continuer \u00e0 se faire plus rares au Qu\u00e9bec d\u2019ici la fin de l\u2019ann\u00e9e, le nombre de logements neufs sur le march\u00e9 \u00e9tant encore trop nombreux, estime Desjardins. Le march\u00e9 de la vente de propri\u00e9t\u00e9s existantes a repris de la vigueur dans la plupart des grandes agglom\u00e9rations de la province [&hellip;]","og_url":"https:\/\/eryckveziau.com\/non-classe\/la-construction-neuve-tourne-au-ralenti\/","og_site_name":"ERYCK V\u00c9ZIAU, COURTIER IMMOBILIER LAVAL, COURTIER IMMOBILIER STE-DOROTH\u00c9E, MAISON \u00c0 VENDRE LAVAL, AGENT IMMOBILIER STE-DOROTH\u00c9E","article_publisher":"https:\/\/www.facebook.com\/EryckVeziau.courtier.immobilier.ReMax.Laval","article_published_time":"2016-06-17T13:29:30+00:00","og_image":[{"width":924,"height":454,"url":"https:\/\/eryckveziau.com\/files\/2022\/09\/PartageEveziau.png","type":"image\/png"}],"twitter_card":"summary_large_image","twitter_misc":{"Written by":"","Est. reading time":"1 minute"},"schema":{"@context":"https:\/\/schema.org","@graph":[{"@type":"Article","@id":"https:\/\/eryckveziau.com\/non-classe\/la-construction-neuve-tourne-au-ralenti\/#article","isPartOf":{"@id":"https:\/\/eryckveziau.com\/non-classe\/la-construction-neuve-tourne-au-ralenti\/"},"author":{"name":"","@id":""},"headline":"La construction neuve tourne au ralenti","datePublished":"2016-06-17T13:29:30+00:00","mainEntityOfPage":{"@id":"https:\/\/eryckveziau.com\/non-classe\/la-construction-neuve-tourne-au-ralenti\/"},"wordCount":218,"publisher":{"@id":"https:\/\/eryckveziau.com\/en\/#organization"},"articleSection":["Non class\u00e9"],"inLanguage":"en-US"},{"@type":"WebPage","@id":"https:\/\/eryckveziau.com\/non-classe\/la-construction-neuve-tourne-au-ralenti\/","url":"https:\/\/eryckveziau.com\/non-classe\/la-construction-neuve-tourne-au-ralenti\/","name":"La construction neuve tourne au ralenti | ERYCK V\u00c9ZIAU, COURTIER IMMOBILIER LAVAL, COURTIER IMMOBILIER STE-DOROTH\u00c9E, MAISON \u00c0 VENDRE LAVAL, AGENT IMMOBILIER STE-DOROTH\u00c9E","isPartOf":{"@id":"https:\/\/eryckveziau.com\/en\/#website"},"datePublished":"2016-06-17T13:29:30+00:00","breadcrumb":{"@id":"https:\/\/eryckveziau.com\/non-classe\/la-construction-neuve-tourne-au-ralenti\/#breadcrumb"},"inLanguage":"en-US","potentialAction":[{"@type":"ReadAction","target":["https:\/\/eryckveziau.com\/non-classe\/la-construction-neuve-tourne-au-ralenti\/"]}]},{"@type":"BreadcrumbList","@id":"https:\/\/eryckveziau.com\/non-classe\/la-construction-neuve-tourne-au-ralenti\/#breadcrumb","itemListElement":[{"@type":"ListItem","position":1,"name":"Accueil","item":"https:\/\/eryckveziau.com\/en\/"},{"@type":"ListItem","position":2,"name":"La construction neuve tourne au ralenti"}]},{"@type":"WebSite","@id":"https:\/\/eryckveziau.com\/en\/#website","url":"https:\/\/eryckveziau.com\/en\/","name":"ERYCK V\u00c9ZIAU, COURTIER IMMOBILIER LAVAL, COURTIER IMMOBILIER STE-DOROTH\u00c9E, MAISON \u00c0 VENDRE LAVAL, AGENT IMMOBILIER STE-DOROTH\u00c9E","description":"","publisher":{"@id":"https:\/\/eryckveziau.com\/en\/#organization"},"potentialAction":[{"@type":"SearchAction","target":{"@type":"EntryPoint","urlTemplate":"https:\/\/eryckveziau.com\/en\/?s={search_term_string}"},"query-input":{"@type":"PropertyValueSpecification","valueRequired":true,"valueName":"search_term_string"}}],"inLanguage":"en-US"},{"@type":"Organization","@id":"https:\/\/eryckveziau.com\/en\/#organization","name":"Eryck V\u00e9ziau RE\/MAX","url":"https:\/\/eryckveziau.com\/en\/","logo":{"@type":"ImageObject","inLanguage":"en-US","@id":"https:\/\/eryckveziau.com\/en\/#\/schema\/logo\/image\/","url":"https:\/\/eryckveziau.com\/files\/2022\/09\/PartageEveziau.png","contentUrl":"https:\/\/eryckveziau.com\/files\/2022\/09\/PartageEveziau.png","width":924,"height":454,"caption":"Eryck V\u00e9ziau RE\/MAX"},"image":{"@id":"https:\/\/eryckveziau.com\/en\/#\/schema\/logo\/image\/"},"sameAs":["https:\/\/www.facebook.com\/EryckVeziau.courtier.immobilier.ReMax.Laval","https:\/\/www.instagram.com\/eryck_veziau_remax\/","https:\/\/www.linkedin.com\/in\/eryck-v\u00e9ziau-6a445134\/","https:\/\/www.youtube.com\/user\/eveziau"]},{"@type":"Person","@id":"","url":"https:\/\/eryckveziau.com\/en\/author\/"}]}},"_links":{"self":[{"href":"https:\/\/eryckveziau.com\/en\/wp-json\/wp\/v2\/posts\/2626","targetHints":{"allow":["GET"]}}],"collection":[{"href":"https:\/\/eryckveziau.com\/en\/wp-json\/wp\/v2\/posts"}],"about":[{"href":"https:\/\/eryckveziau.com\/en\/wp-json\/wp\/v2\/types\/post"}],"author":[{"embeddable":true,"href":"https:\/\/eryckveziau.com\/en\/wp-json\/wp\/v2\/users\/285"}],"replies":[{"embeddable":true,"href":"https:\/\/eryckveziau.com\/en\/wp-json\/wp\/v2\/comments?post=2626"}],"version-history":[{"count":1,"href":"https:\/\/eryckveziau.com\/en\/wp-json\/wp\/v2\/posts\/2626\/revisions"}],"predecessor-version":[{"id":2627,"href":"https:\/\/eryckveziau.com\/en\/wp-json\/wp\/v2\/posts\/2626\/revisions\/2627"}],"wp:attachment":[{"href":"https:\/\/eryckveziau.com\/en\/wp-json\/wp\/v2\/media?parent=2626"}],"wp:term":[{"taxonomy":"category","embeddable":true,"href":"https:\/\/eryckveziau.com\/en\/wp-json\/wp\/v2\/categories?post=2626"},{"taxonomy":"post_tag","embeddable":true,"href":"https:\/\/eryckveziau.com\/en\/wp-json\/wp\/v2\/tags?post=2626"}],"curies":[{"name":"wp","href":"https:\/\/api.w.org\/{rel}","templated":true}]}}