{"id":2619,"date":"2016-06-10T10:47:56","date_gmt":"2016-06-10T14:47:56","guid":{"rendered":"\/?p=2619"},"modified":"2016-06-10T10:48:40","modified_gmt":"2016-06-10T14:48:40","slug":"ottawa-examine-les-marches-immobiliers-au-pays","status":"publish","type":"post","link":"https:\/\/eryckveziau.com\/en\/non-classe\/ottawa-examine-les-marches-immobiliers-au-pays\/","title":{"rendered":"Ottawa examine les march\u00e9s immobiliers au pays"},"content":{"rendered":"<p class=\"amorce\">Le gouvernement f\u00e9d\u00e9ral effectue un examen \u00aben profondeur\u00bb des divers march\u00e9s du logement au Canada afin de d\u00e9terminer si de nouvelles mesures sont requises pour limiter les hausses de prix ou l&#8217;impact de la propri\u00e9t\u00e9 \u00e9trang\u00e8re sur l&#8217;accessibilit\u00e9 du march\u00e9, a indiqu\u00e9 mercredi le ministre des Finances, Bill Morneau.<\/p>\n<p><!-- .excerpt --><\/p>\n<div class=\"entry chapitre chapitreTexte\">\n<p>Questionn\u00e9 sur son niveau d&#8217;inqui\u00e9tude par rapport aux bulles immobili\u00e8res qui pourraient exister au pays, le ministre Morneau a indiqu\u00e9 qu&#8217;Ottawa se concentrait sur les \u00abvraies preuves\u00bb lorsqu&#8217;il \u00e9tait question de probl\u00e9matiques telles que l&#8217;effet de la propri\u00e9t\u00e9 \u00e9trang\u00e8re sur les prix des logements.<\/p>\n<p>L&#8217;objectif du gouvernement est d&#8217;avoir une bonne compr\u00e9hension de la complexit\u00e9 du march\u00e9, afin de d\u00e9couvrir quelles mesures pourraient \u00eatre n\u00e9cessaires sur une base continue afin de s&#8217;assurer que les Canadiens puissent \u00eatre capables d&#8217;acheter des maisons, a ajout\u00e9 le ministre.<\/p>\n<\/div>\n","protected":false},"excerpt":{"rendered":"<p>Le gouvernement f\u00e9d\u00e9ral effectue un examen \u00aben profondeur\u00bb des divers march\u00e9s du logement au Canada afin de d\u00e9terminer si de nouvelles mesures sont requises pour limiter les hausses de prix ou l&#8217;impact de la propri\u00e9t\u00e9 \u00e9trang\u00e8re sur l&#8217;accessibilit\u00e9 du march\u00e9, a indiqu\u00e9 mercredi le ministre des Finances, Bill Morneau. Questionn\u00e9 sur son niveau d&#8217;inqui\u00e9tude par [&hellip;]<\/p>\n","protected":false},"author":285,"featured_media":0,"comment_status":"closed","ping_status":"closed","sticky":false,"template":"","format":"standard","meta":{"_acf_changed":false,"footnotes":""},"categories":[1],"tags":[],"class_list":["post-2619","post","type-post","status-publish","format-standard","hentry","category-non-classe"],"acf":[],"yoast_head":"<!-- This site is optimized with the Yoast SEO plugin v26.7 - https:\/\/yoast.com\/wordpress\/plugins\/seo\/ -->\n<title>Ottawa examine les march\u00e9s immobiliers au pays | ERYCK V\u00c9ZIAU, COURTIER IMMOBILIER LAVAL, COURTIER IMMOBILIER STE-DOROTH\u00c9E, MAISON \u00c0 VENDRE LAVAL, AGENT IMMOBILIER STE-DOROTH\u00c9E<\/title>\n<meta name=\"robots\" content=\"index, follow, max-snippet:-1, max-image-preview:large, max-video-preview:-1\" \/>\n<link rel=\"canonical\" href=\"http:\/\/eryckveziau.com\/non-classe\/ottawa-examine-les-marches-immobiliers-au-pays\/\" \/>\n<meta property=\"og:locale\" content=\"en_US\" \/>\n<meta property=\"og:type\" content=\"article\" \/>\n<meta property=\"og:title\" content=\"Ottawa examine les march\u00e9s immobiliers au pays | ERYCK V\u00c9ZIAU, COURTIER IMMOBILIER LAVAL, COURTIER IMMOBILIER STE-DOROTH\u00c9E, MAISON \u00c0 VENDRE LAVAL, AGENT IMMOBILIER STE-DOROTH\u00c9E\" \/>\n<meta property=\"og:description\" content=\"Le gouvernement f\u00e9d\u00e9ral effectue un examen \u00aben profondeur\u00bb des divers march\u00e9s du logement au Canada afin de d\u00e9terminer si de nouvelles mesures sont requises pour limiter les hausses de prix ou l&#8217;impact de la propri\u00e9t\u00e9 \u00e9trang\u00e8re sur l&#8217;accessibilit\u00e9 du march\u00e9, a indiqu\u00e9 mercredi le ministre des Finances, Bill Morneau. Questionn\u00e9 sur son niveau d&#8217;inqui\u00e9tude par [&hellip;]\" \/>\n<meta property=\"og:url\" content=\"http:\/\/eryckveziau.com\/non-classe\/ottawa-examine-les-marches-immobiliers-au-pays\/\" \/>\n<meta property=\"og:site_name\" content=\"ERYCK V\u00c9ZIAU, COURTIER IMMOBILIER LAVAL, COURTIER IMMOBILIER STE-DOROTH\u00c9E, MAISON \u00c0 VENDRE LAVAL, AGENT IMMOBILIER STE-DOROTH\u00c9E\" \/>\n<meta property=\"article:publisher\" content=\"https:\/\/www.facebook.com\/EryckVeziau.courtier.immobilier.ReMax.Laval\" \/>\n<meta property=\"article:published_time\" content=\"2016-06-10T14:47:56+00:00\" \/>\n<meta property=\"article:modified_time\" content=\"2016-06-10T14:48:40+00:00\" \/>\n<meta property=\"og:image\" content=\"https:\/\/eryckveziau.com\/files\/2022\/09\/PartageEveziau.png\" \/>\n\t<meta property=\"og:image:width\" content=\"924\" \/>\n\t<meta property=\"og:image:height\" content=\"454\" \/>\n\t<meta property=\"og:image:type\" content=\"image\/png\" \/>\n<meta name=\"twitter:card\" content=\"summary_large_image\" \/>\n<meta name=\"twitter:label1\" content=\"Written by\" \/>\n\t<meta name=\"twitter:data1\" content=\"\" \/>\n\t<meta name=\"twitter:label2\" content=\"Est. reading time\" \/>\n\t<meta name=\"twitter:data2\" content=\"1 minute\" \/>\n<script type=\"application\/ld+json\" class=\"yoast-schema-graph\">{\"@context\":\"https:\/\/schema.org\",\"@graph\":[{\"@type\":\"Article\",\"@id\":\"http:\/\/eryckveziau.com\/non-classe\/ottawa-examine-les-marches-immobiliers-au-pays\/#article\",\"isPartOf\":{\"@id\":\"http:\/\/eryckveziau.com\/non-classe\/ottawa-examine-les-marches-immobiliers-au-pays\/\"},\"author\":{\"name\":\"\",\"@id\":\"\"},\"headline\":\"Ottawa examine les march\u00e9s immobiliers au pays\",\"datePublished\":\"2016-06-10T14:47:56+00:00\",\"dateModified\":\"2016-06-10T14:48:40+00:00\",\"mainEntityOfPage\":{\"@id\":\"http:\/\/eryckveziau.com\/non-classe\/ottawa-examine-les-marches-immobiliers-au-pays\/\"},\"wordCount\":166,\"publisher\":{\"@id\":\"https:\/\/eryckveziau.com\/en\/#organization\"},\"articleSection\":[\"Non class\u00e9\"],\"inLanguage\":\"en-US\"},{\"@type\":\"WebPage\",\"@id\":\"http:\/\/eryckveziau.com\/non-classe\/ottawa-examine-les-marches-immobiliers-au-pays\/\",\"url\":\"http:\/\/eryckveziau.com\/non-classe\/ottawa-examine-les-marches-immobiliers-au-pays\/\",\"name\":\"Ottawa examine les march\u00e9s immobiliers au pays | ERYCK V\u00c9ZIAU, COURTIER IMMOBILIER LAVAL, COURTIER IMMOBILIER STE-DOROTH\u00c9E, MAISON \u00c0 VENDRE LAVAL, AGENT IMMOBILIER STE-DOROTH\u00c9E\",\"isPartOf\":{\"@id\":\"https:\/\/eryckveziau.com\/en\/#website\"},\"datePublished\":\"2016-06-10T14:47:56+00:00\",\"dateModified\":\"2016-06-10T14:48:40+00:00\",\"breadcrumb\":{\"@id\":\"http:\/\/eryckveziau.com\/non-classe\/ottawa-examine-les-marches-immobiliers-au-pays\/#breadcrumb\"},\"inLanguage\":\"en-US\",\"potentialAction\":[{\"@type\":\"ReadAction\",\"target\":[\"http:\/\/eryckveziau.com\/non-classe\/ottawa-examine-les-marches-immobiliers-au-pays\/\"]}]},{\"@type\":\"BreadcrumbList\",\"@id\":\"http:\/\/eryckveziau.com\/non-classe\/ottawa-examine-les-marches-immobiliers-au-pays\/#breadcrumb\",\"itemListElement\":[{\"@type\":\"ListItem\",\"position\":1,\"name\":\"Accueil\",\"item\":\"https:\/\/eryckveziau.com\/en\/\"},{\"@type\":\"ListItem\",\"position\":2,\"name\":\"Ottawa examine les march\u00e9s immobiliers au pays\"}]},{\"@type\":\"WebSite\",\"@id\":\"https:\/\/eryckveziau.com\/en\/#website\",\"url\":\"https:\/\/eryckveziau.com\/en\/\",\"name\":\"ERYCK V\u00c9ZIAU, COURTIER IMMOBILIER LAVAL, COURTIER IMMOBILIER STE-DOROTH\u00c9E, MAISON \u00c0 VENDRE LAVAL, AGENT IMMOBILIER STE-DOROTH\u00c9E\",\"description\":\"\",\"publisher\":{\"@id\":\"https:\/\/eryckveziau.com\/en\/#organization\"},\"potentialAction\":[{\"@type\":\"SearchAction\",\"target\":{\"@type\":\"EntryPoint\",\"urlTemplate\":\"https:\/\/eryckveziau.com\/en\/?s={search_term_string}\"},\"query-input\":{\"@type\":\"PropertyValueSpecification\",\"valueRequired\":true,\"valueName\":\"search_term_string\"}}],\"inLanguage\":\"en-US\"},{\"@type\":\"Organization\",\"@id\":\"https:\/\/eryckveziau.com\/en\/#organization\",\"name\":\"Eryck V\u00e9ziau RE\/MAX\",\"url\":\"https:\/\/eryckveziau.com\/en\/\",\"logo\":{\"@type\":\"ImageObject\",\"inLanguage\":\"en-US\",\"@id\":\"https:\/\/eryckveziau.com\/en\/#\/schema\/logo\/image\/\",\"url\":\"https:\/\/eryckveziau.com\/files\/2022\/09\/PartageEveziau.png\",\"contentUrl\":\"https:\/\/eryckveziau.com\/files\/2022\/09\/PartageEveziau.png\",\"width\":924,\"height\":454,\"caption\":\"Eryck V\u00e9ziau RE\/MAX\"},\"image\":{\"@id\":\"https:\/\/eryckveziau.com\/en\/#\/schema\/logo\/image\/\"},\"sameAs\":[\"https:\/\/www.facebook.com\/EryckVeziau.courtier.immobilier.ReMax.Laval\",\"https:\/\/www.instagram.com\/eryck_veziau_remax\/\",\"https:\/\/www.linkedin.com\/in\/eryck-v\u00e9ziau-6a445134\/\",\"https:\/\/www.youtube.com\/user\/eveziau\"]},{\"@type\":\"Person\",\"@id\":\"\",\"url\":\"https:\/\/eryckveziau.com\/en\/author\/\"}]}<\/script>\n<!-- \/ Yoast SEO plugin. -->","yoast_head_json":{"title":"Ottawa examine les march\u00e9s immobiliers au pays | ERYCK V\u00c9ZIAU, COURTIER IMMOBILIER LAVAL, COURTIER IMMOBILIER STE-DOROTH\u00c9E, MAISON \u00c0 VENDRE LAVAL, AGENT IMMOBILIER STE-DOROTH\u00c9E","robots":{"index":"index","follow":"follow","max-snippet":"max-snippet:-1","max-image-preview":"max-image-preview:large","max-video-preview":"max-video-preview:-1"},"canonical":"http:\/\/eryckveziau.com\/non-classe\/ottawa-examine-les-marches-immobiliers-au-pays\/","og_locale":"en_US","og_type":"article","og_title":"Ottawa examine les march\u00e9s immobiliers au pays | ERYCK V\u00c9ZIAU, COURTIER IMMOBILIER LAVAL, COURTIER IMMOBILIER STE-DOROTH\u00c9E, MAISON \u00c0 VENDRE LAVAL, AGENT IMMOBILIER STE-DOROTH\u00c9E","og_description":"Le gouvernement f\u00e9d\u00e9ral effectue un examen \u00aben profondeur\u00bb des divers march\u00e9s du logement au Canada afin de d\u00e9terminer si de nouvelles mesures sont requises pour limiter les hausses de prix ou l&#8217;impact de la propri\u00e9t\u00e9 \u00e9trang\u00e8re sur l&#8217;accessibilit\u00e9 du march\u00e9, a indiqu\u00e9 mercredi le ministre des Finances, Bill Morneau. Questionn\u00e9 sur son niveau d&#8217;inqui\u00e9tude par [&hellip;]","og_url":"http:\/\/eryckveziau.com\/non-classe\/ottawa-examine-les-marches-immobiliers-au-pays\/","og_site_name":"ERYCK V\u00c9ZIAU, COURTIER IMMOBILIER LAVAL, COURTIER IMMOBILIER STE-DOROTH\u00c9E, MAISON \u00c0 VENDRE LAVAL, AGENT IMMOBILIER STE-DOROTH\u00c9E","article_publisher":"https:\/\/www.facebook.com\/EryckVeziau.courtier.immobilier.ReMax.Laval","article_published_time":"2016-06-10T14:47:56+00:00","article_modified_time":"2016-06-10T14:48:40+00:00","og_image":[{"width":924,"height":454,"url":"https:\/\/eryckveziau.com\/files\/2022\/09\/PartageEveziau.png","type":"image\/png"}],"twitter_card":"summary_large_image","twitter_misc":{"Written by":"","Est. reading time":"1 minute"},"schema":{"@context":"https:\/\/schema.org","@graph":[{"@type":"Article","@id":"http:\/\/eryckveziau.com\/non-classe\/ottawa-examine-les-marches-immobiliers-au-pays\/#article","isPartOf":{"@id":"http:\/\/eryckveziau.com\/non-classe\/ottawa-examine-les-marches-immobiliers-au-pays\/"},"author":{"name":"","@id":""},"headline":"Ottawa examine les march\u00e9s immobiliers au pays","datePublished":"2016-06-10T14:47:56+00:00","dateModified":"2016-06-10T14:48:40+00:00","mainEntityOfPage":{"@id":"http:\/\/eryckveziau.com\/non-classe\/ottawa-examine-les-marches-immobiliers-au-pays\/"},"wordCount":166,"publisher":{"@id":"https:\/\/eryckveziau.com\/en\/#organization"},"articleSection":["Non class\u00e9"],"inLanguage":"en-US"},{"@type":"WebPage","@id":"http:\/\/eryckveziau.com\/non-classe\/ottawa-examine-les-marches-immobiliers-au-pays\/","url":"http:\/\/eryckveziau.com\/non-classe\/ottawa-examine-les-marches-immobiliers-au-pays\/","name":"Ottawa examine les march\u00e9s immobiliers au pays | ERYCK V\u00c9ZIAU, COURTIER IMMOBILIER LAVAL, COURTIER IMMOBILIER STE-DOROTH\u00c9E, MAISON \u00c0 VENDRE LAVAL, AGENT IMMOBILIER STE-DOROTH\u00c9E","isPartOf":{"@id":"https:\/\/eryckveziau.com\/en\/#website"},"datePublished":"2016-06-10T14:47:56+00:00","dateModified":"2016-06-10T14:48:40+00:00","breadcrumb":{"@id":"http:\/\/eryckveziau.com\/non-classe\/ottawa-examine-les-marches-immobiliers-au-pays\/#breadcrumb"},"inLanguage":"en-US","potentialAction":[{"@type":"ReadAction","target":["http:\/\/eryckveziau.com\/non-classe\/ottawa-examine-les-marches-immobiliers-au-pays\/"]}]},{"@type":"BreadcrumbList","@id":"http:\/\/eryckveziau.com\/non-classe\/ottawa-examine-les-marches-immobiliers-au-pays\/#breadcrumb","itemListElement":[{"@type":"ListItem","position":1,"name":"Accueil","item":"https:\/\/eryckveziau.com\/en\/"},{"@type":"ListItem","position":2,"name":"Ottawa examine les march\u00e9s immobiliers au pays"}]},{"@type":"WebSite","@id":"https:\/\/eryckveziau.com\/en\/#website","url":"https:\/\/eryckveziau.com\/en\/","name":"ERYCK V\u00c9ZIAU, COURTIER IMMOBILIER LAVAL, COURTIER IMMOBILIER STE-DOROTH\u00c9E, MAISON \u00c0 VENDRE LAVAL, AGENT IMMOBILIER STE-DOROTH\u00c9E","description":"","publisher":{"@id":"https:\/\/eryckveziau.com\/en\/#organization"},"potentialAction":[{"@type":"SearchAction","target":{"@type":"EntryPoint","urlTemplate":"https:\/\/eryckveziau.com\/en\/?s={search_term_string}"},"query-input":{"@type":"PropertyValueSpecification","valueRequired":true,"valueName":"search_term_string"}}],"inLanguage":"en-US"},{"@type":"Organization","@id":"https:\/\/eryckveziau.com\/en\/#organization","name":"Eryck V\u00e9ziau RE\/MAX","url":"https:\/\/eryckveziau.com\/en\/","logo":{"@type":"ImageObject","inLanguage":"en-US","@id":"https:\/\/eryckveziau.com\/en\/#\/schema\/logo\/image\/","url":"https:\/\/eryckveziau.com\/files\/2022\/09\/PartageEveziau.png","contentUrl":"https:\/\/eryckveziau.com\/files\/2022\/09\/PartageEveziau.png","width":924,"height":454,"caption":"Eryck V\u00e9ziau RE\/MAX"},"image":{"@id":"https:\/\/eryckveziau.com\/en\/#\/schema\/logo\/image\/"},"sameAs":["https:\/\/www.facebook.com\/EryckVeziau.courtier.immobilier.ReMax.Laval","https:\/\/www.instagram.com\/eryck_veziau_remax\/","https:\/\/www.linkedin.com\/in\/eryck-v\u00e9ziau-6a445134\/","https:\/\/www.youtube.com\/user\/eveziau"]},{"@type":"Person","@id":"","url":"https:\/\/eryckveziau.com\/en\/author\/"}]}},"_links":{"self":[{"href":"https:\/\/eryckveziau.com\/en\/wp-json\/wp\/v2\/posts\/2619","targetHints":{"allow":["GET"]}}],"collection":[{"href":"https:\/\/eryckveziau.com\/en\/wp-json\/wp\/v2\/posts"}],"about":[{"href":"https:\/\/eryckveziau.com\/en\/wp-json\/wp\/v2\/types\/post"}],"author":[{"embeddable":true,"href":"https:\/\/eryckveziau.com\/en\/wp-json\/wp\/v2\/users\/285"}],"replies":[{"embeddable":true,"href":"https:\/\/eryckveziau.com\/en\/wp-json\/wp\/v2\/comments?post=2619"}],"version-history":[{"count":1,"href":"https:\/\/eryckveziau.com\/en\/wp-json\/wp\/v2\/posts\/2619\/revisions"}],"predecessor-version":[{"id":2620,"href":"https:\/\/eryckveziau.com\/en\/wp-json\/wp\/v2\/posts\/2619\/revisions\/2620"}],"wp:attachment":[{"href":"https:\/\/eryckveziau.com\/en\/wp-json\/wp\/v2\/media?parent=2619"}],"wp:term":[{"taxonomy":"category","embeddable":true,"href":"https:\/\/eryckveziau.com\/en\/wp-json\/wp\/v2\/categories?post=2619"},{"taxonomy":"post_tag","embeddable":true,"href":"https:\/\/eryckveziau.com\/en\/wp-json\/wp\/v2\/tags?post=2619"}],"curies":[{"name":"wp","href":"https:\/\/api.w.org\/{rel}","templated":true}]}}