{"id":2617,"date":"2016-06-07T11:14:32","date_gmt":"2016-06-07T15:14:32","guid":{"rendered":"\/?p=2617"},"modified":"2016-06-07T11:14:32","modified_gmt":"2016-06-07T15:14:32","slug":"le-marche-du-condo-sameliore","status":"publish","type":"post","link":"https:\/\/eryckveziau.com\/en\/non-classe\/le-marche-du-condo-sameliore\/","title":{"rendered":"Le march\u00e9 du condo s&#8217;am\u00e9liore"},"content":{"rendered":"<p>Le march\u00e9 du condominium a fortement contribu\u00e9 \u00e0 la hausse du nombre de ventes de propri\u00e9t\u00e9s r\u00e9sidentielles en mai dans la r\u00e9gion de Montr\u00e9al, r\u00e9v\u00e8lent les derni\u00e8res donn\u00e9es de la Chambre immobili\u00e8re du Grand Montr\u00e9al (CIGM).<\/p>\n<p>Les ventes de condos ont bondi de 10% en mai dans la r\u00e9gion m\u00e9tropolitaine de recensement de Montr\u00e9al, ce qui a permis aux courtiers d\u2019afficher une hausse globale de 2% des ventes le mois dernier.<\/p>\n<p>Le nombre de maisons unifamiliales vendues a l\u00e9g\u00e8rement augment\u00e9 de 1% tandis que celui des plex (deux \u00e0 cinq logements) a chut\u00e9 de 13%.<\/p>\n<p>Au total, 4416\u00a0ventes r\u00e9sidentielles ont \u00e9t\u00e9 conclues le mois dernier.<\/p>\n","protected":false},"excerpt":{"rendered":"<p>Le march\u00e9 du condominium a fortement contribu\u00e9 \u00e0 la hausse du nombre de ventes de propri\u00e9t\u00e9s r\u00e9sidentielles en mai dans la r\u00e9gion de Montr\u00e9al, r\u00e9v\u00e8lent les derni\u00e8res donn\u00e9es de la Chambre immobili\u00e8re du Grand Montr\u00e9al (CIGM). Les ventes de condos ont bondi de 10% en mai dans la r\u00e9gion m\u00e9tropolitaine de recensement de Montr\u00e9al, ce [&hellip;]<\/p>\n","protected":false},"author":285,"featured_media":0,"comment_status":"closed","ping_status":"closed","sticky":false,"template":"","format":"standard","meta":{"_acf_changed":false,"footnotes":""},"categories":[1],"tags":[],"class_list":["post-2617","post","type-post","status-publish","format-standard","hentry","category-non-classe"],"acf":[],"yoast_head":"<!-- This site is optimized with the Yoast SEO plugin v26.7 - https:\/\/yoast.com\/wordpress\/plugins\/seo\/ -->\n<title>Le march\u00e9 du condo s&#039;am\u00e9liore | ERYCK V\u00c9ZIAU, COURTIER IMMOBILIER LAVAL, COURTIER IMMOBILIER STE-DOROTH\u00c9E, MAISON \u00c0 VENDRE LAVAL, AGENT IMMOBILIER STE-DOROTH\u00c9E<\/title>\n<meta name=\"robots\" content=\"index, follow, max-snippet:-1, max-image-preview:large, max-video-preview:-1\" \/>\n<link rel=\"canonical\" href=\"https:\/\/eryckveziau.com\/non-classe\/le-marche-du-condo-sameliore\/\" \/>\n<meta property=\"og:locale\" content=\"en_US\" \/>\n<meta property=\"og:type\" content=\"article\" \/>\n<meta property=\"og:title\" content=\"Le march\u00e9 du condo s&#039;am\u00e9liore | ERYCK V\u00c9ZIAU, COURTIER IMMOBILIER LAVAL, COURTIER IMMOBILIER STE-DOROTH\u00c9E, MAISON \u00c0 VENDRE LAVAL, AGENT IMMOBILIER STE-DOROTH\u00c9E\" \/>\n<meta property=\"og:description\" content=\"Le march\u00e9 du condominium a fortement contribu\u00e9 \u00e0 la hausse du nombre de ventes de propri\u00e9t\u00e9s r\u00e9sidentielles en mai dans la r\u00e9gion de Montr\u00e9al, r\u00e9v\u00e8lent les derni\u00e8res donn\u00e9es de la Chambre immobili\u00e8re du Grand Montr\u00e9al (CIGM). Les ventes de condos ont bondi de 10% en mai dans la r\u00e9gion m\u00e9tropolitaine de recensement de Montr\u00e9al, ce [&hellip;]\" \/>\n<meta property=\"og:url\" content=\"https:\/\/eryckveziau.com\/non-classe\/le-marche-du-condo-sameliore\/\" \/>\n<meta property=\"og:site_name\" content=\"ERYCK V\u00c9ZIAU, COURTIER IMMOBILIER LAVAL, COURTIER IMMOBILIER STE-DOROTH\u00c9E, MAISON \u00c0 VENDRE LAVAL, AGENT IMMOBILIER STE-DOROTH\u00c9E\" \/>\n<meta property=\"article:publisher\" content=\"https:\/\/www.facebook.com\/EryckVeziau.courtier.immobilier.ReMax.Laval\" \/>\n<meta property=\"article:published_time\" content=\"2016-06-07T15:14:32+00:00\" \/>\n<meta property=\"og:image\" content=\"https:\/\/eryckveziau.com\/files\/2022\/09\/PartageEveziau.png\" \/>\n\t<meta property=\"og:image:width\" content=\"924\" \/>\n\t<meta property=\"og:image:height\" content=\"454\" \/>\n\t<meta property=\"og:image:type\" content=\"image\/png\" \/>\n<meta name=\"twitter:card\" content=\"summary_large_image\" \/>\n<meta name=\"twitter:label1\" content=\"Written by\" \/>\n\t<meta name=\"twitter:data1\" content=\"\" \/>\n\t<meta name=\"twitter:label2\" content=\"Est. reading time\" \/>\n\t<meta name=\"twitter:data2\" content=\"1 minute\" \/>\n<script type=\"application\/ld+json\" class=\"yoast-schema-graph\">{\"@context\":\"https:\/\/schema.org\",\"@graph\":[{\"@type\":\"Article\",\"@id\":\"https:\/\/eryckveziau.com\/non-classe\/le-marche-du-condo-sameliore\/#article\",\"isPartOf\":{\"@id\":\"https:\/\/eryckveziau.com\/non-classe\/le-marche-du-condo-sameliore\/\"},\"author\":{\"name\":\"\",\"@id\":\"\"},\"headline\":\"Le march\u00e9 du condo s&#8217;am\u00e9liore\",\"datePublished\":\"2016-06-07T15:14:32+00:00\",\"mainEntityOfPage\":{\"@id\":\"https:\/\/eryckveziau.com\/non-classe\/le-marche-du-condo-sameliore\/\"},\"wordCount\":124,\"publisher\":{\"@id\":\"https:\/\/eryckveziau.com\/en\/#organization\"},\"articleSection\":[\"Non class\u00e9\"],\"inLanguage\":\"en-US\"},{\"@type\":\"WebPage\",\"@id\":\"https:\/\/eryckveziau.com\/non-classe\/le-marche-du-condo-sameliore\/\",\"url\":\"https:\/\/eryckveziau.com\/non-classe\/le-marche-du-condo-sameliore\/\",\"name\":\"Le march\u00e9 du condo s'am\u00e9liore | ERYCK V\u00c9ZIAU, COURTIER IMMOBILIER LAVAL, COURTIER IMMOBILIER STE-DOROTH\u00c9E, MAISON \u00c0 VENDRE LAVAL, AGENT IMMOBILIER STE-DOROTH\u00c9E\",\"isPartOf\":{\"@id\":\"https:\/\/eryckveziau.com\/en\/#website\"},\"datePublished\":\"2016-06-07T15:14:32+00:00\",\"breadcrumb\":{\"@id\":\"https:\/\/eryckveziau.com\/non-classe\/le-marche-du-condo-sameliore\/#breadcrumb\"},\"inLanguage\":\"en-US\",\"potentialAction\":[{\"@type\":\"ReadAction\",\"target\":[\"https:\/\/eryckveziau.com\/non-classe\/le-marche-du-condo-sameliore\/\"]}]},{\"@type\":\"BreadcrumbList\",\"@id\":\"https:\/\/eryckveziau.com\/non-classe\/le-marche-du-condo-sameliore\/#breadcrumb\",\"itemListElement\":[{\"@type\":\"ListItem\",\"position\":1,\"name\":\"Accueil\",\"item\":\"https:\/\/eryckveziau.com\/en\/\"},{\"@type\":\"ListItem\",\"position\":2,\"name\":\"Le march\u00e9 du condo s&rsquo;am\u00e9liore\"}]},{\"@type\":\"WebSite\",\"@id\":\"https:\/\/eryckveziau.com\/en\/#website\",\"url\":\"https:\/\/eryckveziau.com\/en\/\",\"name\":\"ERYCK V\u00c9ZIAU, COURTIER IMMOBILIER LAVAL, COURTIER IMMOBILIER STE-DOROTH\u00c9E, MAISON \u00c0 VENDRE LAVAL, AGENT IMMOBILIER STE-DOROTH\u00c9E\",\"description\":\"\",\"publisher\":{\"@id\":\"https:\/\/eryckveziau.com\/en\/#organization\"},\"potentialAction\":[{\"@type\":\"SearchAction\",\"target\":{\"@type\":\"EntryPoint\",\"urlTemplate\":\"https:\/\/eryckveziau.com\/en\/?s={search_term_string}\"},\"query-input\":{\"@type\":\"PropertyValueSpecification\",\"valueRequired\":true,\"valueName\":\"search_term_string\"}}],\"inLanguage\":\"en-US\"},{\"@type\":\"Organization\",\"@id\":\"https:\/\/eryckveziau.com\/en\/#organization\",\"name\":\"Eryck V\u00e9ziau RE\/MAX\",\"url\":\"https:\/\/eryckveziau.com\/en\/\",\"logo\":{\"@type\":\"ImageObject\",\"inLanguage\":\"en-US\",\"@id\":\"https:\/\/eryckveziau.com\/en\/#\/schema\/logo\/image\/\",\"url\":\"https:\/\/eryckveziau.com\/files\/2022\/09\/PartageEveziau.png\",\"contentUrl\":\"https:\/\/eryckveziau.com\/files\/2022\/09\/PartageEveziau.png\",\"width\":924,\"height\":454,\"caption\":\"Eryck V\u00e9ziau RE\/MAX\"},\"image\":{\"@id\":\"https:\/\/eryckveziau.com\/en\/#\/schema\/logo\/image\/\"},\"sameAs\":[\"https:\/\/www.facebook.com\/EryckVeziau.courtier.immobilier.ReMax.Laval\",\"https:\/\/www.instagram.com\/eryck_veziau_remax\/\",\"https:\/\/www.linkedin.com\/in\/eryck-v\u00e9ziau-6a445134\/\",\"https:\/\/www.youtube.com\/user\/eveziau\"]},{\"@type\":\"Person\",\"@id\":\"\",\"url\":\"https:\/\/eryckveziau.com\/en\/author\/\"}]}<\/script>\n<!-- \/ Yoast SEO plugin. -->","yoast_head_json":{"title":"Le march\u00e9 du condo s'am\u00e9liore | ERYCK V\u00c9ZIAU, COURTIER IMMOBILIER LAVAL, COURTIER IMMOBILIER STE-DOROTH\u00c9E, MAISON \u00c0 VENDRE LAVAL, AGENT IMMOBILIER STE-DOROTH\u00c9E","robots":{"index":"index","follow":"follow","max-snippet":"max-snippet:-1","max-image-preview":"max-image-preview:large","max-video-preview":"max-video-preview:-1"},"canonical":"https:\/\/eryckveziau.com\/non-classe\/le-marche-du-condo-sameliore\/","og_locale":"en_US","og_type":"article","og_title":"Le march\u00e9 du condo s'am\u00e9liore | ERYCK V\u00c9ZIAU, COURTIER IMMOBILIER LAVAL, COURTIER IMMOBILIER STE-DOROTH\u00c9E, MAISON \u00c0 VENDRE LAVAL, AGENT IMMOBILIER STE-DOROTH\u00c9E","og_description":"Le march\u00e9 du condominium a fortement contribu\u00e9 \u00e0 la hausse du nombre de ventes de propri\u00e9t\u00e9s r\u00e9sidentielles en mai dans la r\u00e9gion de Montr\u00e9al, r\u00e9v\u00e8lent les derni\u00e8res donn\u00e9es de la Chambre immobili\u00e8re du Grand Montr\u00e9al (CIGM). Les ventes de condos ont bondi de 10% en mai dans la r\u00e9gion m\u00e9tropolitaine de recensement de Montr\u00e9al, ce [&hellip;]","og_url":"https:\/\/eryckveziau.com\/non-classe\/le-marche-du-condo-sameliore\/","og_site_name":"ERYCK V\u00c9ZIAU, COURTIER IMMOBILIER LAVAL, COURTIER IMMOBILIER STE-DOROTH\u00c9E, MAISON \u00c0 VENDRE LAVAL, AGENT IMMOBILIER STE-DOROTH\u00c9E","article_publisher":"https:\/\/www.facebook.com\/EryckVeziau.courtier.immobilier.ReMax.Laval","article_published_time":"2016-06-07T15:14:32+00:00","og_image":[{"width":924,"height":454,"url":"https:\/\/eryckveziau.com\/files\/2022\/09\/PartageEveziau.png","type":"image\/png"}],"twitter_card":"summary_large_image","twitter_misc":{"Written by":"","Est. reading time":"1 minute"},"schema":{"@context":"https:\/\/schema.org","@graph":[{"@type":"Article","@id":"https:\/\/eryckveziau.com\/non-classe\/le-marche-du-condo-sameliore\/#article","isPartOf":{"@id":"https:\/\/eryckveziau.com\/non-classe\/le-marche-du-condo-sameliore\/"},"author":{"name":"","@id":""},"headline":"Le march\u00e9 du condo s&#8217;am\u00e9liore","datePublished":"2016-06-07T15:14:32+00:00","mainEntityOfPage":{"@id":"https:\/\/eryckveziau.com\/non-classe\/le-marche-du-condo-sameliore\/"},"wordCount":124,"publisher":{"@id":"https:\/\/eryckveziau.com\/en\/#organization"},"articleSection":["Non class\u00e9"],"inLanguage":"en-US"},{"@type":"WebPage","@id":"https:\/\/eryckveziau.com\/non-classe\/le-marche-du-condo-sameliore\/","url":"https:\/\/eryckveziau.com\/non-classe\/le-marche-du-condo-sameliore\/","name":"Le march\u00e9 du condo s'am\u00e9liore | ERYCK V\u00c9ZIAU, COURTIER IMMOBILIER LAVAL, COURTIER IMMOBILIER STE-DOROTH\u00c9E, MAISON \u00c0 VENDRE LAVAL, AGENT IMMOBILIER STE-DOROTH\u00c9E","isPartOf":{"@id":"https:\/\/eryckveziau.com\/en\/#website"},"datePublished":"2016-06-07T15:14:32+00:00","breadcrumb":{"@id":"https:\/\/eryckveziau.com\/non-classe\/le-marche-du-condo-sameliore\/#breadcrumb"},"inLanguage":"en-US","potentialAction":[{"@type":"ReadAction","target":["https:\/\/eryckveziau.com\/non-classe\/le-marche-du-condo-sameliore\/"]}]},{"@type":"BreadcrumbList","@id":"https:\/\/eryckveziau.com\/non-classe\/le-marche-du-condo-sameliore\/#breadcrumb","itemListElement":[{"@type":"ListItem","position":1,"name":"Accueil","item":"https:\/\/eryckveziau.com\/en\/"},{"@type":"ListItem","position":2,"name":"Le march\u00e9 du condo s&rsquo;am\u00e9liore"}]},{"@type":"WebSite","@id":"https:\/\/eryckveziau.com\/en\/#website","url":"https:\/\/eryckveziau.com\/en\/","name":"ERYCK V\u00c9ZIAU, COURTIER IMMOBILIER LAVAL, COURTIER IMMOBILIER STE-DOROTH\u00c9E, MAISON \u00c0 VENDRE LAVAL, AGENT IMMOBILIER STE-DOROTH\u00c9E","description":"","publisher":{"@id":"https:\/\/eryckveziau.com\/en\/#organization"},"potentialAction":[{"@type":"SearchAction","target":{"@type":"EntryPoint","urlTemplate":"https:\/\/eryckveziau.com\/en\/?s={search_term_string}"},"query-input":{"@type":"PropertyValueSpecification","valueRequired":true,"valueName":"search_term_string"}}],"inLanguage":"en-US"},{"@type":"Organization","@id":"https:\/\/eryckveziau.com\/en\/#organization","name":"Eryck V\u00e9ziau RE\/MAX","url":"https:\/\/eryckveziau.com\/en\/","logo":{"@type":"ImageObject","inLanguage":"en-US","@id":"https:\/\/eryckveziau.com\/en\/#\/schema\/logo\/image\/","url":"https:\/\/eryckveziau.com\/files\/2022\/09\/PartageEveziau.png","contentUrl":"https:\/\/eryckveziau.com\/files\/2022\/09\/PartageEveziau.png","width":924,"height":454,"caption":"Eryck V\u00e9ziau RE\/MAX"},"image":{"@id":"https:\/\/eryckveziau.com\/en\/#\/schema\/logo\/image\/"},"sameAs":["https:\/\/www.facebook.com\/EryckVeziau.courtier.immobilier.ReMax.Laval","https:\/\/www.instagram.com\/eryck_veziau_remax\/","https:\/\/www.linkedin.com\/in\/eryck-v\u00e9ziau-6a445134\/","https:\/\/www.youtube.com\/user\/eveziau"]},{"@type":"Person","@id":"","url":"https:\/\/eryckveziau.com\/en\/author\/"}]}},"_links":{"self":[{"href":"https:\/\/eryckveziau.com\/en\/wp-json\/wp\/v2\/posts\/2617","targetHints":{"allow":["GET"]}}],"collection":[{"href":"https:\/\/eryckveziau.com\/en\/wp-json\/wp\/v2\/posts"}],"about":[{"href":"https:\/\/eryckveziau.com\/en\/wp-json\/wp\/v2\/types\/post"}],"author":[{"embeddable":true,"href":"https:\/\/eryckveziau.com\/en\/wp-json\/wp\/v2\/users\/285"}],"replies":[{"embeddable":true,"href":"https:\/\/eryckveziau.com\/en\/wp-json\/wp\/v2\/comments?post=2617"}],"version-history":[{"count":1,"href":"https:\/\/eryckveziau.com\/en\/wp-json\/wp\/v2\/posts\/2617\/revisions"}],"predecessor-version":[{"id":2618,"href":"https:\/\/eryckveziau.com\/en\/wp-json\/wp\/v2\/posts\/2617\/revisions\/2618"}],"wp:attachment":[{"href":"https:\/\/eryckveziau.com\/en\/wp-json\/wp\/v2\/media?parent=2617"}],"wp:term":[{"taxonomy":"category","embeddable":true,"href":"https:\/\/eryckveziau.com\/en\/wp-json\/wp\/v2\/categories?post=2617"},{"taxonomy":"post_tag","embeddable":true,"href":"https:\/\/eryckveziau.com\/en\/wp-json\/wp\/v2\/tags?post=2617"}],"curies":[{"name":"wp","href":"https:\/\/api.w.org\/{rel}","templated":true}]}}