{"id":2611,"date":"2016-05-31T14:18:03","date_gmt":"2016-05-31T18:18:03","guid":{"rendered":"\/?p=2611"},"modified":"2016-05-31T14:19:26","modified_gmt":"2016-05-31T18:19:26","slug":"des-risques-declatement-forcent-le-retrait-de-4300-compteurs","status":"publish","type":"post","link":"https:\/\/eryckveziau.com\/en\/non-classe\/des-risques-declatement-forcent-le-retrait-de-4300-compteurs\/","title":{"rendered":"Des risques d&#8217;\u00ab\u00e9clatement\u00bb forcent le retrait de 4300 compteurs"},"content":{"rendered":"<p class=\"amorce\">Quelque 4300 compteurs d&#8217;ancienne g\u00e9n\u00e9ration doivent \u00eatre remplac\u00e9s d&#8217;urgence par Hydro-Qu\u00e9bec ce mois-ci en raison des risques d&#8217;\u00ab\u00e9clatement\u00bb et d&#8217;\u00abexpulsion\u00bb de l&#8217;appareil. D&#8217;ici \u00e0 ce que tous ces compteurs d\u00e9fectueux soient retir\u00e9s, au cours des prochains jours, la soci\u00e9t\u00e9 d&#8217;\u00c9tat recommande aux citoyens de porter des \u00ab\u2009lunettes de s\u00e9curit\u00e9 \u00e0 proximit\u00e9 du compteur\u00bb.<\/p>\n<p><!-- .excerpt --><\/p>\n<div class=\"entry chapitre chapitreTexte\">\n<p>Vingt-deux incidents impliquant un compteur Sentinel Itron 345 V, un mod\u00e8le fabriqu\u00e9 de 2005 \u00e0 2009, ont \u00e9t\u00e9 r\u00e9pertori\u00e9s par Hydro-Qu\u00e9bec au cours des derni\u00e8res ann\u00e9es. La pi\u00e8ce servant \u00e0 prot\u00e9ger le compteur des variations de tensions peut provoquer un court-circuit \u00e0 l&#8217;int\u00e9rieur de l&#8217;appareil si elle est d\u00e9fectueuse. \u00ab[Le r\u00e9sultat] est une expulsion ou un \u00e9clatement du compteur. C&#8217;est arriv\u00e9 dans un nombre tr\u00e8s, tr\u00e8s limit\u00e9 de cas.<\/p>\n<\/div>\n","protected":false},"excerpt":{"rendered":"<p>Quelque 4300 compteurs d&#8217;ancienne g\u00e9n\u00e9ration doivent \u00eatre remplac\u00e9s d&#8217;urgence par Hydro-Qu\u00e9bec ce mois-ci en raison des risques d&#8217;\u00ab\u00e9clatement\u00bb et d&#8217;\u00abexpulsion\u00bb de l&#8217;appareil. D&#8217;ici \u00e0 ce que tous ces compteurs d\u00e9fectueux soient retir\u00e9s, au cours des prochains jours, la soci\u00e9t\u00e9 d&#8217;\u00c9tat recommande aux citoyens de porter des \u00ab\u2009lunettes de s\u00e9curit\u00e9 \u00e0 proximit\u00e9 du compteur\u00bb. Vingt-deux incidents [&hellip;]<\/p>\n","protected":false},"author":285,"featured_media":0,"comment_status":"closed","ping_status":"closed","sticky":false,"template":"","format":"standard","meta":{"_acf_changed":false,"footnotes":""},"categories":[1],"tags":[],"class_list":["post-2611","post","type-post","status-publish","format-standard","hentry","category-non-classe"],"acf":[],"yoast_head":"<!-- This site is optimized with the Yoast SEO plugin v26.7 - https:\/\/yoast.com\/wordpress\/plugins\/seo\/ -->\n<title>Des risques d&#039;\u00ab\u00e9clatement\u00bb forcent le retrait de 4300 compteurs | ERYCK V\u00c9ZIAU, COURTIER IMMOBILIER LAVAL, COURTIER IMMOBILIER STE-DOROTH\u00c9E, MAISON \u00c0 VENDRE LAVAL, AGENT IMMOBILIER STE-DOROTH\u00c9E<\/title>\n<meta name=\"robots\" content=\"index, follow, max-snippet:-1, max-image-preview:large, max-video-preview:-1\" \/>\n<link rel=\"canonical\" href=\"http:\/\/eryckveziau.com\/non-classe\/des-risques-declatement-forcent-le-retrait-de-4300-compteurs\/\" \/>\n<meta property=\"og:locale\" content=\"en_US\" \/>\n<meta property=\"og:type\" content=\"article\" \/>\n<meta property=\"og:title\" content=\"Des risques d&#039;\u00ab\u00e9clatement\u00bb forcent le retrait de 4300 compteurs | ERYCK V\u00c9ZIAU, COURTIER IMMOBILIER LAVAL, COURTIER IMMOBILIER STE-DOROTH\u00c9E, MAISON \u00c0 VENDRE LAVAL, AGENT IMMOBILIER STE-DOROTH\u00c9E\" \/>\n<meta property=\"og:description\" content=\"Quelque 4300 compteurs d&#8217;ancienne g\u00e9n\u00e9ration doivent \u00eatre remplac\u00e9s d&#8217;urgence par Hydro-Qu\u00e9bec ce mois-ci en raison des risques d&#8217;\u00ab\u00e9clatement\u00bb et d&#8217;\u00abexpulsion\u00bb de l&#8217;appareil. D&#8217;ici \u00e0 ce que tous ces compteurs d\u00e9fectueux soient retir\u00e9s, au cours des prochains jours, la soci\u00e9t\u00e9 d&#8217;\u00c9tat recommande aux citoyens de porter des \u00ab\u2009lunettes de s\u00e9curit\u00e9 \u00e0 proximit\u00e9 du compteur\u00bb. Vingt-deux incidents [&hellip;]\" \/>\n<meta property=\"og:url\" content=\"http:\/\/eryckveziau.com\/non-classe\/des-risques-declatement-forcent-le-retrait-de-4300-compteurs\/\" \/>\n<meta property=\"og:site_name\" content=\"ERYCK V\u00c9ZIAU, COURTIER IMMOBILIER LAVAL, COURTIER IMMOBILIER STE-DOROTH\u00c9E, MAISON \u00c0 VENDRE LAVAL, AGENT IMMOBILIER STE-DOROTH\u00c9E\" \/>\n<meta property=\"article:publisher\" content=\"https:\/\/www.facebook.com\/EryckVeziau.courtier.immobilier.ReMax.Laval\" \/>\n<meta property=\"article:published_time\" content=\"2016-05-31T18:18:03+00:00\" \/>\n<meta property=\"article:modified_time\" content=\"2016-05-31T18:19:26+00:00\" \/>\n<meta property=\"og:image\" content=\"https:\/\/eryckveziau.com\/files\/2022\/09\/PartageEveziau.png\" \/>\n\t<meta property=\"og:image:width\" content=\"924\" \/>\n\t<meta property=\"og:image:height\" content=\"454\" \/>\n\t<meta property=\"og:image:type\" content=\"image\/png\" \/>\n<meta name=\"twitter:card\" content=\"summary_large_image\" \/>\n<meta name=\"twitter:label1\" content=\"Written by\" \/>\n\t<meta name=\"twitter:data1\" content=\"\" \/>\n\t<meta name=\"twitter:label2\" content=\"Est. reading time\" \/>\n\t<meta name=\"twitter:data2\" content=\"1 minute\" \/>\n<script type=\"application\/ld+json\" class=\"yoast-schema-graph\">{\"@context\":\"https:\/\/schema.org\",\"@graph\":[{\"@type\":\"Article\",\"@id\":\"http:\/\/eryckveziau.com\/non-classe\/des-risques-declatement-forcent-le-retrait-de-4300-compteurs\/#article\",\"isPartOf\":{\"@id\":\"http:\/\/eryckveziau.com\/non-classe\/des-risques-declatement-forcent-le-retrait-de-4300-compteurs\/\"},\"author\":{\"name\":\"\",\"@id\":\"\"},\"headline\":\"Des risques d&#8217;\u00ab\u00e9clatement\u00bb forcent le retrait de 4300 compteurs\",\"datePublished\":\"2016-05-31T18:18:03+00:00\",\"dateModified\":\"2016-05-31T18:19:26+00:00\",\"mainEntityOfPage\":{\"@id\":\"http:\/\/eryckveziau.com\/non-classe\/des-risques-declatement-forcent-le-retrait-de-4300-compteurs\/\"},\"wordCount\":153,\"publisher\":{\"@id\":\"https:\/\/eryckveziau.com\/en\/#organization\"},\"articleSection\":[\"Non class\u00e9\"],\"inLanguage\":\"en-US\"},{\"@type\":\"WebPage\",\"@id\":\"http:\/\/eryckveziau.com\/non-classe\/des-risques-declatement-forcent-le-retrait-de-4300-compteurs\/\",\"url\":\"http:\/\/eryckveziau.com\/non-classe\/des-risques-declatement-forcent-le-retrait-de-4300-compteurs\/\",\"name\":\"Des risques d'\u00ab\u00e9clatement\u00bb forcent le retrait de 4300 compteurs | ERYCK V\u00c9ZIAU, COURTIER IMMOBILIER LAVAL, COURTIER IMMOBILIER STE-DOROTH\u00c9E, MAISON \u00c0 VENDRE LAVAL, AGENT IMMOBILIER STE-DOROTH\u00c9E\",\"isPartOf\":{\"@id\":\"https:\/\/eryckveziau.com\/en\/#website\"},\"datePublished\":\"2016-05-31T18:18:03+00:00\",\"dateModified\":\"2016-05-31T18:19:26+00:00\",\"breadcrumb\":{\"@id\":\"http:\/\/eryckveziau.com\/non-classe\/des-risques-declatement-forcent-le-retrait-de-4300-compteurs\/#breadcrumb\"},\"inLanguage\":\"en-US\",\"potentialAction\":[{\"@type\":\"ReadAction\",\"target\":[\"http:\/\/eryckveziau.com\/non-classe\/des-risques-declatement-forcent-le-retrait-de-4300-compteurs\/\"]}]},{\"@type\":\"BreadcrumbList\",\"@id\":\"http:\/\/eryckveziau.com\/non-classe\/des-risques-declatement-forcent-le-retrait-de-4300-compteurs\/#breadcrumb\",\"itemListElement\":[{\"@type\":\"ListItem\",\"position\":1,\"name\":\"Accueil\",\"item\":\"https:\/\/eryckveziau.com\/en\/\"},{\"@type\":\"ListItem\",\"position\":2,\"name\":\"Des risques d&rsquo;\u00ab\u00e9clatement\u00bb forcent le retrait de 4300 compteurs\"}]},{\"@type\":\"WebSite\",\"@id\":\"https:\/\/eryckveziau.com\/en\/#website\",\"url\":\"https:\/\/eryckveziau.com\/en\/\",\"name\":\"ERYCK V\u00c9ZIAU, COURTIER IMMOBILIER LAVAL, COURTIER IMMOBILIER STE-DOROTH\u00c9E, MAISON \u00c0 VENDRE LAVAL, AGENT IMMOBILIER STE-DOROTH\u00c9E\",\"description\":\"\",\"publisher\":{\"@id\":\"https:\/\/eryckveziau.com\/en\/#organization\"},\"potentialAction\":[{\"@type\":\"SearchAction\",\"target\":{\"@type\":\"EntryPoint\",\"urlTemplate\":\"https:\/\/eryckveziau.com\/en\/?s={search_term_string}\"},\"query-input\":{\"@type\":\"PropertyValueSpecification\",\"valueRequired\":true,\"valueName\":\"search_term_string\"}}],\"inLanguage\":\"en-US\"},{\"@type\":\"Organization\",\"@id\":\"https:\/\/eryckveziau.com\/en\/#organization\",\"name\":\"Eryck V\u00e9ziau RE\/MAX\",\"url\":\"https:\/\/eryckveziau.com\/en\/\",\"logo\":{\"@type\":\"ImageObject\",\"inLanguage\":\"en-US\",\"@id\":\"https:\/\/eryckveziau.com\/en\/#\/schema\/logo\/image\/\",\"url\":\"https:\/\/eryckveziau.com\/files\/2022\/09\/PartageEveziau.png\",\"contentUrl\":\"https:\/\/eryckveziau.com\/files\/2022\/09\/PartageEveziau.png\",\"width\":924,\"height\":454,\"caption\":\"Eryck V\u00e9ziau RE\/MAX\"},\"image\":{\"@id\":\"https:\/\/eryckveziau.com\/en\/#\/schema\/logo\/image\/\"},\"sameAs\":[\"https:\/\/www.facebook.com\/EryckVeziau.courtier.immobilier.ReMax.Laval\",\"https:\/\/www.instagram.com\/eryck_veziau_remax\/\",\"https:\/\/www.linkedin.com\/in\/eryck-v\u00e9ziau-6a445134\/\",\"https:\/\/www.youtube.com\/user\/eveziau\"]},{\"@type\":\"Person\",\"@id\":\"\",\"url\":\"https:\/\/eryckveziau.com\/en\/author\/\"}]}<\/script>\n<!-- \/ Yoast SEO plugin. -->","yoast_head_json":{"title":"Des risques d'\u00ab\u00e9clatement\u00bb forcent le retrait de 4300 compteurs | ERYCK V\u00c9ZIAU, COURTIER IMMOBILIER LAVAL, COURTIER IMMOBILIER STE-DOROTH\u00c9E, MAISON \u00c0 VENDRE LAVAL, AGENT IMMOBILIER STE-DOROTH\u00c9E","robots":{"index":"index","follow":"follow","max-snippet":"max-snippet:-1","max-image-preview":"max-image-preview:large","max-video-preview":"max-video-preview:-1"},"canonical":"http:\/\/eryckveziau.com\/non-classe\/des-risques-declatement-forcent-le-retrait-de-4300-compteurs\/","og_locale":"en_US","og_type":"article","og_title":"Des risques d'\u00ab\u00e9clatement\u00bb forcent le retrait de 4300 compteurs | ERYCK V\u00c9ZIAU, COURTIER IMMOBILIER LAVAL, COURTIER IMMOBILIER STE-DOROTH\u00c9E, MAISON \u00c0 VENDRE LAVAL, AGENT IMMOBILIER STE-DOROTH\u00c9E","og_description":"Quelque 4300 compteurs d&#8217;ancienne g\u00e9n\u00e9ration doivent \u00eatre remplac\u00e9s d&#8217;urgence par Hydro-Qu\u00e9bec ce mois-ci en raison des risques d&#8217;\u00ab\u00e9clatement\u00bb et d&#8217;\u00abexpulsion\u00bb de l&#8217;appareil. D&#8217;ici \u00e0 ce que tous ces compteurs d\u00e9fectueux soient retir\u00e9s, au cours des prochains jours, la soci\u00e9t\u00e9 d&#8217;\u00c9tat recommande aux citoyens de porter des \u00ab\u2009lunettes de s\u00e9curit\u00e9 \u00e0 proximit\u00e9 du compteur\u00bb. Vingt-deux incidents [&hellip;]","og_url":"http:\/\/eryckveziau.com\/non-classe\/des-risques-declatement-forcent-le-retrait-de-4300-compteurs\/","og_site_name":"ERYCK V\u00c9ZIAU, COURTIER IMMOBILIER LAVAL, COURTIER IMMOBILIER STE-DOROTH\u00c9E, MAISON \u00c0 VENDRE LAVAL, AGENT IMMOBILIER STE-DOROTH\u00c9E","article_publisher":"https:\/\/www.facebook.com\/EryckVeziau.courtier.immobilier.ReMax.Laval","article_published_time":"2016-05-31T18:18:03+00:00","article_modified_time":"2016-05-31T18:19:26+00:00","og_image":[{"width":924,"height":454,"url":"https:\/\/eryckveziau.com\/files\/2022\/09\/PartageEveziau.png","type":"image\/png"}],"twitter_card":"summary_large_image","twitter_misc":{"Written by":"","Est. reading time":"1 minute"},"schema":{"@context":"https:\/\/schema.org","@graph":[{"@type":"Article","@id":"http:\/\/eryckveziau.com\/non-classe\/des-risques-declatement-forcent-le-retrait-de-4300-compteurs\/#article","isPartOf":{"@id":"http:\/\/eryckveziau.com\/non-classe\/des-risques-declatement-forcent-le-retrait-de-4300-compteurs\/"},"author":{"name":"","@id":""},"headline":"Des risques d&#8217;\u00ab\u00e9clatement\u00bb forcent le retrait de 4300 compteurs","datePublished":"2016-05-31T18:18:03+00:00","dateModified":"2016-05-31T18:19:26+00:00","mainEntityOfPage":{"@id":"http:\/\/eryckveziau.com\/non-classe\/des-risques-declatement-forcent-le-retrait-de-4300-compteurs\/"},"wordCount":153,"publisher":{"@id":"https:\/\/eryckveziau.com\/en\/#organization"},"articleSection":["Non class\u00e9"],"inLanguage":"en-US"},{"@type":"WebPage","@id":"http:\/\/eryckveziau.com\/non-classe\/des-risques-declatement-forcent-le-retrait-de-4300-compteurs\/","url":"http:\/\/eryckveziau.com\/non-classe\/des-risques-declatement-forcent-le-retrait-de-4300-compteurs\/","name":"Des risques d'\u00ab\u00e9clatement\u00bb forcent le retrait de 4300 compteurs | ERYCK V\u00c9ZIAU, COURTIER IMMOBILIER LAVAL, COURTIER IMMOBILIER STE-DOROTH\u00c9E, MAISON \u00c0 VENDRE LAVAL, AGENT IMMOBILIER STE-DOROTH\u00c9E","isPartOf":{"@id":"https:\/\/eryckveziau.com\/en\/#website"},"datePublished":"2016-05-31T18:18:03+00:00","dateModified":"2016-05-31T18:19:26+00:00","breadcrumb":{"@id":"http:\/\/eryckveziau.com\/non-classe\/des-risques-declatement-forcent-le-retrait-de-4300-compteurs\/#breadcrumb"},"inLanguage":"en-US","potentialAction":[{"@type":"ReadAction","target":["http:\/\/eryckveziau.com\/non-classe\/des-risques-declatement-forcent-le-retrait-de-4300-compteurs\/"]}]},{"@type":"BreadcrumbList","@id":"http:\/\/eryckveziau.com\/non-classe\/des-risques-declatement-forcent-le-retrait-de-4300-compteurs\/#breadcrumb","itemListElement":[{"@type":"ListItem","position":1,"name":"Accueil","item":"https:\/\/eryckveziau.com\/en\/"},{"@type":"ListItem","position":2,"name":"Des risques d&rsquo;\u00ab\u00e9clatement\u00bb forcent le retrait de 4300 compteurs"}]},{"@type":"WebSite","@id":"https:\/\/eryckveziau.com\/en\/#website","url":"https:\/\/eryckveziau.com\/en\/","name":"ERYCK V\u00c9ZIAU, COURTIER IMMOBILIER LAVAL, COURTIER IMMOBILIER STE-DOROTH\u00c9E, MAISON \u00c0 VENDRE LAVAL, AGENT IMMOBILIER STE-DOROTH\u00c9E","description":"","publisher":{"@id":"https:\/\/eryckveziau.com\/en\/#organization"},"potentialAction":[{"@type":"SearchAction","target":{"@type":"EntryPoint","urlTemplate":"https:\/\/eryckveziau.com\/en\/?s={search_term_string}"},"query-input":{"@type":"PropertyValueSpecification","valueRequired":true,"valueName":"search_term_string"}}],"inLanguage":"en-US"},{"@type":"Organization","@id":"https:\/\/eryckveziau.com\/en\/#organization","name":"Eryck V\u00e9ziau RE\/MAX","url":"https:\/\/eryckveziau.com\/en\/","logo":{"@type":"ImageObject","inLanguage":"en-US","@id":"https:\/\/eryckveziau.com\/en\/#\/schema\/logo\/image\/","url":"https:\/\/eryckveziau.com\/files\/2022\/09\/PartageEveziau.png","contentUrl":"https:\/\/eryckveziau.com\/files\/2022\/09\/PartageEveziau.png","width":924,"height":454,"caption":"Eryck V\u00e9ziau RE\/MAX"},"image":{"@id":"https:\/\/eryckveziau.com\/en\/#\/schema\/logo\/image\/"},"sameAs":["https:\/\/www.facebook.com\/EryckVeziau.courtier.immobilier.ReMax.Laval","https:\/\/www.instagram.com\/eryck_veziau_remax\/","https:\/\/www.linkedin.com\/in\/eryck-v\u00e9ziau-6a445134\/","https:\/\/www.youtube.com\/user\/eveziau"]},{"@type":"Person","@id":"","url":"https:\/\/eryckveziau.com\/en\/author\/"}]}},"_links":{"self":[{"href":"https:\/\/eryckveziau.com\/en\/wp-json\/wp\/v2\/posts\/2611","targetHints":{"allow":["GET"]}}],"collection":[{"href":"https:\/\/eryckveziau.com\/en\/wp-json\/wp\/v2\/posts"}],"about":[{"href":"https:\/\/eryckveziau.com\/en\/wp-json\/wp\/v2\/types\/post"}],"author":[{"embeddable":true,"href":"https:\/\/eryckveziau.com\/en\/wp-json\/wp\/v2\/users\/285"}],"replies":[{"embeddable":true,"href":"https:\/\/eryckveziau.com\/en\/wp-json\/wp\/v2\/comments?post=2611"}],"version-history":[{"count":1,"href":"https:\/\/eryckveziau.com\/en\/wp-json\/wp\/v2\/posts\/2611\/revisions"}],"predecessor-version":[{"id":2612,"href":"https:\/\/eryckveziau.com\/en\/wp-json\/wp\/v2\/posts\/2611\/revisions\/2612"}],"wp:attachment":[{"href":"https:\/\/eryckveziau.com\/en\/wp-json\/wp\/v2\/media?parent=2611"}],"wp:term":[{"taxonomy":"category","embeddable":true,"href":"https:\/\/eryckveziau.com\/en\/wp-json\/wp\/v2\/categories?post=2611"},{"taxonomy":"post_tag","embeddable":true,"href":"https:\/\/eryckveziau.com\/en\/wp-json\/wp\/v2\/tags?post=2611"}],"curies":[{"name":"wp","href":"https:\/\/api.w.org\/{rel}","templated":true}]}}