{"id":2599,"date":"2016-05-12T10:50:33","date_gmt":"2016-05-12T14:50:33","guid":{"rendered":"\/?p=2599"},"modified":"2016-05-12T10:51:22","modified_gmt":"2016-05-12T14:51:22","slug":"immobilier-la-reprise-des-ventes-se-poursuit","status":"publish","type":"post","link":"https:\/\/eryckveziau.com\/en\/non-classe\/immobilier-la-reprise-des-ventes-se-poursuit\/","title":{"rendered":"Immobilier : la reprise des ventes se poursuit"},"content":{"rendered":"<p>&nbsp;<\/p>\n<div class=\"layout-right-content\">\n<div class=\"content_wrapper responsive bootstrap\">\n<div id=\"body\">\n<div class=\"row-fluid\">\n<div class=\"span12\">\n<div id=\"article_blog_detail\">\n<div>\n<div id=\"article_detail\" class=\"span8 article blog_detail\">\n<div class=\"row-fluid\">\n<div class=\"span9 article_wrapper\">\n<div class=\"content\">\n<div>\n<p><strong><span class=\"lettrine\">L<\/span>a reprise des ventes semble se poursuivre en avril. Le prix m\u00e9dian, pour sa part, augmente l\u00e9g\u00e8rement, principalement soutenu par les ventes dans la RMR de Montr\u00e9al qui progressent plus fortement que dans l\u2019ensemble de la province.<\/strong><br \/>\nSelon les actes notari\u00e9s et publi\u00e9s au <a title=\"\" href=\"https:\/\/www.registrefoncier.gouv.qc.ca\/Sirf\/\" target=\"_blank\">Registre foncier<\/a> du Qu\u00e9bec compil\u00e9s par <a title=\"\" href=\"http:\/\/solutions.jlr.ca\/rapport-tendances-immobilieres\" target=\"_blank\">JLR<\/a> (incluant les ventes par courtier, entre particuliers et les constructions neuves), 5 588 unifamiliales ont \u00e9t\u00e9 vendues en avril 2016, soit un gain de 3 % relativement \u00e0 avril 2015. Le prix m\u00e9dian a progress\u00e9 de 2 % pour s\u2019\u00e9tablir \u00e0 235\u2009707 $. Une reprise des ventes semble se dessiner depuis le d\u00e9but de l\u2019ann\u00e9e, celle-ci est principalement soutenue par le march\u00e9 montr\u00e9alais. Dans les autres r\u00e9gions, le portrait est parfois diff\u00e9rent.<br \/>\nEn ce qui a trait aux ventes de copropri\u00e9t\u00e9s, apr\u00e8s une ann\u00e9e 2015 difficile, la reprise se fait sentir depuis janvier 2016. Ainsi, les ventes ont progress\u00e9 de 8 % en avril 2016 par rapport \u00e0 l\u2019ann\u00e9e derni\u00e8re pour atteindre 2\u2009344 transactions. Le prix m\u00e9dian, pour sa part, s\u2019est stabilis\u00e9 \u00e0 227\u2009375 $.<\/p>\n<\/div>\n<\/div>\n<\/div>\n<\/div>\n<\/div>\n<\/div>\n<\/div>\n<\/div>\n<\/div>\n<\/div>\n<\/div>\n<\/div>\n<p><\/p>","protected":false},"excerpt":{"rendered":"<p>&nbsp; La reprise des ventes semble se poursuivre en avril. Le prix m\u00e9dian, pour sa part, augmente l\u00e9g\u00e8rement, principalement soutenu par les ventes dans la RMR de Montr\u00e9al qui progressent plus fortement que dans l\u2019ensemble de la province. Selon les actes notari\u00e9s et publi\u00e9s au Registre foncier du Qu\u00e9bec compil\u00e9s par JLR (incluant les ventes [&hellip;]<\/p>\n","protected":false},"author":285,"featured_media":0,"comment_status":"closed","ping_status":"closed","sticky":false,"template":"","format":"standard","meta":{"_acf_changed":false,"footnotes":""},"categories":[1],"tags":[],"class_list":["post-2599","post","type-post","status-publish","format-standard","hentry","category-non-classe"],"acf":[],"yoast_head":"<!-- This site is optimized with the Yoast SEO plugin v26.7 - https:\/\/yoast.com\/wordpress\/plugins\/seo\/ -->\n<title>Immobilier : la reprise des ventes se poursuit | ERYCK V\u00c9ZIAU, COURTIER IMMOBILIER LAVAL, COURTIER IMMOBILIER STE-DOROTH\u00c9E, MAISON \u00c0 VENDRE LAVAL, AGENT IMMOBILIER STE-DOROTH\u00c9E<\/title>\n<meta name=\"robots\" content=\"index, follow, max-snippet:-1, max-image-preview:large, max-video-preview:-1\" \/>\n<link rel=\"canonical\" href=\"https:\/\/eryckveziau.com\/non-classe\/immobilier-la-reprise-des-ventes-se-poursuit\/\" \/>\n<meta property=\"og:locale\" content=\"en_US\" \/>\n<meta property=\"og:type\" content=\"article\" \/>\n<meta property=\"og:title\" content=\"Immobilier : la reprise des ventes se poursuit | ERYCK V\u00c9ZIAU, COURTIER IMMOBILIER LAVAL, COURTIER IMMOBILIER STE-DOROTH\u00c9E, MAISON \u00c0 VENDRE LAVAL, AGENT IMMOBILIER STE-DOROTH\u00c9E\" \/>\n<meta property=\"og:description\" content=\"&nbsp; La reprise des ventes semble se poursuivre en avril. Le prix m\u00e9dian, pour sa part, augmente l\u00e9g\u00e8rement, principalement soutenu par les ventes dans la RMR de Montr\u00e9al qui progressent plus fortement que dans l\u2019ensemble de la province. Selon les actes notari\u00e9s et publi\u00e9s au Registre foncier du Qu\u00e9bec compil\u00e9s par JLR (incluant les ventes [&hellip;]\" \/>\n<meta property=\"og:url\" content=\"https:\/\/eryckveziau.com\/non-classe\/immobilier-la-reprise-des-ventes-se-poursuit\/\" \/>\n<meta property=\"og:site_name\" content=\"ERYCK V\u00c9ZIAU, COURTIER IMMOBILIER LAVAL, COURTIER IMMOBILIER STE-DOROTH\u00c9E, MAISON \u00c0 VENDRE LAVAL, AGENT IMMOBILIER STE-DOROTH\u00c9E\" \/>\n<meta property=\"article:publisher\" content=\"https:\/\/www.facebook.com\/EryckVeziau.courtier.immobilier.ReMax.Laval\" \/>\n<meta property=\"article:published_time\" content=\"2016-05-12T14:50:33+00:00\" \/>\n<meta property=\"article:modified_time\" content=\"2016-05-12T14:51:22+00:00\" \/>\n<meta property=\"og:image\" content=\"https:\/\/eryckveziau.com\/files\/2022\/09\/PartageEveziau.png\" \/>\n\t<meta property=\"og:image:width\" content=\"924\" \/>\n\t<meta property=\"og:image:height\" content=\"454\" \/>\n\t<meta property=\"og:image:type\" content=\"image\/png\" \/>\n<meta name=\"twitter:card\" content=\"summary_large_image\" \/>\n<meta name=\"twitter:label1\" content=\"Written by\" \/>\n\t<meta name=\"twitter:data1\" content=\"\" \/>\n\t<meta name=\"twitter:label2\" content=\"Est. reading time\" \/>\n\t<meta name=\"twitter:data2\" content=\"2 minutes\" \/>\n<script type=\"application\/ld+json\" class=\"yoast-schema-graph\">{\"@context\":\"https:\/\/schema.org\",\"@graph\":[{\"@type\":\"Article\",\"@id\":\"https:\/\/eryckveziau.com\/non-classe\/immobilier-la-reprise-des-ventes-se-poursuit\/#article\",\"isPartOf\":{\"@id\":\"https:\/\/eryckveziau.com\/non-classe\/immobilier-la-reprise-des-ventes-se-poursuit\/\"},\"author\":{\"name\":\"\",\"@id\":\"\"},\"headline\":\"Immobilier : la reprise des ventes se poursuit\",\"datePublished\":\"2016-05-12T14:50:33+00:00\",\"dateModified\":\"2016-05-12T14:51:22+00:00\",\"mainEntityOfPage\":{\"@id\":\"https:\/\/eryckveziau.com\/non-classe\/immobilier-la-reprise-des-ventes-se-poursuit\/\"},\"wordCount\":427,\"publisher\":{\"@id\":\"https:\/\/eryckveziau.com\/en\/#organization\"},\"articleSection\":[\"Non class\u00e9\"],\"inLanguage\":\"en-US\"},{\"@type\":\"WebPage\",\"@id\":\"https:\/\/eryckveziau.com\/non-classe\/immobilier-la-reprise-des-ventes-se-poursuit\/\",\"url\":\"https:\/\/eryckveziau.com\/non-classe\/immobilier-la-reprise-des-ventes-se-poursuit\/\",\"name\":\"Immobilier : la reprise des ventes se poursuit | ERYCK V\u00c9ZIAU, COURTIER IMMOBILIER LAVAL, COURTIER IMMOBILIER STE-DOROTH\u00c9E, MAISON \u00c0 VENDRE LAVAL, AGENT IMMOBILIER STE-DOROTH\u00c9E\",\"isPartOf\":{\"@id\":\"https:\/\/eryckveziau.com\/en\/#website\"},\"datePublished\":\"2016-05-12T14:50:33+00:00\",\"dateModified\":\"2016-05-12T14:51:22+00:00\",\"breadcrumb\":{\"@id\":\"https:\/\/eryckveziau.com\/non-classe\/immobilier-la-reprise-des-ventes-se-poursuit\/#breadcrumb\"},\"inLanguage\":\"en-US\",\"potentialAction\":[{\"@type\":\"ReadAction\",\"target\":[\"https:\/\/eryckveziau.com\/non-classe\/immobilier-la-reprise-des-ventes-se-poursuit\/\"]}]},{\"@type\":\"BreadcrumbList\",\"@id\":\"https:\/\/eryckveziau.com\/non-classe\/immobilier-la-reprise-des-ventes-se-poursuit\/#breadcrumb\",\"itemListElement\":[{\"@type\":\"ListItem\",\"position\":1,\"name\":\"Accueil\",\"item\":\"https:\/\/eryckveziau.com\/en\/\"},{\"@type\":\"ListItem\",\"position\":2,\"name\":\"Immobilier : la reprise des ventes se poursuit\"}]},{\"@type\":\"WebSite\",\"@id\":\"https:\/\/eryckveziau.com\/en\/#website\",\"url\":\"https:\/\/eryckveziau.com\/en\/\",\"name\":\"ERYCK V\u00c9ZIAU, COURTIER IMMOBILIER LAVAL, COURTIER IMMOBILIER STE-DOROTH\u00c9E, MAISON \u00c0 VENDRE LAVAL, AGENT IMMOBILIER STE-DOROTH\u00c9E\",\"description\":\"\",\"publisher\":{\"@id\":\"https:\/\/eryckveziau.com\/en\/#organization\"},\"potentialAction\":[{\"@type\":\"SearchAction\",\"target\":{\"@type\":\"EntryPoint\",\"urlTemplate\":\"https:\/\/eryckveziau.com\/en\/?s={search_term_string}\"},\"query-input\":{\"@type\":\"PropertyValueSpecification\",\"valueRequired\":true,\"valueName\":\"search_term_string\"}}],\"inLanguage\":\"en-US\"},{\"@type\":\"Organization\",\"@id\":\"https:\/\/eryckveziau.com\/en\/#organization\",\"name\":\"Eryck V\u00e9ziau RE\/MAX\",\"url\":\"https:\/\/eryckveziau.com\/en\/\",\"logo\":{\"@type\":\"ImageObject\",\"inLanguage\":\"en-US\",\"@id\":\"https:\/\/eryckveziau.com\/en\/#\/schema\/logo\/image\/\",\"url\":\"https:\/\/eryckveziau.com\/files\/2022\/09\/PartageEveziau.png\",\"contentUrl\":\"https:\/\/eryckveziau.com\/files\/2022\/09\/PartageEveziau.png\",\"width\":924,\"height\":454,\"caption\":\"Eryck V\u00e9ziau RE\/MAX\"},\"image\":{\"@id\":\"https:\/\/eryckveziau.com\/en\/#\/schema\/logo\/image\/\"},\"sameAs\":[\"https:\/\/www.facebook.com\/EryckVeziau.courtier.immobilier.ReMax.Laval\",\"https:\/\/www.instagram.com\/eryck_veziau_remax\/\",\"https:\/\/www.linkedin.com\/in\/eryck-v\u00e9ziau-6a445134\/\",\"https:\/\/www.youtube.com\/user\/eveziau\"]},{\"@type\":\"Person\",\"@id\":\"\",\"url\":\"https:\/\/eryckveziau.com\/en\/author\/\"}]}<\/script>\n<!-- \/ Yoast SEO plugin. -->","yoast_head_json":{"title":"Immobilier : la reprise des ventes se poursuit | ERYCK V\u00c9ZIAU, COURTIER IMMOBILIER LAVAL, COURTIER IMMOBILIER STE-DOROTH\u00c9E, MAISON \u00c0 VENDRE LAVAL, AGENT IMMOBILIER STE-DOROTH\u00c9E","robots":{"index":"index","follow":"follow","max-snippet":"max-snippet:-1","max-image-preview":"max-image-preview:large","max-video-preview":"max-video-preview:-1"},"canonical":"https:\/\/eryckveziau.com\/non-classe\/immobilier-la-reprise-des-ventes-se-poursuit\/","og_locale":"en_US","og_type":"article","og_title":"Immobilier : la reprise des ventes se poursuit | ERYCK V\u00c9ZIAU, COURTIER IMMOBILIER LAVAL, COURTIER IMMOBILIER STE-DOROTH\u00c9E, MAISON \u00c0 VENDRE LAVAL, AGENT IMMOBILIER STE-DOROTH\u00c9E","og_description":"&nbsp; La reprise des ventes semble se poursuivre en avril. Le prix m\u00e9dian, pour sa part, augmente l\u00e9g\u00e8rement, principalement soutenu par les ventes dans la RMR de Montr\u00e9al qui progressent plus fortement que dans l\u2019ensemble de la province. Selon les actes notari\u00e9s et publi\u00e9s au Registre foncier du Qu\u00e9bec compil\u00e9s par JLR (incluant les ventes [&hellip;]","og_url":"https:\/\/eryckveziau.com\/non-classe\/immobilier-la-reprise-des-ventes-se-poursuit\/","og_site_name":"ERYCK V\u00c9ZIAU, COURTIER IMMOBILIER LAVAL, COURTIER IMMOBILIER STE-DOROTH\u00c9E, MAISON \u00c0 VENDRE LAVAL, AGENT IMMOBILIER STE-DOROTH\u00c9E","article_publisher":"https:\/\/www.facebook.com\/EryckVeziau.courtier.immobilier.ReMax.Laval","article_published_time":"2016-05-12T14:50:33+00:00","article_modified_time":"2016-05-12T14:51:22+00:00","og_image":[{"width":924,"height":454,"url":"https:\/\/eryckveziau.com\/files\/2022\/09\/PartageEveziau.png","type":"image\/png"}],"twitter_card":"summary_large_image","twitter_misc":{"Written by":"","Est. reading time":"2 minutes"},"schema":{"@context":"https:\/\/schema.org","@graph":[{"@type":"Article","@id":"https:\/\/eryckveziau.com\/non-classe\/immobilier-la-reprise-des-ventes-se-poursuit\/#article","isPartOf":{"@id":"https:\/\/eryckveziau.com\/non-classe\/immobilier-la-reprise-des-ventes-se-poursuit\/"},"author":{"name":"","@id":""},"headline":"Immobilier : la reprise des ventes se poursuit","datePublished":"2016-05-12T14:50:33+00:00","dateModified":"2016-05-12T14:51:22+00:00","mainEntityOfPage":{"@id":"https:\/\/eryckveziau.com\/non-classe\/immobilier-la-reprise-des-ventes-se-poursuit\/"},"wordCount":427,"publisher":{"@id":"https:\/\/eryckveziau.com\/en\/#organization"},"articleSection":["Non class\u00e9"],"inLanguage":"en-US"},{"@type":"WebPage","@id":"https:\/\/eryckveziau.com\/non-classe\/immobilier-la-reprise-des-ventes-se-poursuit\/","url":"https:\/\/eryckveziau.com\/non-classe\/immobilier-la-reprise-des-ventes-se-poursuit\/","name":"Immobilier : la reprise des ventes se poursuit | ERYCK V\u00c9ZIAU, COURTIER IMMOBILIER LAVAL, COURTIER IMMOBILIER STE-DOROTH\u00c9E, MAISON \u00c0 VENDRE LAVAL, AGENT IMMOBILIER STE-DOROTH\u00c9E","isPartOf":{"@id":"https:\/\/eryckveziau.com\/en\/#website"},"datePublished":"2016-05-12T14:50:33+00:00","dateModified":"2016-05-12T14:51:22+00:00","breadcrumb":{"@id":"https:\/\/eryckveziau.com\/non-classe\/immobilier-la-reprise-des-ventes-se-poursuit\/#breadcrumb"},"inLanguage":"en-US","potentialAction":[{"@type":"ReadAction","target":["https:\/\/eryckveziau.com\/non-classe\/immobilier-la-reprise-des-ventes-se-poursuit\/"]}]},{"@type":"BreadcrumbList","@id":"https:\/\/eryckveziau.com\/non-classe\/immobilier-la-reprise-des-ventes-se-poursuit\/#breadcrumb","itemListElement":[{"@type":"ListItem","position":1,"name":"Accueil","item":"https:\/\/eryckveziau.com\/en\/"},{"@type":"ListItem","position":2,"name":"Immobilier : la reprise des ventes se poursuit"}]},{"@type":"WebSite","@id":"https:\/\/eryckveziau.com\/en\/#website","url":"https:\/\/eryckveziau.com\/en\/","name":"ERYCK V\u00c9ZIAU, COURTIER IMMOBILIER LAVAL, COURTIER IMMOBILIER STE-DOROTH\u00c9E, MAISON \u00c0 VENDRE LAVAL, AGENT IMMOBILIER STE-DOROTH\u00c9E","description":"","publisher":{"@id":"https:\/\/eryckveziau.com\/en\/#organization"},"potentialAction":[{"@type":"SearchAction","target":{"@type":"EntryPoint","urlTemplate":"https:\/\/eryckveziau.com\/en\/?s={search_term_string}"},"query-input":{"@type":"PropertyValueSpecification","valueRequired":true,"valueName":"search_term_string"}}],"inLanguage":"en-US"},{"@type":"Organization","@id":"https:\/\/eryckveziau.com\/en\/#organization","name":"Eryck V\u00e9ziau RE\/MAX","url":"https:\/\/eryckveziau.com\/en\/","logo":{"@type":"ImageObject","inLanguage":"en-US","@id":"https:\/\/eryckveziau.com\/en\/#\/schema\/logo\/image\/","url":"https:\/\/eryckveziau.com\/files\/2022\/09\/PartageEveziau.png","contentUrl":"https:\/\/eryckveziau.com\/files\/2022\/09\/PartageEveziau.png","width":924,"height":454,"caption":"Eryck V\u00e9ziau RE\/MAX"},"image":{"@id":"https:\/\/eryckveziau.com\/en\/#\/schema\/logo\/image\/"},"sameAs":["https:\/\/www.facebook.com\/EryckVeziau.courtier.immobilier.ReMax.Laval","https:\/\/www.instagram.com\/eryck_veziau_remax\/","https:\/\/www.linkedin.com\/in\/eryck-v\u00e9ziau-6a445134\/","https:\/\/www.youtube.com\/user\/eveziau"]},{"@type":"Person","@id":"","url":"https:\/\/eryckveziau.com\/en\/author\/"}]}},"_links":{"self":[{"href":"https:\/\/eryckveziau.com\/en\/wp-json\/wp\/v2\/posts\/2599","targetHints":{"allow":["GET"]}}],"collection":[{"href":"https:\/\/eryckveziau.com\/en\/wp-json\/wp\/v2\/posts"}],"about":[{"href":"https:\/\/eryckveziau.com\/en\/wp-json\/wp\/v2\/types\/post"}],"author":[{"embeddable":true,"href":"https:\/\/eryckveziau.com\/en\/wp-json\/wp\/v2\/users\/285"}],"replies":[{"embeddable":true,"href":"https:\/\/eryckveziau.com\/en\/wp-json\/wp\/v2\/comments?post=2599"}],"version-history":[{"count":2,"href":"https:\/\/eryckveziau.com\/en\/wp-json\/wp\/v2\/posts\/2599\/revisions"}],"predecessor-version":[{"id":2601,"href":"https:\/\/eryckveziau.com\/en\/wp-json\/wp\/v2\/posts\/2599\/revisions\/2601"}],"wp:attachment":[{"href":"https:\/\/eryckveziau.com\/en\/wp-json\/wp\/v2\/media?parent=2599"}],"wp:term":[{"taxonomy":"category","embeddable":true,"href":"https:\/\/eryckveziau.com\/en\/wp-json\/wp\/v2\/categories?post=2599"},{"taxonomy":"post_tag","embeddable":true,"href":"https:\/\/eryckveziau.com\/en\/wp-json\/wp\/v2\/tags?post=2599"}],"curies":[{"name":"wp","href":"https:\/\/api.w.org\/{rel}","templated":true}]}}