{"id":2594,"date":"2016-05-06T10:26:08","date_gmt":"2016-05-06T14:26:08","guid":{"rendered":"\/?p=2594"},"modified":"2016-05-06T10:28:31","modified_gmt":"2016-05-06T14:28:31","slug":"villanova-une-nouvelle-ville-dans-lachine-est","status":"publish","type":"post","link":"https:\/\/eryckveziau.com\/en\/non-classe\/villanova-une-nouvelle-ville-dans-lachine-est\/","title":{"rendered":"VillaNova: Une nouvelle ville dans Lachine-Est"},"content":{"rendered":"<p>Une ville dans une ville: le projet VillaNova s\u2019annonce comme le projet immobilier le plus important sur l\u2019\u00eele de Montr\u00e9al.<\/p>\n<p>S\u2019inspirant de l\u2019ancien quartier industriel o\u00f9 il sera construit, ce nouveau milieu de vie urbain au c\u0153ur de Lachine-Est fera le pont entre hier et aujourd\u2019hui, alliant design contemporain et clins d\u2019\u0153il \u00e0 l\u2019histoire.<\/p>\n<p>Le projet est immense. Mis sur pied par le promoteur D\u00e9veloppement Lachine Est en bordure du canal de Lachine et du lac Saint-Louis, le terrain o\u00f9 se trouvaient entre autres l\u2019usine de la Dominion Bridge et l\u2019usine Jenkins couvre l\u2019\u00e9quivalent de 40 terrains de football, soit plus de 2,3 millions de pieds carr\u00e9s.<\/p>\n<aside class=\"related-articles\">\n<h1>\u00c0 ce sujet:<\/h1>\n<ul>\n<li><a href=\"http:\/\/journalmetro.com\/plus\/immobilier\/951498\/le-drummond-la-tranquillite-pres-de-laction\/\">Le Drummond: la tranquillit\u00e9 pr\u00e8s de l\u2019action<\/a><\/li>\n<li><a href=\"http:\/\/journalmetro.com\/local\/saint-leonard\/actualites\/950161\/projet-de-684-condos-sur-le-bord-de-la-metropolitaine\/\">Saint-L\u00e9onard: Projet de 684 condos sur le bord de la M\u00e9tropolitaine<\/a><\/li>\n<li><a href=\"http:\/\/journalmetro.com\/local\/saint-laurent\/communaute\/949050\/exposition-montreal-du-futur-les-condos-de-bois-franc-en-3d\/\">Exposition Montr\u00e9al du futur: les condos de Bois-Franc en 3D<\/a><\/li>\n<\/ul>\n<\/aside>\n","protected":false},"excerpt":{"rendered":"<p>Une ville dans une ville: le projet VillaNova s\u2019annonce comme le projet immobilier le plus important sur l\u2019\u00eele de Montr\u00e9al. S\u2019inspirant de l\u2019ancien quartier industriel o\u00f9 il sera construit, ce nouveau milieu de vie urbain au c\u0153ur de Lachine-Est fera le pont entre hier et aujourd\u2019hui, alliant design contemporain et clins d\u2019\u0153il \u00e0 l\u2019histoire. Le [&hellip;]<\/p>\n","protected":false},"author":285,"featured_media":0,"comment_status":"closed","ping_status":"closed","sticky":false,"template":"","format":"standard","meta":{"_acf_changed":false,"footnotes":""},"categories":[1],"tags":[],"class_list":["post-2594","post","type-post","status-publish","format-standard","hentry","category-non-classe"],"acf":[],"yoast_head":"<!-- This site is optimized with the Yoast SEO plugin v26.7 - https:\/\/yoast.com\/wordpress\/plugins\/seo\/ -->\n<title>VillaNova: Une nouvelle ville dans Lachine-Est | ERYCK V\u00c9ZIAU, COURTIER IMMOBILIER LAVAL, COURTIER IMMOBILIER STE-DOROTH\u00c9E, MAISON \u00c0 VENDRE LAVAL, AGENT IMMOBILIER STE-DOROTH\u00c9E<\/title>\n<meta name=\"robots\" content=\"index, follow, max-snippet:-1, max-image-preview:large, max-video-preview:-1\" \/>\n<link rel=\"canonical\" href=\"https:\/\/eryckveziau.com\/non-classe\/villanova-une-nouvelle-ville-dans-lachine-est\/\" \/>\n<meta property=\"og:locale\" content=\"en_US\" \/>\n<meta property=\"og:type\" content=\"article\" \/>\n<meta property=\"og:title\" content=\"VillaNova: Une nouvelle ville dans Lachine-Est | ERYCK V\u00c9ZIAU, COURTIER IMMOBILIER LAVAL, COURTIER IMMOBILIER STE-DOROTH\u00c9E, MAISON \u00c0 VENDRE LAVAL, AGENT IMMOBILIER STE-DOROTH\u00c9E\" \/>\n<meta property=\"og:description\" content=\"Une ville dans une ville: le projet VillaNova s\u2019annonce comme le projet immobilier le plus important sur l\u2019\u00eele de Montr\u00e9al. S\u2019inspirant de l\u2019ancien quartier industriel o\u00f9 il sera construit, ce nouveau milieu de vie urbain au c\u0153ur de Lachine-Est fera le pont entre hier et aujourd\u2019hui, alliant design contemporain et clins d\u2019\u0153il \u00e0 l\u2019histoire. Le [&hellip;]\" \/>\n<meta property=\"og:url\" content=\"https:\/\/eryckveziau.com\/non-classe\/villanova-une-nouvelle-ville-dans-lachine-est\/\" \/>\n<meta property=\"og:site_name\" content=\"ERYCK V\u00c9ZIAU, COURTIER IMMOBILIER LAVAL, COURTIER IMMOBILIER STE-DOROTH\u00c9E, MAISON \u00c0 VENDRE LAVAL, AGENT IMMOBILIER STE-DOROTH\u00c9E\" \/>\n<meta property=\"article:publisher\" content=\"https:\/\/www.facebook.com\/EryckVeziau.courtier.immobilier.ReMax.Laval\" \/>\n<meta property=\"article:published_time\" content=\"2016-05-06T14:26:08+00:00\" \/>\n<meta property=\"article:modified_time\" content=\"2016-05-06T14:28:31+00:00\" \/>\n<meta property=\"og:image\" content=\"https:\/\/eryckveziau.com\/files\/2022\/09\/PartageEveziau.png\" \/>\n\t<meta property=\"og:image:width\" content=\"924\" \/>\n\t<meta property=\"og:image:height\" content=\"454\" \/>\n\t<meta property=\"og:image:type\" content=\"image\/png\" \/>\n<meta name=\"twitter:card\" content=\"summary_large_image\" \/>\n<meta name=\"twitter:label1\" content=\"Written by\" \/>\n\t<meta name=\"twitter:data1\" content=\"\" \/>\n\t<meta name=\"twitter:label2\" content=\"Est. reading time\" \/>\n\t<meta name=\"twitter:data2\" content=\"1 minute\" \/>\n<script type=\"application\/ld+json\" class=\"yoast-schema-graph\">{\"@context\":\"https:\/\/schema.org\",\"@graph\":[{\"@type\":\"Article\",\"@id\":\"https:\/\/eryckveziau.com\/non-classe\/villanova-une-nouvelle-ville-dans-lachine-est\/#article\",\"isPartOf\":{\"@id\":\"https:\/\/eryckveziau.com\/non-classe\/villanova-une-nouvelle-ville-dans-lachine-est\/\"},\"author\":{\"name\":\"\",\"@id\":\"\"},\"headline\":\"VillaNova: Une nouvelle ville dans Lachine-Est\",\"datePublished\":\"2016-05-06T14:26:08+00:00\",\"dateModified\":\"2016-05-06T14:28:31+00:00\",\"mainEntityOfPage\":{\"@id\":\"https:\/\/eryckveziau.com\/non-classe\/villanova-une-nouvelle-ville-dans-lachine-est\/\"},\"wordCount\":158,\"publisher\":{\"@id\":\"https:\/\/eryckveziau.com\/en\/#organization\"},\"articleSection\":[\"Non class\u00e9\"],\"inLanguage\":\"en-US\"},{\"@type\":\"WebPage\",\"@id\":\"https:\/\/eryckveziau.com\/non-classe\/villanova-une-nouvelle-ville-dans-lachine-est\/\",\"url\":\"https:\/\/eryckveziau.com\/non-classe\/villanova-une-nouvelle-ville-dans-lachine-est\/\",\"name\":\"VillaNova: Une nouvelle ville dans Lachine-Est | ERYCK V\u00c9ZIAU, COURTIER IMMOBILIER LAVAL, COURTIER IMMOBILIER STE-DOROTH\u00c9E, MAISON \u00c0 VENDRE LAVAL, AGENT IMMOBILIER STE-DOROTH\u00c9E\",\"isPartOf\":{\"@id\":\"https:\/\/eryckveziau.com\/en\/#website\"},\"datePublished\":\"2016-05-06T14:26:08+00:00\",\"dateModified\":\"2016-05-06T14:28:31+00:00\",\"breadcrumb\":{\"@id\":\"https:\/\/eryckveziau.com\/non-classe\/villanova-une-nouvelle-ville-dans-lachine-est\/#breadcrumb\"},\"inLanguage\":\"en-US\",\"potentialAction\":[{\"@type\":\"ReadAction\",\"target\":[\"https:\/\/eryckveziau.com\/non-classe\/villanova-une-nouvelle-ville-dans-lachine-est\/\"]}]},{\"@type\":\"BreadcrumbList\",\"@id\":\"https:\/\/eryckveziau.com\/non-classe\/villanova-une-nouvelle-ville-dans-lachine-est\/#breadcrumb\",\"itemListElement\":[{\"@type\":\"ListItem\",\"position\":1,\"name\":\"Accueil\",\"item\":\"https:\/\/eryckveziau.com\/en\/\"},{\"@type\":\"ListItem\",\"position\":2,\"name\":\"VillaNova: Une nouvelle ville dans Lachine-Est\"}]},{\"@type\":\"WebSite\",\"@id\":\"https:\/\/eryckveziau.com\/en\/#website\",\"url\":\"https:\/\/eryckveziau.com\/en\/\",\"name\":\"ERYCK V\u00c9ZIAU, COURTIER IMMOBILIER LAVAL, COURTIER IMMOBILIER STE-DOROTH\u00c9E, MAISON \u00c0 VENDRE LAVAL, AGENT IMMOBILIER STE-DOROTH\u00c9E\",\"description\":\"\",\"publisher\":{\"@id\":\"https:\/\/eryckveziau.com\/en\/#organization\"},\"potentialAction\":[{\"@type\":\"SearchAction\",\"target\":{\"@type\":\"EntryPoint\",\"urlTemplate\":\"https:\/\/eryckveziau.com\/en\/?s={search_term_string}\"},\"query-input\":{\"@type\":\"PropertyValueSpecification\",\"valueRequired\":true,\"valueName\":\"search_term_string\"}}],\"inLanguage\":\"en-US\"},{\"@type\":\"Organization\",\"@id\":\"https:\/\/eryckveziau.com\/en\/#organization\",\"name\":\"Eryck V\u00e9ziau RE\/MAX\",\"url\":\"https:\/\/eryckveziau.com\/en\/\",\"logo\":{\"@type\":\"ImageObject\",\"inLanguage\":\"en-US\",\"@id\":\"https:\/\/eryckveziau.com\/en\/#\/schema\/logo\/image\/\",\"url\":\"https:\/\/eryckveziau.com\/files\/2022\/09\/PartageEveziau.png\",\"contentUrl\":\"https:\/\/eryckveziau.com\/files\/2022\/09\/PartageEveziau.png\",\"width\":924,\"height\":454,\"caption\":\"Eryck V\u00e9ziau RE\/MAX\"},\"image\":{\"@id\":\"https:\/\/eryckveziau.com\/en\/#\/schema\/logo\/image\/\"},\"sameAs\":[\"https:\/\/www.facebook.com\/EryckVeziau.courtier.immobilier.ReMax.Laval\",\"https:\/\/www.instagram.com\/eryck_veziau_remax\/\",\"https:\/\/www.linkedin.com\/in\/eryck-v\u00e9ziau-6a445134\/\",\"https:\/\/www.youtube.com\/user\/eveziau\"]},{\"@type\":\"Person\",\"@id\":\"\",\"url\":\"https:\/\/eryckveziau.com\/en\/author\/\"}]}<\/script>\n<!-- \/ Yoast SEO plugin. -->","yoast_head_json":{"title":"VillaNova: Une nouvelle ville dans Lachine-Est | ERYCK V\u00c9ZIAU, COURTIER IMMOBILIER LAVAL, COURTIER IMMOBILIER STE-DOROTH\u00c9E, MAISON \u00c0 VENDRE LAVAL, AGENT IMMOBILIER STE-DOROTH\u00c9E","robots":{"index":"index","follow":"follow","max-snippet":"max-snippet:-1","max-image-preview":"max-image-preview:large","max-video-preview":"max-video-preview:-1"},"canonical":"https:\/\/eryckveziau.com\/non-classe\/villanova-une-nouvelle-ville-dans-lachine-est\/","og_locale":"en_US","og_type":"article","og_title":"VillaNova: Une nouvelle ville dans Lachine-Est | ERYCK V\u00c9ZIAU, COURTIER IMMOBILIER LAVAL, COURTIER IMMOBILIER STE-DOROTH\u00c9E, MAISON \u00c0 VENDRE LAVAL, AGENT IMMOBILIER STE-DOROTH\u00c9E","og_description":"Une ville dans une ville: le projet VillaNova s\u2019annonce comme le projet immobilier le plus important sur l\u2019\u00eele de Montr\u00e9al. S\u2019inspirant de l\u2019ancien quartier industriel o\u00f9 il sera construit, ce nouveau milieu de vie urbain au c\u0153ur de Lachine-Est fera le pont entre hier et aujourd\u2019hui, alliant design contemporain et clins d\u2019\u0153il \u00e0 l\u2019histoire. Le [&hellip;]","og_url":"https:\/\/eryckveziau.com\/non-classe\/villanova-une-nouvelle-ville-dans-lachine-est\/","og_site_name":"ERYCK V\u00c9ZIAU, COURTIER IMMOBILIER LAVAL, COURTIER IMMOBILIER STE-DOROTH\u00c9E, MAISON \u00c0 VENDRE LAVAL, AGENT IMMOBILIER STE-DOROTH\u00c9E","article_publisher":"https:\/\/www.facebook.com\/EryckVeziau.courtier.immobilier.ReMax.Laval","article_published_time":"2016-05-06T14:26:08+00:00","article_modified_time":"2016-05-06T14:28:31+00:00","og_image":[{"width":924,"height":454,"url":"https:\/\/eryckveziau.com\/files\/2022\/09\/PartageEveziau.png","type":"image\/png"}],"twitter_card":"summary_large_image","twitter_misc":{"Written by":"","Est. reading time":"1 minute"},"schema":{"@context":"https:\/\/schema.org","@graph":[{"@type":"Article","@id":"https:\/\/eryckveziau.com\/non-classe\/villanova-une-nouvelle-ville-dans-lachine-est\/#article","isPartOf":{"@id":"https:\/\/eryckveziau.com\/non-classe\/villanova-une-nouvelle-ville-dans-lachine-est\/"},"author":{"name":"","@id":""},"headline":"VillaNova: Une nouvelle ville dans Lachine-Est","datePublished":"2016-05-06T14:26:08+00:00","dateModified":"2016-05-06T14:28:31+00:00","mainEntityOfPage":{"@id":"https:\/\/eryckveziau.com\/non-classe\/villanova-une-nouvelle-ville-dans-lachine-est\/"},"wordCount":158,"publisher":{"@id":"https:\/\/eryckveziau.com\/en\/#organization"},"articleSection":["Non class\u00e9"],"inLanguage":"en-US"},{"@type":"WebPage","@id":"https:\/\/eryckveziau.com\/non-classe\/villanova-une-nouvelle-ville-dans-lachine-est\/","url":"https:\/\/eryckveziau.com\/non-classe\/villanova-une-nouvelle-ville-dans-lachine-est\/","name":"VillaNova: Une nouvelle ville dans Lachine-Est | ERYCK V\u00c9ZIAU, COURTIER IMMOBILIER LAVAL, COURTIER IMMOBILIER STE-DOROTH\u00c9E, MAISON \u00c0 VENDRE LAVAL, AGENT IMMOBILIER STE-DOROTH\u00c9E","isPartOf":{"@id":"https:\/\/eryckveziau.com\/en\/#website"},"datePublished":"2016-05-06T14:26:08+00:00","dateModified":"2016-05-06T14:28:31+00:00","breadcrumb":{"@id":"https:\/\/eryckveziau.com\/non-classe\/villanova-une-nouvelle-ville-dans-lachine-est\/#breadcrumb"},"inLanguage":"en-US","potentialAction":[{"@type":"ReadAction","target":["https:\/\/eryckveziau.com\/non-classe\/villanova-une-nouvelle-ville-dans-lachine-est\/"]}]},{"@type":"BreadcrumbList","@id":"https:\/\/eryckveziau.com\/non-classe\/villanova-une-nouvelle-ville-dans-lachine-est\/#breadcrumb","itemListElement":[{"@type":"ListItem","position":1,"name":"Accueil","item":"https:\/\/eryckveziau.com\/en\/"},{"@type":"ListItem","position":2,"name":"VillaNova: Une nouvelle ville dans Lachine-Est"}]},{"@type":"WebSite","@id":"https:\/\/eryckveziau.com\/en\/#website","url":"https:\/\/eryckveziau.com\/en\/","name":"ERYCK V\u00c9ZIAU, COURTIER IMMOBILIER LAVAL, COURTIER IMMOBILIER STE-DOROTH\u00c9E, MAISON \u00c0 VENDRE LAVAL, AGENT IMMOBILIER STE-DOROTH\u00c9E","description":"","publisher":{"@id":"https:\/\/eryckveziau.com\/en\/#organization"},"potentialAction":[{"@type":"SearchAction","target":{"@type":"EntryPoint","urlTemplate":"https:\/\/eryckveziau.com\/en\/?s={search_term_string}"},"query-input":{"@type":"PropertyValueSpecification","valueRequired":true,"valueName":"search_term_string"}}],"inLanguage":"en-US"},{"@type":"Organization","@id":"https:\/\/eryckveziau.com\/en\/#organization","name":"Eryck V\u00e9ziau RE\/MAX","url":"https:\/\/eryckveziau.com\/en\/","logo":{"@type":"ImageObject","inLanguage":"en-US","@id":"https:\/\/eryckveziau.com\/en\/#\/schema\/logo\/image\/","url":"https:\/\/eryckveziau.com\/files\/2022\/09\/PartageEveziau.png","contentUrl":"https:\/\/eryckveziau.com\/files\/2022\/09\/PartageEveziau.png","width":924,"height":454,"caption":"Eryck V\u00e9ziau RE\/MAX"},"image":{"@id":"https:\/\/eryckveziau.com\/en\/#\/schema\/logo\/image\/"},"sameAs":["https:\/\/www.facebook.com\/EryckVeziau.courtier.immobilier.ReMax.Laval","https:\/\/www.instagram.com\/eryck_veziau_remax\/","https:\/\/www.linkedin.com\/in\/eryck-v\u00e9ziau-6a445134\/","https:\/\/www.youtube.com\/user\/eveziau"]},{"@type":"Person","@id":"","url":"https:\/\/eryckveziau.com\/en\/author\/"}]}},"_links":{"self":[{"href":"https:\/\/eryckveziau.com\/en\/wp-json\/wp\/v2\/posts\/2594","targetHints":{"allow":["GET"]}}],"collection":[{"href":"https:\/\/eryckveziau.com\/en\/wp-json\/wp\/v2\/posts"}],"about":[{"href":"https:\/\/eryckveziau.com\/en\/wp-json\/wp\/v2\/types\/post"}],"author":[{"embeddable":true,"href":"https:\/\/eryckveziau.com\/en\/wp-json\/wp\/v2\/users\/285"}],"replies":[{"embeddable":true,"href":"https:\/\/eryckveziau.com\/en\/wp-json\/wp\/v2\/comments?post=2594"}],"version-history":[{"count":1,"href":"https:\/\/eryckveziau.com\/en\/wp-json\/wp\/v2\/posts\/2594\/revisions"}],"predecessor-version":[{"id":2595,"href":"https:\/\/eryckveziau.com\/en\/wp-json\/wp\/v2\/posts\/2594\/revisions\/2595"}],"wp:attachment":[{"href":"https:\/\/eryckveziau.com\/en\/wp-json\/wp\/v2\/media?parent=2594"}],"wp:term":[{"taxonomy":"category","embeddable":true,"href":"https:\/\/eryckveziau.com\/en\/wp-json\/wp\/v2\/categories?post=2594"},{"taxonomy":"post_tag","embeddable":true,"href":"https:\/\/eryckveziau.com\/en\/wp-json\/wp\/v2\/tags?post=2594"}],"curies":[{"name":"wp","href":"https:\/\/api.w.org\/{rel}","templated":true}]}}