{"id":2592,"date":"2016-05-06T10:23:17","date_gmt":"2016-05-06T14:23:17","guid":{"rendered":"\/?p=2592"},"modified":"2016-05-06T10:23:54","modified_gmt":"2016-05-06T14:23:54","slug":"les-jeunes-menages-veulent-toujours-devenir-proprietaires","status":"publish","type":"post","link":"https:\/\/eryckveziau.com\/en\/non-classe\/les-jeunes-menages-veulent-toujours-devenir-proprietaires\/","title":{"rendered":"Les jeunes m\u00e9nages veulent toujours devenir propri\u00e9taires"},"content":{"rendered":"<p>Les membres de la g\u00e9n\u00e9ration Y d\u00e9sirent acc\u00e9der \u00e0 la propri\u00e9t\u00e9, malgr\u00e9 les nombreuses contraintes. La majorit\u00e9 d\u2019entre eux, soit 60%, souhaitent devenir propri\u00e9taires pour b\u00e9n\u00e9ficier d\u2019une meilleure qualit\u00e9 de vie.<\/p>\n<p>Une proportion pratiquement aussi importante de Y (58%) veulent devenir propri\u00e9taires pour ne plus \u00eatre locataire. La moiti\u00e9 des jeunes de la g\u00e9n\u00e9ration Y, qui sont \u00e2g\u00e9s de 18 \u00e0 34 ans, estiment par ailleurs que l\u2019achat d\u2019une propri\u00e9t\u00e9 est un bon investissement \u00e0 long terme.<\/p>\n<p>Ces donn\u00e9es proviennent d\u2019une \u00e9tude r\u00e9alis\u00e9e par la firme L\u00e9ger, pour le compte du Fonds immobilier de solidarit\u00e9 FTQ, de la F\u00e9d\u00e9ration des chambres immobili\u00e8res du Qu\u00e9bec (FCIQ) et de l&#8217;Association des professionnels de la construction et de l&#8217;habitation du Qu\u00e9bec (APCHQ)<\/p>\n","protected":false},"excerpt":{"rendered":"<p>Les membres de la g\u00e9n\u00e9ration Y d\u00e9sirent acc\u00e9der \u00e0 la propri\u00e9t\u00e9, malgr\u00e9 les nombreuses contraintes. La majorit\u00e9 d\u2019entre eux, soit 60%, souhaitent devenir propri\u00e9taires pour b\u00e9n\u00e9ficier d\u2019une meilleure qualit\u00e9 de vie. Une proportion pratiquement aussi importante de Y (58%) veulent devenir propri\u00e9taires pour ne plus \u00eatre locataire. La moiti\u00e9 des jeunes de la g\u00e9n\u00e9ration Y, [&hellip;]<\/p>\n","protected":false},"author":285,"featured_media":0,"comment_status":"closed","ping_status":"closed","sticky":false,"template":"","format":"standard","meta":{"_acf_changed":false,"footnotes":""},"categories":[1],"tags":[],"class_list":["post-2592","post","type-post","status-publish","format-standard","hentry","category-non-classe"],"acf":[],"yoast_head":"<!-- This site is optimized with the Yoast SEO plugin v26.7 - https:\/\/yoast.com\/wordpress\/plugins\/seo\/ -->\n<title>Les jeunes m\u00e9nages veulent toujours devenir propri\u00e9taires | ERYCK V\u00c9ZIAU, COURTIER IMMOBILIER LAVAL, COURTIER IMMOBILIER STE-DOROTH\u00c9E, MAISON \u00c0 VENDRE LAVAL, AGENT IMMOBILIER STE-DOROTH\u00c9E<\/title>\n<meta name=\"robots\" content=\"index, follow, max-snippet:-1, max-image-preview:large, max-video-preview:-1\" \/>\n<link rel=\"canonical\" href=\"http:\/\/eryckveziau.com\/non-classe\/les-jeunes-menages-veulent-toujours-devenir-proprietaires\/\" \/>\n<meta property=\"og:locale\" content=\"en_US\" \/>\n<meta property=\"og:type\" content=\"article\" \/>\n<meta property=\"og:title\" content=\"Les jeunes m\u00e9nages veulent toujours devenir propri\u00e9taires | ERYCK V\u00c9ZIAU, COURTIER IMMOBILIER LAVAL, COURTIER IMMOBILIER STE-DOROTH\u00c9E, MAISON \u00c0 VENDRE LAVAL, AGENT IMMOBILIER STE-DOROTH\u00c9E\" \/>\n<meta property=\"og:description\" content=\"Les membres de la g\u00e9n\u00e9ration Y d\u00e9sirent acc\u00e9der \u00e0 la propri\u00e9t\u00e9, malgr\u00e9 les nombreuses contraintes. La majorit\u00e9 d\u2019entre eux, soit 60%, souhaitent devenir propri\u00e9taires pour b\u00e9n\u00e9ficier d\u2019une meilleure qualit\u00e9 de vie. Une proportion pratiquement aussi importante de Y (58%) veulent devenir propri\u00e9taires pour ne plus \u00eatre locataire. La moiti\u00e9 des jeunes de la g\u00e9n\u00e9ration Y, [&hellip;]\" \/>\n<meta property=\"og:url\" content=\"http:\/\/eryckveziau.com\/non-classe\/les-jeunes-menages-veulent-toujours-devenir-proprietaires\/\" \/>\n<meta property=\"og:site_name\" content=\"ERYCK V\u00c9ZIAU, COURTIER IMMOBILIER LAVAL, COURTIER IMMOBILIER STE-DOROTH\u00c9E, MAISON \u00c0 VENDRE LAVAL, AGENT IMMOBILIER STE-DOROTH\u00c9E\" \/>\n<meta property=\"article:publisher\" content=\"https:\/\/www.facebook.com\/EryckVeziau.courtier.immobilier.ReMax.Laval\" \/>\n<meta property=\"article:published_time\" content=\"2016-05-06T14:23:17+00:00\" \/>\n<meta property=\"article:modified_time\" content=\"2016-05-06T14:23:54+00:00\" \/>\n<meta property=\"og:image\" content=\"https:\/\/eryckveziau.com\/files\/2022\/09\/PartageEveziau.png\" \/>\n\t<meta property=\"og:image:width\" content=\"924\" \/>\n\t<meta property=\"og:image:height\" content=\"454\" \/>\n\t<meta property=\"og:image:type\" content=\"image\/png\" \/>\n<meta name=\"twitter:card\" content=\"summary_large_image\" \/>\n<meta name=\"twitter:label1\" content=\"Written by\" \/>\n\t<meta name=\"twitter:data1\" content=\"\" \/>\n\t<meta name=\"twitter:label2\" content=\"Est. reading time\" \/>\n\t<meta name=\"twitter:data2\" content=\"1 minute\" \/>\n<script type=\"application\/ld+json\" class=\"yoast-schema-graph\">{\"@context\":\"https:\/\/schema.org\",\"@graph\":[{\"@type\":\"Article\",\"@id\":\"http:\/\/eryckveziau.com\/non-classe\/les-jeunes-menages-veulent-toujours-devenir-proprietaires\/#article\",\"isPartOf\":{\"@id\":\"http:\/\/eryckveziau.com\/non-classe\/les-jeunes-menages-veulent-toujours-devenir-proprietaires\/\"},\"author\":{\"name\":\"\",\"@id\":\"\"},\"headline\":\"Les jeunes m\u00e9nages veulent toujours devenir propri\u00e9taires\",\"datePublished\":\"2016-05-06T14:23:17+00:00\",\"dateModified\":\"2016-05-06T14:23:54+00:00\",\"mainEntityOfPage\":{\"@id\":\"http:\/\/eryckveziau.com\/non-classe\/les-jeunes-menages-veulent-toujours-devenir-proprietaires\/\"},\"wordCount\":150,\"publisher\":{\"@id\":\"https:\/\/eryckveziau.com\/en\/#organization\"},\"articleSection\":[\"Non class\u00e9\"],\"inLanguage\":\"en-US\"},{\"@type\":\"WebPage\",\"@id\":\"http:\/\/eryckveziau.com\/non-classe\/les-jeunes-menages-veulent-toujours-devenir-proprietaires\/\",\"url\":\"http:\/\/eryckveziau.com\/non-classe\/les-jeunes-menages-veulent-toujours-devenir-proprietaires\/\",\"name\":\"Les jeunes m\u00e9nages veulent toujours devenir propri\u00e9taires | ERYCK V\u00c9ZIAU, COURTIER IMMOBILIER LAVAL, COURTIER IMMOBILIER STE-DOROTH\u00c9E, MAISON \u00c0 VENDRE LAVAL, AGENT IMMOBILIER STE-DOROTH\u00c9E\",\"isPartOf\":{\"@id\":\"https:\/\/eryckveziau.com\/en\/#website\"},\"datePublished\":\"2016-05-06T14:23:17+00:00\",\"dateModified\":\"2016-05-06T14:23:54+00:00\",\"breadcrumb\":{\"@id\":\"http:\/\/eryckveziau.com\/non-classe\/les-jeunes-menages-veulent-toujours-devenir-proprietaires\/#breadcrumb\"},\"inLanguage\":\"en-US\",\"potentialAction\":[{\"@type\":\"ReadAction\",\"target\":[\"http:\/\/eryckveziau.com\/non-classe\/les-jeunes-menages-veulent-toujours-devenir-proprietaires\/\"]}]},{\"@type\":\"BreadcrumbList\",\"@id\":\"http:\/\/eryckveziau.com\/non-classe\/les-jeunes-menages-veulent-toujours-devenir-proprietaires\/#breadcrumb\",\"itemListElement\":[{\"@type\":\"ListItem\",\"position\":1,\"name\":\"Accueil\",\"item\":\"https:\/\/eryckveziau.com\/en\/\"},{\"@type\":\"ListItem\",\"position\":2,\"name\":\"Les jeunes m\u00e9nages veulent toujours devenir propri\u00e9taires\"}]},{\"@type\":\"WebSite\",\"@id\":\"https:\/\/eryckveziau.com\/en\/#website\",\"url\":\"https:\/\/eryckveziau.com\/en\/\",\"name\":\"ERYCK V\u00c9ZIAU, COURTIER IMMOBILIER LAVAL, COURTIER IMMOBILIER STE-DOROTH\u00c9E, MAISON \u00c0 VENDRE LAVAL, AGENT IMMOBILIER STE-DOROTH\u00c9E\",\"description\":\"\",\"publisher\":{\"@id\":\"https:\/\/eryckveziau.com\/en\/#organization\"},\"potentialAction\":[{\"@type\":\"SearchAction\",\"target\":{\"@type\":\"EntryPoint\",\"urlTemplate\":\"https:\/\/eryckveziau.com\/en\/?s={search_term_string}\"},\"query-input\":{\"@type\":\"PropertyValueSpecification\",\"valueRequired\":true,\"valueName\":\"search_term_string\"}}],\"inLanguage\":\"en-US\"},{\"@type\":\"Organization\",\"@id\":\"https:\/\/eryckveziau.com\/en\/#organization\",\"name\":\"Eryck V\u00e9ziau RE\/MAX\",\"url\":\"https:\/\/eryckveziau.com\/en\/\",\"logo\":{\"@type\":\"ImageObject\",\"inLanguage\":\"en-US\",\"@id\":\"https:\/\/eryckveziau.com\/en\/#\/schema\/logo\/image\/\",\"url\":\"https:\/\/eryckveziau.com\/files\/2022\/09\/PartageEveziau.png\",\"contentUrl\":\"https:\/\/eryckveziau.com\/files\/2022\/09\/PartageEveziau.png\",\"width\":924,\"height\":454,\"caption\":\"Eryck V\u00e9ziau RE\/MAX\"},\"image\":{\"@id\":\"https:\/\/eryckveziau.com\/en\/#\/schema\/logo\/image\/\"},\"sameAs\":[\"https:\/\/www.facebook.com\/EryckVeziau.courtier.immobilier.ReMax.Laval\",\"https:\/\/www.instagram.com\/eryck_veziau_remax\/\",\"https:\/\/www.linkedin.com\/in\/eryck-v\u00e9ziau-6a445134\/\",\"https:\/\/www.youtube.com\/user\/eveziau\"]},{\"@type\":\"Person\",\"@id\":\"\",\"url\":\"https:\/\/eryckveziau.com\/en\/author\/\"}]}<\/script>\n<!-- \/ Yoast SEO plugin. -->","yoast_head_json":{"title":"Les jeunes m\u00e9nages veulent toujours devenir propri\u00e9taires | ERYCK V\u00c9ZIAU, COURTIER IMMOBILIER LAVAL, COURTIER IMMOBILIER STE-DOROTH\u00c9E, MAISON \u00c0 VENDRE LAVAL, AGENT IMMOBILIER STE-DOROTH\u00c9E","robots":{"index":"index","follow":"follow","max-snippet":"max-snippet:-1","max-image-preview":"max-image-preview:large","max-video-preview":"max-video-preview:-1"},"canonical":"http:\/\/eryckveziau.com\/non-classe\/les-jeunes-menages-veulent-toujours-devenir-proprietaires\/","og_locale":"en_US","og_type":"article","og_title":"Les jeunes m\u00e9nages veulent toujours devenir propri\u00e9taires | ERYCK V\u00c9ZIAU, COURTIER IMMOBILIER LAVAL, COURTIER IMMOBILIER STE-DOROTH\u00c9E, MAISON \u00c0 VENDRE LAVAL, AGENT IMMOBILIER STE-DOROTH\u00c9E","og_description":"Les membres de la g\u00e9n\u00e9ration Y d\u00e9sirent acc\u00e9der \u00e0 la propri\u00e9t\u00e9, malgr\u00e9 les nombreuses contraintes. La majorit\u00e9 d\u2019entre eux, soit 60%, souhaitent devenir propri\u00e9taires pour b\u00e9n\u00e9ficier d\u2019une meilleure qualit\u00e9 de vie. Une proportion pratiquement aussi importante de Y (58%) veulent devenir propri\u00e9taires pour ne plus \u00eatre locataire. La moiti\u00e9 des jeunes de la g\u00e9n\u00e9ration Y, [&hellip;]","og_url":"http:\/\/eryckveziau.com\/non-classe\/les-jeunes-menages-veulent-toujours-devenir-proprietaires\/","og_site_name":"ERYCK V\u00c9ZIAU, COURTIER IMMOBILIER LAVAL, COURTIER IMMOBILIER STE-DOROTH\u00c9E, MAISON \u00c0 VENDRE LAVAL, AGENT IMMOBILIER STE-DOROTH\u00c9E","article_publisher":"https:\/\/www.facebook.com\/EryckVeziau.courtier.immobilier.ReMax.Laval","article_published_time":"2016-05-06T14:23:17+00:00","article_modified_time":"2016-05-06T14:23:54+00:00","og_image":[{"width":924,"height":454,"url":"https:\/\/eryckveziau.com\/files\/2022\/09\/PartageEveziau.png","type":"image\/png"}],"twitter_card":"summary_large_image","twitter_misc":{"Written by":"","Est. reading time":"1 minute"},"schema":{"@context":"https:\/\/schema.org","@graph":[{"@type":"Article","@id":"http:\/\/eryckveziau.com\/non-classe\/les-jeunes-menages-veulent-toujours-devenir-proprietaires\/#article","isPartOf":{"@id":"http:\/\/eryckveziau.com\/non-classe\/les-jeunes-menages-veulent-toujours-devenir-proprietaires\/"},"author":{"name":"","@id":""},"headline":"Les jeunes m\u00e9nages veulent toujours devenir propri\u00e9taires","datePublished":"2016-05-06T14:23:17+00:00","dateModified":"2016-05-06T14:23:54+00:00","mainEntityOfPage":{"@id":"http:\/\/eryckveziau.com\/non-classe\/les-jeunes-menages-veulent-toujours-devenir-proprietaires\/"},"wordCount":150,"publisher":{"@id":"https:\/\/eryckveziau.com\/en\/#organization"},"articleSection":["Non class\u00e9"],"inLanguage":"en-US"},{"@type":"WebPage","@id":"http:\/\/eryckveziau.com\/non-classe\/les-jeunes-menages-veulent-toujours-devenir-proprietaires\/","url":"http:\/\/eryckveziau.com\/non-classe\/les-jeunes-menages-veulent-toujours-devenir-proprietaires\/","name":"Les jeunes m\u00e9nages veulent toujours devenir propri\u00e9taires | ERYCK V\u00c9ZIAU, COURTIER IMMOBILIER LAVAL, COURTIER IMMOBILIER STE-DOROTH\u00c9E, MAISON \u00c0 VENDRE LAVAL, AGENT IMMOBILIER STE-DOROTH\u00c9E","isPartOf":{"@id":"https:\/\/eryckveziau.com\/en\/#website"},"datePublished":"2016-05-06T14:23:17+00:00","dateModified":"2016-05-06T14:23:54+00:00","breadcrumb":{"@id":"http:\/\/eryckveziau.com\/non-classe\/les-jeunes-menages-veulent-toujours-devenir-proprietaires\/#breadcrumb"},"inLanguage":"en-US","potentialAction":[{"@type":"ReadAction","target":["http:\/\/eryckveziau.com\/non-classe\/les-jeunes-menages-veulent-toujours-devenir-proprietaires\/"]}]},{"@type":"BreadcrumbList","@id":"http:\/\/eryckveziau.com\/non-classe\/les-jeunes-menages-veulent-toujours-devenir-proprietaires\/#breadcrumb","itemListElement":[{"@type":"ListItem","position":1,"name":"Accueil","item":"https:\/\/eryckveziau.com\/en\/"},{"@type":"ListItem","position":2,"name":"Les jeunes m\u00e9nages veulent toujours devenir propri\u00e9taires"}]},{"@type":"WebSite","@id":"https:\/\/eryckveziau.com\/en\/#website","url":"https:\/\/eryckveziau.com\/en\/","name":"ERYCK V\u00c9ZIAU, COURTIER IMMOBILIER LAVAL, COURTIER IMMOBILIER STE-DOROTH\u00c9E, MAISON \u00c0 VENDRE LAVAL, AGENT IMMOBILIER STE-DOROTH\u00c9E","description":"","publisher":{"@id":"https:\/\/eryckveziau.com\/en\/#organization"},"potentialAction":[{"@type":"SearchAction","target":{"@type":"EntryPoint","urlTemplate":"https:\/\/eryckveziau.com\/en\/?s={search_term_string}"},"query-input":{"@type":"PropertyValueSpecification","valueRequired":true,"valueName":"search_term_string"}}],"inLanguage":"en-US"},{"@type":"Organization","@id":"https:\/\/eryckveziau.com\/en\/#organization","name":"Eryck V\u00e9ziau RE\/MAX","url":"https:\/\/eryckveziau.com\/en\/","logo":{"@type":"ImageObject","inLanguage":"en-US","@id":"https:\/\/eryckveziau.com\/en\/#\/schema\/logo\/image\/","url":"https:\/\/eryckveziau.com\/files\/2022\/09\/PartageEveziau.png","contentUrl":"https:\/\/eryckveziau.com\/files\/2022\/09\/PartageEveziau.png","width":924,"height":454,"caption":"Eryck V\u00e9ziau RE\/MAX"},"image":{"@id":"https:\/\/eryckveziau.com\/en\/#\/schema\/logo\/image\/"},"sameAs":["https:\/\/www.facebook.com\/EryckVeziau.courtier.immobilier.ReMax.Laval","https:\/\/www.instagram.com\/eryck_veziau_remax\/","https:\/\/www.linkedin.com\/in\/eryck-v\u00e9ziau-6a445134\/","https:\/\/www.youtube.com\/user\/eveziau"]},{"@type":"Person","@id":"","url":"https:\/\/eryckveziau.com\/en\/author\/"}]}},"_links":{"self":[{"href":"https:\/\/eryckveziau.com\/en\/wp-json\/wp\/v2\/posts\/2592","targetHints":{"allow":["GET"]}}],"collection":[{"href":"https:\/\/eryckveziau.com\/en\/wp-json\/wp\/v2\/posts"}],"about":[{"href":"https:\/\/eryckveziau.com\/en\/wp-json\/wp\/v2\/types\/post"}],"author":[{"embeddable":true,"href":"https:\/\/eryckveziau.com\/en\/wp-json\/wp\/v2\/users\/285"}],"replies":[{"embeddable":true,"href":"https:\/\/eryckveziau.com\/en\/wp-json\/wp\/v2\/comments?post=2592"}],"version-history":[{"count":1,"href":"https:\/\/eryckveziau.com\/en\/wp-json\/wp\/v2\/posts\/2592\/revisions"}],"predecessor-version":[{"id":2593,"href":"https:\/\/eryckveziau.com\/en\/wp-json\/wp\/v2\/posts\/2592\/revisions\/2593"}],"wp:attachment":[{"href":"https:\/\/eryckveziau.com\/en\/wp-json\/wp\/v2\/media?parent=2592"}],"wp:term":[{"taxonomy":"category","embeddable":true,"href":"https:\/\/eryckveziau.com\/en\/wp-json\/wp\/v2\/categories?post=2592"},{"taxonomy":"post_tag","embeddable":true,"href":"https:\/\/eryckveziau.com\/en\/wp-json\/wp\/v2\/tags?post=2592"}],"curies":[{"name":"wp","href":"https:\/\/api.w.org\/{rel}","templated":true}]}}