{"id":2575,"date":"2016-04-19T10:58:36","date_gmt":"2016-04-19T14:58:36","guid":{"rendered":"\/?p=2575"},"modified":"2016-04-19T10:59:31","modified_gmt":"2016-04-19T14:59:31","slug":"payer-une-maison-plus-cher-par-crainte-de-rater-loccasion","status":"publish","type":"post","link":"https:\/\/eryckveziau.com\/en\/non-classe\/payer-une-maison-plus-cher-par-crainte-de-rater-loccasion\/","title":{"rendered":"Payer une maison plus cher par crainte de rater l\u2019occasion ?"},"content":{"rendered":"<p><!-- HEAD --> Payer une maison plus cher par crainte de rater l\u2019occasion ? | TVA Nouvelles <!-- start group header--> <!-- [if lt IE 9]&gt;--><\/p>\n<p><!-- END OF HEAD --><\/p>\n<div id=\"wrapper\" class=\"argent\">\n<div id=\"ArticleArgent\" class=\"page_story\">\n<div class=\" zone story-detail container-fluid\">\n<div class=\"zone row\">\n<div class=\"story-left-column col-xs-12 col-md-8 col-lg-9\">\n<article class=\"ajax-element progress-active\">\n<div class=\"row story-row\">\n<div class=\"story-body block col-sm-12 col-lg-10 col-sm-offset-1\">\n<p>La fr\u00e9n\u00e9sie qui frappe le march\u00e9 immobilier \u00e0 chaque printemps ajoute \u00e0 la pression que subissent les futurs acheteurs, d\u00e9j\u00e0 fort pr\u00e9occup\u00e9s par tout ce qui entoure l\u2019acquisition d\u2019une propri\u00e9t\u00e9.<\/p>\n<p>De fait, pas moins d\u2019un Qu\u00e9b\u00e9cois sur quatre qui compte acheter une premi\u00e8re propri\u00e9t\u00e9 craint d&#8217;acc\u00e9l\u00e9rer le processus d&#8217;achat par peur de rater une occasion.<\/p>\n<p>Bon nombre de futurs propri\u00e9taires \u00a0(13%) craignent aussi d&#8217;acheter trop rapidement afin de gagner une guerre d&#8217;ench\u00e8res, ou encore d&#8217;\u00eatre mis \u00e0 l&#8217;\u00e9cart du march\u00e9 (10%), selon un sondage men\u00e9 pour le compte de TD.<\/p>\n<p>Pour Jean-Fran\u00e7ois Laurin,\u00a0directeur r\u00e9gional, Sp\u00e9cialiste hypoth\u00e9caire mobile, de TD Canada Trust, il est essentiel que les acheteurs se gardent suffisamment de temps pour bien faire leurs devoirs.<\/p>\n<\/div>\n<\/div>\n<\/article>\n<\/div>\n<\/div>\n<\/div>\n<\/div>\n<\/div>\n","protected":false},"excerpt":{"rendered":"<p>Payer une maison plus cher par crainte de rater l\u2019occasion ? | TVA Nouvelles La fr\u00e9n\u00e9sie qui frappe le march\u00e9 immobilier \u00e0 chaque printemps ajoute \u00e0 la pression que subissent les futurs acheteurs, d\u00e9j\u00e0 fort pr\u00e9occup\u00e9s par tout ce qui entoure l\u2019acquisition d\u2019une propri\u00e9t\u00e9. De fait, pas moins d\u2019un Qu\u00e9b\u00e9cois sur quatre qui compte acheter [&hellip;]<\/p>\n","protected":false},"author":285,"featured_media":0,"comment_status":"closed","ping_status":"closed","sticky":false,"template":"","format":"standard","meta":{"_acf_changed":false,"footnotes":""},"categories":[1],"tags":[],"class_list":["post-2575","post","type-post","status-publish","format-standard","hentry","category-non-classe"],"acf":[],"yoast_head":"<!-- This site is optimized with the Yoast SEO plugin v26.7 - https:\/\/yoast.com\/wordpress\/plugins\/seo\/ -->\n<title>Payer une maison plus cher par crainte de rater l\u2019occasion ? | ERYCK V\u00c9ZIAU, COURTIER IMMOBILIER LAVAL, COURTIER IMMOBILIER STE-DOROTH\u00c9E, MAISON \u00c0 VENDRE LAVAL, AGENT IMMOBILIER STE-DOROTH\u00c9E<\/title>\n<meta name=\"robots\" content=\"index, follow, max-snippet:-1, max-image-preview:large, max-video-preview:-1\" \/>\n<link rel=\"canonical\" href=\"https:\/\/eryckveziau.com\/non-classe\/payer-une-maison-plus-cher-par-crainte-de-rater-loccasion\/\" \/>\n<meta property=\"og:locale\" content=\"en_US\" \/>\n<meta property=\"og:type\" content=\"article\" \/>\n<meta property=\"og:title\" content=\"Payer une maison plus cher par crainte de rater l\u2019occasion ? | ERYCK V\u00c9ZIAU, COURTIER IMMOBILIER LAVAL, COURTIER IMMOBILIER STE-DOROTH\u00c9E, MAISON \u00c0 VENDRE LAVAL, AGENT IMMOBILIER STE-DOROTH\u00c9E\" \/>\n<meta property=\"og:description\" content=\"Payer une maison plus cher par crainte de rater l\u2019occasion ? | TVA Nouvelles La fr\u00e9n\u00e9sie qui frappe le march\u00e9 immobilier \u00e0 chaque printemps ajoute \u00e0 la pression que subissent les futurs acheteurs, d\u00e9j\u00e0 fort pr\u00e9occup\u00e9s par tout ce qui entoure l\u2019acquisition d\u2019une propri\u00e9t\u00e9. De fait, pas moins d\u2019un Qu\u00e9b\u00e9cois sur quatre qui compte acheter [&hellip;]\" \/>\n<meta property=\"og:url\" content=\"https:\/\/eryckveziau.com\/non-classe\/payer-une-maison-plus-cher-par-crainte-de-rater-loccasion\/\" \/>\n<meta property=\"og:site_name\" content=\"ERYCK V\u00c9ZIAU, COURTIER IMMOBILIER LAVAL, COURTIER IMMOBILIER STE-DOROTH\u00c9E, MAISON \u00c0 VENDRE LAVAL, AGENT IMMOBILIER STE-DOROTH\u00c9E\" \/>\n<meta property=\"article:publisher\" content=\"https:\/\/www.facebook.com\/EryckVeziau.courtier.immobilier.ReMax.Laval\" \/>\n<meta property=\"article:published_time\" content=\"2016-04-19T14:58:36+00:00\" \/>\n<meta property=\"article:modified_time\" content=\"2016-04-19T14:59:31+00:00\" \/>\n<meta property=\"og:image\" content=\"https:\/\/eryckveziau.com\/files\/2022\/09\/PartageEveziau.png\" \/>\n\t<meta property=\"og:image:width\" content=\"924\" \/>\n\t<meta property=\"og:image:height\" content=\"454\" \/>\n\t<meta property=\"og:image:type\" content=\"image\/png\" \/>\n<meta name=\"twitter:card\" content=\"summary_large_image\" \/>\n<meta name=\"twitter:label1\" content=\"Written by\" \/>\n\t<meta name=\"twitter:data1\" content=\"\" \/>\n\t<meta name=\"twitter:label2\" content=\"Est. reading time\" \/>\n\t<meta name=\"twitter:data2\" content=\"1 minute\" \/>\n<script type=\"application\/ld+json\" class=\"yoast-schema-graph\">{\"@context\":\"https:\/\/schema.org\",\"@graph\":[{\"@type\":\"Article\",\"@id\":\"https:\/\/eryckveziau.com\/non-classe\/payer-une-maison-plus-cher-par-crainte-de-rater-loccasion\/#article\",\"isPartOf\":{\"@id\":\"https:\/\/eryckveziau.com\/non-classe\/payer-une-maison-plus-cher-par-crainte-de-rater-loccasion\/\"},\"author\":{\"name\":\"\",\"@id\":\"\"},\"headline\":\"Payer une maison plus cher par crainte de rater l\u2019occasion ?\",\"datePublished\":\"2016-04-19T14:58:36+00:00\",\"dateModified\":\"2016-04-19T14:59:31+00:00\",\"mainEntityOfPage\":{\"@id\":\"https:\/\/eryckveziau.com\/non-classe\/payer-une-maison-plus-cher-par-crainte-de-rater-loccasion\/\"},\"wordCount\":164,\"publisher\":{\"@id\":\"https:\/\/eryckveziau.com\/en\/#organization\"},\"articleSection\":[\"Non class\u00e9\"],\"inLanguage\":\"en-US\"},{\"@type\":\"WebPage\",\"@id\":\"https:\/\/eryckveziau.com\/non-classe\/payer-une-maison-plus-cher-par-crainte-de-rater-loccasion\/\",\"url\":\"https:\/\/eryckveziau.com\/non-classe\/payer-une-maison-plus-cher-par-crainte-de-rater-loccasion\/\",\"name\":\"Payer une maison plus cher par crainte de rater l\u2019occasion ? | ERYCK V\u00c9ZIAU, COURTIER IMMOBILIER LAVAL, COURTIER IMMOBILIER STE-DOROTH\u00c9E, MAISON \u00c0 VENDRE LAVAL, AGENT IMMOBILIER STE-DOROTH\u00c9E\",\"isPartOf\":{\"@id\":\"https:\/\/eryckveziau.com\/en\/#website\"},\"datePublished\":\"2016-04-19T14:58:36+00:00\",\"dateModified\":\"2016-04-19T14:59:31+00:00\",\"breadcrumb\":{\"@id\":\"https:\/\/eryckveziau.com\/non-classe\/payer-une-maison-plus-cher-par-crainte-de-rater-loccasion\/#breadcrumb\"},\"inLanguage\":\"en-US\",\"potentialAction\":[{\"@type\":\"ReadAction\",\"target\":[\"https:\/\/eryckveziau.com\/non-classe\/payer-une-maison-plus-cher-par-crainte-de-rater-loccasion\/\"]}]},{\"@type\":\"BreadcrumbList\",\"@id\":\"https:\/\/eryckveziau.com\/non-classe\/payer-une-maison-plus-cher-par-crainte-de-rater-loccasion\/#breadcrumb\",\"itemListElement\":[{\"@type\":\"ListItem\",\"position\":1,\"name\":\"Accueil\",\"item\":\"https:\/\/eryckveziau.com\/en\/\"},{\"@type\":\"ListItem\",\"position\":2,\"name\":\"Payer une maison plus cher par crainte de rater l\u2019occasion ?\"}]},{\"@type\":\"WebSite\",\"@id\":\"https:\/\/eryckveziau.com\/en\/#website\",\"url\":\"https:\/\/eryckveziau.com\/en\/\",\"name\":\"ERYCK V\u00c9ZIAU, COURTIER IMMOBILIER LAVAL, COURTIER IMMOBILIER STE-DOROTH\u00c9E, MAISON \u00c0 VENDRE LAVAL, AGENT IMMOBILIER STE-DOROTH\u00c9E\",\"description\":\"\",\"publisher\":{\"@id\":\"https:\/\/eryckveziau.com\/en\/#organization\"},\"potentialAction\":[{\"@type\":\"SearchAction\",\"target\":{\"@type\":\"EntryPoint\",\"urlTemplate\":\"https:\/\/eryckveziau.com\/en\/?s={search_term_string}\"},\"query-input\":{\"@type\":\"PropertyValueSpecification\",\"valueRequired\":true,\"valueName\":\"search_term_string\"}}],\"inLanguage\":\"en-US\"},{\"@type\":\"Organization\",\"@id\":\"https:\/\/eryckveziau.com\/en\/#organization\",\"name\":\"Eryck V\u00e9ziau RE\/MAX\",\"url\":\"https:\/\/eryckveziau.com\/en\/\",\"logo\":{\"@type\":\"ImageObject\",\"inLanguage\":\"en-US\",\"@id\":\"https:\/\/eryckveziau.com\/en\/#\/schema\/logo\/image\/\",\"url\":\"https:\/\/eryckveziau.com\/files\/2022\/09\/PartageEveziau.png\",\"contentUrl\":\"https:\/\/eryckveziau.com\/files\/2022\/09\/PartageEveziau.png\",\"width\":924,\"height\":454,\"caption\":\"Eryck V\u00e9ziau RE\/MAX\"},\"image\":{\"@id\":\"https:\/\/eryckveziau.com\/en\/#\/schema\/logo\/image\/\"},\"sameAs\":[\"https:\/\/www.facebook.com\/EryckVeziau.courtier.immobilier.ReMax.Laval\",\"https:\/\/www.instagram.com\/eryck_veziau_remax\/\",\"https:\/\/www.linkedin.com\/in\/eryck-v\u00e9ziau-6a445134\/\",\"https:\/\/www.youtube.com\/user\/eveziau\"]},{\"@type\":\"Person\",\"@id\":\"\",\"url\":\"https:\/\/eryckveziau.com\/en\/author\/\"}]}<\/script>\n<!-- \/ Yoast SEO plugin. -->","yoast_head_json":{"title":"Payer une maison plus cher par crainte de rater l\u2019occasion ? | ERYCK V\u00c9ZIAU, COURTIER IMMOBILIER LAVAL, COURTIER IMMOBILIER STE-DOROTH\u00c9E, MAISON \u00c0 VENDRE LAVAL, AGENT IMMOBILIER STE-DOROTH\u00c9E","robots":{"index":"index","follow":"follow","max-snippet":"max-snippet:-1","max-image-preview":"max-image-preview:large","max-video-preview":"max-video-preview:-1"},"canonical":"https:\/\/eryckveziau.com\/non-classe\/payer-une-maison-plus-cher-par-crainte-de-rater-loccasion\/","og_locale":"en_US","og_type":"article","og_title":"Payer une maison plus cher par crainte de rater l\u2019occasion ? | ERYCK V\u00c9ZIAU, COURTIER IMMOBILIER LAVAL, COURTIER IMMOBILIER STE-DOROTH\u00c9E, MAISON \u00c0 VENDRE LAVAL, AGENT IMMOBILIER STE-DOROTH\u00c9E","og_description":"Payer une maison plus cher par crainte de rater l\u2019occasion ? | TVA Nouvelles La fr\u00e9n\u00e9sie qui frappe le march\u00e9 immobilier \u00e0 chaque printemps ajoute \u00e0 la pression que subissent les futurs acheteurs, d\u00e9j\u00e0 fort pr\u00e9occup\u00e9s par tout ce qui entoure l\u2019acquisition d\u2019une propri\u00e9t\u00e9. De fait, pas moins d\u2019un Qu\u00e9b\u00e9cois sur quatre qui compte acheter [&hellip;]","og_url":"https:\/\/eryckveziau.com\/non-classe\/payer-une-maison-plus-cher-par-crainte-de-rater-loccasion\/","og_site_name":"ERYCK V\u00c9ZIAU, COURTIER IMMOBILIER LAVAL, COURTIER IMMOBILIER STE-DOROTH\u00c9E, MAISON \u00c0 VENDRE LAVAL, AGENT IMMOBILIER STE-DOROTH\u00c9E","article_publisher":"https:\/\/www.facebook.com\/EryckVeziau.courtier.immobilier.ReMax.Laval","article_published_time":"2016-04-19T14:58:36+00:00","article_modified_time":"2016-04-19T14:59:31+00:00","og_image":[{"width":924,"height":454,"url":"https:\/\/eryckveziau.com\/files\/2022\/09\/PartageEveziau.png","type":"image\/png"}],"twitter_card":"summary_large_image","twitter_misc":{"Written by":"","Est. reading time":"1 minute"},"schema":{"@context":"https:\/\/schema.org","@graph":[{"@type":"Article","@id":"https:\/\/eryckveziau.com\/non-classe\/payer-une-maison-plus-cher-par-crainte-de-rater-loccasion\/#article","isPartOf":{"@id":"https:\/\/eryckveziau.com\/non-classe\/payer-une-maison-plus-cher-par-crainte-de-rater-loccasion\/"},"author":{"name":"","@id":""},"headline":"Payer une maison plus cher par crainte de rater l\u2019occasion ?","datePublished":"2016-04-19T14:58:36+00:00","dateModified":"2016-04-19T14:59:31+00:00","mainEntityOfPage":{"@id":"https:\/\/eryckveziau.com\/non-classe\/payer-une-maison-plus-cher-par-crainte-de-rater-loccasion\/"},"wordCount":164,"publisher":{"@id":"https:\/\/eryckveziau.com\/en\/#organization"},"articleSection":["Non class\u00e9"],"inLanguage":"en-US"},{"@type":"WebPage","@id":"https:\/\/eryckveziau.com\/non-classe\/payer-une-maison-plus-cher-par-crainte-de-rater-loccasion\/","url":"https:\/\/eryckveziau.com\/non-classe\/payer-une-maison-plus-cher-par-crainte-de-rater-loccasion\/","name":"Payer une maison plus cher par crainte de rater l\u2019occasion ? | ERYCK V\u00c9ZIAU, COURTIER IMMOBILIER LAVAL, COURTIER IMMOBILIER STE-DOROTH\u00c9E, MAISON \u00c0 VENDRE LAVAL, AGENT IMMOBILIER STE-DOROTH\u00c9E","isPartOf":{"@id":"https:\/\/eryckveziau.com\/en\/#website"},"datePublished":"2016-04-19T14:58:36+00:00","dateModified":"2016-04-19T14:59:31+00:00","breadcrumb":{"@id":"https:\/\/eryckveziau.com\/non-classe\/payer-une-maison-plus-cher-par-crainte-de-rater-loccasion\/#breadcrumb"},"inLanguage":"en-US","potentialAction":[{"@type":"ReadAction","target":["https:\/\/eryckveziau.com\/non-classe\/payer-une-maison-plus-cher-par-crainte-de-rater-loccasion\/"]}]},{"@type":"BreadcrumbList","@id":"https:\/\/eryckveziau.com\/non-classe\/payer-une-maison-plus-cher-par-crainte-de-rater-loccasion\/#breadcrumb","itemListElement":[{"@type":"ListItem","position":1,"name":"Accueil","item":"https:\/\/eryckveziau.com\/en\/"},{"@type":"ListItem","position":2,"name":"Payer une maison plus cher par crainte de rater l\u2019occasion ?"}]},{"@type":"WebSite","@id":"https:\/\/eryckveziau.com\/en\/#website","url":"https:\/\/eryckveziau.com\/en\/","name":"ERYCK V\u00c9ZIAU, COURTIER IMMOBILIER LAVAL, COURTIER IMMOBILIER STE-DOROTH\u00c9E, MAISON \u00c0 VENDRE LAVAL, AGENT IMMOBILIER STE-DOROTH\u00c9E","description":"","publisher":{"@id":"https:\/\/eryckveziau.com\/en\/#organization"},"potentialAction":[{"@type":"SearchAction","target":{"@type":"EntryPoint","urlTemplate":"https:\/\/eryckveziau.com\/en\/?s={search_term_string}"},"query-input":{"@type":"PropertyValueSpecification","valueRequired":true,"valueName":"search_term_string"}}],"inLanguage":"en-US"},{"@type":"Organization","@id":"https:\/\/eryckveziau.com\/en\/#organization","name":"Eryck V\u00e9ziau RE\/MAX","url":"https:\/\/eryckveziau.com\/en\/","logo":{"@type":"ImageObject","inLanguage":"en-US","@id":"https:\/\/eryckveziau.com\/en\/#\/schema\/logo\/image\/","url":"https:\/\/eryckveziau.com\/files\/2022\/09\/PartageEveziau.png","contentUrl":"https:\/\/eryckveziau.com\/files\/2022\/09\/PartageEveziau.png","width":924,"height":454,"caption":"Eryck V\u00e9ziau RE\/MAX"},"image":{"@id":"https:\/\/eryckveziau.com\/en\/#\/schema\/logo\/image\/"},"sameAs":["https:\/\/www.facebook.com\/EryckVeziau.courtier.immobilier.ReMax.Laval","https:\/\/www.instagram.com\/eryck_veziau_remax\/","https:\/\/www.linkedin.com\/in\/eryck-v\u00e9ziau-6a445134\/","https:\/\/www.youtube.com\/user\/eveziau"]},{"@type":"Person","@id":"","url":"https:\/\/eryckveziau.com\/en\/author\/"}]}},"_links":{"self":[{"href":"https:\/\/eryckveziau.com\/en\/wp-json\/wp\/v2\/posts\/2575","targetHints":{"allow":["GET"]}}],"collection":[{"href":"https:\/\/eryckveziau.com\/en\/wp-json\/wp\/v2\/posts"}],"about":[{"href":"https:\/\/eryckveziau.com\/en\/wp-json\/wp\/v2\/types\/post"}],"author":[{"embeddable":true,"href":"https:\/\/eryckveziau.com\/en\/wp-json\/wp\/v2\/users\/285"}],"replies":[{"embeddable":true,"href":"https:\/\/eryckveziau.com\/en\/wp-json\/wp\/v2\/comments?post=2575"}],"version-history":[{"count":2,"href":"https:\/\/eryckveziau.com\/en\/wp-json\/wp\/v2\/posts\/2575\/revisions"}],"predecessor-version":[{"id":2577,"href":"https:\/\/eryckveziau.com\/en\/wp-json\/wp\/v2\/posts\/2575\/revisions\/2577"}],"wp:attachment":[{"href":"https:\/\/eryckveziau.com\/en\/wp-json\/wp\/v2\/media?parent=2575"}],"wp:term":[{"taxonomy":"category","embeddable":true,"href":"https:\/\/eryckveziau.com\/en\/wp-json\/wp\/v2\/categories?post=2575"},{"taxonomy":"post_tag","embeddable":true,"href":"https:\/\/eryckveziau.com\/en\/wp-json\/wp\/v2\/tags?post=2575"}],"curies":[{"name":"wp","href":"https:\/\/api.w.org\/{rel}","templated":true}]}}