{"id":2571,"date":"2016-04-18T09:22:37","date_gmt":"2016-04-18T13:22:37","guid":{"rendered":"\/?p=2571"},"modified":"2016-04-18T09:23:39","modified_gmt":"2016-04-18T13:23:39","slug":"un-mois-de-mars-record-pour-les-ventes-residentielles-au-canada","status":"publish","type":"post","link":"https:\/\/eryckveziau.com\/en\/non-classe\/un-mois-de-mars-record-pour-les-ventes-residentielles-au-canada\/","title":{"rendered":"Un mois de mars record pour les ventes r\u00e9sidentielles au Canada"},"content":{"rendered":"<p class=\"amorce\">Les ventes r\u00e9sidentielles ont connu un mois record en mars au pays, a indiqu\u00e9 vendredi l&#8217;Association canadienne de l&#8217;immeuble (ACI), pr\u00e9cisant toutefois que les march\u00e9s de Vancouver et de Toronto avaient observ\u00e9 un d\u00e9clin comparativement au mois pr\u00e9c\u00e9dent.<\/p>\n<p><!-- .excerpt --><\/p>\n<div class=\"entry chapitre chapitreTexte\">\n<p>Les ventes conclues en mars ont surpass\u00e9 celles du mois pr\u00e9c\u00e9dent dans environ 60\u00a0% des march\u00e9s locaux, dont ceux de Montr\u00e9al, Edmonton, Calgary et Victoria, a expliqu\u00e9 le groupe \u00e9tabli \u00e0 Ottawa.<\/p>\n<p>Mais les ventes dans la r\u00e9gion de Toronto ont diminu\u00e9 de 1,8\u00a0% par rapport \u00e0 f\u00e9vrier. La situation \u00e9tait l\u00e9g\u00e8rement similaire \u00e0 Vancouver, o\u00f9 les ventes ont c\u00e9d\u00e9 0,3\u00a0%. Mais pour l&#8217;ensemble du pays, la moyenne \u00e9tait une augmentation de 1,5\u00a0%.<\/p>\n<p>Le mois de mars \u00e9tait le premier \u00e0 \u00eatre compl\u00e8tement soumis aux nouvelles r\u00e8gles mises en place par le gouvernement f\u00e9d\u00e9ral pour refroidir l&#8217;ardeur des march\u00e9s en surchauffe. En vertu des changements, les acheteurs doivent effectuer une mise de fonds plus importante pour les logements qui co\u00fbtent entre 500\u00a0000\u00a0$ et 1 million $.<\/p>\n<\/div>\n","protected":false},"excerpt":{"rendered":"<p>Les ventes r\u00e9sidentielles ont connu un mois record en mars au pays, a indiqu\u00e9 vendredi l&#8217;Association canadienne de l&#8217;immeuble (ACI), pr\u00e9cisant toutefois que les march\u00e9s de Vancouver et de Toronto avaient observ\u00e9 un d\u00e9clin comparativement au mois pr\u00e9c\u00e9dent. Les ventes conclues en mars ont surpass\u00e9 celles du mois pr\u00e9c\u00e9dent dans environ 60\u00a0% des march\u00e9s locaux, [&hellip;]<\/p>\n","protected":false},"author":285,"featured_media":0,"comment_status":"closed","ping_status":"closed","sticky":false,"template":"","format":"standard","meta":{"_acf_changed":false,"footnotes":""},"categories":[1],"tags":[],"class_list":["post-2571","post","type-post","status-publish","format-standard","hentry","category-non-classe"],"acf":[],"yoast_head":"<!-- This site is optimized with the Yoast SEO plugin v26.7 - https:\/\/yoast.com\/wordpress\/plugins\/seo\/ -->\n<title>Un mois de mars record pour les ventes r\u00e9sidentielles au Canada | ERYCK V\u00c9ZIAU, COURTIER IMMOBILIER LAVAL, COURTIER IMMOBILIER STE-DOROTH\u00c9E, MAISON \u00c0 VENDRE LAVAL, AGENT IMMOBILIER STE-DOROTH\u00c9E<\/title>\n<meta name=\"robots\" content=\"index, follow, max-snippet:-1, max-image-preview:large, max-video-preview:-1\" \/>\n<link rel=\"canonical\" href=\"https:\/\/eryckveziau.com\/non-classe\/un-mois-de-mars-record-pour-les-ventes-residentielles-au-canada\/\" \/>\n<meta property=\"og:locale\" content=\"en_US\" \/>\n<meta property=\"og:type\" content=\"article\" \/>\n<meta property=\"og:title\" content=\"Un mois de mars record pour les ventes r\u00e9sidentielles au Canada | ERYCK V\u00c9ZIAU, COURTIER IMMOBILIER LAVAL, COURTIER IMMOBILIER STE-DOROTH\u00c9E, MAISON \u00c0 VENDRE LAVAL, AGENT IMMOBILIER STE-DOROTH\u00c9E\" \/>\n<meta property=\"og:description\" content=\"Les ventes r\u00e9sidentielles ont connu un mois record en mars au pays, a indiqu\u00e9 vendredi l&#8217;Association canadienne de l&#8217;immeuble (ACI), pr\u00e9cisant toutefois que les march\u00e9s de Vancouver et de Toronto avaient observ\u00e9 un d\u00e9clin comparativement au mois pr\u00e9c\u00e9dent. Les ventes conclues en mars ont surpass\u00e9 celles du mois pr\u00e9c\u00e9dent dans environ 60\u00a0% des march\u00e9s locaux, [&hellip;]\" \/>\n<meta property=\"og:url\" content=\"https:\/\/eryckveziau.com\/non-classe\/un-mois-de-mars-record-pour-les-ventes-residentielles-au-canada\/\" \/>\n<meta property=\"og:site_name\" content=\"ERYCK V\u00c9ZIAU, COURTIER IMMOBILIER LAVAL, COURTIER IMMOBILIER STE-DOROTH\u00c9E, MAISON \u00c0 VENDRE LAVAL, AGENT IMMOBILIER STE-DOROTH\u00c9E\" \/>\n<meta property=\"article:publisher\" content=\"https:\/\/www.facebook.com\/EryckVeziau.courtier.immobilier.ReMax.Laval\" \/>\n<meta property=\"article:published_time\" content=\"2016-04-18T13:22:37+00:00\" \/>\n<meta property=\"article:modified_time\" content=\"2016-04-18T13:23:39+00:00\" \/>\n<meta property=\"og:image\" content=\"https:\/\/eryckveziau.com\/files\/2022\/09\/PartageEveziau.png\" \/>\n\t<meta property=\"og:image:width\" content=\"924\" \/>\n\t<meta property=\"og:image:height\" content=\"454\" \/>\n\t<meta property=\"og:image:type\" content=\"image\/png\" \/>\n<meta name=\"twitter:card\" content=\"summary_large_image\" \/>\n<meta name=\"twitter:label1\" content=\"Written by\" \/>\n\t<meta name=\"twitter:data1\" content=\"\" \/>\n\t<meta name=\"twitter:label2\" content=\"Est. reading time\" \/>\n\t<meta name=\"twitter:data2\" content=\"1 minute\" \/>\n<script type=\"application\/ld+json\" class=\"yoast-schema-graph\">{\"@context\":\"https:\/\/schema.org\",\"@graph\":[{\"@type\":\"Article\",\"@id\":\"https:\/\/eryckveziau.com\/non-classe\/un-mois-de-mars-record-pour-les-ventes-residentielles-au-canada\/#article\",\"isPartOf\":{\"@id\":\"https:\/\/eryckveziau.com\/non-classe\/un-mois-de-mars-record-pour-les-ventes-residentielles-au-canada\/\"},\"author\":{\"name\":\"\",\"@id\":\"\"},\"headline\":\"Un mois de mars record pour les ventes r\u00e9sidentielles au Canada\",\"datePublished\":\"2016-04-18T13:22:37+00:00\",\"dateModified\":\"2016-04-18T13:23:39+00:00\",\"mainEntityOfPage\":{\"@id\":\"https:\/\/eryckveziau.com\/non-classe\/un-mois-de-mars-record-pour-les-ventes-residentielles-au-canada\/\"},\"wordCount\":190,\"publisher\":{\"@id\":\"https:\/\/eryckveziau.com\/en\/#organization\"},\"articleSection\":[\"Non class\u00e9\"],\"inLanguage\":\"en-US\"},{\"@type\":\"WebPage\",\"@id\":\"https:\/\/eryckveziau.com\/non-classe\/un-mois-de-mars-record-pour-les-ventes-residentielles-au-canada\/\",\"url\":\"https:\/\/eryckveziau.com\/non-classe\/un-mois-de-mars-record-pour-les-ventes-residentielles-au-canada\/\",\"name\":\"Un mois de mars record pour les ventes r\u00e9sidentielles au Canada | ERYCK V\u00c9ZIAU, COURTIER IMMOBILIER LAVAL, COURTIER IMMOBILIER STE-DOROTH\u00c9E, MAISON \u00c0 VENDRE LAVAL, AGENT IMMOBILIER STE-DOROTH\u00c9E\",\"isPartOf\":{\"@id\":\"https:\/\/eryckveziau.com\/en\/#website\"},\"datePublished\":\"2016-04-18T13:22:37+00:00\",\"dateModified\":\"2016-04-18T13:23:39+00:00\",\"breadcrumb\":{\"@id\":\"https:\/\/eryckveziau.com\/non-classe\/un-mois-de-mars-record-pour-les-ventes-residentielles-au-canada\/#breadcrumb\"},\"inLanguage\":\"en-US\",\"potentialAction\":[{\"@type\":\"ReadAction\",\"target\":[\"https:\/\/eryckveziau.com\/non-classe\/un-mois-de-mars-record-pour-les-ventes-residentielles-au-canada\/\"]}]},{\"@type\":\"BreadcrumbList\",\"@id\":\"https:\/\/eryckveziau.com\/non-classe\/un-mois-de-mars-record-pour-les-ventes-residentielles-au-canada\/#breadcrumb\",\"itemListElement\":[{\"@type\":\"ListItem\",\"position\":1,\"name\":\"Accueil\",\"item\":\"https:\/\/eryckveziau.com\/en\/\"},{\"@type\":\"ListItem\",\"position\":2,\"name\":\"Un mois de mars record pour les ventes r\u00e9sidentielles au Canada\"}]},{\"@type\":\"WebSite\",\"@id\":\"https:\/\/eryckveziau.com\/en\/#website\",\"url\":\"https:\/\/eryckveziau.com\/en\/\",\"name\":\"ERYCK V\u00c9ZIAU, COURTIER IMMOBILIER LAVAL, COURTIER IMMOBILIER STE-DOROTH\u00c9E, MAISON \u00c0 VENDRE LAVAL, AGENT IMMOBILIER STE-DOROTH\u00c9E\",\"description\":\"\",\"publisher\":{\"@id\":\"https:\/\/eryckveziau.com\/en\/#organization\"},\"potentialAction\":[{\"@type\":\"SearchAction\",\"target\":{\"@type\":\"EntryPoint\",\"urlTemplate\":\"https:\/\/eryckveziau.com\/en\/?s={search_term_string}\"},\"query-input\":{\"@type\":\"PropertyValueSpecification\",\"valueRequired\":true,\"valueName\":\"search_term_string\"}}],\"inLanguage\":\"en-US\"},{\"@type\":\"Organization\",\"@id\":\"https:\/\/eryckveziau.com\/en\/#organization\",\"name\":\"Eryck V\u00e9ziau RE\/MAX\",\"url\":\"https:\/\/eryckveziau.com\/en\/\",\"logo\":{\"@type\":\"ImageObject\",\"inLanguage\":\"en-US\",\"@id\":\"https:\/\/eryckveziau.com\/en\/#\/schema\/logo\/image\/\",\"url\":\"https:\/\/eryckveziau.com\/files\/2022\/09\/PartageEveziau.png\",\"contentUrl\":\"https:\/\/eryckveziau.com\/files\/2022\/09\/PartageEveziau.png\",\"width\":924,\"height\":454,\"caption\":\"Eryck V\u00e9ziau RE\/MAX\"},\"image\":{\"@id\":\"https:\/\/eryckveziau.com\/en\/#\/schema\/logo\/image\/\"},\"sameAs\":[\"https:\/\/www.facebook.com\/EryckVeziau.courtier.immobilier.ReMax.Laval\",\"https:\/\/www.instagram.com\/eryck_veziau_remax\/\",\"https:\/\/www.linkedin.com\/in\/eryck-v\u00e9ziau-6a445134\/\",\"https:\/\/www.youtube.com\/user\/eveziau\"]},{\"@type\":\"Person\",\"@id\":\"\",\"url\":\"https:\/\/eryckveziau.com\/en\/author\/\"}]}<\/script>\n<!-- \/ Yoast SEO plugin. -->","yoast_head_json":{"title":"Un mois de mars record pour les ventes r\u00e9sidentielles au Canada | ERYCK V\u00c9ZIAU, COURTIER IMMOBILIER LAVAL, COURTIER IMMOBILIER STE-DOROTH\u00c9E, MAISON \u00c0 VENDRE LAVAL, AGENT IMMOBILIER STE-DOROTH\u00c9E","robots":{"index":"index","follow":"follow","max-snippet":"max-snippet:-1","max-image-preview":"max-image-preview:large","max-video-preview":"max-video-preview:-1"},"canonical":"https:\/\/eryckveziau.com\/non-classe\/un-mois-de-mars-record-pour-les-ventes-residentielles-au-canada\/","og_locale":"en_US","og_type":"article","og_title":"Un mois de mars record pour les ventes r\u00e9sidentielles au Canada | ERYCK V\u00c9ZIAU, COURTIER IMMOBILIER LAVAL, COURTIER IMMOBILIER STE-DOROTH\u00c9E, MAISON \u00c0 VENDRE LAVAL, AGENT IMMOBILIER STE-DOROTH\u00c9E","og_description":"Les ventes r\u00e9sidentielles ont connu un mois record en mars au pays, a indiqu\u00e9 vendredi l&#8217;Association canadienne de l&#8217;immeuble (ACI), pr\u00e9cisant toutefois que les march\u00e9s de Vancouver et de Toronto avaient observ\u00e9 un d\u00e9clin comparativement au mois pr\u00e9c\u00e9dent. Les ventes conclues en mars ont surpass\u00e9 celles du mois pr\u00e9c\u00e9dent dans environ 60\u00a0% des march\u00e9s locaux, [&hellip;]","og_url":"https:\/\/eryckveziau.com\/non-classe\/un-mois-de-mars-record-pour-les-ventes-residentielles-au-canada\/","og_site_name":"ERYCK V\u00c9ZIAU, COURTIER IMMOBILIER LAVAL, COURTIER IMMOBILIER STE-DOROTH\u00c9E, MAISON \u00c0 VENDRE LAVAL, AGENT IMMOBILIER STE-DOROTH\u00c9E","article_publisher":"https:\/\/www.facebook.com\/EryckVeziau.courtier.immobilier.ReMax.Laval","article_published_time":"2016-04-18T13:22:37+00:00","article_modified_time":"2016-04-18T13:23:39+00:00","og_image":[{"width":924,"height":454,"url":"https:\/\/eryckveziau.com\/files\/2022\/09\/PartageEveziau.png","type":"image\/png"}],"twitter_card":"summary_large_image","twitter_misc":{"Written by":"","Est. reading time":"1 minute"},"schema":{"@context":"https:\/\/schema.org","@graph":[{"@type":"Article","@id":"https:\/\/eryckveziau.com\/non-classe\/un-mois-de-mars-record-pour-les-ventes-residentielles-au-canada\/#article","isPartOf":{"@id":"https:\/\/eryckveziau.com\/non-classe\/un-mois-de-mars-record-pour-les-ventes-residentielles-au-canada\/"},"author":{"name":"","@id":""},"headline":"Un mois de mars record pour les ventes r\u00e9sidentielles au Canada","datePublished":"2016-04-18T13:22:37+00:00","dateModified":"2016-04-18T13:23:39+00:00","mainEntityOfPage":{"@id":"https:\/\/eryckveziau.com\/non-classe\/un-mois-de-mars-record-pour-les-ventes-residentielles-au-canada\/"},"wordCount":190,"publisher":{"@id":"https:\/\/eryckveziau.com\/en\/#organization"},"articleSection":["Non class\u00e9"],"inLanguage":"en-US"},{"@type":"WebPage","@id":"https:\/\/eryckveziau.com\/non-classe\/un-mois-de-mars-record-pour-les-ventes-residentielles-au-canada\/","url":"https:\/\/eryckveziau.com\/non-classe\/un-mois-de-mars-record-pour-les-ventes-residentielles-au-canada\/","name":"Un mois de mars record pour les ventes r\u00e9sidentielles au Canada | ERYCK V\u00c9ZIAU, COURTIER IMMOBILIER LAVAL, COURTIER IMMOBILIER STE-DOROTH\u00c9E, MAISON \u00c0 VENDRE LAVAL, AGENT IMMOBILIER STE-DOROTH\u00c9E","isPartOf":{"@id":"https:\/\/eryckveziau.com\/en\/#website"},"datePublished":"2016-04-18T13:22:37+00:00","dateModified":"2016-04-18T13:23:39+00:00","breadcrumb":{"@id":"https:\/\/eryckveziau.com\/non-classe\/un-mois-de-mars-record-pour-les-ventes-residentielles-au-canada\/#breadcrumb"},"inLanguage":"en-US","potentialAction":[{"@type":"ReadAction","target":["https:\/\/eryckveziau.com\/non-classe\/un-mois-de-mars-record-pour-les-ventes-residentielles-au-canada\/"]}]},{"@type":"BreadcrumbList","@id":"https:\/\/eryckveziau.com\/non-classe\/un-mois-de-mars-record-pour-les-ventes-residentielles-au-canada\/#breadcrumb","itemListElement":[{"@type":"ListItem","position":1,"name":"Accueil","item":"https:\/\/eryckveziau.com\/en\/"},{"@type":"ListItem","position":2,"name":"Un mois de mars record pour les ventes r\u00e9sidentielles au Canada"}]},{"@type":"WebSite","@id":"https:\/\/eryckveziau.com\/en\/#website","url":"https:\/\/eryckveziau.com\/en\/","name":"ERYCK V\u00c9ZIAU, COURTIER IMMOBILIER LAVAL, COURTIER IMMOBILIER STE-DOROTH\u00c9E, MAISON \u00c0 VENDRE LAVAL, AGENT IMMOBILIER STE-DOROTH\u00c9E","description":"","publisher":{"@id":"https:\/\/eryckveziau.com\/en\/#organization"},"potentialAction":[{"@type":"SearchAction","target":{"@type":"EntryPoint","urlTemplate":"https:\/\/eryckveziau.com\/en\/?s={search_term_string}"},"query-input":{"@type":"PropertyValueSpecification","valueRequired":true,"valueName":"search_term_string"}}],"inLanguage":"en-US"},{"@type":"Organization","@id":"https:\/\/eryckveziau.com\/en\/#organization","name":"Eryck V\u00e9ziau RE\/MAX","url":"https:\/\/eryckveziau.com\/en\/","logo":{"@type":"ImageObject","inLanguage":"en-US","@id":"https:\/\/eryckveziau.com\/en\/#\/schema\/logo\/image\/","url":"https:\/\/eryckveziau.com\/files\/2022\/09\/PartageEveziau.png","contentUrl":"https:\/\/eryckveziau.com\/files\/2022\/09\/PartageEveziau.png","width":924,"height":454,"caption":"Eryck V\u00e9ziau RE\/MAX"},"image":{"@id":"https:\/\/eryckveziau.com\/en\/#\/schema\/logo\/image\/"},"sameAs":["https:\/\/www.facebook.com\/EryckVeziau.courtier.immobilier.ReMax.Laval","https:\/\/www.instagram.com\/eryck_veziau_remax\/","https:\/\/www.linkedin.com\/in\/eryck-v\u00e9ziau-6a445134\/","https:\/\/www.youtube.com\/user\/eveziau"]},{"@type":"Person","@id":"","url":"https:\/\/eryckveziau.com\/en\/author\/"}]}},"_links":{"self":[{"href":"https:\/\/eryckveziau.com\/en\/wp-json\/wp\/v2\/posts\/2571","targetHints":{"allow":["GET"]}}],"collection":[{"href":"https:\/\/eryckveziau.com\/en\/wp-json\/wp\/v2\/posts"}],"about":[{"href":"https:\/\/eryckveziau.com\/en\/wp-json\/wp\/v2\/types\/post"}],"author":[{"embeddable":true,"href":"https:\/\/eryckveziau.com\/en\/wp-json\/wp\/v2\/users\/285"}],"replies":[{"embeddable":true,"href":"https:\/\/eryckveziau.com\/en\/wp-json\/wp\/v2\/comments?post=2571"}],"version-history":[{"count":1,"href":"https:\/\/eryckveziau.com\/en\/wp-json\/wp\/v2\/posts\/2571\/revisions"}],"predecessor-version":[{"id":2572,"href":"https:\/\/eryckveziau.com\/en\/wp-json\/wp\/v2\/posts\/2571\/revisions\/2572"}],"wp:attachment":[{"href":"https:\/\/eryckveziau.com\/en\/wp-json\/wp\/v2\/media?parent=2571"}],"wp:term":[{"taxonomy":"category","embeddable":true,"href":"https:\/\/eryckveziau.com\/en\/wp-json\/wp\/v2\/categories?post=2571"},{"taxonomy":"post_tag","embeddable":true,"href":"https:\/\/eryckveziau.com\/en\/wp-json\/wp\/v2\/tags?post=2571"}],"curies":[{"name":"wp","href":"https:\/\/api.w.org\/{rel}","templated":true}]}}