{"id":2563,"date":"2016-04-04T11:07:19","date_gmt":"2016-04-04T15:07:19","guid":{"rendered":"\/?p=2563"},"modified":"2016-04-04T11:13:57","modified_gmt":"2016-04-04T15:13:57","slug":"renovert-une-bonne-nouvelle-pour-la-renovation","status":"publish","type":"post","link":"https:\/\/eryckveziau.com\/en\/non-classe\/renovert-une-bonne-nouvelle-pour-la-renovation\/","title":{"rendered":"R\u00e9noVert: une bonne nouvelle pour la r\u00e9novation!"},"content":{"rendered":"<p>Dans le cadre du d\u00e9p\u00f4t du budget 2016-2017, le gouvernement a annonc\u00e9 la mise en place d&#8217;un nouveau cr\u00e9dit d&#8217;imp\u00f4t \u00e0 la r\u00e9novation domiciliaire: R\u00e9noVert.<\/p>\n<p>Je ne vous cacherai pas qu&#8217;il s&#8217;agit d&#8217;une bonne nouvelle, non seulement pour le secteur de la r\u00e9novation, mais surtout pour les consommateurs d\u00e9sireux d&#8217;entreprendre des travaux de r\u00e9novation. Voici pourquoi!<\/p>\n<p><strong>Des travaux \u00e9coresponsables<\/strong><\/p>\n<p>Une chose sur laquelle tout le monde s&#8217;entend, je dis bien tout le monde, c&#8217;est l&#8217;importance que nous accordons \u00e0 notre environnement. Le recyclage, l&#8217;utilisation du transport en commun et le compostage sont des moyens bien connus de tous afin de r\u00e9duire notre empreinte \u00e9cologique.<\/p>\n<p>Mais saviez-vous qu&#8217;une habitation bien isol\u00e9e en fait tout autant? En effet, une habitation bien isol\u00e9e consomme moins d&#8217;\u00e9nergie pour garder sa chaleur en hiver (ou sa fra\u00eecheur en \u00e9t\u00e9), sans compter que votre facture d&#8217;Hydro-Qu\u00e9bec pourrait \u00eatre r\u00e9duite.<\/p>\n<p>Voici les travaux admissibles de ce nouveau cr\u00e9dit d&#8217;imp\u00f4t\u00a0:<\/p>\n<p>\u2022 isolation du toit, des murs ext\u00e9rieurs, des fondations et des planchers expos\u00e9s\u00a0;<br \/>\n\u2022 \u00e9tanch\u00e9isation des fondations, des murs, des portes et des fen\u00eatres\u00a0;<br \/>\n\u2022 installation des portes et des fen\u00eatres\u00a0;<br \/>\n\u2022 installation d&#8217;un toit blanc ou v\u00e9g\u00e9talis\u00e9\u00a0;<br \/>\n\u2022 divers travaux visant les syst\u00e8mes m\u00e9caniques (chauffage, chauffe-eau, climatisation et ventilation)\u00a0;<br \/>\n\u2022 travaux visant la qualit\u00e9 des eaux et du sol.<\/p>\n","protected":false},"excerpt":{"rendered":"<p>Dans le cadre du d\u00e9p\u00f4t du budget 2016-2017, le gouvernement a annonc\u00e9 la mise en place d&#8217;un nouveau cr\u00e9dit d&#8217;imp\u00f4t \u00e0 la r\u00e9novation domiciliaire: R\u00e9noVert. Je ne vous cacherai pas qu&#8217;il s&#8217;agit d&#8217;une bonne nouvelle, non seulement pour le secteur de la r\u00e9novation, mais surtout pour les consommateurs d\u00e9sireux d&#8217;entreprendre des travaux de r\u00e9novation. Voici [&hellip;]<\/p>\n","protected":false},"author":285,"featured_media":0,"comment_status":"closed","ping_status":"closed","sticky":false,"template":"","format":"standard","meta":{"_acf_changed":false,"footnotes":""},"categories":[1],"tags":[],"class_list":["post-2563","post","type-post","status-publish","format-standard","hentry","category-non-classe"],"acf":[],"yoast_head":"<!-- This site is optimized with the Yoast SEO plugin v26.7 - https:\/\/yoast.com\/wordpress\/plugins\/seo\/ -->\n<title>R\u00e9noVert: une bonne nouvelle pour la r\u00e9novation! | ERYCK V\u00c9ZIAU, COURTIER IMMOBILIER LAVAL, COURTIER IMMOBILIER STE-DOROTH\u00c9E, MAISON \u00c0 VENDRE LAVAL, AGENT IMMOBILIER STE-DOROTH\u00c9E<\/title>\n<meta name=\"robots\" content=\"index, follow, max-snippet:-1, max-image-preview:large, max-video-preview:-1\" \/>\n<link rel=\"canonical\" href=\"https:\/\/eryckveziau.com\/non-classe\/renovert-une-bonne-nouvelle-pour-la-renovation\/\" \/>\n<meta property=\"og:locale\" content=\"en_US\" \/>\n<meta property=\"og:type\" content=\"article\" \/>\n<meta property=\"og:title\" content=\"R\u00e9noVert: une bonne nouvelle pour la r\u00e9novation! | ERYCK V\u00c9ZIAU, COURTIER IMMOBILIER LAVAL, COURTIER IMMOBILIER STE-DOROTH\u00c9E, MAISON \u00c0 VENDRE LAVAL, AGENT IMMOBILIER STE-DOROTH\u00c9E\" \/>\n<meta property=\"og:description\" content=\"Dans le cadre du d\u00e9p\u00f4t du budget 2016-2017, le gouvernement a annonc\u00e9 la mise en place d&#8217;un nouveau cr\u00e9dit d&#8217;imp\u00f4t \u00e0 la r\u00e9novation domiciliaire: R\u00e9noVert. Je ne vous cacherai pas qu&#8217;il s&#8217;agit d&#8217;une bonne nouvelle, non seulement pour le secteur de la r\u00e9novation, mais surtout pour les consommateurs d\u00e9sireux d&#8217;entreprendre des travaux de r\u00e9novation. Voici [&hellip;]\" \/>\n<meta property=\"og:url\" content=\"https:\/\/eryckveziau.com\/non-classe\/renovert-une-bonne-nouvelle-pour-la-renovation\/\" \/>\n<meta property=\"og:site_name\" content=\"ERYCK V\u00c9ZIAU, COURTIER IMMOBILIER LAVAL, COURTIER IMMOBILIER STE-DOROTH\u00c9E, MAISON \u00c0 VENDRE LAVAL, AGENT IMMOBILIER STE-DOROTH\u00c9E\" \/>\n<meta property=\"article:publisher\" content=\"https:\/\/www.facebook.com\/EryckVeziau.courtier.immobilier.ReMax.Laval\" \/>\n<meta property=\"article:published_time\" content=\"2016-04-04T15:07:19+00:00\" \/>\n<meta property=\"article:modified_time\" content=\"2016-04-04T15:13:57+00:00\" \/>\n<meta property=\"og:image\" content=\"https:\/\/eryckveziau.com\/files\/2022\/09\/PartageEveziau.png\" \/>\n\t<meta property=\"og:image:width\" content=\"924\" \/>\n\t<meta property=\"og:image:height\" content=\"454\" \/>\n\t<meta property=\"og:image:type\" content=\"image\/png\" \/>\n<meta name=\"twitter:card\" content=\"summary_large_image\" \/>\n<meta name=\"twitter:label1\" content=\"Written by\" \/>\n\t<meta name=\"twitter:data1\" content=\"\" \/>\n\t<meta name=\"twitter:label2\" content=\"Est. reading time\" \/>\n\t<meta name=\"twitter:data2\" content=\"1 minute\" \/>\n<script type=\"application\/ld+json\" class=\"yoast-schema-graph\">{\"@context\":\"https:\/\/schema.org\",\"@graph\":[{\"@type\":\"Article\",\"@id\":\"https:\/\/eryckveziau.com\/non-classe\/renovert-une-bonne-nouvelle-pour-la-renovation\/#article\",\"isPartOf\":{\"@id\":\"https:\/\/eryckveziau.com\/non-classe\/renovert-une-bonne-nouvelle-pour-la-renovation\/\"},\"author\":{\"name\":\"\",\"@id\":\"\"},\"headline\":\"R\u00e9noVert: une bonne nouvelle pour la r\u00e9novation!\",\"datePublished\":\"2016-04-04T15:07:19+00:00\",\"dateModified\":\"2016-04-04T15:13:57+00:00\",\"mainEntityOfPage\":{\"@id\":\"https:\/\/eryckveziau.com\/non-classe\/renovert-une-bonne-nouvelle-pour-la-renovation\/\"},\"wordCount\":254,\"publisher\":{\"@id\":\"https:\/\/eryckveziau.com\/en\/#organization\"},\"articleSection\":[\"Non class\u00e9\"],\"inLanguage\":\"en-US\"},{\"@type\":\"WebPage\",\"@id\":\"https:\/\/eryckveziau.com\/non-classe\/renovert-une-bonne-nouvelle-pour-la-renovation\/\",\"url\":\"https:\/\/eryckveziau.com\/non-classe\/renovert-une-bonne-nouvelle-pour-la-renovation\/\",\"name\":\"R\u00e9noVert: une bonne nouvelle pour la r\u00e9novation! | ERYCK V\u00c9ZIAU, COURTIER IMMOBILIER LAVAL, COURTIER IMMOBILIER STE-DOROTH\u00c9E, MAISON \u00c0 VENDRE LAVAL, AGENT IMMOBILIER STE-DOROTH\u00c9E\",\"isPartOf\":{\"@id\":\"https:\/\/eryckveziau.com\/en\/#website\"},\"datePublished\":\"2016-04-04T15:07:19+00:00\",\"dateModified\":\"2016-04-04T15:13:57+00:00\",\"breadcrumb\":{\"@id\":\"https:\/\/eryckveziau.com\/non-classe\/renovert-une-bonne-nouvelle-pour-la-renovation\/#breadcrumb\"},\"inLanguage\":\"en-US\",\"potentialAction\":[{\"@type\":\"ReadAction\",\"target\":[\"https:\/\/eryckveziau.com\/non-classe\/renovert-une-bonne-nouvelle-pour-la-renovation\/\"]}]},{\"@type\":\"BreadcrumbList\",\"@id\":\"https:\/\/eryckveziau.com\/non-classe\/renovert-une-bonne-nouvelle-pour-la-renovation\/#breadcrumb\",\"itemListElement\":[{\"@type\":\"ListItem\",\"position\":1,\"name\":\"Accueil\",\"item\":\"https:\/\/eryckveziau.com\/en\/\"},{\"@type\":\"ListItem\",\"position\":2,\"name\":\"R\u00e9noVert: une bonne nouvelle pour la r\u00e9novation!\"}]},{\"@type\":\"WebSite\",\"@id\":\"https:\/\/eryckveziau.com\/en\/#website\",\"url\":\"https:\/\/eryckveziau.com\/en\/\",\"name\":\"ERYCK V\u00c9ZIAU, COURTIER IMMOBILIER LAVAL, COURTIER IMMOBILIER STE-DOROTH\u00c9E, MAISON \u00c0 VENDRE LAVAL, AGENT IMMOBILIER STE-DOROTH\u00c9E\",\"description\":\"\",\"publisher\":{\"@id\":\"https:\/\/eryckveziau.com\/en\/#organization\"},\"potentialAction\":[{\"@type\":\"SearchAction\",\"target\":{\"@type\":\"EntryPoint\",\"urlTemplate\":\"https:\/\/eryckveziau.com\/en\/?s={search_term_string}\"},\"query-input\":{\"@type\":\"PropertyValueSpecification\",\"valueRequired\":true,\"valueName\":\"search_term_string\"}}],\"inLanguage\":\"en-US\"},{\"@type\":\"Organization\",\"@id\":\"https:\/\/eryckveziau.com\/en\/#organization\",\"name\":\"Eryck V\u00e9ziau RE\/MAX\",\"url\":\"https:\/\/eryckveziau.com\/en\/\",\"logo\":{\"@type\":\"ImageObject\",\"inLanguage\":\"en-US\",\"@id\":\"https:\/\/eryckveziau.com\/en\/#\/schema\/logo\/image\/\",\"url\":\"https:\/\/eryckveziau.com\/files\/2022\/09\/PartageEveziau.png\",\"contentUrl\":\"https:\/\/eryckveziau.com\/files\/2022\/09\/PartageEveziau.png\",\"width\":924,\"height\":454,\"caption\":\"Eryck V\u00e9ziau RE\/MAX\"},\"image\":{\"@id\":\"https:\/\/eryckveziau.com\/en\/#\/schema\/logo\/image\/\"},\"sameAs\":[\"https:\/\/www.facebook.com\/EryckVeziau.courtier.immobilier.ReMax.Laval\",\"https:\/\/www.instagram.com\/eryck_veziau_remax\/\",\"https:\/\/www.linkedin.com\/in\/eryck-v\u00e9ziau-6a445134\/\",\"https:\/\/www.youtube.com\/user\/eveziau\"]},{\"@type\":\"Person\",\"@id\":\"\",\"url\":\"https:\/\/eryckveziau.com\/en\/author\/\"}]}<\/script>\n<!-- \/ Yoast SEO plugin. -->","yoast_head_json":{"title":"R\u00e9noVert: une bonne nouvelle pour la r\u00e9novation! | ERYCK V\u00c9ZIAU, COURTIER IMMOBILIER LAVAL, COURTIER IMMOBILIER STE-DOROTH\u00c9E, MAISON \u00c0 VENDRE LAVAL, AGENT IMMOBILIER STE-DOROTH\u00c9E","robots":{"index":"index","follow":"follow","max-snippet":"max-snippet:-1","max-image-preview":"max-image-preview:large","max-video-preview":"max-video-preview:-1"},"canonical":"https:\/\/eryckveziau.com\/non-classe\/renovert-une-bonne-nouvelle-pour-la-renovation\/","og_locale":"en_US","og_type":"article","og_title":"R\u00e9noVert: une bonne nouvelle pour la r\u00e9novation! | ERYCK V\u00c9ZIAU, COURTIER IMMOBILIER LAVAL, COURTIER IMMOBILIER STE-DOROTH\u00c9E, MAISON \u00c0 VENDRE LAVAL, AGENT IMMOBILIER STE-DOROTH\u00c9E","og_description":"Dans le cadre du d\u00e9p\u00f4t du budget 2016-2017, le gouvernement a annonc\u00e9 la mise en place d&#8217;un nouveau cr\u00e9dit d&#8217;imp\u00f4t \u00e0 la r\u00e9novation domiciliaire: R\u00e9noVert. Je ne vous cacherai pas qu&#8217;il s&#8217;agit d&#8217;une bonne nouvelle, non seulement pour le secteur de la r\u00e9novation, mais surtout pour les consommateurs d\u00e9sireux d&#8217;entreprendre des travaux de r\u00e9novation. Voici [&hellip;]","og_url":"https:\/\/eryckveziau.com\/non-classe\/renovert-une-bonne-nouvelle-pour-la-renovation\/","og_site_name":"ERYCK V\u00c9ZIAU, COURTIER IMMOBILIER LAVAL, COURTIER IMMOBILIER STE-DOROTH\u00c9E, MAISON \u00c0 VENDRE LAVAL, AGENT IMMOBILIER STE-DOROTH\u00c9E","article_publisher":"https:\/\/www.facebook.com\/EryckVeziau.courtier.immobilier.ReMax.Laval","article_published_time":"2016-04-04T15:07:19+00:00","article_modified_time":"2016-04-04T15:13:57+00:00","og_image":[{"width":924,"height":454,"url":"https:\/\/eryckveziau.com\/files\/2022\/09\/PartageEveziau.png","type":"image\/png"}],"twitter_card":"summary_large_image","twitter_misc":{"Written by":"","Est. reading time":"1 minute"},"schema":{"@context":"https:\/\/schema.org","@graph":[{"@type":"Article","@id":"https:\/\/eryckveziau.com\/non-classe\/renovert-une-bonne-nouvelle-pour-la-renovation\/#article","isPartOf":{"@id":"https:\/\/eryckveziau.com\/non-classe\/renovert-une-bonne-nouvelle-pour-la-renovation\/"},"author":{"name":"","@id":""},"headline":"R\u00e9noVert: une bonne nouvelle pour la r\u00e9novation!","datePublished":"2016-04-04T15:07:19+00:00","dateModified":"2016-04-04T15:13:57+00:00","mainEntityOfPage":{"@id":"https:\/\/eryckveziau.com\/non-classe\/renovert-une-bonne-nouvelle-pour-la-renovation\/"},"wordCount":254,"publisher":{"@id":"https:\/\/eryckveziau.com\/en\/#organization"},"articleSection":["Non class\u00e9"],"inLanguage":"en-US"},{"@type":"WebPage","@id":"https:\/\/eryckveziau.com\/non-classe\/renovert-une-bonne-nouvelle-pour-la-renovation\/","url":"https:\/\/eryckveziau.com\/non-classe\/renovert-une-bonne-nouvelle-pour-la-renovation\/","name":"R\u00e9noVert: une bonne nouvelle pour la r\u00e9novation! | ERYCK V\u00c9ZIAU, COURTIER IMMOBILIER LAVAL, COURTIER IMMOBILIER STE-DOROTH\u00c9E, MAISON \u00c0 VENDRE LAVAL, AGENT IMMOBILIER STE-DOROTH\u00c9E","isPartOf":{"@id":"https:\/\/eryckveziau.com\/en\/#website"},"datePublished":"2016-04-04T15:07:19+00:00","dateModified":"2016-04-04T15:13:57+00:00","breadcrumb":{"@id":"https:\/\/eryckveziau.com\/non-classe\/renovert-une-bonne-nouvelle-pour-la-renovation\/#breadcrumb"},"inLanguage":"en-US","potentialAction":[{"@type":"ReadAction","target":["https:\/\/eryckveziau.com\/non-classe\/renovert-une-bonne-nouvelle-pour-la-renovation\/"]}]},{"@type":"BreadcrumbList","@id":"https:\/\/eryckveziau.com\/non-classe\/renovert-une-bonne-nouvelle-pour-la-renovation\/#breadcrumb","itemListElement":[{"@type":"ListItem","position":1,"name":"Accueil","item":"https:\/\/eryckveziau.com\/en\/"},{"@type":"ListItem","position":2,"name":"R\u00e9noVert: une bonne nouvelle pour la r\u00e9novation!"}]},{"@type":"WebSite","@id":"https:\/\/eryckveziau.com\/en\/#website","url":"https:\/\/eryckveziau.com\/en\/","name":"ERYCK V\u00c9ZIAU, COURTIER IMMOBILIER LAVAL, COURTIER IMMOBILIER STE-DOROTH\u00c9E, MAISON \u00c0 VENDRE LAVAL, AGENT IMMOBILIER STE-DOROTH\u00c9E","description":"","publisher":{"@id":"https:\/\/eryckveziau.com\/en\/#organization"},"potentialAction":[{"@type":"SearchAction","target":{"@type":"EntryPoint","urlTemplate":"https:\/\/eryckveziau.com\/en\/?s={search_term_string}"},"query-input":{"@type":"PropertyValueSpecification","valueRequired":true,"valueName":"search_term_string"}}],"inLanguage":"en-US"},{"@type":"Organization","@id":"https:\/\/eryckveziau.com\/en\/#organization","name":"Eryck V\u00e9ziau RE\/MAX","url":"https:\/\/eryckveziau.com\/en\/","logo":{"@type":"ImageObject","inLanguage":"en-US","@id":"https:\/\/eryckveziau.com\/en\/#\/schema\/logo\/image\/","url":"https:\/\/eryckveziau.com\/files\/2022\/09\/PartageEveziau.png","contentUrl":"https:\/\/eryckveziau.com\/files\/2022\/09\/PartageEveziau.png","width":924,"height":454,"caption":"Eryck V\u00e9ziau RE\/MAX"},"image":{"@id":"https:\/\/eryckveziau.com\/en\/#\/schema\/logo\/image\/"},"sameAs":["https:\/\/www.facebook.com\/EryckVeziau.courtier.immobilier.ReMax.Laval","https:\/\/www.instagram.com\/eryck_veziau_remax\/","https:\/\/www.linkedin.com\/in\/eryck-v\u00e9ziau-6a445134\/","https:\/\/www.youtube.com\/user\/eveziau"]},{"@type":"Person","@id":"","url":"https:\/\/eryckveziau.com\/en\/author\/"}]}},"_links":{"self":[{"href":"https:\/\/eryckveziau.com\/en\/wp-json\/wp\/v2\/posts\/2563","targetHints":{"allow":["GET"]}}],"collection":[{"href":"https:\/\/eryckveziau.com\/en\/wp-json\/wp\/v2\/posts"}],"about":[{"href":"https:\/\/eryckveziau.com\/en\/wp-json\/wp\/v2\/types\/post"}],"author":[{"embeddable":true,"href":"https:\/\/eryckveziau.com\/en\/wp-json\/wp\/v2\/users\/285"}],"replies":[{"embeddable":true,"href":"https:\/\/eryckveziau.com\/en\/wp-json\/wp\/v2\/comments?post=2563"}],"version-history":[{"count":1,"href":"https:\/\/eryckveziau.com\/en\/wp-json\/wp\/v2\/posts\/2563\/revisions"}],"predecessor-version":[{"id":2564,"href":"https:\/\/eryckveziau.com\/en\/wp-json\/wp\/v2\/posts\/2563\/revisions\/2564"}],"wp:attachment":[{"href":"https:\/\/eryckveziau.com\/en\/wp-json\/wp\/v2\/media?parent=2563"}],"wp:term":[{"taxonomy":"category","embeddable":true,"href":"https:\/\/eryckveziau.com\/en\/wp-json\/wp\/v2\/categories?post=2563"},{"taxonomy":"post_tag","embeddable":true,"href":"https:\/\/eryckveziau.com\/en\/wp-json\/wp\/v2\/tags?post=2563"}],"curies":[{"name":"wp","href":"https:\/\/api.w.org\/{rel}","templated":true}]}}