{"id":2561,"date":"2016-04-04T11:05:11","date_gmt":"2016-04-04T15:05:11","guid":{"rendered":"\/?p=2561"},"modified":"2016-04-04T11:05:37","modified_gmt":"2016-04-04T15:05:37","slug":"conseils-en-vue-du-renouvellement-de-son-pret-hypothecaire","status":"publish","type":"post","link":"https:\/\/eryckveziau.com\/en\/non-classe\/conseils-en-vue-du-renouvellement-de-son-pret-hypothecaire\/","title":{"rendered":"Conseils en vue du renouvellement de son pr\u00eat hypoth\u00e9caire"},"content":{"rendered":"<p>Pour beaucoup de Canadiens, renouveler son hypoth\u00e8que pourrait cette ann\u00e9e \u00eatre une occasion de r\u00e9aliser des \u00e9conomies appr\u00e9ciables ou de revoir leur budget.<\/p>\n<p>Selon Jean-Fran\u00e7ois Laurin, directeur r\u00e9gional, Est du Canada, TD Canada Trust, le printemps est la p\u00e9riode id\u00e9ale pour une bonne analyse de sa situation.<\/p>\n<p>\u00abBon nombre de Canadiens ayant sign\u00e9 leur convention de pr\u00eat hypoth\u00e9caire il y a trois ou cinq ans ont fort probablement vu \u00e9voluer leur situation financi\u00e8re et leur style de vie. Leur pr\u00eat hypoth\u00e9caire devrait \u00e9voluer aussi\u00bb, d\u00e9clar\u00e9 M. Laurent.<\/p>\n<p>Selon lui, la valeur nette d\u00e9gag\u00e9e par la prise de valeur de sa propri\u00e9t\u00e9 peut servir de levier pour r\u00e9aliser des r\u00e9novations sur sa propri\u00e9t\u00e9. Il suffit alors de r\u00e9hypoth\u00e9quer une partie de la valeur de la maison pour obtenir une liquidit\u00e9 pour faire des travaux, le tout en profitant de taux d\u2019int\u00e9r\u00eat tr\u00e8s bas.<\/p>\n","protected":false},"excerpt":{"rendered":"<p>Pour beaucoup de Canadiens, renouveler son hypoth\u00e8que pourrait cette ann\u00e9e \u00eatre une occasion de r\u00e9aliser des \u00e9conomies appr\u00e9ciables ou de revoir leur budget. Selon Jean-Fran\u00e7ois Laurin, directeur r\u00e9gional, Est du Canada, TD Canada Trust, le printemps est la p\u00e9riode id\u00e9ale pour une bonne analyse de sa situation. \u00abBon nombre de Canadiens ayant sign\u00e9 leur convention [&hellip;]<\/p>\n","protected":false},"author":285,"featured_media":0,"comment_status":"closed","ping_status":"closed","sticky":false,"template":"","format":"standard","meta":{"_acf_changed":false,"footnotes":""},"categories":[1],"tags":[],"class_list":["post-2561","post","type-post","status-publish","format-standard","hentry","category-non-classe"],"acf":[],"yoast_head":"<!-- This site is optimized with the Yoast SEO plugin v26.7 - https:\/\/yoast.com\/wordpress\/plugins\/seo\/ -->\n<title>Conseils en vue du renouvellement de son pr\u00eat hypoth\u00e9caire | ERYCK V\u00c9ZIAU, COURTIER IMMOBILIER LAVAL, COURTIER IMMOBILIER STE-DOROTH\u00c9E, MAISON \u00c0 VENDRE LAVAL, AGENT IMMOBILIER STE-DOROTH\u00c9E<\/title>\n<meta name=\"robots\" content=\"index, follow, max-snippet:-1, max-image-preview:large, max-video-preview:-1\" \/>\n<link rel=\"canonical\" href=\"http:\/\/eryckveziau.com\/non-classe\/conseils-en-vue-du-renouvellement-de-son-pret-hypothecaire\/\" \/>\n<meta property=\"og:locale\" content=\"en_US\" \/>\n<meta property=\"og:type\" content=\"article\" \/>\n<meta property=\"og:title\" content=\"Conseils en vue du renouvellement de son pr\u00eat hypoth\u00e9caire | ERYCK V\u00c9ZIAU, COURTIER IMMOBILIER LAVAL, COURTIER IMMOBILIER STE-DOROTH\u00c9E, MAISON \u00c0 VENDRE LAVAL, AGENT IMMOBILIER STE-DOROTH\u00c9E\" \/>\n<meta property=\"og:description\" content=\"Pour beaucoup de Canadiens, renouveler son hypoth\u00e8que pourrait cette ann\u00e9e \u00eatre une occasion de r\u00e9aliser des \u00e9conomies appr\u00e9ciables ou de revoir leur budget. Selon Jean-Fran\u00e7ois Laurin, directeur r\u00e9gional, Est du Canada, TD Canada Trust, le printemps est la p\u00e9riode id\u00e9ale pour une bonne analyse de sa situation. \u00abBon nombre de Canadiens ayant sign\u00e9 leur convention [&hellip;]\" \/>\n<meta property=\"og:url\" content=\"http:\/\/eryckveziau.com\/non-classe\/conseils-en-vue-du-renouvellement-de-son-pret-hypothecaire\/\" \/>\n<meta property=\"og:site_name\" content=\"ERYCK V\u00c9ZIAU, COURTIER IMMOBILIER LAVAL, COURTIER IMMOBILIER STE-DOROTH\u00c9E, MAISON \u00c0 VENDRE LAVAL, AGENT IMMOBILIER STE-DOROTH\u00c9E\" \/>\n<meta property=\"article:publisher\" content=\"https:\/\/www.facebook.com\/EryckVeziau.courtier.immobilier.ReMax.Laval\" \/>\n<meta property=\"article:published_time\" content=\"2016-04-04T15:05:11+00:00\" \/>\n<meta property=\"article:modified_time\" content=\"2016-04-04T15:05:37+00:00\" \/>\n<meta property=\"og:image\" content=\"https:\/\/eryckveziau.com\/files\/2022\/09\/PartageEveziau.png\" \/>\n\t<meta property=\"og:image:width\" content=\"924\" \/>\n\t<meta property=\"og:image:height\" content=\"454\" \/>\n\t<meta property=\"og:image:type\" content=\"image\/png\" \/>\n<meta name=\"twitter:card\" content=\"summary_large_image\" \/>\n<meta name=\"twitter:label1\" content=\"Written by\" \/>\n\t<meta name=\"twitter:data1\" content=\"\" \/>\n\t<meta name=\"twitter:label2\" content=\"Est. reading time\" \/>\n\t<meta name=\"twitter:data2\" content=\"1 minute\" \/>\n<script type=\"application\/ld+json\" class=\"yoast-schema-graph\">{\"@context\":\"https:\/\/schema.org\",\"@graph\":[{\"@type\":\"Article\",\"@id\":\"http:\/\/eryckveziau.com\/non-classe\/conseils-en-vue-du-renouvellement-de-son-pret-hypothecaire\/#article\",\"isPartOf\":{\"@id\":\"http:\/\/eryckveziau.com\/non-classe\/conseils-en-vue-du-renouvellement-de-son-pret-hypothecaire\/\"},\"author\":{\"name\":\"\",\"@id\":\"\"},\"headline\":\"Conseils en vue du renouvellement de son pr\u00eat hypoth\u00e9caire\",\"datePublished\":\"2016-04-04T15:05:11+00:00\",\"dateModified\":\"2016-04-04T15:05:37+00:00\",\"mainEntityOfPage\":{\"@id\":\"http:\/\/eryckveziau.com\/non-classe\/conseils-en-vue-du-renouvellement-de-son-pret-hypothecaire\/\"},\"wordCount\":179,\"publisher\":{\"@id\":\"https:\/\/eryckveziau.com\/en\/#organization\"},\"articleSection\":[\"Non class\u00e9\"],\"inLanguage\":\"en-US\"},{\"@type\":\"WebPage\",\"@id\":\"http:\/\/eryckveziau.com\/non-classe\/conseils-en-vue-du-renouvellement-de-son-pret-hypothecaire\/\",\"url\":\"http:\/\/eryckveziau.com\/non-classe\/conseils-en-vue-du-renouvellement-de-son-pret-hypothecaire\/\",\"name\":\"Conseils en vue du renouvellement de son pr\u00eat hypoth\u00e9caire | ERYCK V\u00c9ZIAU, COURTIER IMMOBILIER LAVAL, COURTIER IMMOBILIER STE-DOROTH\u00c9E, MAISON \u00c0 VENDRE LAVAL, AGENT IMMOBILIER STE-DOROTH\u00c9E\",\"isPartOf\":{\"@id\":\"https:\/\/eryckveziau.com\/en\/#website\"},\"datePublished\":\"2016-04-04T15:05:11+00:00\",\"dateModified\":\"2016-04-04T15:05:37+00:00\",\"breadcrumb\":{\"@id\":\"http:\/\/eryckveziau.com\/non-classe\/conseils-en-vue-du-renouvellement-de-son-pret-hypothecaire\/#breadcrumb\"},\"inLanguage\":\"en-US\",\"potentialAction\":[{\"@type\":\"ReadAction\",\"target\":[\"http:\/\/eryckveziau.com\/non-classe\/conseils-en-vue-du-renouvellement-de-son-pret-hypothecaire\/\"]}]},{\"@type\":\"BreadcrumbList\",\"@id\":\"http:\/\/eryckveziau.com\/non-classe\/conseils-en-vue-du-renouvellement-de-son-pret-hypothecaire\/#breadcrumb\",\"itemListElement\":[{\"@type\":\"ListItem\",\"position\":1,\"name\":\"Accueil\",\"item\":\"https:\/\/eryckveziau.com\/en\/\"},{\"@type\":\"ListItem\",\"position\":2,\"name\":\"Conseils en vue du renouvellement de son pr\u00eat hypoth\u00e9caire\"}]},{\"@type\":\"WebSite\",\"@id\":\"https:\/\/eryckveziau.com\/en\/#website\",\"url\":\"https:\/\/eryckveziau.com\/en\/\",\"name\":\"ERYCK V\u00c9ZIAU, COURTIER IMMOBILIER LAVAL, COURTIER IMMOBILIER STE-DOROTH\u00c9E, MAISON \u00c0 VENDRE LAVAL, AGENT IMMOBILIER STE-DOROTH\u00c9E\",\"description\":\"\",\"publisher\":{\"@id\":\"https:\/\/eryckveziau.com\/en\/#organization\"},\"potentialAction\":[{\"@type\":\"SearchAction\",\"target\":{\"@type\":\"EntryPoint\",\"urlTemplate\":\"https:\/\/eryckveziau.com\/en\/?s={search_term_string}\"},\"query-input\":{\"@type\":\"PropertyValueSpecification\",\"valueRequired\":true,\"valueName\":\"search_term_string\"}}],\"inLanguage\":\"en-US\"},{\"@type\":\"Organization\",\"@id\":\"https:\/\/eryckveziau.com\/en\/#organization\",\"name\":\"Eryck V\u00e9ziau RE\/MAX\",\"url\":\"https:\/\/eryckveziau.com\/en\/\",\"logo\":{\"@type\":\"ImageObject\",\"inLanguage\":\"en-US\",\"@id\":\"https:\/\/eryckveziau.com\/en\/#\/schema\/logo\/image\/\",\"url\":\"https:\/\/eryckveziau.com\/files\/2022\/09\/PartageEveziau.png\",\"contentUrl\":\"https:\/\/eryckveziau.com\/files\/2022\/09\/PartageEveziau.png\",\"width\":924,\"height\":454,\"caption\":\"Eryck V\u00e9ziau RE\/MAX\"},\"image\":{\"@id\":\"https:\/\/eryckveziau.com\/en\/#\/schema\/logo\/image\/\"},\"sameAs\":[\"https:\/\/www.facebook.com\/EryckVeziau.courtier.immobilier.ReMax.Laval\",\"https:\/\/www.instagram.com\/eryck_veziau_remax\/\",\"https:\/\/www.linkedin.com\/in\/eryck-v\u00e9ziau-6a445134\/\",\"https:\/\/www.youtube.com\/user\/eveziau\"]},{\"@type\":\"Person\",\"@id\":\"\",\"url\":\"https:\/\/eryckveziau.com\/en\/author\/\"}]}<\/script>\n<!-- \/ Yoast SEO plugin. -->","yoast_head_json":{"title":"Conseils en vue du renouvellement de son pr\u00eat hypoth\u00e9caire | ERYCK V\u00c9ZIAU, COURTIER IMMOBILIER LAVAL, COURTIER IMMOBILIER STE-DOROTH\u00c9E, MAISON \u00c0 VENDRE LAVAL, AGENT IMMOBILIER STE-DOROTH\u00c9E","robots":{"index":"index","follow":"follow","max-snippet":"max-snippet:-1","max-image-preview":"max-image-preview:large","max-video-preview":"max-video-preview:-1"},"canonical":"http:\/\/eryckveziau.com\/non-classe\/conseils-en-vue-du-renouvellement-de-son-pret-hypothecaire\/","og_locale":"en_US","og_type":"article","og_title":"Conseils en vue du renouvellement de son pr\u00eat hypoth\u00e9caire | ERYCK V\u00c9ZIAU, COURTIER IMMOBILIER LAVAL, COURTIER IMMOBILIER STE-DOROTH\u00c9E, MAISON \u00c0 VENDRE LAVAL, AGENT IMMOBILIER STE-DOROTH\u00c9E","og_description":"Pour beaucoup de Canadiens, renouveler son hypoth\u00e8que pourrait cette ann\u00e9e \u00eatre une occasion de r\u00e9aliser des \u00e9conomies appr\u00e9ciables ou de revoir leur budget. Selon Jean-Fran\u00e7ois Laurin, directeur r\u00e9gional, Est du Canada, TD Canada Trust, le printemps est la p\u00e9riode id\u00e9ale pour une bonne analyse de sa situation. \u00abBon nombre de Canadiens ayant sign\u00e9 leur convention [&hellip;]","og_url":"http:\/\/eryckveziau.com\/non-classe\/conseils-en-vue-du-renouvellement-de-son-pret-hypothecaire\/","og_site_name":"ERYCK V\u00c9ZIAU, COURTIER IMMOBILIER LAVAL, COURTIER IMMOBILIER STE-DOROTH\u00c9E, MAISON \u00c0 VENDRE LAVAL, AGENT IMMOBILIER STE-DOROTH\u00c9E","article_publisher":"https:\/\/www.facebook.com\/EryckVeziau.courtier.immobilier.ReMax.Laval","article_published_time":"2016-04-04T15:05:11+00:00","article_modified_time":"2016-04-04T15:05:37+00:00","og_image":[{"width":924,"height":454,"url":"https:\/\/eryckveziau.com\/files\/2022\/09\/PartageEveziau.png","type":"image\/png"}],"twitter_card":"summary_large_image","twitter_misc":{"Written by":"","Est. reading time":"1 minute"},"schema":{"@context":"https:\/\/schema.org","@graph":[{"@type":"Article","@id":"http:\/\/eryckveziau.com\/non-classe\/conseils-en-vue-du-renouvellement-de-son-pret-hypothecaire\/#article","isPartOf":{"@id":"http:\/\/eryckveziau.com\/non-classe\/conseils-en-vue-du-renouvellement-de-son-pret-hypothecaire\/"},"author":{"name":"","@id":""},"headline":"Conseils en vue du renouvellement de son pr\u00eat hypoth\u00e9caire","datePublished":"2016-04-04T15:05:11+00:00","dateModified":"2016-04-04T15:05:37+00:00","mainEntityOfPage":{"@id":"http:\/\/eryckveziau.com\/non-classe\/conseils-en-vue-du-renouvellement-de-son-pret-hypothecaire\/"},"wordCount":179,"publisher":{"@id":"https:\/\/eryckveziau.com\/en\/#organization"},"articleSection":["Non class\u00e9"],"inLanguage":"en-US"},{"@type":"WebPage","@id":"http:\/\/eryckveziau.com\/non-classe\/conseils-en-vue-du-renouvellement-de-son-pret-hypothecaire\/","url":"http:\/\/eryckveziau.com\/non-classe\/conseils-en-vue-du-renouvellement-de-son-pret-hypothecaire\/","name":"Conseils en vue du renouvellement de son pr\u00eat hypoth\u00e9caire | ERYCK V\u00c9ZIAU, COURTIER IMMOBILIER LAVAL, COURTIER IMMOBILIER STE-DOROTH\u00c9E, MAISON \u00c0 VENDRE LAVAL, AGENT IMMOBILIER STE-DOROTH\u00c9E","isPartOf":{"@id":"https:\/\/eryckveziau.com\/en\/#website"},"datePublished":"2016-04-04T15:05:11+00:00","dateModified":"2016-04-04T15:05:37+00:00","breadcrumb":{"@id":"http:\/\/eryckveziau.com\/non-classe\/conseils-en-vue-du-renouvellement-de-son-pret-hypothecaire\/#breadcrumb"},"inLanguage":"en-US","potentialAction":[{"@type":"ReadAction","target":["http:\/\/eryckveziau.com\/non-classe\/conseils-en-vue-du-renouvellement-de-son-pret-hypothecaire\/"]}]},{"@type":"BreadcrumbList","@id":"http:\/\/eryckveziau.com\/non-classe\/conseils-en-vue-du-renouvellement-de-son-pret-hypothecaire\/#breadcrumb","itemListElement":[{"@type":"ListItem","position":1,"name":"Accueil","item":"https:\/\/eryckveziau.com\/en\/"},{"@type":"ListItem","position":2,"name":"Conseils en vue du renouvellement de son pr\u00eat hypoth\u00e9caire"}]},{"@type":"WebSite","@id":"https:\/\/eryckveziau.com\/en\/#website","url":"https:\/\/eryckveziau.com\/en\/","name":"ERYCK V\u00c9ZIAU, COURTIER IMMOBILIER LAVAL, COURTIER IMMOBILIER STE-DOROTH\u00c9E, MAISON \u00c0 VENDRE LAVAL, AGENT IMMOBILIER STE-DOROTH\u00c9E","description":"","publisher":{"@id":"https:\/\/eryckveziau.com\/en\/#organization"},"potentialAction":[{"@type":"SearchAction","target":{"@type":"EntryPoint","urlTemplate":"https:\/\/eryckveziau.com\/en\/?s={search_term_string}"},"query-input":{"@type":"PropertyValueSpecification","valueRequired":true,"valueName":"search_term_string"}}],"inLanguage":"en-US"},{"@type":"Organization","@id":"https:\/\/eryckveziau.com\/en\/#organization","name":"Eryck V\u00e9ziau RE\/MAX","url":"https:\/\/eryckveziau.com\/en\/","logo":{"@type":"ImageObject","inLanguage":"en-US","@id":"https:\/\/eryckveziau.com\/en\/#\/schema\/logo\/image\/","url":"https:\/\/eryckveziau.com\/files\/2022\/09\/PartageEveziau.png","contentUrl":"https:\/\/eryckveziau.com\/files\/2022\/09\/PartageEveziau.png","width":924,"height":454,"caption":"Eryck V\u00e9ziau RE\/MAX"},"image":{"@id":"https:\/\/eryckveziau.com\/en\/#\/schema\/logo\/image\/"},"sameAs":["https:\/\/www.facebook.com\/EryckVeziau.courtier.immobilier.ReMax.Laval","https:\/\/www.instagram.com\/eryck_veziau_remax\/","https:\/\/www.linkedin.com\/in\/eryck-v\u00e9ziau-6a445134\/","https:\/\/www.youtube.com\/user\/eveziau"]},{"@type":"Person","@id":"","url":"https:\/\/eryckveziau.com\/en\/author\/"}]}},"_links":{"self":[{"href":"https:\/\/eryckveziau.com\/en\/wp-json\/wp\/v2\/posts\/2561","targetHints":{"allow":["GET"]}}],"collection":[{"href":"https:\/\/eryckveziau.com\/en\/wp-json\/wp\/v2\/posts"}],"about":[{"href":"https:\/\/eryckveziau.com\/en\/wp-json\/wp\/v2\/types\/post"}],"author":[{"embeddable":true,"href":"https:\/\/eryckveziau.com\/en\/wp-json\/wp\/v2\/users\/285"}],"replies":[{"embeddable":true,"href":"https:\/\/eryckveziau.com\/en\/wp-json\/wp\/v2\/comments?post=2561"}],"version-history":[{"count":1,"href":"https:\/\/eryckveziau.com\/en\/wp-json\/wp\/v2\/posts\/2561\/revisions"}],"predecessor-version":[{"id":2562,"href":"https:\/\/eryckveziau.com\/en\/wp-json\/wp\/v2\/posts\/2561\/revisions\/2562"}],"wp:attachment":[{"href":"https:\/\/eryckveziau.com\/en\/wp-json\/wp\/v2\/media?parent=2561"}],"wp:term":[{"taxonomy":"category","embeddable":true,"href":"https:\/\/eryckveziau.com\/en\/wp-json\/wp\/v2\/categories?post=2561"},{"taxonomy":"post_tag","embeddable":true,"href":"https:\/\/eryckveziau.com\/en\/wp-json\/wp\/v2\/tags?post=2561"}],"curies":[{"name":"wp","href":"https:\/\/api.w.org\/{rel}","templated":true}]}}