{"id":2557,"date":"2016-03-30T10:29:47","date_gmt":"2016-03-30T14:29:47","guid":{"rendered":"\/?p=2557"},"modified":"2016-03-30T10:29:47","modified_gmt":"2016-03-30T14:29:47","slug":"beau-temps-pour-acheter","status":"publish","type":"post","link":"https:\/\/eryckveziau.com\/en\/non-classe\/beau-temps-pour-acheter\/","title":{"rendered":"Beau temps pour acheter!"},"content":{"rendered":"<p>La\u2009beaut\u00e9 des vagues, Joanne Gagn\u00e9, courti\u00e8re immobili\u00e8re install\u00e9e \u00e0 Matane, ne se lasse pas d\u2019en vanter les charmes. C\u2019est cependant une vague d\u2019un autre genre qui retient son attention depuis plus de 15\u00a0ans. Celle des <em>baby-boomers<\/em> dans la cinquantaine qui, de la fin des ann\u00e9es 1990 jusqu\u2019au milieu des ann\u00e9es 2000, ont afflu\u00e9 sur le littoral, attir\u00e9s par l\u2019air marin et des r\u00e9sidences \u00e0 prix abordables. \u00abIls \u00e9taient tellement nombreux qu\u2019on n\u2019avait pas de quoi les satisfaire\u00bb, raconte la courti\u00e8re de Via Capitale. Ses clients achetaient une belle maison pour 50\u00a0000\u00a0dollars et y investissaient le double ou le triple en r\u00e9novations. \u00abLes gens du coin les ont regard\u00e9s mettre d\u2019immenses fen\u00eatres c\u00f4t\u00e9 mer en riant, se disant qu\u2019ils allaient geler l\u2019hiver!\u00bb<\/p>\n<p>Ces m\u00eames <em>baby-boomers<\/em>, aujourd\u2019hui sexag\u00e9naires ou septuag\u00e9naires, contactent maintenant Joanne Gagn\u00e9 pour mettre leur maison en vente \u2014 et pas parce qu\u2019ils ont froid. \u00abIls trouvent que leurs petits-enfants sont trop loin, ou ils ont des probl\u00e8mes de sant\u00e9. Apr\u00e8s l\u2019achat massif, c\u2019est la vente massive.\u00bb<\/p>\n<p>Les premiers <em>baby-boomers <\/em>soufflent cette ann\u00e9e leurs 70\u00a0bougies, un \u00e2ge o\u00f9 les habitudes de vie et la sant\u00e9 commencent dans bien des cas \u00e0 changer. Vu leur nombre, ce qu\u2019ils feront de leurs maisons aura des r\u00e9percussions importantes sur le march\u00e9 immobilier au cours des prochaines ann\u00e9es. Si ce qui se produit dans le Bas-Saint-Laurent se r\u00e9p\u00e8te \u00e0 l\u2019\u00e9chelle du Qu\u00e9bec, y aura-t-il quelqu\u2019un pour acheter des r\u00e9sidences loin des grands centres?<\/p>\n","protected":false},"excerpt":{"rendered":"<p>La\u2009beaut\u00e9 des vagues, Joanne Gagn\u00e9, courti\u00e8re immobili\u00e8re install\u00e9e \u00e0 Matane, ne se lasse pas d\u2019en vanter les charmes. C\u2019est cependant une vague d\u2019un autre genre qui retient son attention depuis plus de 15\u00a0ans. Celle des baby-boomers dans la cinquantaine qui, de la fin des ann\u00e9es 1990 jusqu\u2019au milieu des ann\u00e9es 2000, ont afflu\u00e9 sur le [&hellip;]<\/p>\n","protected":false},"author":285,"featured_media":0,"comment_status":"closed","ping_status":"closed","sticky":false,"template":"","format":"standard","meta":{"_acf_changed":false,"footnotes":""},"categories":[1],"tags":[],"class_list":["post-2557","post","type-post","status-publish","format-standard","hentry","category-non-classe"],"acf":[],"yoast_head":"<!-- This site is optimized with the Yoast SEO plugin v26.7 - https:\/\/yoast.com\/wordpress\/plugins\/seo\/ -->\n<title>Beau temps pour acheter! | ERYCK V\u00c9ZIAU, COURTIER IMMOBILIER LAVAL, COURTIER IMMOBILIER STE-DOROTH\u00c9E, MAISON \u00c0 VENDRE LAVAL, AGENT IMMOBILIER STE-DOROTH\u00c9E<\/title>\n<meta name=\"robots\" content=\"index, follow, max-snippet:-1, max-image-preview:large, max-video-preview:-1\" \/>\n<link rel=\"canonical\" href=\"http:\/\/eryckveziau.com\/non-classe\/beau-temps-pour-acheter\/\" \/>\n<meta property=\"og:locale\" content=\"en_US\" \/>\n<meta property=\"og:type\" content=\"article\" \/>\n<meta property=\"og:title\" content=\"Beau temps pour acheter! | ERYCK V\u00c9ZIAU, COURTIER IMMOBILIER LAVAL, COURTIER IMMOBILIER STE-DOROTH\u00c9E, MAISON \u00c0 VENDRE LAVAL, AGENT IMMOBILIER STE-DOROTH\u00c9E\" \/>\n<meta property=\"og:description\" content=\"La\u2009beaut\u00e9 des vagues, Joanne Gagn\u00e9, courti\u00e8re immobili\u00e8re install\u00e9e \u00e0 Matane, ne se lasse pas d\u2019en vanter les charmes. C\u2019est cependant une vague d\u2019un autre genre qui retient son attention depuis plus de 15\u00a0ans. Celle des baby-boomers dans la cinquantaine qui, de la fin des ann\u00e9es 1990 jusqu\u2019au milieu des ann\u00e9es 2000, ont afflu\u00e9 sur le [&hellip;]\" \/>\n<meta property=\"og:url\" content=\"http:\/\/eryckveziau.com\/non-classe\/beau-temps-pour-acheter\/\" \/>\n<meta property=\"og:site_name\" content=\"ERYCK V\u00c9ZIAU, COURTIER IMMOBILIER LAVAL, COURTIER IMMOBILIER STE-DOROTH\u00c9E, MAISON \u00c0 VENDRE LAVAL, AGENT IMMOBILIER STE-DOROTH\u00c9E\" \/>\n<meta property=\"article:publisher\" content=\"https:\/\/www.facebook.com\/EryckVeziau.courtier.immobilier.ReMax.Laval\" \/>\n<meta property=\"article:published_time\" content=\"2016-03-30T14:29:47+00:00\" \/>\n<meta property=\"og:image\" content=\"https:\/\/eryckveziau.com\/files\/2022\/09\/PartageEveziau.png\" \/>\n\t<meta property=\"og:image:width\" content=\"924\" \/>\n\t<meta property=\"og:image:height\" content=\"454\" \/>\n\t<meta property=\"og:image:type\" content=\"image\/png\" \/>\n<meta name=\"twitter:card\" content=\"summary_large_image\" \/>\n<meta name=\"twitter:label1\" content=\"Written by\" \/>\n\t<meta name=\"twitter:data1\" content=\"\" \/>\n\t<meta name=\"twitter:label2\" content=\"Est. reading time\" \/>\n\t<meta name=\"twitter:data2\" content=\"1 minute\" \/>\n<script type=\"application\/ld+json\" class=\"yoast-schema-graph\">{\"@context\":\"https:\/\/schema.org\",\"@graph\":[{\"@type\":\"Article\",\"@id\":\"http:\/\/eryckveziau.com\/non-classe\/beau-temps-pour-acheter\/#article\",\"isPartOf\":{\"@id\":\"http:\/\/eryckveziau.com\/non-classe\/beau-temps-pour-acheter\/\"},\"author\":{\"name\":\"\",\"@id\":\"\"},\"headline\":\"Beau temps pour acheter!\",\"datePublished\":\"2016-03-30T14:29:47+00:00\",\"mainEntityOfPage\":{\"@id\":\"http:\/\/eryckveziau.com\/non-classe\/beau-temps-pour-acheter\/\"},\"wordCount\":278,\"publisher\":{\"@id\":\"https:\/\/eryckveziau.com\/en\/#organization\"},\"articleSection\":[\"Non class\u00e9\"],\"inLanguage\":\"en-US\"},{\"@type\":\"WebPage\",\"@id\":\"http:\/\/eryckveziau.com\/non-classe\/beau-temps-pour-acheter\/\",\"url\":\"http:\/\/eryckveziau.com\/non-classe\/beau-temps-pour-acheter\/\",\"name\":\"Beau temps pour acheter! | ERYCK V\u00c9ZIAU, COURTIER IMMOBILIER LAVAL, COURTIER IMMOBILIER STE-DOROTH\u00c9E, MAISON \u00c0 VENDRE LAVAL, AGENT IMMOBILIER STE-DOROTH\u00c9E\",\"isPartOf\":{\"@id\":\"https:\/\/eryckveziau.com\/en\/#website\"},\"datePublished\":\"2016-03-30T14:29:47+00:00\",\"breadcrumb\":{\"@id\":\"http:\/\/eryckveziau.com\/non-classe\/beau-temps-pour-acheter\/#breadcrumb\"},\"inLanguage\":\"en-US\",\"potentialAction\":[{\"@type\":\"ReadAction\",\"target\":[\"http:\/\/eryckveziau.com\/non-classe\/beau-temps-pour-acheter\/\"]}]},{\"@type\":\"BreadcrumbList\",\"@id\":\"http:\/\/eryckveziau.com\/non-classe\/beau-temps-pour-acheter\/#breadcrumb\",\"itemListElement\":[{\"@type\":\"ListItem\",\"position\":1,\"name\":\"Accueil\",\"item\":\"https:\/\/eryckveziau.com\/en\/\"},{\"@type\":\"ListItem\",\"position\":2,\"name\":\"Beau temps pour acheter!\"}]},{\"@type\":\"WebSite\",\"@id\":\"https:\/\/eryckveziau.com\/en\/#website\",\"url\":\"https:\/\/eryckveziau.com\/en\/\",\"name\":\"ERYCK V\u00c9ZIAU, COURTIER IMMOBILIER LAVAL, COURTIER IMMOBILIER STE-DOROTH\u00c9E, MAISON \u00c0 VENDRE LAVAL, AGENT IMMOBILIER STE-DOROTH\u00c9E\",\"description\":\"\",\"publisher\":{\"@id\":\"https:\/\/eryckveziau.com\/en\/#organization\"},\"potentialAction\":[{\"@type\":\"SearchAction\",\"target\":{\"@type\":\"EntryPoint\",\"urlTemplate\":\"https:\/\/eryckveziau.com\/en\/?s={search_term_string}\"},\"query-input\":{\"@type\":\"PropertyValueSpecification\",\"valueRequired\":true,\"valueName\":\"search_term_string\"}}],\"inLanguage\":\"en-US\"},{\"@type\":\"Organization\",\"@id\":\"https:\/\/eryckveziau.com\/en\/#organization\",\"name\":\"Eryck V\u00e9ziau RE\/MAX\",\"url\":\"https:\/\/eryckveziau.com\/en\/\",\"logo\":{\"@type\":\"ImageObject\",\"inLanguage\":\"en-US\",\"@id\":\"https:\/\/eryckveziau.com\/en\/#\/schema\/logo\/image\/\",\"url\":\"https:\/\/eryckveziau.com\/files\/2022\/09\/PartageEveziau.png\",\"contentUrl\":\"https:\/\/eryckveziau.com\/files\/2022\/09\/PartageEveziau.png\",\"width\":924,\"height\":454,\"caption\":\"Eryck V\u00e9ziau RE\/MAX\"},\"image\":{\"@id\":\"https:\/\/eryckveziau.com\/en\/#\/schema\/logo\/image\/\"},\"sameAs\":[\"https:\/\/www.facebook.com\/EryckVeziau.courtier.immobilier.ReMax.Laval\",\"https:\/\/www.instagram.com\/eryck_veziau_remax\/\",\"https:\/\/www.linkedin.com\/in\/eryck-v\u00e9ziau-6a445134\/\",\"https:\/\/www.youtube.com\/user\/eveziau\"]},{\"@type\":\"Person\",\"@id\":\"\",\"url\":\"https:\/\/eryckveziau.com\/en\/author\/\"}]}<\/script>\n<!-- \/ Yoast SEO plugin. -->","yoast_head_json":{"title":"Beau temps pour acheter! | ERYCK V\u00c9ZIAU, COURTIER IMMOBILIER LAVAL, COURTIER IMMOBILIER STE-DOROTH\u00c9E, MAISON \u00c0 VENDRE LAVAL, AGENT IMMOBILIER STE-DOROTH\u00c9E","robots":{"index":"index","follow":"follow","max-snippet":"max-snippet:-1","max-image-preview":"max-image-preview:large","max-video-preview":"max-video-preview:-1"},"canonical":"http:\/\/eryckveziau.com\/non-classe\/beau-temps-pour-acheter\/","og_locale":"en_US","og_type":"article","og_title":"Beau temps pour acheter! | ERYCK V\u00c9ZIAU, COURTIER IMMOBILIER LAVAL, COURTIER IMMOBILIER STE-DOROTH\u00c9E, MAISON \u00c0 VENDRE LAVAL, AGENT IMMOBILIER STE-DOROTH\u00c9E","og_description":"La\u2009beaut\u00e9 des vagues, Joanne Gagn\u00e9, courti\u00e8re immobili\u00e8re install\u00e9e \u00e0 Matane, ne se lasse pas d\u2019en vanter les charmes. C\u2019est cependant une vague d\u2019un autre genre qui retient son attention depuis plus de 15\u00a0ans. Celle des baby-boomers dans la cinquantaine qui, de la fin des ann\u00e9es 1990 jusqu\u2019au milieu des ann\u00e9es 2000, ont afflu\u00e9 sur le [&hellip;]","og_url":"http:\/\/eryckveziau.com\/non-classe\/beau-temps-pour-acheter\/","og_site_name":"ERYCK V\u00c9ZIAU, COURTIER IMMOBILIER LAVAL, COURTIER IMMOBILIER STE-DOROTH\u00c9E, MAISON \u00c0 VENDRE LAVAL, AGENT IMMOBILIER STE-DOROTH\u00c9E","article_publisher":"https:\/\/www.facebook.com\/EryckVeziau.courtier.immobilier.ReMax.Laval","article_published_time":"2016-03-30T14:29:47+00:00","og_image":[{"width":924,"height":454,"url":"https:\/\/eryckveziau.com\/files\/2022\/09\/PartageEveziau.png","type":"image\/png"}],"twitter_card":"summary_large_image","twitter_misc":{"Written by":"","Est. reading time":"1 minute"},"schema":{"@context":"https:\/\/schema.org","@graph":[{"@type":"Article","@id":"http:\/\/eryckveziau.com\/non-classe\/beau-temps-pour-acheter\/#article","isPartOf":{"@id":"http:\/\/eryckveziau.com\/non-classe\/beau-temps-pour-acheter\/"},"author":{"name":"","@id":""},"headline":"Beau temps pour acheter!","datePublished":"2016-03-30T14:29:47+00:00","mainEntityOfPage":{"@id":"http:\/\/eryckveziau.com\/non-classe\/beau-temps-pour-acheter\/"},"wordCount":278,"publisher":{"@id":"https:\/\/eryckveziau.com\/en\/#organization"},"articleSection":["Non class\u00e9"],"inLanguage":"en-US"},{"@type":"WebPage","@id":"http:\/\/eryckveziau.com\/non-classe\/beau-temps-pour-acheter\/","url":"http:\/\/eryckveziau.com\/non-classe\/beau-temps-pour-acheter\/","name":"Beau temps pour acheter! | ERYCK V\u00c9ZIAU, COURTIER IMMOBILIER LAVAL, COURTIER IMMOBILIER STE-DOROTH\u00c9E, MAISON \u00c0 VENDRE LAVAL, AGENT IMMOBILIER STE-DOROTH\u00c9E","isPartOf":{"@id":"https:\/\/eryckveziau.com\/en\/#website"},"datePublished":"2016-03-30T14:29:47+00:00","breadcrumb":{"@id":"http:\/\/eryckveziau.com\/non-classe\/beau-temps-pour-acheter\/#breadcrumb"},"inLanguage":"en-US","potentialAction":[{"@type":"ReadAction","target":["http:\/\/eryckveziau.com\/non-classe\/beau-temps-pour-acheter\/"]}]},{"@type":"BreadcrumbList","@id":"http:\/\/eryckveziau.com\/non-classe\/beau-temps-pour-acheter\/#breadcrumb","itemListElement":[{"@type":"ListItem","position":1,"name":"Accueil","item":"https:\/\/eryckveziau.com\/en\/"},{"@type":"ListItem","position":2,"name":"Beau temps pour acheter!"}]},{"@type":"WebSite","@id":"https:\/\/eryckveziau.com\/en\/#website","url":"https:\/\/eryckveziau.com\/en\/","name":"ERYCK V\u00c9ZIAU, COURTIER IMMOBILIER LAVAL, COURTIER IMMOBILIER STE-DOROTH\u00c9E, MAISON \u00c0 VENDRE LAVAL, AGENT IMMOBILIER STE-DOROTH\u00c9E","description":"","publisher":{"@id":"https:\/\/eryckveziau.com\/en\/#organization"},"potentialAction":[{"@type":"SearchAction","target":{"@type":"EntryPoint","urlTemplate":"https:\/\/eryckveziau.com\/en\/?s={search_term_string}"},"query-input":{"@type":"PropertyValueSpecification","valueRequired":true,"valueName":"search_term_string"}}],"inLanguage":"en-US"},{"@type":"Organization","@id":"https:\/\/eryckveziau.com\/en\/#organization","name":"Eryck V\u00e9ziau RE\/MAX","url":"https:\/\/eryckveziau.com\/en\/","logo":{"@type":"ImageObject","inLanguage":"en-US","@id":"https:\/\/eryckveziau.com\/en\/#\/schema\/logo\/image\/","url":"https:\/\/eryckveziau.com\/files\/2022\/09\/PartageEveziau.png","contentUrl":"https:\/\/eryckveziau.com\/files\/2022\/09\/PartageEveziau.png","width":924,"height":454,"caption":"Eryck V\u00e9ziau RE\/MAX"},"image":{"@id":"https:\/\/eryckveziau.com\/en\/#\/schema\/logo\/image\/"},"sameAs":["https:\/\/www.facebook.com\/EryckVeziau.courtier.immobilier.ReMax.Laval","https:\/\/www.instagram.com\/eryck_veziau_remax\/","https:\/\/www.linkedin.com\/in\/eryck-v\u00e9ziau-6a445134\/","https:\/\/www.youtube.com\/user\/eveziau"]},{"@type":"Person","@id":"","url":"https:\/\/eryckveziau.com\/en\/author\/"}]}},"_links":{"self":[{"href":"https:\/\/eryckveziau.com\/en\/wp-json\/wp\/v2\/posts\/2557","targetHints":{"allow":["GET"]}}],"collection":[{"href":"https:\/\/eryckveziau.com\/en\/wp-json\/wp\/v2\/posts"}],"about":[{"href":"https:\/\/eryckveziau.com\/en\/wp-json\/wp\/v2\/types\/post"}],"author":[{"embeddable":true,"href":"https:\/\/eryckveziau.com\/en\/wp-json\/wp\/v2\/users\/285"}],"replies":[{"embeddable":true,"href":"https:\/\/eryckveziau.com\/en\/wp-json\/wp\/v2\/comments?post=2557"}],"version-history":[{"count":1,"href":"https:\/\/eryckveziau.com\/en\/wp-json\/wp\/v2\/posts\/2557\/revisions"}],"predecessor-version":[{"id":2558,"href":"https:\/\/eryckveziau.com\/en\/wp-json\/wp\/v2\/posts\/2557\/revisions\/2558"}],"wp:attachment":[{"href":"https:\/\/eryckveziau.com\/en\/wp-json\/wp\/v2\/media?parent=2557"}],"wp:term":[{"taxonomy":"category","embeddable":true,"href":"https:\/\/eryckveziau.com\/en\/wp-json\/wp\/v2\/categories?post=2557"},{"taxonomy":"post_tag","embeddable":true,"href":"https:\/\/eryckveziau.com\/en\/wp-json\/wp\/v2\/tags?post=2557"}],"curies":[{"name":"wp","href":"https:\/\/api.w.org\/{rel}","templated":true}]}}