{"id":2550,"date":"2016-03-24T09:22:59","date_gmt":"2016-03-24T13:22:59","guid":{"rendered":"\/?p=2550"},"modified":"2016-03-24T09:22:59","modified_gmt":"2016-03-24T13:22:59","slug":"ottawa-investira-pour-les-victimes-de-la-pyrrhotite","status":"publish","type":"post","link":"https:\/\/eryckveziau.com\/en\/non-classe\/ottawa-investira-pour-les-victimes-de-la-pyrrhotite\/","title":{"rendered":"Ottawa investira pour les victimes de la pyrrhotite"},"content":{"rendered":"<p>Pour la premi\u00e8re fois depuis le d\u00e9but de la crise de la pyrrhotite il y a 10 ans \u00e0 Trois-Rivi\u00e8res, le gouvernement du Canada accepte de d\u00e9bloquer un fonds pour aider les victimes \u00e0 r\u00e9parer leurs maisons: Ottawa investira 30 millions $ r\u00e9partis sur les trois prochaines ann\u00e9es.<\/p>\n<p>Cette aide financi\u00e8re, \u00c9ric Baril et sa famille l&#8217;esp\u00e8rent depuis la construction de leur maison en 2005. Plus les ann\u00e9es passent et plus les dommages aux fondations sont importants.<\/p>\n<p>\u00abPour nous, c\u2019est le levier qu\u2019on avait besoin pour passer \u00e0 l\u2019\u00e9tape suivante de notre vie et laisser la pyrrhotite derri\u00e8re. Ce 100 000 $, je ne l\u2019ai pas et la banque n\u2019allait certainement pas accepter de me le pr\u00eater\u00bb, a dit M. Baril.<\/p>\n<p>Tellement que les Baril songent \u00e0 condamner la chambre du sous-sol et regrouper toute la famille au rez-de-chauss\u00e9e.<\/p>\n","protected":false},"excerpt":{"rendered":"<p>Pour la premi\u00e8re fois depuis le d\u00e9but de la crise de la pyrrhotite il y a 10 ans \u00e0 Trois-Rivi\u00e8res, le gouvernement du Canada accepte de d\u00e9bloquer un fonds pour aider les victimes \u00e0 r\u00e9parer leurs maisons: Ottawa investira 30 millions $ r\u00e9partis sur les trois prochaines ann\u00e9es. Cette aide financi\u00e8re, \u00c9ric Baril et sa [&hellip;]<\/p>\n","protected":false},"author":285,"featured_media":0,"comment_status":"closed","ping_status":"closed","sticky":false,"template":"","format":"standard","meta":{"_acf_changed":false,"footnotes":""},"categories":[1],"tags":[],"class_list":["post-2550","post","type-post","status-publish","format-standard","hentry","category-non-classe"],"acf":[],"yoast_head":"<!-- This site is optimized with the Yoast SEO plugin v26.7 - https:\/\/yoast.com\/wordpress\/plugins\/seo\/ -->\n<title>Ottawa investira pour les victimes de la pyrrhotite | ERYCK V\u00c9ZIAU, COURTIER IMMOBILIER LAVAL, COURTIER IMMOBILIER STE-DOROTH\u00c9E, MAISON \u00c0 VENDRE LAVAL, AGENT IMMOBILIER STE-DOROTH\u00c9E<\/title>\n<meta name=\"robots\" content=\"index, follow, max-snippet:-1, max-image-preview:large, max-video-preview:-1\" \/>\n<link rel=\"canonical\" href=\"https:\/\/eryckveziau.com\/non-classe\/ottawa-investira-pour-les-victimes-de-la-pyrrhotite\/\" \/>\n<meta property=\"og:locale\" content=\"en_US\" \/>\n<meta property=\"og:type\" content=\"article\" \/>\n<meta property=\"og:title\" content=\"Ottawa investira pour les victimes de la pyrrhotite | ERYCK V\u00c9ZIAU, COURTIER IMMOBILIER LAVAL, COURTIER IMMOBILIER STE-DOROTH\u00c9E, MAISON \u00c0 VENDRE LAVAL, AGENT IMMOBILIER STE-DOROTH\u00c9E\" \/>\n<meta property=\"og:description\" content=\"Pour la premi\u00e8re fois depuis le d\u00e9but de la crise de la pyrrhotite il y a 10 ans \u00e0 Trois-Rivi\u00e8res, le gouvernement du Canada accepte de d\u00e9bloquer un fonds pour aider les victimes \u00e0 r\u00e9parer leurs maisons: Ottawa investira 30 millions $ r\u00e9partis sur les trois prochaines ann\u00e9es. Cette aide financi\u00e8re, \u00c9ric Baril et sa [&hellip;]\" \/>\n<meta property=\"og:url\" content=\"https:\/\/eryckveziau.com\/non-classe\/ottawa-investira-pour-les-victimes-de-la-pyrrhotite\/\" \/>\n<meta property=\"og:site_name\" content=\"ERYCK V\u00c9ZIAU, COURTIER IMMOBILIER LAVAL, COURTIER IMMOBILIER STE-DOROTH\u00c9E, MAISON \u00c0 VENDRE LAVAL, AGENT IMMOBILIER STE-DOROTH\u00c9E\" \/>\n<meta property=\"article:publisher\" content=\"https:\/\/www.facebook.com\/EryckVeziau.courtier.immobilier.ReMax.Laval\" \/>\n<meta property=\"article:published_time\" content=\"2016-03-24T13:22:59+00:00\" \/>\n<meta property=\"og:image\" content=\"https:\/\/eryckveziau.com\/files\/2022\/09\/PartageEveziau.png\" \/>\n\t<meta property=\"og:image:width\" content=\"924\" \/>\n\t<meta property=\"og:image:height\" content=\"454\" \/>\n\t<meta property=\"og:image:type\" content=\"image\/png\" \/>\n<meta name=\"twitter:card\" content=\"summary_large_image\" \/>\n<meta name=\"twitter:label1\" content=\"Written by\" \/>\n\t<meta name=\"twitter:data1\" content=\"\" \/>\n\t<meta name=\"twitter:label2\" content=\"Est. reading time\" \/>\n\t<meta name=\"twitter:data2\" content=\"1 minute\" \/>\n<script type=\"application\/ld+json\" class=\"yoast-schema-graph\">{\"@context\":\"https:\/\/schema.org\",\"@graph\":[{\"@type\":\"Article\",\"@id\":\"https:\/\/eryckveziau.com\/non-classe\/ottawa-investira-pour-les-victimes-de-la-pyrrhotite\/#article\",\"isPartOf\":{\"@id\":\"https:\/\/eryckveziau.com\/non-classe\/ottawa-investira-pour-les-victimes-de-la-pyrrhotite\/\"},\"author\":{\"name\":\"\",\"@id\":\"\"},\"headline\":\"Ottawa investira pour les victimes de la pyrrhotite\",\"datePublished\":\"2016-03-24T13:22:59+00:00\",\"mainEntityOfPage\":{\"@id\":\"https:\/\/eryckveziau.com\/non-classe\/ottawa-investira-pour-les-victimes-de-la-pyrrhotite\/\"},\"wordCount\":155,\"publisher\":{\"@id\":\"https:\/\/eryckveziau.com\/en\/#organization\"},\"articleSection\":[\"Non class\u00e9\"],\"inLanguage\":\"en-US\"},{\"@type\":\"WebPage\",\"@id\":\"https:\/\/eryckveziau.com\/non-classe\/ottawa-investira-pour-les-victimes-de-la-pyrrhotite\/\",\"url\":\"https:\/\/eryckveziau.com\/non-classe\/ottawa-investira-pour-les-victimes-de-la-pyrrhotite\/\",\"name\":\"Ottawa investira pour les victimes de la pyrrhotite | ERYCK V\u00c9ZIAU, COURTIER IMMOBILIER LAVAL, COURTIER IMMOBILIER STE-DOROTH\u00c9E, MAISON \u00c0 VENDRE LAVAL, AGENT IMMOBILIER STE-DOROTH\u00c9E\",\"isPartOf\":{\"@id\":\"https:\/\/eryckveziau.com\/en\/#website\"},\"datePublished\":\"2016-03-24T13:22:59+00:00\",\"breadcrumb\":{\"@id\":\"https:\/\/eryckveziau.com\/non-classe\/ottawa-investira-pour-les-victimes-de-la-pyrrhotite\/#breadcrumb\"},\"inLanguage\":\"en-US\",\"potentialAction\":[{\"@type\":\"ReadAction\",\"target\":[\"https:\/\/eryckveziau.com\/non-classe\/ottawa-investira-pour-les-victimes-de-la-pyrrhotite\/\"]}]},{\"@type\":\"BreadcrumbList\",\"@id\":\"https:\/\/eryckveziau.com\/non-classe\/ottawa-investira-pour-les-victimes-de-la-pyrrhotite\/#breadcrumb\",\"itemListElement\":[{\"@type\":\"ListItem\",\"position\":1,\"name\":\"Accueil\",\"item\":\"https:\/\/eryckveziau.com\/en\/\"},{\"@type\":\"ListItem\",\"position\":2,\"name\":\"Ottawa investira pour les victimes de la pyrrhotite\"}]},{\"@type\":\"WebSite\",\"@id\":\"https:\/\/eryckveziau.com\/en\/#website\",\"url\":\"https:\/\/eryckveziau.com\/en\/\",\"name\":\"ERYCK V\u00c9ZIAU, COURTIER IMMOBILIER LAVAL, COURTIER IMMOBILIER STE-DOROTH\u00c9E, MAISON \u00c0 VENDRE LAVAL, AGENT IMMOBILIER STE-DOROTH\u00c9E\",\"description\":\"\",\"publisher\":{\"@id\":\"https:\/\/eryckveziau.com\/en\/#organization\"},\"potentialAction\":[{\"@type\":\"SearchAction\",\"target\":{\"@type\":\"EntryPoint\",\"urlTemplate\":\"https:\/\/eryckveziau.com\/en\/?s={search_term_string}\"},\"query-input\":{\"@type\":\"PropertyValueSpecification\",\"valueRequired\":true,\"valueName\":\"search_term_string\"}}],\"inLanguage\":\"en-US\"},{\"@type\":\"Organization\",\"@id\":\"https:\/\/eryckveziau.com\/en\/#organization\",\"name\":\"Eryck V\u00e9ziau RE\/MAX\",\"url\":\"https:\/\/eryckveziau.com\/en\/\",\"logo\":{\"@type\":\"ImageObject\",\"inLanguage\":\"en-US\",\"@id\":\"https:\/\/eryckveziau.com\/en\/#\/schema\/logo\/image\/\",\"url\":\"https:\/\/eryckveziau.com\/files\/2022\/09\/PartageEveziau.png\",\"contentUrl\":\"https:\/\/eryckveziau.com\/files\/2022\/09\/PartageEveziau.png\",\"width\":924,\"height\":454,\"caption\":\"Eryck V\u00e9ziau RE\/MAX\"},\"image\":{\"@id\":\"https:\/\/eryckveziau.com\/en\/#\/schema\/logo\/image\/\"},\"sameAs\":[\"https:\/\/www.facebook.com\/EryckVeziau.courtier.immobilier.ReMax.Laval\",\"https:\/\/www.instagram.com\/eryck_veziau_remax\/\",\"https:\/\/www.linkedin.com\/in\/eryck-v\u00e9ziau-6a445134\/\",\"https:\/\/www.youtube.com\/user\/eveziau\"]},{\"@type\":\"Person\",\"@id\":\"\",\"url\":\"https:\/\/eryckveziau.com\/en\/author\/\"}]}<\/script>\n<!-- \/ Yoast SEO plugin. -->","yoast_head_json":{"title":"Ottawa investira pour les victimes de la pyrrhotite | ERYCK V\u00c9ZIAU, COURTIER IMMOBILIER LAVAL, COURTIER IMMOBILIER STE-DOROTH\u00c9E, MAISON \u00c0 VENDRE LAVAL, AGENT IMMOBILIER STE-DOROTH\u00c9E","robots":{"index":"index","follow":"follow","max-snippet":"max-snippet:-1","max-image-preview":"max-image-preview:large","max-video-preview":"max-video-preview:-1"},"canonical":"https:\/\/eryckveziau.com\/non-classe\/ottawa-investira-pour-les-victimes-de-la-pyrrhotite\/","og_locale":"en_US","og_type":"article","og_title":"Ottawa investira pour les victimes de la pyrrhotite | ERYCK V\u00c9ZIAU, COURTIER IMMOBILIER LAVAL, COURTIER IMMOBILIER STE-DOROTH\u00c9E, MAISON \u00c0 VENDRE LAVAL, AGENT IMMOBILIER STE-DOROTH\u00c9E","og_description":"Pour la premi\u00e8re fois depuis le d\u00e9but de la crise de la pyrrhotite il y a 10 ans \u00e0 Trois-Rivi\u00e8res, le gouvernement du Canada accepte de d\u00e9bloquer un fonds pour aider les victimes \u00e0 r\u00e9parer leurs maisons: Ottawa investira 30 millions $ r\u00e9partis sur les trois prochaines ann\u00e9es. Cette aide financi\u00e8re, \u00c9ric Baril et sa [&hellip;]","og_url":"https:\/\/eryckveziau.com\/non-classe\/ottawa-investira-pour-les-victimes-de-la-pyrrhotite\/","og_site_name":"ERYCK V\u00c9ZIAU, COURTIER IMMOBILIER LAVAL, COURTIER IMMOBILIER STE-DOROTH\u00c9E, MAISON \u00c0 VENDRE LAVAL, AGENT IMMOBILIER STE-DOROTH\u00c9E","article_publisher":"https:\/\/www.facebook.com\/EryckVeziau.courtier.immobilier.ReMax.Laval","article_published_time":"2016-03-24T13:22:59+00:00","og_image":[{"width":924,"height":454,"url":"https:\/\/eryckveziau.com\/files\/2022\/09\/PartageEveziau.png","type":"image\/png"}],"twitter_card":"summary_large_image","twitter_misc":{"Written by":"","Est. reading time":"1 minute"},"schema":{"@context":"https:\/\/schema.org","@graph":[{"@type":"Article","@id":"https:\/\/eryckveziau.com\/non-classe\/ottawa-investira-pour-les-victimes-de-la-pyrrhotite\/#article","isPartOf":{"@id":"https:\/\/eryckveziau.com\/non-classe\/ottawa-investira-pour-les-victimes-de-la-pyrrhotite\/"},"author":{"name":"","@id":""},"headline":"Ottawa investira pour les victimes de la pyrrhotite","datePublished":"2016-03-24T13:22:59+00:00","mainEntityOfPage":{"@id":"https:\/\/eryckveziau.com\/non-classe\/ottawa-investira-pour-les-victimes-de-la-pyrrhotite\/"},"wordCount":155,"publisher":{"@id":"https:\/\/eryckveziau.com\/en\/#organization"},"articleSection":["Non class\u00e9"],"inLanguage":"en-US"},{"@type":"WebPage","@id":"https:\/\/eryckveziau.com\/non-classe\/ottawa-investira-pour-les-victimes-de-la-pyrrhotite\/","url":"https:\/\/eryckveziau.com\/non-classe\/ottawa-investira-pour-les-victimes-de-la-pyrrhotite\/","name":"Ottawa investira pour les victimes de la pyrrhotite | ERYCK V\u00c9ZIAU, COURTIER IMMOBILIER LAVAL, COURTIER IMMOBILIER STE-DOROTH\u00c9E, MAISON \u00c0 VENDRE LAVAL, AGENT IMMOBILIER STE-DOROTH\u00c9E","isPartOf":{"@id":"https:\/\/eryckveziau.com\/en\/#website"},"datePublished":"2016-03-24T13:22:59+00:00","breadcrumb":{"@id":"https:\/\/eryckveziau.com\/non-classe\/ottawa-investira-pour-les-victimes-de-la-pyrrhotite\/#breadcrumb"},"inLanguage":"en-US","potentialAction":[{"@type":"ReadAction","target":["https:\/\/eryckveziau.com\/non-classe\/ottawa-investira-pour-les-victimes-de-la-pyrrhotite\/"]}]},{"@type":"BreadcrumbList","@id":"https:\/\/eryckveziau.com\/non-classe\/ottawa-investira-pour-les-victimes-de-la-pyrrhotite\/#breadcrumb","itemListElement":[{"@type":"ListItem","position":1,"name":"Accueil","item":"https:\/\/eryckveziau.com\/en\/"},{"@type":"ListItem","position":2,"name":"Ottawa investira pour les victimes de la pyrrhotite"}]},{"@type":"WebSite","@id":"https:\/\/eryckveziau.com\/en\/#website","url":"https:\/\/eryckveziau.com\/en\/","name":"ERYCK V\u00c9ZIAU, COURTIER IMMOBILIER LAVAL, COURTIER IMMOBILIER STE-DOROTH\u00c9E, MAISON \u00c0 VENDRE LAVAL, AGENT IMMOBILIER STE-DOROTH\u00c9E","description":"","publisher":{"@id":"https:\/\/eryckveziau.com\/en\/#organization"},"potentialAction":[{"@type":"SearchAction","target":{"@type":"EntryPoint","urlTemplate":"https:\/\/eryckveziau.com\/en\/?s={search_term_string}"},"query-input":{"@type":"PropertyValueSpecification","valueRequired":true,"valueName":"search_term_string"}}],"inLanguage":"en-US"},{"@type":"Organization","@id":"https:\/\/eryckveziau.com\/en\/#organization","name":"Eryck V\u00e9ziau RE\/MAX","url":"https:\/\/eryckveziau.com\/en\/","logo":{"@type":"ImageObject","inLanguage":"en-US","@id":"https:\/\/eryckveziau.com\/en\/#\/schema\/logo\/image\/","url":"https:\/\/eryckveziau.com\/files\/2022\/09\/PartageEveziau.png","contentUrl":"https:\/\/eryckveziau.com\/files\/2022\/09\/PartageEveziau.png","width":924,"height":454,"caption":"Eryck V\u00e9ziau RE\/MAX"},"image":{"@id":"https:\/\/eryckveziau.com\/en\/#\/schema\/logo\/image\/"},"sameAs":["https:\/\/www.facebook.com\/EryckVeziau.courtier.immobilier.ReMax.Laval","https:\/\/www.instagram.com\/eryck_veziau_remax\/","https:\/\/www.linkedin.com\/in\/eryck-v\u00e9ziau-6a445134\/","https:\/\/www.youtube.com\/user\/eveziau"]},{"@type":"Person","@id":"","url":"https:\/\/eryckveziau.com\/en\/author\/"}]}},"_links":{"self":[{"href":"https:\/\/eryckveziau.com\/en\/wp-json\/wp\/v2\/posts\/2550","targetHints":{"allow":["GET"]}}],"collection":[{"href":"https:\/\/eryckveziau.com\/en\/wp-json\/wp\/v2\/posts"}],"about":[{"href":"https:\/\/eryckveziau.com\/en\/wp-json\/wp\/v2\/types\/post"}],"author":[{"embeddable":true,"href":"https:\/\/eryckveziau.com\/en\/wp-json\/wp\/v2\/users\/285"}],"replies":[{"embeddable":true,"href":"https:\/\/eryckveziau.com\/en\/wp-json\/wp\/v2\/comments?post=2550"}],"version-history":[{"count":1,"href":"https:\/\/eryckveziau.com\/en\/wp-json\/wp\/v2\/posts\/2550\/revisions"}],"predecessor-version":[{"id":2551,"href":"https:\/\/eryckveziau.com\/en\/wp-json\/wp\/v2\/posts\/2550\/revisions\/2551"}],"wp:attachment":[{"href":"https:\/\/eryckveziau.com\/en\/wp-json\/wp\/v2\/media?parent=2550"}],"wp:term":[{"taxonomy":"category","embeddable":true,"href":"https:\/\/eryckveziau.com\/en\/wp-json\/wp\/v2\/categories?post=2550"},{"taxonomy":"post_tag","embeddable":true,"href":"https:\/\/eryckveziau.com\/en\/wp-json\/wp\/v2\/tags?post=2550"}],"curies":[{"name":"wp","href":"https:\/\/api.w.org\/{rel}","templated":true}]}}