{"id":2548,"date":"2016-03-22T10:52:56","date_gmt":"2016-03-22T14:52:56","guid":{"rendered":"\/?p=2548"},"modified":"2016-03-22T10:52:56","modified_gmt":"2016-03-22T14:52:56","slug":"liberez-nous-de-nos-vices-caches","status":"publish","type":"post","link":"https:\/\/eryckveziau.com\/en\/non-classe\/liberez-nous-de-nos-vices-caches\/","title":{"rendered":"Lib\u00e9rez-nous de nos vices cach\u00e9s"},"content":{"rendered":"<p>La vente de votre maison s\u2019\u00e9tait bien d\u00e9roul\u00e9e. L\u2019acheteur avait fait r\u00e9aliser une inspection pr\u00e9achat. De votre c\u00f4t\u00e9, vous aviez pris soin de \u00ab\u00a0tout dire\u00a0\u00bb sur l\u2019\u00e9tat de votre propri\u00e9t\u00e9 en signant la d\u00e9claration du vendeur.<\/p>\n<p>La transaction avait \u00e9t\u00e9 finalis\u00e9e devant le notaire. Vous aviez serr\u00e9 la main du vendeur, pay\u00e9 la commission de 5\u00a0% au courtier. Vous aviez m\u00eame vers\u00e9 une petite larme en donnant les cl\u00e9s de votre \u00ab\u00a0belle propri\u00e9t\u00e9\u00a0\u00bb \u00e0 l\u2019heureux acheteur.<\/p>\n<p>C\u2019\u00e9tait vers la mi-juin 1995. La vente de votre vieille maison n\u2019\u00e9tait plus qu\u2019un lointain souvenir. Jusqu\u2019\u00e0 ce qu\u2019on vous envoie une mise en demeure\u2026<\/p>\n<p>Dans sa missive, l\u2019acheteur d\u2019il y a 20 ans vous r\u00e9clame 50 000\u00a0$ pour des travaux qui s\u2019imposent de toute urgence.<\/p>\n<p>En ouvrant les murs du sous-sol pour une r\u00e9novation, il soutient avoir d\u00e9couvert que les fondations sont fissur\u00e9es. La catastrophe annonc\u00e9e.<\/p>\n<p>\u00ab\u00a0M\u00eame si \u00e7a fait 20 ans que la transaction a \u00e9t\u00e9 r\u00e9alis\u00e9e, vous n\u2019\u00eates pas \u00e0 l\u2019abri d\u2019une poursuite pour vice cach\u00e9\u00a0\u00bb, dit Ren\u00e9 Vincent, pr\u00e9sident du Centre d\u2019inspection et d\u2019expertise du Qu\u00e9bec.<\/p>\n","protected":false},"excerpt":{"rendered":"<p>La vente de votre maison s\u2019\u00e9tait bien d\u00e9roul\u00e9e. L\u2019acheteur avait fait r\u00e9aliser une inspection pr\u00e9achat. De votre c\u00f4t\u00e9, vous aviez pris soin de \u00ab\u00a0tout dire\u00a0\u00bb sur l\u2019\u00e9tat de votre propri\u00e9t\u00e9 en signant la d\u00e9claration du vendeur. La transaction avait \u00e9t\u00e9 finalis\u00e9e devant le notaire. Vous aviez serr\u00e9 la main du vendeur, pay\u00e9 la commission de [&hellip;]<\/p>\n","protected":false},"author":285,"featured_media":0,"comment_status":"closed","ping_status":"closed","sticky":false,"template":"","format":"standard","meta":{"_acf_changed":false,"footnotes":""},"categories":[1],"tags":[],"class_list":["post-2548","post","type-post","status-publish","format-standard","hentry","category-non-classe"],"acf":[],"yoast_head":"<!-- This site is optimized with the Yoast SEO plugin v26.7 - https:\/\/yoast.com\/wordpress\/plugins\/seo\/ -->\n<title>Lib\u00e9rez-nous de nos vices cach\u00e9s | ERYCK V\u00c9ZIAU, COURTIER IMMOBILIER LAVAL, COURTIER IMMOBILIER STE-DOROTH\u00c9E, MAISON \u00c0 VENDRE LAVAL, AGENT IMMOBILIER STE-DOROTH\u00c9E<\/title>\n<meta name=\"robots\" content=\"index, follow, max-snippet:-1, max-image-preview:large, max-video-preview:-1\" \/>\n<link rel=\"canonical\" href=\"http:\/\/eryckveziau.com\/non-classe\/liberez-nous-de-nos-vices-caches\/\" \/>\n<meta property=\"og:locale\" content=\"en_US\" \/>\n<meta property=\"og:type\" content=\"article\" \/>\n<meta property=\"og:title\" content=\"Lib\u00e9rez-nous de nos vices cach\u00e9s | ERYCK V\u00c9ZIAU, COURTIER IMMOBILIER LAVAL, COURTIER IMMOBILIER STE-DOROTH\u00c9E, MAISON \u00c0 VENDRE LAVAL, AGENT IMMOBILIER STE-DOROTH\u00c9E\" \/>\n<meta property=\"og:description\" content=\"La vente de votre maison s\u2019\u00e9tait bien d\u00e9roul\u00e9e. L\u2019acheteur avait fait r\u00e9aliser une inspection pr\u00e9achat. De votre c\u00f4t\u00e9, vous aviez pris soin de \u00ab\u00a0tout dire\u00a0\u00bb sur l\u2019\u00e9tat de votre propri\u00e9t\u00e9 en signant la d\u00e9claration du vendeur. La transaction avait \u00e9t\u00e9 finalis\u00e9e devant le notaire. Vous aviez serr\u00e9 la main du vendeur, pay\u00e9 la commission de [&hellip;]\" \/>\n<meta property=\"og:url\" content=\"http:\/\/eryckveziau.com\/non-classe\/liberez-nous-de-nos-vices-caches\/\" \/>\n<meta property=\"og:site_name\" content=\"ERYCK V\u00c9ZIAU, COURTIER IMMOBILIER LAVAL, COURTIER IMMOBILIER STE-DOROTH\u00c9E, MAISON \u00c0 VENDRE LAVAL, AGENT IMMOBILIER STE-DOROTH\u00c9E\" \/>\n<meta property=\"article:publisher\" content=\"https:\/\/www.facebook.com\/EryckVeziau.courtier.immobilier.ReMax.Laval\" \/>\n<meta property=\"article:published_time\" content=\"2016-03-22T14:52:56+00:00\" \/>\n<meta property=\"og:image\" content=\"https:\/\/eryckveziau.com\/files\/2022\/09\/PartageEveziau.png\" \/>\n\t<meta property=\"og:image:width\" content=\"924\" \/>\n\t<meta property=\"og:image:height\" content=\"454\" \/>\n\t<meta property=\"og:image:type\" content=\"image\/png\" \/>\n<meta name=\"twitter:card\" content=\"summary_large_image\" \/>\n<meta name=\"twitter:label1\" content=\"Written by\" \/>\n\t<meta name=\"twitter:data1\" content=\"\" \/>\n\t<meta name=\"twitter:label2\" content=\"Est. reading time\" \/>\n\t<meta name=\"twitter:data2\" content=\"1 minute\" \/>\n<script type=\"application\/ld+json\" class=\"yoast-schema-graph\">{\"@context\":\"https:\/\/schema.org\",\"@graph\":[{\"@type\":\"Article\",\"@id\":\"http:\/\/eryckveziau.com\/non-classe\/liberez-nous-de-nos-vices-caches\/#article\",\"isPartOf\":{\"@id\":\"http:\/\/eryckveziau.com\/non-classe\/liberez-nous-de-nos-vices-caches\/\"},\"author\":{\"name\":\"\",\"@id\":\"\"},\"headline\":\"Lib\u00e9rez-nous de nos vices cach\u00e9s\",\"datePublished\":\"2016-03-22T14:52:56+00:00\",\"mainEntityOfPage\":{\"@id\":\"http:\/\/eryckveziau.com\/non-classe\/liberez-nous-de-nos-vices-caches\/\"},\"wordCount\":212,\"publisher\":{\"@id\":\"https:\/\/eryckveziau.com\/en\/#organization\"},\"articleSection\":[\"Non class\u00e9\"],\"inLanguage\":\"en-US\"},{\"@type\":\"WebPage\",\"@id\":\"http:\/\/eryckveziau.com\/non-classe\/liberez-nous-de-nos-vices-caches\/\",\"url\":\"http:\/\/eryckveziau.com\/non-classe\/liberez-nous-de-nos-vices-caches\/\",\"name\":\"Lib\u00e9rez-nous de nos vices cach\u00e9s | ERYCK V\u00c9ZIAU, COURTIER IMMOBILIER LAVAL, COURTIER IMMOBILIER STE-DOROTH\u00c9E, MAISON \u00c0 VENDRE LAVAL, AGENT IMMOBILIER STE-DOROTH\u00c9E\",\"isPartOf\":{\"@id\":\"https:\/\/eryckveziau.com\/en\/#website\"},\"datePublished\":\"2016-03-22T14:52:56+00:00\",\"breadcrumb\":{\"@id\":\"http:\/\/eryckveziau.com\/non-classe\/liberez-nous-de-nos-vices-caches\/#breadcrumb\"},\"inLanguage\":\"en-US\",\"potentialAction\":[{\"@type\":\"ReadAction\",\"target\":[\"http:\/\/eryckveziau.com\/non-classe\/liberez-nous-de-nos-vices-caches\/\"]}]},{\"@type\":\"BreadcrumbList\",\"@id\":\"http:\/\/eryckveziau.com\/non-classe\/liberez-nous-de-nos-vices-caches\/#breadcrumb\",\"itemListElement\":[{\"@type\":\"ListItem\",\"position\":1,\"name\":\"Accueil\",\"item\":\"https:\/\/eryckveziau.com\/en\/\"},{\"@type\":\"ListItem\",\"position\":2,\"name\":\"Lib\u00e9rez-nous de nos vices cach\u00e9s\"}]},{\"@type\":\"WebSite\",\"@id\":\"https:\/\/eryckveziau.com\/en\/#website\",\"url\":\"https:\/\/eryckveziau.com\/en\/\",\"name\":\"ERYCK V\u00c9ZIAU, COURTIER IMMOBILIER LAVAL, COURTIER IMMOBILIER STE-DOROTH\u00c9E, MAISON \u00c0 VENDRE LAVAL, AGENT IMMOBILIER STE-DOROTH\u00c9E\",\"description\":\"\",\"publisher\":{\"@id\":\"https:\/\/eryckveziau.com\/en\/#organization\"},\"potentialAction\":[{\"@type\":\"SearchAction\",\"target\":{\"@type\":\"EntryPoint\",\"urlTemplate\":\"https:\/\/eryckveziau.com\/en\/?s={search_term_string}\"},\"query-input\":{\"@type\":\"PropertyValueSpecification\",\"valueRequired\":true,\"valueName\":\"search_term_string\"}}],\"inLanguage\":\"en-US\"},{\"@type\":\"Organization\",\"@id\":\"https:\/\/eryckveziau.com\/en\/#organization\",\"name\":\"Eryck V\u00e9ziau RE\/MAX\",\"url\":\"https:\/\/eryckveziau.com\/en\/\",\"logo\":{\"@type\":\"ImageObject\",\"inLanguage\":\"en-US\",\"@id\":\"https:\/\/eryckveziau.com\/en\/#\/schema\/logo\/image\/\",\"url\":\"https:\/\/eryckveziau.com\/files\/2022\/09\/PartageEveziau.png\",\"contentUrl\":\"https:\/\/eryckveziau.com\/files\/2022\/09\/PartageEveziau.png\",\"width\":924,\"height\":454,\"caption\":\"Eryck V\u00e9ziau RE\/MAX\"},\"image\":{\"@id\":\"https:\/\/eryckveziau.com\/en\/#\/schema\/logo\/image\/\"},\"sameAs\":[\"https:\/\/www.facebook.com\/EryckVeziau.courtier.immobilier.ReMax.Laval\",\"https:\/\/www.instagram.com\/eryck_veziau_remax\/\",\"https:\/\/www.linkedin.com\/in\/eryck-v\u00e9ziau-6a445134\/\",\"https:\/\/www.youtube.com\/user\/eveziau\"]},{\"@type\":\"Person\",\"@id\":\"\",\"url\":\"https:\/\/eryckveziau.com\/en\/author\/\"}]}<\/script>\n<!-- \/ Yoast SEO plugin. -->","yoast_head_json":{"title":"Lib\u00e9rez-nous de nos vices cach\u00e9s | ERYCK V\u00c9ZIAU, COURTIER IMMOBILIER LAVAL, COURTIER IMMOBILIER STE-DOROTH\u00c9E, MAISON \u00c0 VENDRE LAVAL, AGENT IMMOBILIER STE-DOROTH\u00c9E","robots":{"index":"index","follow":"follow","max-snippet":"max-snippet:-1","max-image-preview":"max-image-preview:large","max-video-preview":"max-video-preview:-1"},"canonical":"http:\/\/eryckveziau.com\/non-classe\/liberez-nous-de-nos-vices-caches\/","og_locale":"en_US","og_type":"article","og_title":"Lib\u00e9rez-nous de nos vices cach\u00e9s | ERYCK V\u00c9ZIAU, COURTIER IMMOBILIER LAVAL, COURTIER IMMOBILIER STE-DOROTH\u00c9E, MAISON \u00c0 VENDRE LAVAL, AGENT IMMOBILIER STE-DOROTH\u00c9E","og_description":"La vente de votre maison s\u2019\u00e9tait bien d\u00e9roul\u00e9e. L\u2019acheteur avait fait r\u00e9aliser une inspection pr\u00e9achat. De votre c\u00f4t\u00e9, vous aviez pris soin de \u00ab\u00a0tout dire\u00a0\u00bb sur l\u2019\u00e9tat de votre propri\u00e9t\u00e9 en signant la d\u00e9claration du vendeur. La transaction avait \u00e9t\u00e9 finalis\u00e9e devant le notaire. Vous aviez serr\u00e9 la main du vendeur, pay\u00e9 la commission de [&hellip;]","og_url":"http:\/\/eryckveziau.com\/non-classe\/liberez-nous-de-nos-vices-caches\/","og_site_name":"ERYCK V\u00c9ZIAU, COURTIER IMMOBILIER LAVAL, COURTIER IMMOBILIER STE-DOROTH\u00c9E, MAISON \u00c0 VENDRE LAVAL, AGENT IMMOBILIER STE-DOROTH\u00c9E","article_publisher":"https:\/\/www.facebook.com\/EryckVeziau.courtier.immobilier.ReMax.Laval","article_published_time":"2016-03-22T14:52:56+00:00","og_image":[{"width":924,"height":454,"url":"https:\/\/eryckveziau.com\/files\/2022\/09\/PartageEveziau.png","type":"image\/png"}],"twitter_card":"summary_large_image","twitter_misc":{"Written by":"","Est. reading time":"1 minute"},"schema":{"@context":"https:\/\/schema.org","@graph":[{"@type":"Article","@id":"http:\/\/eryckveziau.com\/non-classe\/liberez-nous-de-nos-vices-caches\/#article","isPartOf":{"@id":"http:\/\/eryckveziau.com\/non-classe\/liberez-nous-de-nos-vices-caches\/"},"author":{"name":"","@id":""},"headline":"Lib\u00e9rez-nous de nos vices cach\u00e9s","datePublished":"2016-03-22T14:52:56+00:00","mainEntityOfPage":{"@id":"http:\/\/eryckveziau.com\/non-classe\/liberez-nous-de-nos-vices-caches\/"},"wordCount":212,"publisher":{"@id":"https:\/\/eryckveziau.com\/en\/#organization"},"articleSection":["Non class\u00e9"],"inLanguage":"en-US"},{"@type":"WebPage","@id":"http:\/\/eryckveziau.com\/non-classe\/liberez-nous-de-nos-vices-caches\/","url":"http:\/\/eryckveziau.com\/non-classe\/liberez-nous-de-nos-vices-caches\/","name":"Lib\u00e9rez-nous de nos vices cach\u00e9s | ERYCK V\u00c9ZIAU, COURTIER IMMOBILIER LAVAL, COURTIER IMMOBILIER STE-DOROTH\u00c9E, MAISON \u00c0 VENDRE LAVAL, AGENT IMMOBILIER STE-DOROTH\u00c9E","isPartOf":{"@id":"https:\/\/eryckveziau.com\/en\/#website"},"datePublished":"2016-03-22T14:52:56+00:00","breadcrumb":{"@id":"http:\/\/eryckveziau.com\/non-classe\/liberez-nous-de-nos-vices-caches\/#breadcrumb"},"inLanguage":"en-US","potentialAction":[{"@type":"ReadAction","target":["http:\/\/eryckveziau.com\/non-classe\/liberez-nous-de-nos-vices-caches\/"]}]},{"@type":"BreadcrumbList","@id":"http:\/\/eryckveziau.com\/non-classe\/liberez-nous-de-nos-vices-caches\/#breadcrumb","itemListElement":[{"@type":"ListItem","position":1,"name":"Accueil","item":"https:\/\/eryckveziau.com\/en\/"},{"@type":"ListItem","position":2,"name":"Lib\u00e9rez-nous de nos vices cach\u00e9s"}]},{"@type":"WebSite","@id":"https:\/\/eryckveziau.com\/en\/#website","url":"https:\/\/eryckveziau.com\/en\/","name":"ERYCK V\u00c9ZIAU, COURTIER IMMOBILIER LAVAL, COURTIER IMMOBILIER STE-DOROTH\u00c9E, MAISON \u00c0 VENDRE LAVAL, AGENT IMMOBILIER STE-DOROTH\u00c9E","description":"","publisher":{"@id":"https:\/\/eryckveziau.com\/en\/#organization"},"potentialAction":[{"@type":"SearchAction","target":{"@type":"EntryPoint","urlTemplate":"https:\/\/eryckveziau.com\/en\/?s={search_term_string}"},"query-input":{"@type":"PropertyValueSpecification","valueRequired":true,"valueName":"search_term_string"}}],"inLanguage":"en-US"},{"@type":"Organization","@id":"https:\/\/eryckveziau.com\/en\/#organization","name":"Eryck V\u00e9ziau RE\/MAX","url":"https:\/\/eryckveziau.com\/en\/","logo":{"@type":"ImageObject","inLanguage":"en-US","@id":"https:\/\/eryckveziau.com\/en\/#\/schema\/logo\/image\/","url":"https:\/\/eryckveziau.com\/files\/2022\/09\/PartageEveziau.png","contentUrl":"https:\/\/eryckveziau.com\/files\/2022\/09\/PartageEveziau.png","width":924,"height":454,"caption":"Eryck V\u00e9ziau RE\/MAX"},"image":{"@id":"https:\/\/eryckveziau.com\/en\/#\/schema\/logo\/image\/"},"sameAs":["https:\/\/www.facebook.com\/EryckVeziau.courtier.immobilier.ReMax.Laval","https:\/\/www.instagram.com\/eryck_veziau_remax\/","https:\/\/www.linkedin.com\/in\/eryck-v\u00e9ziau-6a445134\/","https:\/\/www.youtube.com\/user\/eveziau"]},{"@type":"Person","@id":"","url":"https:\/\/eryckveziau.com\/en\/author\/"}]}},"_links":{"self":[{"href":"https:\/\/eryckveziau.com\/en\/wp-json\/wp\/v2\/posts\/2548","targetHints":{"allow":["GET"]}}],"collection":[{"href":"https:\/\/eryckveziau.com\/en\/wp-json\/wp\/v2\/posts"}],"about":[{"href":"https:\/\/eryckveziau.com\/en\/wp-json\/wp\/v2\/types\/post"}],"author":[{"embeddable":true,"href":"https:\/\/eryckveziau.com\/en\/wp-json\/wp\/v2\/users\/285"}],"replies":[{"embeddable":true,"href":"https:\/\/eryckveziau.com\/en\/wp-json\/wp\/v2\/comments?post=2548"}],"version-history":[{"count":1,"href":"https:\/\/eryckveziau.com\/en\/wp-json\/wp\/v2\/posts\/2548\/revisions"}],"predecessor-version":[{"id":2549,"href":"https:\/\/eryckveziau.com\/en\/wp-json\/wp\/v2\/posts\/2548\/revisions\/2549"}],"wp:attachment":[{"href":"https:\/\/eryckveziau.com\/en\/wp-json\/wp\/v2\/media?parent=2548"}],"wp:term":[{"taxonomy":"category","embeddable":true,"href":"https:\/\/eryckveziau.com\/en\/wp-json\/wp\/v2\/categories?post=2548"},{"taxonomy":"post_tag","embeddable":true,"href":"https:\/\/eryckveziau.com\/en\/wp-json\/wp\/v2\/tags?post=2548"}],"curies":[{"name":"wp","href":"https:\/\/api.w.org\/{rel}","templated":true}]}}