{"id":2544,"date":"2016-03-18T13:29:08","date_gmt":"2016-03-18T17:29:08","guid":{"rendered":"\/?p=2544"},"modified":"2016-03-18T13:29:08","modified_gmt":"2016-03-18T17:29:08","slug":"immobilier-que-pouvez-vous-acheter-pour-230-000-au-quebec","status":"publish","type":"post","link":"https:\/\/eryckveziau.com\/en\/non-classe\/immobilier-que-pouvez-vous-acheter-pour-230-000-au-quebec\/","title":{"rendered":"Immobilier: Que pouvez-vous acheter pour 230 000 $ au Qu\u00e9bec?"},"content":{"rendered":"<p>Immobilier: Que pouvez-vous acheter pour 230 000 $ au Qu\u00e9bec? &#8211; L&#8217;actualit\u00e9 <!-- [if lt IE 9]&gt;--><\/p>\n<p> <!-- Favicons\n================================================== -->\/\/ <!-- This site is optimized with the Yoast WordPress SEO plugin v2.2.1 - https:\/\/yoast.com\/wordpress\/plugins\/seo\/ --> <!-- \/ Yoast WordPress SEO plugin. -->\/\/ \/\/ 3e3):&#8221;diversity&#8221;===a?(e.fillText(f(55356,57221),0,0),c=e.getImageData(16,16,1,1).data.toString(),e.fillText(f(55356,57221,55356,57343),0,0),c!==e.getImageData(16,16,1,1).data.toString()):(&#8220;simple&#8221;===a?e.fillText(f(55357,56835),0,0):e.fillText(f(55356,57135),0,0),0!==e.getImageData(16,16,1,1).data[0])):!1}function e(a){var c=b.createElement(&#8220;script&#8221;);c.src=a,c.type=&#8221;text\/javascript&#8221;,b.getElementsByTagName(&#8220;head&#8221;)[0].appendChild(c)}var f,g;c.supports={simple:d(&#8220;simple&#8221;),flag:d(&#8220;flag&#8221;),unicode8:d(&#8220;unicode8&#8221;),diversity:d(&#8220;diversity&#8221;)},c.DOMReady=!1,c.readyCallback=function(){c.DOMReady=!0},c.supports.simple&amp;&amp;c.supports.flag&amp;&amp;c.supports.unicode8&amp;&amp;c.supports.diversity||(g=function(){c.readyCallback()},b.addEventListener?(b.addEventListener(&#8220;DOMContentLoaded&#8221;,g,!1),a.addEventListener(&#8220;load&#8221;,g,!1)):(a.attachEvent(&#8220;onload&#8221;,g),b.attachEvent(&#8220;onreadystatechange&#8221;,function(){&#8220;complete&#8221;===b.readyState&amp;&amp;c.readyCallback()})),f=c.source||{},f.concatemoji?e(f.concatemoji):f.wpemoji&amp;&amp;f.twemoji&amp;&amp;(e(f.twemoji),e(f.wpemoji)))}(window,document,window._wpemojiSettings);<\/p>\n<p>\/\/ ]]&gt;<!-- [if lt IE 9]&gt;--><\/p>\n<p>\/\/ \/\/ \/\/ \/\/ \/\/ &lt;![CDATA[<br \/>\nvar UMP_Commenting = {&quot;uuid_field&quot;:&quot;_janrain_uuid&quot;,&quot;access_token_field&quot;:&quot;_janrain_access_token&quot;,&quot;id_form&quot;:&quot;commentform&quot;,&quot;defaults&quot;:[&quot;comment-notes&quot;,&quot;comment-form-author&quot;,&quot;comment-form-email&quot;,&quot;comment-form-url&quot;],&quot;comment_notes_sign_in_id&quot;:&quot;_ump_comment_note_sign_in&quot;,&quot;comment_notes_logout_id&quot;:&quot;_ump_comment_note_logout&quot;,&quot;comment_notes_loading_id&quot;:&quot;_ump_comment_note_loading&quot;,&quot;comment_notes_failed_login_id&quot;:&quot;_ump_comment_note_failed_login&quot;,&quot;comment_notes_email_unverified_id&quot;:&quot;_ump_comment_note_email_unverified&quot;,&quot;comment_class&quot;:&quot;comment&quot;,&quot;comment_awaiting_moderation_class&quot;:&quot;comment-awaiting-moderation&quot;,&quot;comment_notes_sign_in&quot;:&quot;<a href=\"#\" class=\"capture_modal_open\">Connectez-vous pour pouvoir commenter.&#8221;,&#8221;comment_notes_logged_in&#8221;:&#8221;Vous \u00eates connect\u00e9 en tant que <img loading=\"lazy\" decoding=\"async\" src=\"\" class=\"ump_profile_avatar avatar avatar-26 photo\" width=\"26\" height=\"26\"> <strong class=\"ump_profile_name\">. <a href=\"#\" class=\"capture_end_session\">Se d\u00e9connecter.&#8221;,&#8221;comment_notes_loading&#8221;:&#8221;Chargement du profilu2026&#8243;,&#8221;cookie_expiration&#8221;:1458408285};<br \/>\n\/\/ ]]&gt;\/\/ \/\/ \/\/ \/\/ <!-- AAM Site Certifier starts plowing -->\/\/ <!-- AAM Site Certifier stops plowing --> <!-- RDM Most Popular -->\/\/ \/\/ \/\/ \/\/ <!--\n\tgenerated 124 seconds ago\n\tgenerated in 2.546 seconds\n\tserved from batcache in 0.006 seconds\n\texpires in 176 seconds\n--><\/p>\n<div id=\"wrap\" class=\"container\">\n<div id=\"main\">\n<div class=\"row\">\n<div class=\"content\">\n<div class=\"twelve columns\">\n<article id=\"post-362289\" class=\"post-362289 post type-post status-publish format-standard has-post-thumbnail hentry category-finances-personnelles tag-condo tag-immobilier tag-maison tag-quebec content_type-posts has-image master-category-finances-personnelles type-posts\">\n<div class=\"row\">\n<div class=\"columns twelve\">\n<header>\n<div class=\"column twelve\">\n<p>Fermette centenaire \u00e0 Lac Brome, condo sur le Plateau-Mont-Royal, maison en bord de mer \u00e0 Bonaventure\u2026 En 2015, le prix m\u00e9dian des maisons unifamiliales au Qu\u00e9bec \u00e9tait de 230 000 $. Que peut-on trouver pour ce prix dans toutes les r\u00e9gions? Visite guid\u00e9e.<\/p>\n<\/div>\n<\/header>\n<\/div>\n<\/div>\n<\/article>\n<\/div>\n<\/div>\n<\/div>\n<\/div>\n<\/div>\n","protected":false},"excerpt":{"rendered":"<p>Immobilier: Que pouvez-vous acheter pour 230 000 $ au Qu\u00e9bec? &#8211; L&#8217;actualit\u00e9 \/\/ \/\/ \/\/ 3e3):&#8221;diversity&#8221;===a?(e.fillText(f(55356,57221),0,0),c=e.getImageData(16,16,1,1).data.toString(),e.fillText(f(55356,57221,55356,57343),0,0),c!==e.getImageData(16,16,1,1).data.toString()):(&#8220;simple&#8221;===a?e.fillText(f(55357,56835),0,0):e.fillText(f(55356,57135),0,0),0!==e.getImageData(16,16,1,1).data[0])):!1}function e(a){var c=b.createElement(&#8220;script&#8221;);c.src=a,c.type=&#8221;text\/javascript&#8221;,b.getElementsByTagName(&#8220;head&#8221;)[0].appendChild(c)}var f,g;c.supports={simple:d(&#8220;simple&#8221;),flag:d(&#8220;flag&#8221;),unicode8:d(&#8220;unicode8&#8221;),diversity:d(&#8220;diversity&#8221;)},c.DOMReady=!1,c.readyCallback=function(){c.DOMReady=!0},c.supports.simple&amp;&amp;c.supports.flag&amp;&amp;c.supports.unicode8&amp;&amp;c.supports.diversity||(g=function(){c.readyCallback()},b.addEventListener?(b.addEventListener(&#8220;DOMContentLoaded&#8221;,g,!1),a.addEventListener(&#8220;load&#8221;,g,!1)):(a.attachEvent(&#8220;onload&#8221;,g),b.attachEvent(&#8220;onreadystatechange&#8221;,function(){&#8220;complete&#8221;===b.readyState&amp;&amp;c.readyCallback()})),f=c.source||{},f.concatemoji?e(f.concatemoji):f.wpemoji&amp;&amp;f.twemoji&amp;&amp;(e(f.twemoji),e(f.wpemoji)))}(window,document,window._wpemojiSettings); \/\/ ]]&gt; \/\/ \/\/ \/\/ \/\/ \/\/ &lt;![CDATA[ var UMP_Commenting = {&quot;uuid_field&quot;:&quot;_janrain_uuid&quot;,&quot;access_token_field&quot;:&quot;_janrain_access_token&quot;,&quot;id_form&quot;:&quot;commentform&quot;,&quot;defaults&quot;:[&quot;comment-notes&quot;,&quot;comment-form-author&quot;,&quot;comment-form-email&quot;,&quot;comment-form-url&quot;],&quot;comment_notes_sign_in_id&quot;:&quot;_ump_comment_note_sign_in&quot;,&quot;comment_notes_logout_id&quot;:&quot;_ump_comment_note_logout&quot;,&quot;comment_notes_loading_id&quot;:&quot;_ump_comment_note_loading&quot;,&quot;comment_notes_failed_login_id&quot;:&quot;_ump_comment_note_failed_login&quot;,&quot;comment_notes_email_unverified_id&quot;:&quot;_ump_comment_note_email_unverified&quot;,&quot;comment_class&quot;:&quot;comment&quot;,&quot;comment_awaiting_moderation_class&quot;:&quot;comment-awaiting-moderation&quot;,&quot;comment_notes_sign_in&quot;:&quot;Connectez-vous pour pouvoir commenter.&#8221;,&#8221;comment_notes_logged_in&#8221;:&#8221;Vous \u00eates connect\u00e9 en tant que . Se d\u00e9connecter.&#8221;,&#8221;comment_notes_loading&#8221;:&#8221;Chargement du profilu2026&#8243;,&#8221;cookie_expiration&#8221;:1458408285}; \/\/ ]]&gt;\/\/ \/\/ \/\/ \/\/ \/\/ \/\/ \/\/ \/\/ \/\/ Fermette [&hellip;]<\/p>\n","protected":false},"author":285,"featured_media":0,"comment_status":"closed","ping_status":"closed","sticky":false,"template":"","format":"standard","meta":{"_acf_changed":false,"footnotes":""},"categories":[1],"tags":[],"class_list":["post-2544","post","type-post","status-publish","format-standard","hentry","category-non-classe"],"acf":[],"yoast_head":"<!-- This site is optimized with the Yoast SEO plugin v26.7 - https:\/\/yoast.com\/wordpress\/plugins\/seo\/ -->\n<title>Immobilier: Que pouvez-vous acheter pour 230 000 $ au Qu\u00e9bec? | ERYCK V\u00c9ZIAU, COURTIER IMMOBILIER LAVAL, COURTIER IMMOBILIER STE-DOROTH\u00c9E, MAISON \u00c0 VENDRE LAVAL, AGENT IMMOBILIER STE-DOROTH\u00c9E<\/title>\n<meta name=\"robots\" content=\"index, follow, max-snippet:-1, max-image-preview:large, max-video-preview:-1\" \/>\n<link rel=\"canonical\" href=\"http:\/\/eryckveziau.com\/non-classe\/immobilier-que-pouvez-vous-acheter-pour-230-000-au-quebec\/\" \/>\n<meta property=\"og:locale\" content=\"en_US\" \/>\n<meta property=\"og:type\" content=\"article\" \/>\n<meta property=\"og:title\" content=\"Immobilier: Que pouvez-vous acheter pour 230 000 $ au Qu\u00e9bec? | ERYCK V\u00c9ZIAU, COURTIER IMMOBILIER LAVAL, COURTIER IMMOBILIER STE-DOROTH\u00c9E, MAISON \u00c0 VENDRE LAVAL, AGENT IMMOBILIER STE-DOROTH\u00c9E\" \/>\n<meta property=\"og:description\" content=\"Immobilier: Que pouvez-vous acheter pour 230 000 $ au Qu\u00e9bec? &#8211; L&#8217;actualit\u00e9 \/\/ \/\/ \/\/ 3e3):&#8221;diversity&#8221;===a?(e.fillText(f(55356,57221),0,0),c=e.getImageData(16,16,1,1).data.toString(),e.fillText(f(55356,57221,55356,57343),0,0),c!==e.getImageData(16,16,1,1).data.toString()):(&#8220;simple&#8221;===a?e.fillText(f(55357,56835),0,0):e.fillText(f(55356,57135),0,0),0!==e.getImageData(16,16,1,1).data[0])):!1}function e(a){var c=b.createElement(&#8220;script&#8221;);c.src=a,c.type=&#8221;text\/javascript&#8221;,b.getElementsByTagName(&#8220;head&#8221;)[0].appendChild(c)}var f,g;c.supports={simple:d(&#8220;simple&#8221;),flag:d(&#8220;flag&#8221;),unicode8:d(&#8220;unicode8&#8221;),diversity:d(&#8220;diversity&#8221;)},c.DOMReady=!1,c.readyCallback=function(){c.DOMReady=!0},c.supports.simple&amp;&amp;c.supports.flag&amp;&amp;c.supports.unicode8&amp;&amp;c.supports.diversity||(g=function(){c.readyCallback()},b.addEventListener?(b.addEventListener(&#8220;DOMContentLoaded&#8221;,g,!1),a.addEventListener(&#8220;load&#8221;,g,!1)):(a.attachEvent(&#8220;onload&#8221;,g),b.attachEvent(&#8220;onreadystatechange&#8221;,function(){&#8220;complete&#8221;===b.readyState&amp;&amp;c.readyCallback()})),f=c.source||{},f.concatemoji?e(f.concatemoji):f.wpemoji&amp;&amp;f.twemoji&amp;&amp;(e(f.twemoji),e(f.wpemoji)))}(window,document,window._wpemojiSettings); \/\/ ]]&gt; \/\/ \/\/ \/\/ \/\/ \/\/ &lt;![CDATA[ var UMP_Commenting = {&quot;uuid_field&quot;:&quot;_janrain_uuid&quot;,&quot;access_token_field&quot;:&quot;_janrain_access_token&quot;,&quot;id_form&quot;:&quot;commentform&quot;,&quot;defaults&quot;:[&quot;comment-notes&quot;,&quot;comment-form-author&quot;,&quot;comment-form-email&quot;,&quot;comment-form-url&quot;],&quot;comment_notes_sign_in_id&quot;:&quot;_ump_comment_note_sign_in&quot;,&quot;comment_notes_logout_id&quot;:&quot;_ump_comment_note_logout&quot;,&quot;comment_notes_loading_id&quot;:&quot;_ump_comment_note_loading&quot;,&quot;comment_notes_failed_login_id&quot;:&quot;_ump_comment_note_failed_login&quot;,&quot;comment_notes_email_unverified_id&quot;:&quot;_ump_comment_note_email_unverified&quot;,&quot;comment_class&quot;:&quot;comment&quot;,&quot;comment_awaiting_moderation_class&quot;:&quot;comment-awaiting-moderation&quot;,&quot;comment_notes_sign_in&quot;:&quot;Connectez-vous pour pouvoir commenter.&#8221;,&#8221;comment_notes_logged_in&#8221;:&#8221;Vous \u00eates connect\u00e9 en tant que . Se d\u00e9connecter.&#8221;,&#8221;comment_notes_loading&#8221;:&#8221;Chargement du profilu2026&#8243;,&#8221;cookie_expiration&#8221;:1458408285}; \/\/ ]]&gt;\/\/ \/\/ \/\/ \/\/ \/\/ \/\/ \/\/ \/\/ \/\/ Fermette [&hellip;]\" \/>\n<meta property=\"og:url\" content=\"http:\/\/eryckveziau.com\/non-classe\/immobilier-que-pouvez-vous-acheter-pour-230-000-au-quebec\/\" \/>\n<meta property=\"og:site_name\" content=\"ERYCK V\u00c9ZIAU, COURTIER IMMOBILIER LAVAL, COURTIER IMMOBILIER STE-DOROTH\u00c9E, MAISON \u00c0 VENDRE LAVAL, AGENT IMMOBILIER STE-DOROTH\u00c9E\" \/>\n<meta property=\"article:publisher\" content=\"https:\/\/www.facebook.com\/EryckVeziau.courtier.immobilier.ReMax.Laval\" \/>\n<meta property=\"article:published_time\" content=\"2016-03-18T17:29:08+00:00\" \/>\n<meta property=\"og:image\" content=\"https:\/\/eryckveziau.com\/files\/2022\/09\/PartageEveziau.png\" \/>\n\t<meta property=\"og:image:width\" content=\"924\" \/>\n\t<meta property=\"og:image:height\" content=\"454\" \/>\n\t<meta property=\"og:image:type\" content=\"image\/png\" \/>\n<meta name=\"twitter:card\" content=\"summary_large_image\" \/>\n<meta name=\"twitter:label1\" content=\"Written by\" \/>\n\t<meta name=\"twitter:data1\" content=\"\" \/>\n\t<meta name=\"twitter:label2\" content=\"Est. reading time\" \/>\n\t<meta name=\"twitter:data2\" content=\"2 minutes\" \/>\n<script type=\"application\/ld+json\" class=\"yoast-schema-graph\">{\"@context\":\"https:\/\/schema.org\",\"@graph\":[{\"@type\":\"Article\",\"@id\":\"http:\/\/eryckveziau.com\/non-classe\/immobilier-que-pouvez-vous-acheter-pour-230-000-au-quebec\/#article\",\"isPartOf\":{\"@id\":\"http:\/\/eryckveziau.com\/non-classe\/immobilier-que-pouvez-vous-acheter-pour-230-000-au-quebec\/\"},\"author\":{\"name\":\"\",\"@id\":\"\"},\"headline\":\"Immobilier: Que pouvez-vous acheter pour 230 000 $ au Qu\u00e9bec?\",\"datePublished\":\"2016-03-18T17:29:08+00:00\",\"mainEntityOfPage\":{\"@id\":\"http:\/\/eryckveziau.com\/non-classe\/immobilier-que-pouvez-vous-acheter-pour-230-000-au-quebec\/\"},\"wordCount\":368,\"publisher\":{\"@id\":\"https:\/\/eryckveziau.com\/en\/#organization\"},\"articleSection\":[\"Non class\u00e9\"],\"inLanguage\":\"en-US\"},{\"@type\":\"WebPage\",\"@id\":\"http:\/\/eryckveziau.com\/non-classe\/immobilier-que-pouvez-vous-acheter-pour-230-000-au-quebec\/\",\"url\":\"http:\/\/eryckveziau.com\/non-classe\/immobilier-que-pouvez-vous-acheter-pour-230-000-au-quebec\/\",\"name\":\"Immobilier: Que pouvez-vous acheter pour 230 000 $ au Qu\u00e9bec? | ERYCK V\u00c9ZIAU, COURTIER IMMOBILIER LAVAL, COURTIER IMMOBILIER STE-DOROTH\u00c9E, MAISON \u00c0 VENDRE LAVAL, AGENT IMMOBILIER STE-DOROTH\u00c9E\",\"isPartOf\":{\"@id\":\"https:\/\/eryckveziau.com\/en\/#website\"},\"datePublished\":\"2016-03-18T17:29:08+00:00\",\"breadcrumb\":{\"@id\":\"http:\/\/eryckveziau.com\/non-classe\/immobilier-que-pouvez-vous-acheter-pour-230-000-au-quebec\/#breadcrumb\"},\"inLanguage\":\"en-US\",\"potentialAction\":[{\"@type\":\"ReadAction\",\"target\":[\"http:\/\/eryckveziau.com\/non-classe\/immobilier-que-pouvez-vous-acheter-pour-230-000-au-quebec\/\"]}]},{\"@type\":\"BreadcrumbList\",\"@id\":\"http:\/\/eryckveziau.com\/non-classe\/immobilier-que-pouvez-vous-acheter-pour-230-000-au-quebec\/#breadcrumb\",\"itemListElement\":[{\"@type\":\"ListItem\",\"position\":1,\"name\":\"Accueil\",\"item\":\"https:\/\/eryckveziau.com\/en\/\"},{\"@type\":\"ListItem\",\"position\":2,\"name\":\"Immobilier: Que pouvez-vous acheter pour 230 000 $ au Qu\u00e9bec?\"}]},{\"@type\":\"WebSite\",\"@id\":\"https:\/\/eryckveziau.com\/en\/#website\",\"url\":\"https:\/\/eryckveziau.com\/en\/\",\"name\":\"ERYCK V\u00c9ZIAU, COURTIER IMMOBILIER LAVAL, COURTIER IMMOBILIER STE-DOROTH\u00c9E, MAISON \u00c0 VENDRE LAVAL, AGENT IMMOBILIER STE-DOROTH\u00c9E\",\"description\":\"\",\"publisher\":{\"@id\":\"https:\/\/eryckveziau.com\/en\/#organization\"},\"potentialAction\":[{\"@type\":\"SearchAction\",\"target\":{\"@type\":\"EntryPoint\",\"urlTemplate\":\"https:\/\/eryckveziau.com\/en\/?s={search_term_string}\"},\"query-input\":{\"@type\":\"PropertyValueSpecification\",\"valueRequired\":true,\"valueName\":\"search_term_string\"}}],\"inLanguage\":\"en-US\"},{\"@type\":\"Organization\",\"@id\":\"https:\/\/eryckveziau.com\/en\/#organization\",\"name\":\"Eryck V\u00e9ziau RE\/MAX\",\"url\":\"https:\/\/eryckveziau.com\/en\/\",\"logo\":{\"@type\":\"ImageObject\",\"inLanguage\":\"en-US\",\"@id\":\"https:\/\/eryckveziau.com\/en\/#\/schema\/logo\/image\/\",\"url\":\"https:\/\/eryckveziau.com\/files\/2022\/09\/PartageEveziau.png\",\"contentUrl\":\"https:\/\/eryckveziau.com\/files\/2022\/09\/PartageEveziau.png\",\"width\":924,\"height\":454,\"caption\":\"Eryck V\u00e9ziau RE\/MAX\"},\"image\":{\"@id\":\"https:\/\/eryckveziau.com\/en\/#\/schema\/logo\/image\/\"},\"sameAs\":[\"https:\/\/www.facebook.com\/EryckVeziau.courtier.immobilier.ReMax.Laval\",\"https:\/\/www.instagram.com\/eryck_veziau_remax\/\",\"https:\/\/www.linkedin.com\/in\/eryck-v\u00e9ziau-6a445134\/\",\"https:\/\/www.youtube.com\/user\/eveziau\"]},{\"@type\":\"Person\",\"@id\":\"\",\"url\":\"https:\/\/eryckveziau.com\/en\/author\/\"}]}<\/script>\n<!-- \/ Yoast SEO plugin. -->","yoast_head_json":{"title":"Immobilier: Que pouvez-vous acheter pour 230 000 $ au Qu\u00e9bec? | ERYCK V\u00c9ZIAU, COURTIER IMMOBILIER LAVAL, COURTIER IMMOBILIER STE-DOROTH\u00c9E, MAISON \u00c0 VENDRE LAVAL, AGENT IMMOBILIER STE-DOROTH\u00c9E","robots":{"index":"index","follow":"follow","max-snippet":"max-snippet:-1","max-image-preview":"max-image-preview:large","max-video-preview":"max-video-preview:-1"},"canonical":"http:\/\/eryckveziau.com\/non-classe\/immobilier-que-pouvez-vous-acheter-pour-230-000-au-quebec\/","og_locale":"en_US","og_type":"article","og_title":"Immobilier: Que pouvez-vous acheter pour 230 000 $ au Qu\u00e9bec? | ERYCK V\u00c9ZIAU, COURTIER IMMOBILIER LAVAL, COURTIER IMMOBILIER STE-DOROTH\u00c9E, MAISON \u00c0 VENDRE LAVAL, AGENT IMMOBILIER STE-DOROTH\u00c9E","og_description":"Immobilier: Que pouvez-vous acheter pour 230 000 $ au Qu\u00e9bec? &#8211; L&#8217;actualit\u00e9 \/\/ \/\/ \/\/ 3e3):&#8221;diversity&#8221;===a?(e.fillText(f(55356,57221),0,0),c=e.getImageData(16,16,1,1).data.toString(),e.fillText(f(55356,57221,55356,57343),0,0),c!==e.getImageData(16,16,1,1).data.toString()):(&#8220;simple&#8221;===a?e.fillText(f(55357,56835),0,0):e.fillText(f(55356,57135),0,0),0!==e.getImageData(16,16,1,1).data[0])):!1}function e(a){var c=b.createElement(&#8220;script&#8221;);c.src=a,c.type=&#8221;text\/javascript&#8221;,b.getElementsByTagName(&#8220;head&#8221;)[0].appendChild(c)}var f,g;c.supports={simple:d(&#8220;simple&#8221;),flag:d(&#8220;flag&#8221;),unicode8:d(&#8220;unicode8&#8221;),diversity:d(&#8220;diversity&#8221;)},c.DOMReady=!1,c.readyCallback=function(){c.DOMReady=!0},c.supports.simple&amp;&amp;c.supports.flag&amp;&amp;c.supports.unicode8&amp;&amp;c.supports.diversity||(g=function(){c.readyCallback()},b.addEventListener?(b.addEventListener(&#8220;DOMContentLoaded&#8221;,g,!1),a.addEventListener(&#8220;load&#8221;,g,!1)):(a.attachEvent(&#8220;onload&#8221;,g),b.attachEvent(&#8220;onreadystatechange&#8221;,function(){&#8220;complete&#8221;===b.readyState&amp;&amp;c.readyCallback()})),f=c.source||{},f.concatemoji?e(f.concatemoji):f.wpemoji&amp;&amp;f.twemoji&amp;&amp;(e(f.twemoji),e(f.wpemoji)))}(window,document,window._wpemojiSettings); \/\/ ]]&gt; \/\/ \/\/ \/\/ \/\/ \/\/ &lt;![CDATA[ var UMP_Commenting = {&quot;uuid_field&quot;:&quot;_janrain_uuid&quot;,&quot;access_token_field&quot;:&quot;_janrain_access_token&quot;,&quot;id_form&quot;:&quot;commentform&quot;,&quot;defaults&quot;:[&quot;comment-notes&quot;,&quot;comment-form-author&quot;,&quot;comment-form-email&quot;,&quot;comment-form-url&quot;],&quot;comment_notes_sign_in_id&quot;:&quot;_ump_comment_note_sign_in&quot;,&quot;comment_notes_logout_id&quot;:&quot;_ump_comment_note_logout&quot;,&quot;comment_notes_loading_id&quot;:&quot;_ump_comment_note_loading&quot;,&quot;comment_notes_failed_login_id&quot;:&quot;_ump_comment_note_failed_login&quot;,&quot;comment_notes_email_unverified_id&quot;:&quot;_ump_comment_note_email_unverified&quot;,&quot;comment_class&quot;:&quot;comment&quot;,&quot;comment_awaiting_moderation_class&quot;:&quot;comment-awaiting-moderation&quot;,&quot;comment_notes_sign_in&quot;:&quot;Connectez-vous pour pouvoir commenter.&#8221;,&#8221;comment_notes_logged_in&#8221;:&#8221;Vous \u00eates connect\u00e9 en tant que . Se d\u00e9connecter.&#8221;,&#8221;comment_notes_loading&#8221;:&#8221;Chargement du profilu2026&#8243;,&#8221;cookie_expiration&#8221;:1458408285}; \/\/ ]]&gt;\/\/ \/\/ \/\/ \/\/ \/\/ \/\/ \/\/ \/\/ \/\/ Fermette [&hellip;]","og_url":"http:\/\/eryckveziau.com\/non-classe\/immobilier-que-pouvez-vous-acheter-pour-230-000-au-quebec\/","og_site_name":"ERYCK V\u00c9ZIAU, COURTIER IMMOBILIER LAVAL, COURTIER IMMOBILIER STE-DOROTH\u00c9E, MAISON \u00c0 VENDRE LAVAL, AGENT IMMOBILIER STE-DOROTH\u00c9E","article_publisher":"https:\/\/www.facebook.com\/EryckVeziau.courtier.immobilier.ReMax.Laval","article_published_time":"2016-03-18T17:29:08+00:00","og_image":[{"width":924,"height":454,"url":"https:\/\/eryckveziau.com\/files\/2022\/09\/PartageEveziau.png","type":"image\/png"}],"twitter_card":"summary_large_image","twitter_misc":{"Written by":"","Est. reading time":"2 minutes"},"schema":{"@context":"https:\/\/schema.org","@graph":[{"@type":"Article","@id":"http:\/\/eryckveziau.com\/non-classe\/immobilier-que-pouvez-vous-acheter-pour-230-000-au-quebec\/#article","isPartOf":{"@id":"http:\/\/eryckveziau.com\/non-classe\/immobilier-que-pouvez-vous-acheter-pour-230-000-au-quebec\/"},"author":{"name":"","@id":""},"headline":"Immobilier: Que pouvez-vous acheter pour 230 000 $ au Qu\u00e9bec?","datePublished":"2016-03-18T17:29:08+00:00","mainEntityOfPage":{"@id":"http:\/\/eryckveziau.com\/non-classe\/immobilier-que-pouvez-vous-acheter-pour-230-000-au-quebec\/"},"wordCount":368,"publisher":{"@id":"https:\/\/eryckveziau.com\/en\/#organization"},"articleSection":["Non class\u00e9"],"inLanguage":"en-US"},{"@type":"WebPage","@id":"http:\/\/eryckveziau.com\/non-classe\/immobilier-que-pouvez-vous-acheter-pour-230-000-au-quebec\/","url":"http:\/\/eryckveziau.com\/non-classe\/immobilier-que-pouvez-vous-acheter-pour-230-000-au-quebec\/","name":"Immobilier: Que pouvez-vous acheter pour 230 000 $ au Qu\u00e9bec? | ERYCK V\u00c9ZIAU, COURTIER IMMOBILIER LAVAL, COURTIER IMMOBILIER STE-DOROTH\u00c9E, MAISON \u00c0 VENDRE LAVAL, AGENT IMMOBILIER STE-DOROTH\u00c9E","isPartOf":{"@id":"https:\/\/eryckveziau.com\/en\/#website"},"datePublished":"2016-03-18T17:29:08+00:00","breadcrumb":{"@id":"http:\/\/eryckveziau.com\/non-classe\/immobilier-que-pouvez-vous-acheter-pour-230-000-au-quebec\/#breadcrumb"},"inLanguage":"en-US","potentialAction":[{"@type":"ReadAction","target":["http:\/\/eryckveziau.com\/non-classe\/immobilier-que-pouvez-vous-acheter-pour-230-000-au-quebec\/"]}]},{"@type":"BreadcrumbList","@id":"http:\/\/eryckveziau.com\/non-classe\/immobilier-que-pouvez-vous-acheter-pour-230-000-au-quebec\/#breadcrumb","itemListElement":[{"@type":"ListItem","position":1,"name":"Accueil","item":"https:\/\/eryckveziau.com\/en\/"},{"@type":"ListItem","position":2,"name":"Immobilier: Que pouvez-vous acheter pour 230 000 $ au Qu\u00e9bec?"}]},{"@type":"WebSite","@id":"https:\/\/eryckveziau.com\/en\/#website","url":"https:\/\/eryckveziau.com\/en\/","name":"ERYCK V\u00c9ZIAU, COURTIER IMMOBILIER LAVAL, COURTIER IMMOBILIER STE-DOROTH\u00c9E, MAISON \u00c0 VENDRE LAVAL, AGENT IMMOBILIER STE-DOROTH\u00c9E","description":"","publisher":{"@id":"https:\/\/eryckveziau.com\/en\/#organization"},"potentialAction":[{"@type":"SearchAction","target":{"@type":"EntryPoint","urlTemplate":"https:\/\/eryckveziau.com\/en\/?s={search_term_string}"},"query-input":{"@type":"PropertyValueSpecification","valueRequired":true,"valueName":"search_term_string"}}],"inLanguage":"en-US"},{"@type":"Organization","@id":"https:\/\/eryckveziau.com\/en\/#organization","name":"Eryck V\u00e9ziau RE\/MAX","url":"https:\/\/eryckveziau.com\/en\/","logo":{"@type":"ImageObject","inLanguage":"en-US","@id":"https:\/\/eryckveziau.com\/en\/#\/schema\/logo\/image\/","url":"https:\/\/eryckveziau.com\/files\/2022\/09\/PartageEveziau.png","contentUrl":"https:\/\/eryckveziau.com\/files\/2022\/09\/PartageEveziau.png","width":924,"height":454,"caption":"Eryck V\u00e9ziau RE\/MAX"},"image":{"@id":"https:\/\/eryckveziau.com\/en\/#\/schema\/logo\/image\/"},"sameAs":["https:\/\/www.facebook.com\/EryckVeziau.courtier.immobilier.ReMax.Laval","https:\/\/www.instagram.com\/eryck_veziau_remax\/","https:\/\/www.linkedin.com\/in\/eryck-v\u00e9ziau-6a445134\/","https:\/\/www.youtube.com\/user\/eveziau"]},{"@type":"Person","@id":"","url":"https:\/\/eryckveziau.com\/en\/author\/"}]}},"_links":{"self":[{"href":"https:\/\/eryckveziau.com\/en\/wp-json\/wp\/v2\/posts\/2544","targetHints":{"allow":["GET"]}}],"collection":[{"href":"https:\/\/eryckveziau.com\/en\/wp-json\/wp\/v2\/posts"}],"about":[{"href":"https:\/\/eryckveziau.com\/en\/wp-json\/wp\/v2\/types\/post"}],"author":[{"embeddable":true,"href":"https:\/\/eryckveziau.com\/en\/wp-json\/wp\/v2\/users\/285"}],"replies":[{"embeddable":true,"href":"https:\/\/eryckveziau.com\/en\/wp-json\/wp\/v2\/comments?post=2544"}],"version-history":[{"count":1,"href":"https:\/\/eryckveziau.com\/en\/wp-json\/wp\/v2\/posts\/2544\/revisions"}],"predecessor-version":[{"id":2545,"href":"https:\/\/eryckveziau.com\/en\/wp-json\/wp\/v2\/posts\/2544\/revisions\/2545"}],"wp:attachment":[{"href":"https:\/\/eryckveziau.com\/en\/wp-json\/wp\/v2\/media?parent=2544"}],"wp:term":[{"taxonomy":"category","embeddable":true,"href":"https:\/\/eryckveziau.com\/en\/wp-json\/wp\/v2\/categories?post=2544"},{"taxonomy":"post_tag","embeddable":true,"href":"https:\/\/eryckveziau.com\/en\/wp-json\/wp\/v2\/tags?post=2544"}],"curies":[{"name":"wp","href":"https:\/\/api.w.org\/{rel}","templated":true}]}}