{"id":2534,"date":"2016-03-07T13:26:47","date_gmt":"2016-03-07T18:26:47","guid":{"rendered":"\/?p=2534"},"modified":"2016-03-07T13:27:21","modified_gmt":"2016-03-07T18:27:21","slug":"un-projet-dans-le-mille-carre-dore","status":"publish","type":"post","link":"https:\/\/eryckveziau.com\/en\/non-classe\/un-projet-dans-le-mille-carre-dore\/","title":{"rendered":"Un projet dans le Mille carr\u00e9 dor\u00e9"},"content":{"rendered":"<p>Le centre-ville de Montr\u00e9al accueillera bient\u00f4t un nouvel immeuble de 26 \u00e9tages comprenant 160 unit\u00e9s de condo.<\/p>\n<p>Destin\u00e9 aux jeunes professionnels ainsi qu\u2019aux b\u00e9b\u00e9-boumeurs amoureux de la vie urbaine et adeptes des transports actifs et collectifs, MUSE offrira des unit\u00e9s d\u2019une ou deux chambres \u00e0 coucher dont la taille variera de 510 \u00e0 922 pieds carr\u00e9s. Trois pent\u00adhouses d\u2019environ 1 600 pieds carr\u00e9s seront \u00e9galement am\u00e9nag\u00e9s au 25e \u00e9tage. \u00abCeux qui choisiront de vivre sous le toit de MUSE seront \u00e0 un jet de pierre de la rue Sherbrooke Ouest, des galeries et du Mus\u00e9e des Beaux-Arts de Mont\u00adr\u00e9al (MBAM), l\u00e0 o\u00f9 la ville bourdonne, et ce, \u00e0 un prix tr\u00e8s abordable\u00bb, mentionne Dario Favretto, pr\u00e9sident de D\u00e9veloppements Domaine, la compagnie de construction instigatrice du projet. Les prix des copropri\u00e9t\u00e9s d\u2019une ou deux chambres, qui varient entre 236 000 $ et 337 000 $, sont de fait peu \u00e9lev\u00e9s comparativement au reste de l\u2019offre dans ce secteur de la ville. Une place dans le garage souterrain sera \u00e9galement offerte \u00e0 tous les propri\u00e9taires pour 55 000 $.<\/p>\n<p><strong>De l\u2019art et de la lumi\u00e8re<\/strong><br \/>\nC\u2019est en s\u2019inspirant de la richesse artistique des galeries d\u2019art et du MBAM que B\u00e9\u00efque Legault Thuot Architectes (BLTA) a con\u00e7u MUSE : un b\u00e2timent urbain et moderne, se distinguant de l\u2019ext\u00e9rieur par des murs rideaux, un rev\u00eatement en aluminium aux tons vari\u00e9s de couleur bronze et des membrures en aluminium au fini anodis\u00e9. \u00abLes plans de verre pleine hauteur reculeront sous diff\u00e9rents angles dans une composition influenc\u00e9e par le contexte et la configuration du terrain\u2026 Les vides ainsi cr\u00e9\u00e9s entre le verre et le cadre seront transform\u00e9s en espaces ext\u00e9rieurs, comme extensions aux espaces de vie, et cr\u00e9eront une fragmentation exprimant le caract\u00e8re r\u00e9sidentiel du projet\u00bb, explique Cyr Beauchemin, architecte associ\u00e9 chez BLTA.<\/p>\n","protected":false},"excerpt":{"rendered":"<p>Le centre-ville de Montr\u00e9al accueillera bient\u00f4t un nouvel immeuble de 26 \u00e9tages comprenant 160 unit\u00e9s de condo. Destin\u00e9 aux jeunes professionnels ainsi qu\u2019aux b\u00e9b\u00e9-boumeurs amoureux de la vie urbaine et adeptes des transports actifs et collectifs, MUSE offrira des unit\u00e9s d\u2019une ou deux chambres \u00e0 coucher dont la taille variera de 510 \u00e0 922 pieds [&hellip;]<\/p>\n","protected":false},"author":285,"featured_media":0,"comment_status":"closed","ping_status":"closed","sticky":false,"template":"","format":"standard","meta":{"_acf_changed":false,"footnotes":""},"categories":[1],"tags":[],"class_list":["post-2534","post","type-post","status-publish","format-standard","hentry","category-non-classe"],"acf":[],"yoast_head":"<!-- This site is optimized with the Yoast SEO plugin v26.7 - https:\/\/yoast.com\/wordpress\/plugins\/seo\/ -->\n<title>Un projet dans le Mille carr\u00e9 dor\u00e9 | ERYCK V\u00c9ZIAU, COURTIER IMMOBILIER LAVAL, COURTIER IMMOBILIER STE-DOROTH\u00c9E, MAISON \u00c0 VENDRE LAVAL, AGENT IMMOBILIER STE-DOROTH\u00c9E<\/title>\n<meta name=\"robots\" content=\"index, follow, max-snippet:-1, max-image-preview:large, max-video-preview:-1\" \/>\n<link rel=\"canonical\" href=\"https:\/\/eryckveziau.com\/non-classe\/un-projet-dans-le-mille-carre-dore\/\" \/>\n<meta property=\"og:locale\" content=\"en_US\" \/>\n<meta property=\"og:type\" content=\"article\" \/>\n<meta property=\"og:title\" content=\"Un projet dans le Mille carr\u00e9 dor\u00e9 | ERYCK V\u00c9ZIAU, COURTIER IMMOBILIER LAVAL, COURTIER IMMOBILIER STE-DOROTH\u00c9E, MAISON \u00c0 VENDRE LAVAL, AGENT IMMOBILIER STE-DOROTH\u00c9E\" \/>\n<meta property=\"og:description\" content=\"Le centre-ville de Montr\u00e9al accueillera bient\u00f4t un nouvel immeuble de 26 \u00e9tages comprenant 160 unit\u00e9s de condo. Destin\u00e9 aux jeunes professionnels ainsi qu\u2019aux b\u00e9b\u00e9-boumeurs amoureux de la vie urbaine et adeptes des transports actifs et collectifs, MUSE offrira des unit\u00e9s d\u2019une ou deux chambres \u00e0 coucher dont la taille variera de 510 \u00e0 922 pieds [&hellip;]\" \/>\n<meta property=\"og:url\" content=\"https:\/\/eryckveziau.com\/non-classe\/un-projet-dans-le-mille-carre-dore\/\" \/>\n<meta property=\"og:site_name\" content=\"ERYCK V\u00c9ZIAU, COURTIER IMMOBILIER LAVAL, COURTIER IMMOBILIER STE-DOROTH\u00c9E, MAISON \u00c0 VENDRE LAVAL, AGENT IMMOBILIER STE-DOROTH\u00c9E\" \/>\n<meta property=\"article:publisher\" content=\"https:\/\/www.facebook.com\/EryckVeziau.courtier.immobilier.ReMax.Laval\" \/>\n<meta property=\"article:published_time\" content=\"2016-03-07T18:26:47+00:00\" \/>\n<meta property=\"article:modified_time\" content=\"2016-03-07T18:27:21+00:00\" \/>\n<meta property=\"og:image\" content=\"https:\/\/eryckveziau.com\/files\/2022\/09\/PartageEveziau.png\" \/>\n\t<meta property=\"og:image:width\" content=\"924\" \/>\n\t<meta property=\"og:image:height\" content=\"454\" \/>\n\t<meta property=\"og:image:type\" content=\"image\/png\" \/>\n<meta name=\"twitter:card\" content=\"summary_large_image\" \/>\n<meta name=\"twitter:label1\" content=\"Written by\" \/>\n\t<meta name=\"twitter:data1\" content=\"\" \/>\n\t<meta name=\"twitter:label2\" content=\"Est. reading time\" \/>\n\t<meta name=\"twitter:data2\" content=\"2 minutes\" \/>\n<script type=\"application\/ld+json\" class=\"yoast-schema-graph\">{\"@context\":\"https:\/\/schema.org\",\"@graph\":[{\"@type\":\"Article\",\"@id\":\"https:\/\/eryckveziau.com\/non-classe\/un-projet-dans-le-mille-carre-dore\/#article\",\"isPartOf\":{\"@id\":\"https:\/\/eryckveziau.com\/non-classe\/un-projet-dans-le-mille-carre-dore\/\"},\"author\":{\"name\":\"\",\"@id\":\"\"},\"headline\":\"Un projet dans le Mille carr\u00e9 dor\u00e9\",\"datePublished\":\"2016-03-07T18:26:47+00:00\",\"dateModified\":\"2016-03-07T18:27:21+00:00\",\"mainEntityOfPage\":{\"@id\":\"https:\/\/eryckveziau.com\/non-classe\/un-projet-dans-le-mille-carre-dore\/\"},\"wordCount\":329,\"publisher\":{\"@id\":\"https:\/\/eryckveziau.com\/en\/#organization\"},\"articleSection\":[\"Non class\u00e9\"],\"inLanguage\":\"en-US\"},{\"@type\":\"WebPage\",\"@id\":\"https:\/\/eryckveziau.com\/non-classe\/un-projet-dans-le-mille-carre-dore\/\",\"url\":\"https:\/\/eryckveziau.com\/non-classe\/un-projet-dans-le-mille-carre-dore\/\",\"name\":\"Un projet dans le Mille carr\u00e9 dor\u00e9 | ERYCK V\u00c9ZIAU, COURTIER IMMOBILIER LAVAL, COURTIER IMMOBILIER STE-DOROTH\u00c9E, MAISON \u00c0 VENDRE LAVAL, AGENT IMMOBILIER STE-DOROTH\u00c9E\",\"isPartOf\":{\"@id\":\"https:\/\/eryckveziau.com\/en\/#website\"},\"datePublished\":\"2016-03-07T18:26:47+00:00\",\"dateModified\":\"2016-03-07T18:27:21+00:00\",\"breadcrumb\":{\"@id\":\"https:\/\/eryckveziau.com\/non-classe\/un-projet-dans-le-mille-carre-dore\/#breadcrumb\"},\"inLanguage\":\"en-US\",\"potentialAction\":[{\"@type\":\"ReadAction\",\"target\":[\"https:\/\/eryckveziau.com\/non-classe\/un-projet-dans-le-mille-carre-dore\/\"]}]},{\"@type\":\"BreadcrumbList\",\"@id\":\"https:\/\/eryckveziau.com\/non-classe\/un-projet-dans-le-mille-carre-dore\/#breadcrumb\",\"itemListElement\":[{\"@type\":\"ListItem\",\"position\":1,\"name\":\"Accueil\",\"item\":\"https:\/\/eryckveziau.com\/en\/\"},{\"@type\":\"ListItem\",\"position\":2,\"name\":\"Un projet dans le Mille carr\u00e9 dor\u00e9\"}]},{\"@type\":\"WebSite\",\"@id\":\"https:\/\/eryckveziau.com\/en\/#website\",\"url\":\"https:\/\/eryckveziau.com\/en\/\",\"name\":\"ERYCK V\u00c9ZIAU, COURTIER IMMOBILIER LAVAL, COURTIER IMMOBILIER STE-DOROTH\u00c9E, MAISON \u00c0 VENDRE LAVAL, AGENT IMMOBILIER STE-DOROTH\u00c9E\",\"description\":\"\",\"publisher\":{\"@id\":\"https:\/\/eryckveziau.com\/en\/#organization\"},\"potentialAction\":[{\"@type\":\"SearchAction\",\"target\":{\"@type\":\"EntryPoint\",\"urlTemplate\":\"https:\/\/eryckveziau.com\/en\/?s={search_term_string}\"},\"query-input\":{\"@type\":\"PropertyValueSpecification\",\"valueRequired\":true,\"valueName\":\"search_term_string\"}}],\"inLanguage\":\"en-US\"},{\"@type\":\"Organization\",\"@id\":\"https:\/\/eryckveziau.com\/en\/#organization\",\"name\":\"Eryck V\u00e9ziau RE\/MAX\",\"url\":\"https:\/\/eryckveziau.com\/en\/\",\"logo\":{\"@type\":\"ImageObject\",\"inLanguage\":\"en-US\",\"@id\":\"https:\/\/eryckveziau.com\/en\/#\/schema\/logo\/image\/\",\"url\":\"https:\/\/eryckveziau.com\/files\/2022\/09\/PartageEveziau.png\",\"contentUrl\":\"https:\/\/eryckveziau.com\/files\/2022\/09\/PartageEveziau.png\",\"width\":924,\"height\":454,\"caption\":\"Eryck V\u00e9ziau RE\/MAX\"},\"image\":{\"@id\":\"https:\/\/eryckveziau.com\/en\/#\/schema\/logo\/image\/\"},\"sameAs\":[\"https:\/\/www.facebook.com\/EryckVeziau.courtier.immobilier.ReMax.Laval\",\"https:\/\/www.instagram.com\/eryck_veziau_remax\/\",\"https:\/\/www.linkedin.com\/in\/eryck-v\u00e9ziau-6a445134\/\",\"https:\/\/www.youtube.com\/user\/eveziau\"]},{\"@type\":\"Person\",\"@id\":\"\",\"url\":\"https:\/\/eryckveziau.com\/en\/author\/\"}]}<\/script>\n<!-- \/ Yoast SEO plugin. -->","yoast_head_json":{"title":"Un projet dans le Mille carr\u00e9 dor\u00e9 | ERYCK V\u00c9ZIAU, COURTIER IMMOBILIER LAVAL, COURTIER IMMOBILIER STE-DOROTH\u00c9E, MAISON \u00c0 VENDRE LAVAL, AGENT IMMOBILIER STE-DOROTH\u00c9E","robots":{"index":"index","follow":"follow","max-snippet":"max-snippet:-1","max-image-preview":"max-image-preview:large","max-video-preview":"max-video-preview:-1"},"canonical":"https:\/\/eryckveziau.com\/non-classe\/un-projet-dans-le-mille-carre-dore\/","og_locale":"en_US","og_type":"article","og_title":"Un projet dans le Mille carr\u00e9 dor\u00e9 | ERYCK V\u00c9ZIAU, COURTIER IMMOBILIER LAVAL, COURTIER IMMOBILIER STE-DOROTH\u00c9E, MAISON \u00c0 VENDRE LAVAL, AGENT IMMOBILIER STE-DOROTH\u00c9E","og_description":"Le centre-ville de Montr\u00e9al accueillera bient\u00f4t un nouvel immeuble de 26 \u00e9tages comprenant 160 unit\u00e9s de condo. Destin\u00e9 aux jeunes professionnels ainsi qu\u2019aux b\u00e9b\u00e9-boumeurs amoureux de la vie urbaine et adeptes des transports actifs et collectifs, MUSE offrira des unit\u00e9s d\u2019une ou deux chambres \u00e0 coucher dont la taille variera de 510 \u00e0 922 pieds [&hellip;]","og_url":"https:\/\/eryckveziau.com\/non-classe\/un-projet-dans-le-mille-carre-dore\/","og_site_name":"ERYCK V\u00c9ZIAU, COURTIER IMMOBILIER LAVAL, COURTIER IMMOBILIER STE-DOROTH\u00c9E, MAISON \u00c0 VENDRE LAVAL, AGENT IMMOBILIER STE-DOROTH\u00c9E","article_publisher":"https:\/\/www.facebook.com\/EryckVeziau.courtier.immobilier.ReMax.Laval","article_published_time":"2016-03-07T18:26:47+00:00","article_modified_time":"2016-03-07T18:27:21+00:00","og_image":[{"width":924,"height":454,"url":"https:\/\/eryckveziau.com\/files\/2022\/09\/PartageEveziau.png","type":"image\/png"}],"twitter_card":"summary_large_image","twitter_misc":{"Written by":"","Est. reading time":"2 minutes"},"schema":{"@context":"https:\/\/schema.org","@graph":[{"@type":"Article","@id":"https:\/\/eryckveziau.com\/non-classe\/un-projet-dans-le-mille-carre-dore\/#article","isPartOf":{"@id":"https:\/\/eryckveziau.com\/non-classe\/un-projet-dans-le-mille-carre-dore\/"},"author":{"name":"","@id":""},"headline":"Un projet dans le Mille carr\u00e9 dor\u00e9","datePublished":"2016-03-07T18:26:47+00:00","dateModified":"2016-03-07T18:27:21+00:00","mainEntityOfPage":{"@id":"https:\/\/eryckveziau.com\/non-classe\/un-projet-dans-le-mille-carre-dore\/"},"wordCount":329,"publisher":{"@id":"https:\/\/eryckveziau.com\/en\/#organization"},"articleSection":["Non class\u00e9"],"inLanguage":"en-US"},{"@type":"WebPage","@id":"https:\/\/eryckveziau.com\/non-classe\/un-projet-dans-le-mille-carre-dore\/","url":"https:\/\/eryckveziau.com\/non-classe\/un-projet-dans-le-mille-carre-dore\/","name":"Un projet dans le Mille carr\u00e9 dor\u00e9 | ERYCK V\u00c9ZIAU, COURTIER IMMOBILIER LAVAL, COURTIER IMMOBILIER STE-DOROTH\u00c9E, MAISON \u00c0 VENDRE LAVAL, AGENT IMMOBILIER STE-DOROTH\u00c9E","isPartOf":{"@id":"https:\/\/eryckveziau.com\/en\/#website"},"datePublished":"2016-03-07T18:26:47+00:00","dateModified":"2016-03-07T18:27:21+00:00","breadcrumb":{"@id":"https:\/\/eryckveziau.com\/non-classe\/un-projet-dans-le-mille-carre-dore\/#breadcrumb"},"inLanguage":"en-US","potentialAction":[{"@type":"ReadAction","target":["https:\/\/eryckveziau.com\/non-classe\/un-projet-dans-le-mille-carre-dore\/"]}]},{"@type":"BreadcrumbList","@id":"https:\/\/eryckveziau.com\/non-classe\/un-projet-dans-le-mille-carre-dore\/#breadcrumb","itemListElement":[{"@type":"ListItem","position":1,"name":"Accueil","item":"https:\/\/eryckveziau.com\/en\/"},{"@type":"ListItem","position":2,"name":"Un projet dans le Mille carr\u00e9 dor\u00e9"}]},{"@type":"WebSite","@id":"https:\/\/eryckveziau.com\/en\/#website","url":"https:\/\/eryckveziau.com\/en\/","name":"ERYCK V\u00c9ZIAU, COURTIER IMMOBILIER LAVAL, COURTIER IMMOBILIER STE-DOROTH\u00c9E, MAISON \u00c0 VENDRE LAVAL, AGENT IMMOBILIER STE-DOROTH\u00c9E","description":"","publisher":{"@id":"https:\/\/eryckveziau.com\/en\/#organization"},"potentialAction":[{"@type":"SearchAction","target":{"@type":"EntryPoint","urlTemplate":"https:\/\/eryckveziau.com\/en\/?s={search_term_string}"},"query-input":{"@type":"PropertyValueSpecification","valueRequired":true,"valueName":"search_term_string"}}],"inLanguage":"en-US"},{"@type":"Organization","@id":"https:\/\/eryckveziau.com\/en\/#organization","name":"Eryck V\u00e9ziau RE\/MAX","url":"https:\/\/eryckveziau.com\/en\/","logo":{"@type":"ImageObject","inLanguage":"en-US","@id":"https:\/\/eryckveziau.com\/en\/#\/schema\/logo\/image\/","url":"https:\/\/eryckveziau.com\/files\/2022\/09\/PartageEveziau.png","contentUrl":"https:\/\/eryckveziau.com\/files\/2022\/09\/PartageEveziau.png","width":924,"height":454,"caption":"Eryck V\u00e9ziau RE\/MAX"},"image":{"@id":"https:\/\/eryckveziau.com\/en\/#\/schema\/logo\/image\/"},"sameAs":["https:\/\/www.facebook.com\/EryckVeziau.courtier.immobilier.ReMax.Laval","https:\/\/www.instagram.com\/eryck_veziau_remax\/","https:\/\/www.linkedin.com\/in\/eryck-v\u00e9ziau-6a445134\/","https:\/\/www.youtube.com\/user\/eveziau"]},{"@type":"Person","@id":"","url":"https:\/\/eryckveziau.com\/en\/author\/"}]}},"_links":{"self":[{"href":"https:\/\/eryckveziau.com\/en\/wp-json\/wp\/v2\/posts\/2534","targetHints":{"allow":["GET"]}}],"collection":[{"href":"https:\/\/eryckveziau.com\/en\/wp-json\/wp\/v2\/posts"}],"about":[{"href":"https:\/\/eryckveziau.com\/en\/wp-json\/wp\/v2\/types\/post"}],"author":[{"embeddable":true,"href":"https:\/\/eryckveziau.com\/en\/wp-json\/wp\/v2\/users\/285"}],"replies":[{"embeddable":true,"href":"https:\/\/eryckveziau.com\/en\/wp-json\/wp\/v2\/comments?post=2534"}],"version-history":[{"count":1,"href":"https:\/\/eryckveziau.com\/en\/wp-json\/wp\/v2\/posts\/2534\/revisions"}],"predecessor-version":[{"id":2535,"href":"https:\/\/eryckveziau.com\/en\/wp-json\/wp\/v2\/posts\/2534\/revisions\/2535"}],"wp:attachment":[{"href":"https:\/\/eryckveziau.com\/en\/wp-json\/wp\/v2\/media?parent=2534"}],"wp:term":[{"taxonomy":"category","embeddable":true,"href":"https:\/\/eryckveziau.com\/en\/wp-json\/wp\/v2\/categories?post=2534"},{"taxonomy":"post_tag","embeddable":true,"href":"https:\/\/eryckveziau.com\/en\/wp-json\/wp\/v2\/tags?post=2534"}],"curies":[{"name":"wp","href":"https:\/\/api.w.org\/{rel}","templated":true}]}}