{"id":2522,"date":"2016-02-26T12:21:37","date_gmt":"2016-02-26T17:21:37","guid":{"rendered":"\/?p=2522"},"modified":"2016-02-26T12:21:37","modified_gmt":"2016-02-26T17:21:37","slug":"subventions-aux-citoyens-6","status":"publish","type":"post","link":"https:\/\/eryckveziau.com\/en\/non-classe\/subventions-aux-citoyens-6\/","title":{"rendered":"Subventions aux citoyens"},"content":{"rendered":"<h3 id=\"subtheme-title\"><a class=\"colorized\" href=\"http:\/\/www.laval.ca\/Pages\/Fr\/Citoyens\/favoriser-le-soutien-des-personnes-agees-de-65-ans-et-plus.aspx\"> <span>Soutien des personnes \u00e2g\u00e9es de 65 ans et plus<\/span> <\/a><\/h3>\n<p><a href=\"http:\/\/www.laval.ca\/Pages\/Fr\/Citoyens\/favoriser-le-soutien-des-personnes-agees-de-65-ans-et-plus.aspx\"> <img decoding=\"async\" class=\"float-left\" src=\"http:\/\/www.laval.ca\/PublishingImages\/Pages\/Fr\/Citoyens\/subventions-aux-citoyens\/aines-175x110.jpg\" alt=\"\" border=\"0\" \/> <\/a><\/p>\n<div class=\"summary float-left\">\n<p>\u200b\u200b\u200b\u200b\u200b\u200b\u200b\u200b\u200b\u200b\u200b\u200b\u200b\u200b\u200b\u200b\u200b\u200b\u200bPour l\u2019ann\u00e9e 2015, toute personne \u00e2g\u00e9e de 65 ans ou plus et demeurant \u00e0 Laval\u00a0au 1<sup>er<\/sup> mai 2015 qui r\u00e9side sur le territoire de la Ville de Laval \u00e0 titre de locataire ou de propri\u00e9taire d\u2019un logement ou d\u2019une unit\u00e9 d\u2019habitation lui tenant lieu de leur r\u00e9sidence principale peut recevoir, si elle r\u00e9pond aux conditions d\u2019admissibilit\u00e9 pr\u00e9vues au r\u00e8glement L-12221, une subvention pour favoriser le soutien des personnes \u00e2g\u00e9es de 65 ans ou plus\u200b<\/p>\n<\/div>\n","protected":false},"excerpt":{"rendered":"<p>Soutien des personnes \u00e2g\u00e9es de 65 ans et plus \u200b\u200b\u200b\u200b\u200b\u200b\u200b\u200b\u200b\u200b\u200b\u200b\u200b\u200b\u200b\u200b\u200b\u200b\u200bPour l\u2019ann\u00e9e 2015, toute personne \u00e2g\u00e9e de 65 ans ou plus et demeurant \u00e0 Laval\u00a0au 1er mai 2015 qui r\u00e9side sur le territoire de la Ville de Laval \u00e0 titre de locataire ou de propri\u00e9taire d\u2019un logement ou d\u2019une unit\u00e9 d\u2019habitation lui tenant lieu de leur [&hellip;]<\/p>\n","protected":false},"author":285,"featured_media":0,"comment_status":"closed","ping_status":"closed","sticky":false,"template":"","format":"standard","meta":{"_acf_changed":false,"footnotes":""},"categories":[1],"tags":[],"class_list":["post-2522","post","type-post","status-publish","format-standard","hentry","category-non-classe"],"acf":[],"yoast_head":"<!-- This site is optimized with the Yoast SEO plugin v26.7 - https:\/\/yoast.com\/wordpress\/plugins\/seo\/ -->\n<title>Subventions aux citoyens | ERYCK V\u00c9ZIAU, COURTIER IMMOBILIER LAVAL, COURTIER IMMOBILIER STE-DOROTH\u00c9E, MAISON \u00c0 VENDRE LAVAL, AGENT IMMOBILIER STE-DOROTH\u00c9E<\/title>\n<meta name=\"robots\" content=\"index, follow, max-snippet:-1, max-image-preview:large, max-video-preview:-1\" \/>\n<link rel=\"canonical\" href=\"https:\/\/eryckveziau.com\/en\/non-classe\/subventions-aux-citoyens-6\/\" \/>\n<meta property=\"og:locale\" content=\"en_US\" \/>\n<meta property=\"og:type\" content=\"article\" \/>\n<meta property=\"og:title\" content=\"Subventions aux citoyens | ERYCK V\u00c9ZIAU, COURTIER IMMOBILIER LAVAL, COURTIER IMMOBILIER STE-DOROTH\u00c9E, MAISON \u00c0 VENDRE LAVAL, AGENT IMMOBILIER STE-DOROTH\u00c9E\" \/>\n<meta property=\"og:description\" content=\"Soutien des personnes \u00e2g\u00e9es de 65 ans et plus \u200b\u200b\u200b\u200b\u200b\u200b\u200b\u200b\u200b\u200b\u200b\u200b\u200b\u200b\u200b\u200b\u200b\u200b\u200bPour l\u2019ann\u00e9e 2015, toute personne \u00e2g\u00e9e de 65 ans ou plus et demeurant \u00e0 Laval\u00a0au 1er mai 2015 qui r\u00e9side sur le territoire de la Ville de Laval \u00e0 titre de locataire ou de propri\u00e9taire d\u2019un logement ou d\u2019une unit\u00e9 d\u2019habitation lui tenant lieu de leur [&hellip;]\" \/>\n<meta property=\"og:url\" content=\"https:\/\/eryckveziau.com\/en\/non-classe\/subventions-aux-citoyens-6\/\" \/>\n<meta property=\"og:site_name\" content=\"ERYCK V\u00c9ZIAU, COURTIER IMMOBILIER LAVAL, COURTIER IMMOBILIER STE-DOROTH\u00c9E, MAISON \u00c0 VENDRE LAVAL, AGENT IMMOBILIER STE-DOROTH\u00c9E\" \/>\n<meta property=\"article:publisher\" content=\"https:\/\/www.facebook.com\/EryckVeziau.courtier.immobilier.ReMax.Laval\" \/>\n<meta property=\"article:published_time\" content=\"2016-02-26T17:21:37+00:00\" \/>\n<meta property=\"og:image\" content=\"http:\/\/www.laval.ca\/PublishingImages\/Pages\/Fr\/Citoyens\/subventions-aux-citoyens\/aines-175x110.jpg\" \/>\n<meta name=\"twitter:card\" content=\"summary_large_image\" \/>\n<meta name=\"twitter:label1\" content=\"Written by\" \/>\n\t<meta name=\"twitter:data1\" content=\"\" \/>\n<script type=\"application\/ld+json\" class=\"yoast-schema-graph\">{\"@context\":\"https:\/\/schema.org\",\"@graph\":[{\"@type\":\"Article\",\"@id\":\"https:\/\/eryckveziau.com\/en\/non-classe\/subventions-aux-citoyens-6\/#article\",\"isPartOf\":{\"@id\":\"https:\/\/eryckveziau.com\/en\/non-classe\/subventions-aux-citoyens-6\/\"},\"author\":{\"name\":\"\",\"@id\":\"\"},\"headline\":\"Subventions aux citoyens\",\"datePublished\":\"2016-02-26T17:21:37+00:00\",\"mainEntityOfPage\":{\"@id\":\"https:\/\/eryckveziau.com\/en\/non-classe\/subventions-aux-citoyens-6\/\"},\"wordCount\":95,\"publisher\":{\"@id\":\"https:\/\/eryckveziau.com\/en\/#organization\"},\"image\":{\"@id\":\"https:\/\/eryckveziau.com\/en\/non-classe\/subventions-aux-citoyens-6\/#primaryimage\"},\"thumbnailUrl\":\"http:\/\/www.laval.ca\/PublishingImages\/Pages\/Fr\/Citoyens\/subventions-aux-citoyens\/aines-175x110.jpg\",\"articleSection\":[\"Non class\u00e9\"],\"inLanguage\":\"en-US\"},{\"@type\":\"WebPage\",\"@id\":\"https:\/\/eryckveziau.com\/en\/non-classe\/subventions-aux-citoyens-6\/\",\"url\":\"https:\/\/eryckveziau.com\/en\/non-classe\/subventions-aux-citoyens-6\/\",\"name\":\"Subventions aux citoyens | ERYCK V\u00c9ZIAU, COURTIER IMMOBILIER LAVAL, COURTIER IMMOBILIER STE-DOROTH\u00c9E, MAISON \u00c0 VENDRE LAVAL, AGENT IMMOBILIER STE-DOROTH\u00c9E\",\"isPartOf\":{\"@id\":\"https:\/\/eryckveziau.com\/en\/#website\"},\"primaryImageOfPage\":{\"@id\":\"https:\/\/eryckveziau.com\/en\/non-classe\/subventions-aux-citoyens-6\/#primaryimage\"},\"image\":{\"@id\":\"https:\/\/eryckveziau.com\/en\/non-classe\/subventions-aux-citoyens-6\/#primaryimage\"},\"thumbnailUrl\":\"http:\/\/www.laval.ca\/PublishingImages\/Pages\/Fr\/Citoyens\/subventions-aux-citoyens\/aines-175x110.jpg\",\"datePublished\":\"2016-02-26T17:21:37+00:00\",\"breadcrumb\":{\"@id\":\"https:\/\/eryckveziau.com\/en\/non-classe\/subventions-aux-citoyens-6\/#breadcrumb\"},\"inLanguage\":\"en-US\",\"potentialAction\":[{\"@type\":\"ReadAction\",\"target\":[\"https:\/\/eryckveziau.com\/en\/non-classe\/subventions-aux-citoyens-6\/\"]}]},{\"@type\":\"ImageObject\",\"inLanguage\":\"en-US\",\"@id\":\"https:\/\/eryckveziau.com\/en\/non-classe\/subventions-aux-citoyens-6\/#primaryimage\",\"url\":\"http:\/\/www.laval.ca\/PublishingImages\/Pages\/Fr\/Citoyens\/subventions-aux-citoyens\/aines-175x110.jpg\",\"contentUrl\":\"http:\/\/www.laval.ca\/PublishingImages\/Pages\/Fr\/Citoyens\/subventions-aux-citoyens\/aines-175x110.jpg\"},{\"@type\":\"BreadcrumbList\",\"@id\":\"https:\/\/eryckveziau.com\/en\/non-classe\/subventions-aux-citoyens-6\/#breadcrumb\",\"itemListElement\":[{\"@type\":\"ListItem\",\"position\":1,\"name\":\"Accueil\",\"item\":\"https:\/\/eryckveziau.com\/en\/\"},{\"@type\":\"ListItem\",\"position\":2,\"name\":\"Subventions aux citoyens\"}]},{\"@type\":\"WebSite\",\"@id\":\"https:\/\/eryckveziau.com\/en\/#website\",\"url\":\"https:\/\/eryckveziau.com\/en\/\",\"name\":\"ERYCK V\u00c9ZIAU, COURTIER IMMOBILIER LAVAL, COURTIER IMMOBILIER STE-DOROTH\u00c9E, MAISON \u00c0 VENDRE LAVAL, AGENT IMMOBILIER STE-DOROTH\u00c9E\",\"description\":\"\",\"publisher\":{\"@id\":\"https:\/\/eryckveziau.com\/en\/#organization\"},\"potentialAction\":[{\"@type\":\"SearchAction\",\"target\":{\"@type\":\"EntryPoint\",\"urlTemplate\":\"https:\/\/eryckveziau.com\/en\/?s={search_term_string}\"},\"query-input\":{\"@type\":\"PropertyValueSpecification\",\"valueRequired\":true,\"valueName\":\"search_term_string\"}}],\"inLanguage\":\"en-US\"},{\"@type\":\"Organization\",\"@id\":\"https:\/\/eryckveziau.com\/en\/#organization\",\"name\":\"Eryck V\u00e9ziau RE\/MAX\",\"url\":\"https:\/\/eryckveziau.com\/en\/\",\"logo\":{\"@type\":\"ImageObject\",\"inLanguage\":\"en-US\",\"@id\":\"https:\/\/eryckveziau.com\/en\/#\/schema\/logo\/image\/\",\"url\":\"https:\/\/eryckveziau.com\/files\/2022\/09\/PartageEveziau.png\",\"contentUrl\":\"https:\/\/eryckveziau.com\/files\/2022\/09\/PartageEveziau.png\",\"width\":924,\"height\":454,\"caption\":\"Eryck V\u00e9ziau RE\/MAX\"},\"image\":{\"@id\":\"https:\/\/eryckveziau.com\/en\/#\/schema\/logo\/image\/\"},\"sameAs\":[\"https:\/\/www.facebook.com\/EryckVeziau.courtier.immobilier.ReMax.Laval\",\"https:\/\/www.instagram.com\/eryck_veziau_remax\/\",\"https:\/\/www.linkedin.com\/in\/eryck-v\u00e9ziau-6a445134\/\",\"https:\/\/www.youtube.com\/user\/eveziau\"]},{\"@type\":\"Person\",\"@id\":\"\",\"url\":\"https:\/\/eryckveziau.com\/en\/author\/\"}]}<\/script>\n<!-- \/ Yoast SEO plugin. -->","yoast_head_json":{"title":"Subventions aux citoyens | ERYCK V\u00c9ZIAU, COURTIER IMMOBILIER LAVAL, COURTIER IMMOBILIER STE-DOROTH\u00c9E, MAISON \u00c0 VENDRE LAVAL, AGENT IMMOBILIER STE-DOROTH\u00c9E","robots":{"index":"index","follow":"follow","max-snippet":"max-snippet:-1","max-image-preview":"max-image-preview:large","max-video-preview":"max-video-preview:-1"},"canonical":"https:\/\/eryckveziau.com\/en\/non-classe\/subventions-aux-citoyens-6\/","og_locale":"en_US","og_type":"article","og_title":"Subventions aux citoyens | ERYCK V\u00c9ZIAU, COURTIER IMMOBILIER LAVAL, COURTIER IMMOBILIER STE-DOROTH\u00c9E, MAISON \u00c0 VENDRE LAVAL, AGENT IMMOBILIER STE-DOROTH\u00c9E","og_description":"Soutien des personnes \u00e2g\u00e9es de 65 ans et plus \u200b\u200b\u200b\u200b\u200b\u200b\u200b\u200b\u200b\u200b\u200b\u200b\u200b\u200b\u200b\u200b\u200b\u200b\u200bPour l\u2019ann\u00e9e 2015, toute personne \u00e2g\u00e9e de 65 ans ou plus et demeurant \u00e0 Laval\u00a0au 1er mai 2015 qui r\u00e9side sur le territoire de la Ville de Laval \u00e0 titre de locataire ou de propri\u00e9taire d\u2019un logement ou d\u2019une unit\u00e9 d\u2019habitation lui tenant lieu de leur [&hellip;]","og_url":"https:\/\/eryckveziau.com\/en\/non-classe\/subventions-aux-citoyens-6\/","og_site_name":"ERYCK V\u00c9ZIAU, COURTIER IMMOBILIER LAVAL, COURTIER IMMOBILIER STE-DOROTH\u00c9E, MAISON \u00c0 VENDRE LAVAL, AGENT IMMOBILIER STE-DOROTH\u00c9E","article_publisher":"https:\/\/www.facebook.com\/EryckVeziau.courtier.immobilier.ReMax.Laval","article_published_time":"2016-02-26T17:21:37+00:00","og_image":[{"url":"http:\/\/www.laval.ca\/PublishingImages\/Pages\/Fr\/Citoyens\/subventions-aux-citoyens\/aines-175x110.jpg","type":"","width":"","height":""}],"twitter_card":"summary_large_image","twitter_misc":{"Written by":""},"schema":{"@context":"https:\/\/schema.org","@graph":[{"@type":"Article","@id":"https:\/\/eryckveziau.com\/en\/non-classe\/subventions-aux-citoyens-6\/#article","isPartOf":{"@id":"https:\/\/eryckveziau.com\/en\/non-classe\/subventions-aux-citoyens-6\/"},"author":{"name":"","@id":""},"headline":"Subventions aux citoyens","datePublished":"2016-02-26T17:21:37+00:00","mainEntityOfPage":{"@id":"https:\/\/eryckveziau.com\/en\/non-classe\/subventions-aux-citoyens-6\/"},"wordCount":95,"publisher":{"@id":"https:\/\/eryckveziau.com\/en\/#organization"},"image":{"@id":"https:\/\/eryckveziau.com\/en\/non-classe\/subventions-aux-citoyens-6\/#primaryimage"},"thumbnailUrl":"http:\/\/www.laval.ca\/PublishingImages\/Pages\/Fr\/Citoyens\/subventions-aux-citoyens\/aines-175x110.jpg","articleSection":["Non class\u00e9"],"inLanguage":"en-US"},{"@type":"WebPage","@id":"https:\/\/eryckveziau.com\/en\/non-classe\/subventions-aux-citoyens-6\/","url":"https:\/\/eryckveziau.com\/en\/non-classe\/subventions-aux-citoyens-6\/","name":"Subventions aux citoyens | ERYCK V\u00c9ZIAU, COURTIER IMMOBILIER LAVAL, COURTIER IMMOBILIER STE-DOROTH\u00c9E, MAISON \u00c0 VENDRE LAVAL, AGENT IMMOBILIER STE-DOROTH\u00c9E","isPartOf":{"@id":"https:\/\/eryckveziau.com\/en\/#website"},"primaryImageOfPage":{"@id":"https:\/\/eryckveziau.com\/en\/non-classe\/subventions-aux-citoyens-6\/#primaryimage"},"image":{"@id":"https:\/\/eryckveziau.com\/en\/non-classe\/subventions-aux-citoyens-6\/#primaryimage"},"thumbnailUrl":"http:\/\/www.laval.ca\/PublishingImages\/Pages\/Fr\/Citoyens\/subventions-aux-citoyens\/aines-175x110.jpg","datePublished":"2016-02-26T17:21:37+00:00","breadcrumb":{"@id":"https:\/\/eryckveziau.com\/en\/non-classe\/subventions-aux-citoyens-6\/#breadcrumb"},"inLanguage":"en-US","potentialAction":[{"@type":"ReadAction","target":["https:\/\/eryckveziau.com\/en\/non-classe\/subventions-aux-citoyens-6\/"]}]},{"@type":"ImageObject","inLanguage":"en-US","@id":"https:\/\/eryckveziau.com\/en\/non-classe\/subventions-aux-citoyens-6\/#primaryimage","url":"http:\/\/www.laval.ca\/PublishingImages\/Pages\/Fr\/Citoyens\/subventions-aux-citoyens\/aines-175x110.jpg","contentUrl":"http:\/\/www.laval.ca\/PublishingImages\/Pages\/Fr\/Citoyens\/subventions-aux-citoyens\/aines-175x110.jpg"},{"@type":"BreadcrumbList","@id":"https:\/\/eryckveziau.com\/en\/non-classe\/subventions-aux-citoyens-6\/#breadcrumb","itemListElement":[{"@type":"ListItem","position":1,"name":"Accueil","item":"https:\/\/eryckveziau.com\/en\/"},{"@type":"ListItem","position":2,"name":"Subventions aux citoyens"}]},{"@type":"WebSite","@id":"https:\/\/eryckveziau.com\/en\/#website","url":"https:\/\/eryckveziau.com\/en\/","name":"ERYCK V\u00c9ZIAU, COURTIER IMMOBILIER LAVAL, COURTIER IMMOBILIER STE-DOROTH\u00c9E, MAISON \u00c0 VENDRE LAVAL, AGENT IMMOBILIER STE-DOROTH\u00c9E","description":"","publisher":{"@id":"https:\/\/eryckveziau.com\/en\/#organization"},"potentialAction":[{"@type":"SearchAction","target":{"@type":"EntryPoint","urlTemplate":"https:\/\/eryckveziau.com\/en\/?s={search_term_string}"},"query-input":{"@type":"PropertyValueSpecification","valueRequired":true,"valueName":"search_term_string"}}],"inLanguage":"en-US"},{"@type":"Organization","@id":"https:\/\/eryckveziau.com\/en\/#organization","name":"Eryck V\u00e9ziau RE\/MAX","url":"https:\/\/eryckveziau.com\/en\/","logo":{"@type":"ImageObject","inLanguage":"en-US","@id":"https:\/\/eryckveziau.com\/en\/#\/schema\/logo\/image\/","url":"https:\/\/eryckveziau.com\/files\/2022\/09\/PartageEveziau.png","contentUrl":"https:\/\/eryckveziau.com\/files\/2022\/09\/PartageEveziau.png","width":924,"height":454,"caption":"Eryck V\u00e9ziau RE\/MAX"},"image":{"@id":"https:\/\/eryckveziau.com\/en\/#\/schema\/logo\/image\/"},"sameAs":["https:\/\/www.facebook.com\/EryckVeziau.courtier.immobilier.ReMax.Laval","https:\/\/www.instagram.com\/eryck_veziau_remax\/","https:\/\/www.linkedin.com\/in\/eryck-v\u00e9ziau-6a445134\/","https:\/\/www.youtube.com\/user\/eveziau"]},{"@type":"Person","@id":"","url":"https:\/\/eryckveziau.com\/en\/author\/"}]}},"_links":{"self":[{"href":"https:\/\/eryckveziau.com\/en\/wp-json\/wp\/v2\/posts\/2522","targetHints":{"allow":["GET"]}}],"collection":[{"href":"https:\/\/eryckveziau.com\/en\/wp-json\/wp\/v2\/posts"}],"about":[{"href":"https:\/\/eryckveziau.com\/en\/wp-json\/wp\/v2\/types\/post"}],"author":[{"embeddable":true,"href":"https:\/\/eryckveziau.com\/en\/wp-json\/wp\/v2\/users\/285"}],"replies":[{"embeddable":true,"href":"https:\/\/eryckveziau.com\/en\/wp-json\/wp\/v2\/comments?post=2522"}],"version-history":[{"count":1,"href":"https:\/\/eryckveziau.com\/en\/wp-json\/wp\/v2\/posts\/2522\/revisions"}],"predecessor-version":[{"id":2523,"href":"https:\/\/eryckveziau.com\/en\/wp-json\/wp\/v2\/posts\/2522\/revisions\/2523"}],"wp:attachment":[{"href":"https:\/\/eryckveziau.com\/en\/wp-json\/wp\/v2\/media?parent=2522"}],"wp:term":[{"taxonomy":"category","embeddable":true,"href":"https:\/\/eryckveziau.com\/en\/wp-json\/wp\/v2\/categories?post=2522"},{"taxonomy":"post_tag","embeddable":true,"href":"https:\/\/eryckveziau.com\/en\/wp-json\/wp\/v2\/tags?post=2522"}],"curies":[{"name":"wp","href":"https:\/\/api.w.org\/{rel}","templated":true}]}}