{"id":2520,"date":"2016-02-26T12:19:52","date_gmt":"2016-02-26T17:19:52","guid":{"rendered":"\/?p=2520"},"modified":"2016-02-26T12:19:52","modified_gmt":"2016-02-26T17:19:52","slug":"subventions-aux-citoyens-5","status":"publish","type":"post","link":"https:\/\/eryckveziau.com\/en\/non-classe\/subventions-aux-citoyens-5\/","title":{"rendered":"Subventions aux citoyens"},"content":{"rendered":"<h3 id=\"subtheme-title\"><a class=\"colorized\" href=\"http:\/\/www.laval.ca\/Pages\/Fr\/Citoyens\/plantation-et-entretien-des-arbres-code-de-larbre.aspx\"> <span>Plantation et entretien des arbres (Code de l\u2019arbre)<\/span> <\/a><\/h3>\n<p><a href=\"http:\/\/www.laval.ca\/Pages\/Fr\/Citoyens\/plantation-et-entretien-des-arbres-code-de-larbre.aspx\"> <img decoding=\"async\" class=\"float-left\" src=\"http:\/\/www.laval.ca\/PublishingImages\/Pages\/Fr\/Citoyens\/subventions-aux-citoyens\/planter-arbre-175x110.jpg\" alt=\"\" border=\"0\" \/> <\/a><\/p>\n<div class=\"summary float-left\">\u200b\u200b \u200bSi vous \u00eates propri\u00e9taire d\u2019une ou de plusieurs habitations r\u00e9sidentielles lavalloises, la Ville de Laval vous offre une subvention pour la plantation et l\u2019entretien d\u2019arbres sur vos terrains\u200b<\/div>\n","protected":false},"excerpt":{"rendered":"<p>Plantation et entretien des arbres (Code de l\u2019arbre) \u200b\u200b \u200bSi vous \u00eates propri\u00e9taire d\u2019une ou de plusieurs habitations r\u00e9sidentielles lavalloises, la Ville de Laval vous offre une subvention pour la plantation et l\u2019entretien d\u2019arbres sur vos terrains\u200b<\/p>\n","protected":false},"author":285,"featured_media":0,"comment_status":"closed","ping_status":"closed","sticky":false,"template":"","format":"standard","meta":{"_acf_changed":false,"footnotes":""},"categories":[1],"tags":[],"class_list":["post-2520","post","type-post","status-publish","format-standard","hentry","category-non-classe"],"acf":[],"yoast_head":"<!-- This site is optimized with the Yoast SEO plugin v26.7 - https:\/\/yoast.com\/wordpress\/plugins\/seo\/ -->\n<title>Subventions aux citoyens | ERYCK V\u00c9ZIAU, COURTIER IMMOBILIER LAVAL, COURTIER IMMOBILIER STE-DOROTH\u00c9E, MAISON \u00c0 VENDRE LAVAL, AGENT IMMOBILIER STE-DOROTH\u00c9E<\/title>\n<meta name=\"robots\" content=\"index, follow, max-snippet:-1, max-image-preview:large, max-video-preview:-1\" \/>\n<link rel=\"canonical\" href=\"https:\/\/eryckveziau.com\/non-classe\/subventions-aux-citoyens-5\/\" \/>\n<meta property=\"og:locale\" content=\"en_US\" \/>\n<meta property=\"og:type\" content=\"article\" \/>\n<meta property=\"og:title\" content=\"Subventions aux citoyens | ERYCK V\u00c9ZIAU, COURTIER IMMOBILIER LAVAL, COURTIER IMMOBILIER STE-DOROTH\u00c9E, MAISON \u00c0 VENDRE LAVAL, AGENT IMMOBILIER STE-DOROTH\u00c9E\" \/>\n<meta property=\"og:description\" content=\"Plantation et entretien des arbres (Code de l\u2019arbre) \u200b\u200b \u200bSi vous \u00eates propri\u00e9taire d\u2019une ou de plusieurs habitations r\u00e9sidentielles lavalloises, la Ville de Laval vous offre une subvention pour la plantation et l\u2019entretien d\u2019arbres sur vos terrains\u200b\" \/>\n<meta property=\"og:url\" content=\"https:\/\/eryckveziau.com\/non-classe\/subventions-aux-citoyens-5\/\" \/>\n<meta property=\"og:site_name\" content=\"ERYCK V\u00c9ZIAU, COURTIER IMMOBILIER LAVAL, COURTIER IMMOBILIER STE-DOROTH\u00c9E, MAISON \u00c0 VENDRE LAVAL, AGENT IMMOBILIER STE-DOROTH\u00c9E\" \/>\n<meta property=\"article:publisher\" content=\"https:\/\/www.facebook.com\/EryckVeziau.courtier.immobilier.ReMax.Laval\" \/>\n<meta property=\"article:published_time\" content=\"2016-02-26T17:19:52+00:00\" \/>\n<meta property=\"og:image\" content=\"http:\/\/www.laval.ca\/PublishingImages\/Pages\/Fr\/Citoyens\/subventions-aux-citoyens\/planter-arbre-175x110.jpg\" \/>\n<meta name=\"twitter:card\" content=\"summary_large_image\" \/>\n<meta name=\"twitter:label1\" content=\"Written by\" \/>\n\t<meta name=\"twitter:data1\" content=\"\" \/>\n<script type=\"application\/ld+json\" class=\"yoast-schema-graph\">{\"@context\":\"https:\/\/schema.org\",\"@graph\":[{\"@type\":\"Article\",\"@id\":\"https:\/\/eryckveziau.com\/non-classe\/subventions-aux-citoyens-5\/#article\",\"isPartOf\":{\"@id\":\"https:\/\/eryckveziau.com\/non-classe\/subventions-aux-citoyens-5\/\"},\"author\":{\"name\":\"\",\"@id\":\"\"},\"headline\":\"Subventions aux citoyens\",\"datePublished\":\"2016-02-26T17:19:52+00:00\",\"mainEntityOfPage\":{\"@id\":\"https:\/\/eryckveziau.com\/non-classe\/subventions-aux-citoyens-5\/\"},\"wordCount\":45,\"publisher\":{\"@id\":\"https:\/\/eryckveziau.com\/en\/#organization\"},\"image\":{\"@id\":\"https:\/\/eryckveziau.com\/non-classe\/subventions-aux-citoyens-5\/#primaryimage\"},\"thumbnailUrl\":\"http:\/\/www.laval.ca\/PublishingImages\/Pages\/Fr\/Citoyens\/subventions-aux-citoyens\/planter-arbre-175x110.jpg\",\"articleSection\":[\"Non class\u00e9\"],\"inLanguage\":\"en-US\"},{\"@type\":\"WebPage\",\"@id\":\"https:\/\/eryckveziau.com\/non-classe\/subventions-aux-citoyens-5\/\",\"url\":\"https:\/\/eryckveziau.com\/non-classe\/subventions-aux-citoyens-5\/\",\"name\":\"Subventions aux citoyens | ERYCK V\u00c9ZIAU, COURTIER IMMOBILIER LAVAL, COURTIER IMMOBILIER STE-DOROTH\u00c9E, MAISON \u00c0 VENDRE LAVAL, AGENT IMMOBILIER STE-DOROTH\u00c9E\",\"isPartOf\":{\"@id\":\"https:\/\/eryckveziau.com\/en\/#website\"},\"primaryImageOfPage\":{\"@id\":\"https:\/\/eryckveziau.com\/non-classe\/subventions-aux-citoyens-5\/#primaryimage\"},\"image\":{\"@id\":\"https:\/\/eryckveziau.com\/non-classe\/subventions-aux-citoyens-5\/#primaryimage\"},\"thumbnailUrl\":\"http:\/\/www.laval.ca\/PublishingImages\/Pages\/Fr\/Citoyens\/subventions-aux-citoyens\/planter-arbre-175x110.jpg\",\"datePublished\":\"2016-02-26T17:19:52+00:00\",\"breadcrumb\":{\"@id\":\"https:\/\/eryckveziau.com\/non-classe\/subventions-aux-citoyens-5\/#breadcrumb\"},\"inLanguage\":\"en-US\",\"potentialAction\":[{\"@type\":\"ReadAction\",\"target\":[\"https:\/\/eryckveziau.com\/non-classe\/subventions-aux-citoyens-5\/\"]}]},{\"@type\":\"ImageObject\",\"inLanguage\":\"en-US\",\"@id\":\"https:\/\/eryckveziau.com\/non-classe\/subventions-aux-citoyens-5\/#primaryimage\",\"url\":\"http:\/\/www.laval.ca\/PublishingImages\/Pages\/Fr\/Citoyens\/subventions-aux-citoyens\/planter-arbre-175x110.jpg\",\"contentUrl\":\"http:\/\/www.laval.ca\/PublishingImages\/Pages\/Fr\/Citoyens\/subventions-aux-citoyens\/planter-arbre-175x110.jpg\"},{\"@type\":\"BreadcrumbList\",\"@id\":\"https:\/\/eryckveziau.com\/non-classe\/subventions-aux-citoyens-5\/#breadcrumb\",\"itemListElement\":[{\"@type\":\"ListItem\",\"position\":1,\"name\":\"Accueil\",\"item\":\"https:\/\/eryckveziau.com\/en\/\"},{\"@type\":\"ListItem\",\"position\":2,\"name\":\"Subventions aux citoyens\"}]},{\"@type\":\"WebSite\",\"@id\":\"https:\/\/eryckveziau.com\/en\/#website\",\"url\":\"https:\/\/eryckveziau.com\/en\/\",\"name\":\"ERYCK V\u00c9ZIAU, COURTIER IMMOBILIER LAVAL, COURTIER IMMOBILIER STE-DOROTH\u00c9E, MAISON \u00c0 VENDRE LAVAL, AGENT IMMOBILIER STE-DOROTH\u00c9E\",\"description\":\"\",\"publisher\":{\"@id\":\"https:\/\/eryckveziau.com\/en\/#organization\"},\"potentialAction\":[{\"@type\":\"SearchAction\",\"target\":{\"@type\":\"EntryPoint\",\"urlTemplate\":\"https:\/\/eryckveziau.com\/en\/?s={search_term_string}\"},\"query-input\":{\"@type\":\"PropertyValueSpecification\",\"valueRequired\":true,\"valueName\":\"search_term_string\"}}],\"inLanguage\":\"en-US\"},{\"@type\":\"Organization\",\"@id\":\"https:\/\/eryckveziau.com\/en\/#organization\",\"name\":\"Eryck V\u00e9ziau RE\/MAX\",\"url\":\"https:\/\/eryckveziau.com\/en\/\",\"logo\":{\"@type\":\"ImageObject\",\"inLanguage\":\"en-US\",\"@id\":\"https:\/\/eryckveziau.com\/en\/#\/schema\/logo\/image\/\",\"url\":\"https:\/\/eryckveziau.com\/files\/2022\/09\/PartageEveziau.png\",\"contentUrl\":\"https:\/\/eryckveziau.com\/files\/2022\/09\/PartageEveziau.png\",\"width\":924,\"height\":454,\"caption\":\"Eryck V\u00e9ziau RE\/MAX\"},\"image\":{\"@id\":\"https:\/\/eryckveziau.com\/en\/#\/schema\/logo\/image\/\"},\"sameAs\":[\"https:\/\/www.facebook.com\/EryckVeziau.courtier.immobilier.ReMax.Laval\",\"https:\/\/www.instagram.com\/eryck_veziau_remax\/\",\"https:\/\/www.linkedin.com\/in\/eryck-v\u00e9ziau-6a445134\/\",\"https:\/\/www.youtube.com\/user\/eveziau\"]},{\"@type\":\"Person\",\"@id\":\"\",\"url\":\"https:\/\/eryckveziau.com\/en\/author\/\"}]}<\/script>\n<!-- \/ Yoast SEO plugin. -->","yoast_head_json":{"title":"Subventions aux citoyens | ERYCK V\u00c9ZIAU, COURTIER IMMOBILIER LAVAL, COURTIER IMMOBILIER STE-DOROTH\u00c9E, MAISON \u00c0 VENDRE LAVAL, AGENT IMMOBILIER STE-DOROTH\u00c9E","robots":{"index":"index","follow":"follow","max-snippet":"max-snippet:-1","max-image-preview":"max-image-preview:large","max-video-preview":"max-video-preview:-1"},"canonical":"https:\/\/eryckveziau.com\/non-classe\/subventions-aux-citoyens-5\/","og_locale":"en_US","og_type":"article","og_title":"Subventions aux citoyens | ERYCK V\u00c9ZIAU, COURTIER IMMOBILIER LAVAL, COURTIER IMMOBILIER STE-DOROTH\u00c9E, MAISON \u00c0 VENDRE LAVAL, AGENT IMMOBILIER STE-DOROTH\u00c9E","og_description":"Plantation et entretien des arbres (Code de l\u2019arbre) \u200b\u200b \u200bSi vous \u00eates propri\u00e9taire d\u2019une ou de plusieurs habitations r\u00e9sidentielles lavalloises, la Ville de Laval vous offre une subvention pour la plantation et l\u2019entretien d\u2019arbres sur vos terrains\u200b","og_url":"https:\/\/eryckveziau.com\/non-classe\/subventions-aux-citoyens-5\/","og_site_name":"ERYCK V\u00c9ZIAU, COURTIER IMMOBILIER LAVAL, COURTIER IMMOBILIER STE-DOROTH\u00c9E, MAISON \u00c0 VENDRE LAVAL, AGENT IMMOBILIER STE-DOROTH\u00c9E","article_publisher":"https:\/\/www.facebook.com\/EryckVeziau.courtier.immobilier.ReMax.Laval","article_published_time":"2016-02-26T17:19:52+00:00","og_image":[{"url":"http:\/\/www.laval.ca\/PublishingImages\/Pages\/Fr\/Citoyens\/subventions-aux-citoyens\/planter-arbre-175x110.jpg","type":"","width":"","height":""}],"twitter_card":"summary_large_image","twitter_misc":{"Written by":""},"schema":{"@context":"https:\/\/schema.org","@graph":[{"@type":"Article","@id":"https:\/\/eryckveziau.com\/non-classe\/subventions-aux-citoyens-5\/#article","isPartOf":{"@id":"https:\/\/eryckveziau.com\/non-classe\/subventions-aux-citoyens-5\/"},"author":{"name":"","@id":""},"headline":"Subventions aux citoyens","datePublished":"2016-02-26T17:19:52+00:00","mainEntityOfPage":{"@id":"https:\/\/eryckveziau.com\/non-classe\/subventions-aux-citoyens-5\/"},"wordCount":45,"publisher":{"@id":"https:\/\/eryckveziau.com\/en\/#organization"},"image":{"@id":"https:\/\/eryckveziau.com\/non-classe\/subventions-aux-citoyens-5\/#primaryimage"},"thumbnailUrl":"http:\/\/www.laval.ca\/PublishingImages\/Pages\/Fr\/Citoyens\/subventions-aux-citoyens\/planter-arbre-175x110.jpg","articleSection":["Non class\u00e9"],"inLanguage":"en-US"},{"@type":"WebPage","@id":"https:\/\/eryckveziau.com\/non-classe\/subventions-aux-citoyens-5\/","url":"https:\/\/eryckveziau.com\/non-classe\/subventions-aux-citoyens-5\/","name":"Subventions aux citoyens | ERYCK V\u00c9ZIAU, COURTIER IMMOBILIER LAVAL, COURTIER IMMOBILIER STE-DOROTH\u00c9E, MAISON \u00c0 VENDRE LAVAL, AGENT IMMOBILIER STE-DOROTH\u00c9E","isPartOf":{"@id":"https:\/\/eryckveziau.com\/en\/#website"},"primaryImageOfPage":{"@id":"https:\/\/eryckveziau.com\/non-classe\/subventions-aux-citoyens-5\/#primaryimage"},"image":{"@id":"https:\/\/eryckveziau.com\/non-classe\/subventions-aux-citoyens-5\/#primaryimage"},"thumbnailUrl":"http:\/\/www.laval.ca\/PublishingImages\/Pages\/Fr\/Citoyens\/subventions-aux-citoyens\/planter-arbre-175x110.jpg","datePublished":"2016-02-26T17:19:52+00:00","breadcrumb":{"@id":"https:\/\/eryckveziau.com\/non-classe\/subventions-aux-citoyens-5\/#breadcrumb"},"inLanguage":"en-US","potentialAction":[{"@type":"ReadAction","target":["https:\/\/eryckveziau.com\/non-classe\/subventions-aux-citoyens-5\/"]}]},{"@type":"ImageObject","inLanguage":"en-US","@id":"https:\/\/eryckveziau.com\/non-classe\/subventions-aux-citoyens-5\/#primaryimage","url":"http:\/\/www.laval.ca\/PublishingImages\/Pages\/Fr\/Citoyens\/subventions-aux-citoyens\/planter-arbre-175x110.jpg","contentUrl":"http:\/\/www.laval.ca\/PublishingImages\/Pages\/Fr\/Citoyens\/subventions-aux-citoyens\/planter-arbre-175x110.jpg"},{"@type":"BreadcrumbList","@id":"https:\/\/eryckveziau.com\/non-classe\/subventions-aux-citoyens-5\/#breadcrumb","itemListElement":[{"@type":"ListItem","position":1,"name":"Accueil","item":"https:\/\/eryckveziau.com\/en\/"},{"@type":"ListItem","position":2,"name":"Subventions aux citoyens"}]},{"@type":"WebSite","@id":"https:\/\/eryckveziau.com\/en\/#website","url":"https:\/\/eryckveziau.com\/en\/","name":"ERYCK V\u00c9ZIAU, COURTIER IMMOBILIER LAVAL, COURTIER IMMOBILIER STE-DOROTH\u00c9E, MAISON \u00c0 VENDRE LAVAL, AGENT IMMOBILIER STE-DOROTH\u00c9E","description":"","publisher":{"@id":"https:\/\/eryckveziau.com\/en\/#organization"},"potentialAction":[{"@type":"SearchAction","target":{"@type":"EntryPoint","urlTemplate":"https:\/\/eryckveziau.com\/en\/?s={search_term_string}"},"query-input":{"@type":"PropertyValueSpecification","valueRequired":true,"valueName":"search_term_string"}}],"inLanguage":"en-US"},{"@type":"Organization","@id":"https:\/\/eryckveziau.com\/en\/#organization","name":"Eryck V\u00e9ziau RE\/MAX","url":"https:\/\/eryckveziau.com\/en\/","logo":{"@type":"ImageObject","inLanguage":"en-US","@id":"https:\/\/eryckveziau.com\/en\/#\/schema\/logo\/image\/","url":"https:\/\/eryckveziau.com\/files\/2022\/09\/PartageEveziau.png","contentUrl":"https:\/\/eryckveziau.com\/files\/2022\/09\/PartageEveziau.png","width":924,"height":454,"caption":"Eryck V\u00e9ziau RE\/MAX"},"image":{"@id":"https:\/\/eryckveziau.com\/en\/#\/schema\/logo\/image\/"},"sameAs":["https:\/\/www.facebook.com\/EryckVeziau.courtier.immobilier.ReMax.Laval","https:\/\/www.instagram.com\/eryck_veziau_remax\/","https:\/\/www.linkedin.com\/in\/eryck-v\u00e9ziau-6a445134\/","https:\/\/www.youtube.com\/user\/eveziau"]},{"@type":"Person","@id":"","url":"https:\/\/eryckveziau.com\/en\/author\/"}]}},"_links":{"self":[{"href":"https:\/\/eryckveziau.com\/en\/wp-json\/wp\/v2\/posts\/2520","targetHints":{"allow":["GET"]}}],"collection":[{"href":"https:\/\/eryckveziau.com\/en\/wp-json\/wp\/v2\/posts"}],"about":[{"href":"https:\/\/eryckveziau.com\/en\/wp-json\/wp\/v2\/types\/post"}],"author":[{"embeddable":true,"href":"https:\/\/eryckveziau.com\/en\/wp-json\/wp\/v2\/users\/285"}],"replies":[{"embeddable":true,"href":"https:\/\/eryckveziau.com\/en\/wp-json\/wp\/v2\/comments?post=2520"}],"version-history":[{"count":1,"href":"https:\/\/eryckveziau.com\/en\/wp-json\/wp\/v2\/posts\/2520\/revisions"}],"predecessor-version":[{"id":2521,"href":"https:\/\/eryckveziau.com\/en\/wp-json\/wp\/v2\/posts\/2520\/revisions\/2521"}],"wp:attachment":[{"href":"https:\/\/eryckveziau.com\/en\/wp-json\/wp\/v2\/media?parent=2520"}],"wp:term":[{"taxonomy":"category","embeddable":true,"href":"https:\/\/eryckveziau.com\/en\/wp-json\/wp\/v2\/categories?post=2520"},{"taxonomy":"post_tag","embeddable":true,"href":"https:\/\/eryckveziau.com\/en\/wp-json\/wp\/v2\/tags?post=2520"}],"curies":[{"name":"wp","href":"https:\/\/api.w.org\/{rel}","templated":true}]}}