{"id":2501,"date":"2016-02-24T10:10:54","date_gmt":"2016-02-24T15:10:54","guid":{"rendered":"\/?p=2501"},"modified":"2016-02-24T10:12:09","modified_gmt":"2016-02-24T15:12:09","slug":"le-prix-dune-inspection","status":"publish","type":"post","link":"https:\/\/eryckveziau.com\/en\/non-classe\/le-prix-dune-inspection\/","title":{"rendered":"Le prix d\u2019une inspection"},"content":{"rendered":"<p>Combien co\u00fbte une inspection pr\u00e9achat\u00a0? Comment savoir si l\u2019inspecteur vous en donne pour votre argent\u00a0? Voici quelques \u00e9l\u00e9ments de r\u00e9ponses.<\/p>\n<p>Quand je suis devenu propri\u00e9taire immobilier pour la premi\u00e8re fois, j\u2019ai appris une le\u00e7on \u00e0 mes d\u00e9pens\u00a0:\u00a0 ne jamais faire affaire avec le plus bas soumissionnaire. Si le prix d\u2019un entrepreneur est plus bas que celui de tous les autres comp\u00e9titeurs, il y a anguille sous roche.<\/p>\n<p>L\u2019entreprise qui a chang\u00e9 mes portes ne souhaitait pas du tout honorer sa garantie l\u2019ann\u00e9e suivante. Le couvreur que j\u2019avais choisi ne s\u2019est pas pr\u00e9sent\u00e9 \u00e0 la date convenue ni la semaine suivante. L\u2019hiver arrivait, j\u2019ai donc pay\u00e9 4000\u00a0$ de plus pour engager un couvreur d\u2019excellente r\u00e9putation, qui m\u2019a livr\u00e9 une toiture impeccable.<\/p>\n<p>En inspection pr\u00e9achat aussi, le prix va de pair avec la qualit\u00e9 du service. Sachez qu\u2019il y a de tout sur le march\u00e9\u00a0:<\/p>\n","protected":false},"excerpt":{"rendered":"<p>Combien co\u00fbte une inspection pr\u00e9achat\u00a0? Comment savoir si l\u2019inspecteur vous en donne pour votre argent\u00a0? Voici quelques \u00e9l\u00e9ments de r\u00e9ponses. Quand je suis devenu propri\u00e9taire immobilier pour la premi\u00e8re fois, j\u2019ai appris une le\u00e7on \u00e0 mes d\u00e9pens\u00a0:\u00a0 ne jamais faire affaire avec le plus bas soumissionnaire. Si le prix d\u2019un entrepreneur est plus bas que [&hellip;]<\/p>\n","protected":false},"author":285,"featured_media":0,"comment_status":"closed","ping_status":"closed","sticky":false,"template":"","format":"standard","meta":{"_acf_changed":false,"footnotes":""},"categories":[1],"tags":[],"class_list":["post-2501","post","type-post","status-publish","format-standard","hentry","category-non-classe"],"acf":[],"yoast_head":"<!-- This site is optimized with the Yoast SEO plugin v26.7 - https:\/\/yoast.com\/wordpress\/plugins\/seo\/ -->\n<title>Le prix d\u2019une inspection | ERYCK V\u00c9ZIAU, COURTIER IMMOBILIER LAVAL, COURTIER IMMOBILIER STE-DOROTH\u00c9E, MAISON \u00c0 VENDRE LAVAL, AGENT IMMOBILIER STE-DOROTH\u00c9E<\/title>\n<meta name=\"robots\" content=\"index, follow, max-snippet:-1, max-image-preview:large, max-video-preview:-1\" \/>\n<link rel=\"canonical\" href=\"https:\/\/eryckveziau.com\/non-classe\/le-prix-dune-inspection\/\" \/>\n<meta property=\"og:locale\" content=\"en_US\" \/>\n<meta property=\"og:type\" content=\"article\" \/>\n<meta property=\"og:title\" content=\"Le prix d\u2019une inspection | ERYCK V\u00c9ZIAU, COURTIER IMMOBILIER LAVAL, COURTIER IMMOBILIER STE-DOROTH\u00c9E, MAISON \u00c0 VENDRE LAVAL, AGENT IMMOBILIER STE-DOROTH\u00c9E\" \/>\n<meta property=\"og:description\" content=\"Combien co\u00fbte une inspection pr\u00e9achat\u00a0? Comment savoir si l\u2019inspecteur vous en donne pour votre argent\u00a0? Voici quelques \u00e9l\u00e9ments de r\u00e9ponses. Quand je suis devenu propri\u00e9taire immobilier pour la premi\u00e8re fois, j\u2019ai appris une le\u00e7on \u00e0 mes d\u00e9pens\u00a0:\u00a0 ne jamais faire affaire avec le plus bas soumissionnaire. Si le prix d\u2019un entrepreneur est plus bas que [&hellip;]\" \/>\n<meta property=\"og:url\" content=\"https:\/\/eryckveziau.com\/non-classe\/le-prix-dune-inspection\/\" \/>\n<meta property=\"og:site_name\" content=\"ERYCK V\u00c9ZIAU, COURTIER IMMOBILIER LAVAL, COURTIER IMMOBILIER STE-DOROTH\u00c9E, MAISON \u00c0 VENDRE LAVAL, AGENT IMMOBILIER STE-DOROTH\u00c9E\" \/>\n<meta property=\"article:publisher\" content=\"https:\/\/www.facebook.com\/EryckVeziau.courtier.immobilier.ReMax.Laval\" \/>\n<meta property=\"article:published_time\" content=\"2016-02-24T15:10:54+00:00\" \/>\n<meta property=\"article:modified_time\" content=\"2016-02-24T15:12:09+00:00\" \/>\n<meta property=\"og:image\" content=\"https:\/\/eryckveziau.com\/files\/2022\/09\/PartageEveziau.png\" \/>\n\t<meta property=\"og:image:width\" content=\"924\" \/>\n\t<meta property=\"og:image:height\" content=\"454\" \/>\n\t<meta property=\"og:image:type\" content=\"image\/png\" \/>\n<meta name=\"twitter:card\" content=\"summary_large_image\" \/>\n<meta name=\"twitter:label1\" content=\"Written by\" \/>\n\t<meta name=\"twitter:data1\" content=\"\" \/>\n\t<meta name=\"twitter:label2\" content=\"Est. reading time\" \/>\n\t<meta name=\"twitter:data2\" content=\"1 minute\" \/>\n<script type=\"application\/ld+json\" class=\"yoast-schema-graph\">{\"@context\":\"https:\/\/schema.org\",\"@graph\":[{\"@type\":\"Article\",\"@id\":\"https:\/\/eryckveziau.com\/non-classe\/le-prix-dune-inspection\/#article\",\"isPartOf\":{\"@id\":\"https:\/\/eryckveziau.com\/non-classe\/le-prix-dune-inspection\/\"},\"author\":{\"name\":\"\",\"@id\":\"\"},\"headline\":\"Le prix d\u2019une inspection\",\"datePublished\":\"2016-02-24T15:10:54+00:00\",\"dateModified\":\"2016-02-24T15:12:09+00:00\",\"mainEntityOfPage\":{\"@id\":\"https:\/\/eryckveziau.com\/non-classe\/le-prix-dune-inspection\/\"},\"wordCount\":170,\"publisher\":{\"@id\":\"https:\/\/eryckveziau.com\/en\/#organization\"},\"articleSection\":[\"Non class\u00e9\"],\"inLanguage\":\"en-US\"},{\"@type\":\"WebPage\",\"@id\":\"https:\/\/eryckveziau.com\/non-classe\/le-prix-dune-inspection\/\",\"url\":\"https:\/\/eryckveziau.com\/non-classe\/le-prix-dune-inspection\/\",\"name\":\"Le prix d\u2019une inspection | ERYCK V\u00c9ZIAU, COURTIER IMMOBILIER LAVAL, COURTIER IMMOBILIER STE-DOROTH\u00c9E, MAISON \u00c0 VENDRE LAVAL, AGENT IMMOBILIER STE-DOROTH\u00c9E\",\"isPartOf\":{\"@id\":\"https:\/\/eryckveziau.com\/en\/#website\"},\"datePublished\":\"2016-02-24T15:10:54+00:00\",\"dateModified\":\"2016-02-24T15:12:09+00:00\",\"breadcrumb\":{\"@id\":\"https:\/\/eryckveziau.com\/non-classe\/le-prix-dune-inspection\/#breadcrumb\"},\"inLanguage\":\"en-US\",\"potentialAction\":[{\"@type\":\"ReadAction\",\"target\":[\"https:\/\/eryckveziau.com\/non-classe\/le-prix-dune-inspection\/\"]}]},{\"@type\":\"BreadcrumbList\",\"@id\":\"https:\/\/eryckveziau.com\/non-classe\/le-prix-dune-inspection\/#breadcrumb\",\"itemListElement\":[{\"@type\":\"ListItem\",\"position\":1,\"name\":\"Accueil\",\"item\":\"https:\/\/eryckveziau.com\/en\/\"},{\"@type\":\"ListItem\",\"position\":2,\"name\":\"Le prix d\u2019une inspection\"}]},{\"@type\":\"WebSite\",\"@id\":\"https:\/\/eryckveziau.com\/en\/#website\",\"url\":\"https:\/\/eryckveziau.com\/en\/\",\"name\":\"ERYCK V\u00c9ZIAU, COURTIER IMMOBILIER LAVAL, COURTIER IMMOBILIER STE-DOROTH\u00c9E, MAISON \u00c0 VENDRE LAVAL, AGENT IMMOBILIER STE-DOROTH\u00c9E\",\"description\":\"\",\"publisher\":{\"@id\":\"https:\/\/eryckveziau.com\/en\/#organization\"},\"potentialAction\":[{\"@type\":\"SearchAction\",\"target\":{\"@type\":\"EntryPoint\",\"urlTemplate\":\"https:\/\/eryckveziau.com\/en\/?s={search_term_string}\"},\"query-input\":{\"@type\":\"PropertyValueSpecification\",\"valueRequired\":true,\"valueName\":\"search_term_string\"}}],\"inLanguage\":\"en-US\"},{\"@type\":\"Organization\",\"@id\":\"https:\/\/eryckveziau.com\/en\/#organization\",\"name\":\"Eryck V\u00e9ziau RE\/MAX\",\"url\":\"https:\/\/eryckveziau.com\/en\/\",\"logo\":{\"@type\":\"ImageObject\",\"inLanguage\":\"en-US\",\"@id\":\"https:\/\/eryckveziau.com\/en\/#\/schema\/logo\/image\/\",\"url\":\"https:\/\/eryckveziau.com\/files\/2022\/09\/PartageEveziau.png\",\"contentUrl\":\"https:\/\/eryckveziau.com\/files\/2022\/09\/PartageEveziau.png\",\"width\":924,\"height\":454,\"caption\":\"Eryck V\u00e9ziau RE\/MAX\"},\"image\":{\"@id\":\"https:\/\/eryckveziau.com\/en\/#\/schema\/logo\/image\/\"},\"sameAs\":[\"https:\/\/www.facebook.com\/EryckVeziau.courtier.immobilier.ReMax.Laval\",\"https:\/\/www.instagram.com\/eryck_veziau_remax\/\",\"https:\/\/www.linkedin.com\/in\/eryck-v\u00e9ziau-6a445134\/\",\"https:\/\/www.youtube.com\/user\/eveziau\"]},{\"@type\":\"Person\",\"@id\":\"\",\"url\":\"https:\/\/eryckveziau.com\/en\/author\/\"}]}<\/script>\n<!-- \/ Yoast SEO plugin. -->","yoast_head_json":{"title":"Le prix d\u2019une inspection | ERYCK V\u00c9ZIAU, COURTIER IMMOBILIER LAVAL, COURTIER IMMOBILIER STE-DOROTH\u00c9E, MAISON \u00c0 VENDRE LAVAL, AGENT IMMOBILIER STE-DOROTH\u00c9E","robots":{"index":"index","follow":"follow","max-snippet":"max-snippet:-1","max-image-preview":"max-image-preview:large","max-video-preview":"max-video-preview:-1"},"canonical":"https:\/\/eryckveziau.com\/non-classe\/le-prix-dune-inspection\/","og_locale":"en_US","og_type":"article","og_title":"Le prix d\u2019une inspection | ERYCK V\u00c9ZIAU, COURTIER IMMOBILIER LAVAL, COURTIER IMMOBILIER STE-DOROTH\u00c9E, MAISON \u00c0 VENDRE LAVAL, AGENT IMMOBILIER STE-DOROTH\u00c9E","og_description":"Combien co\u00fbte une inspection pr\u00e9achat\u00a0? Comment savoir si l\u2019inspecteur vous en donne pour votre argent\u00a0? Voici quelques \u00e9l\u00e9ments de r\u00e9ponses. Quand je suis devenu propri\u00e9taire immobilier pour la premi\u00e8re fois, j\u2019ai appris une le\u00e7on \u00e0 mes d\u00e9pens\u00a0:\u00a0 ne jamais faire affaire avec le plus bas soumissionnaire. Si le prix d\u2019un entrepreneur est plus bas que [&hellip;]","og_url":"https:\/\/eryckveziau.com\/non-classe\/le-prix-dune-inspection\/","og_site_name":"ERYCK V\u00c9ZIAU, COURTIER IMMOBILIER LAVAL, COURTIER IMMOBILIER STE-DOROTH\u00c9E, MAISON \u00c0 VENDRE LAVAL, AGENT IMMOBILIER STE-DOROTH\u00c9E","article_publisher":"https:\/\/www.facebook.com\/EryckVeziau.courtier.immobilier.ReMax.Laval","article_published_time":"2016-02-24T15:10:54+00:00","article_modified_time":"2016-02-24T15:12:09+00:00","og_image":[{"width":924,"height":454,"url":"https:\/\/eryckveziau.com\/files\/2022\/09\/PartageEveziau.png","type":"image\/png"}],"twitter_card":"summary_large_image","twitter_misc":{"Written by":"","Est. reading time":"1 minute"},"schema":{"@context":"https:\/\/schema.org","@graph":[{"@type":"Article","@id":"https:\/\/eryckveziau.com\/non-classe\/le-prix-dune-inspection\/#article","isPartOf":{"@id":"https:\/\/eryckveziau.com\/non-classe\/le-prix-dune-inspection\/"},"author":{"name":"","@id":""},"headline":"Le prix d\u2019une inspection","datePublished":"2016-02-24T15:10:54+00:00","dateModified":"2016-02-24T15:12:09+00:00","mainEntityOfPage":{"@id":"https:\/\/eryckveziau.com\/non-classe\/le-prix-dune-inspection\/"},"wordCount":170,"publisher":{"@id":"https:\/\/eryckveziau.com\/en\/#organization"},"articleSection":["Non class\u00e9"],"inLanguage":"en-US"},{"@type":"WebPage","@id":"https:\/\/eryckveziau.com\/non-classe\/le-prix-dune-inspection\/","url":"https:\/\/eryckveziau.com\/non-classe\/le-prix-dune-inspection\/","name":"Le prix d\u2019une inspection | ERYCK V\u00c9ZIAU, COURTIER IMMOBILIER LAVAL, COURTIER IMMOBILIER STE-DOROTH\u00c9E, MAISON \u00c0 VENDRE LAVAL, AGENT IMMOBILIER STE-DOROTH\u00c9E","isPartOf":{"@id":"https:\/\/eryckveziau.com\/en\/#website"},"datePublished":"2016-02-24T15:10:54+00:00","dateModified":"2016-02-24T15:12:09+00:00","breadcrumb":{"@id":"https:\/\/eryckveziau.com\/non-classe\/le-prix-dune-inspection\/#breadcrumb"},"inLanguage":"en-US","potentialAction":[{"@type":"ReadAction","target":["https:\/\/eryckveziau.com\/non-classe\/le-prix-dune-inspection\/"]}]},{"@type":"BreadcrumbList","@id":"https:\/\/eryckveziau.com\/non-classe\/le-prix-dune-inspection\/#breadcrumb","itemListElement":[{"@type":"ListItem","position":1,"name":"Accueil","item":"https:\/\/eryckveziau.com\/en\/"},{"@type":"ListItem","position":2,"name":"Le prix d\u2019une inspection"}]},{"@type":"WebSite","@id":"https:\/\/eryckveziau.com\/en\/#website","url":"https:\/\/eryckveziau.com\/en\/","name":"ERYCK V\u00c9ZIAU, COURTIER IMMOBILIER LAVAL, COURTIER IMMOBILIER STE-DOROTH\u00c9E, MAISON \u00c0 VENDRE LAVAL, AGENT IMMOBILIER STE-DOROTH\u00c9E","description":"","publisher":{"@id":"https:\/\/eryckveziau.com\/en\/#organization"},"potentialAction":[{"@type":"SearchAction","target":{"@type":"EntryPoint","urlTemplate":"https:\/\/eryckveziau.com\/en\/?s={search_term_string}"},"query-input":{"@type":"PropertyValueSpecification","valueRequired":true,"valueName":"search_term_string"}}],"inLanguage":"en-US"},{"@type":"Organization","@id":"https:\/\/eryckveziau.com\/en\/#organization","name":"Eryck V\u00e9ziau RE\/MAX","url":"https:\/\/eryckveziau.com\/en\/","logo":{"@type":"ImageObject","inLanguage":"en-US","@id":"https:\/\/eryckveziau.com\/en\/#\/schema\/logo\/image\/","url":"https:\/\/eryckveziau.com\/files\/2022\/09\/PartageEveziau.png","contentUrl":"https:\/\/eryckveziau.com\/files\/2022\/09\/PartageEveziau.png","width":924,"height":454,"caption":"Eryck V\u00e9ziau RE\/MAX"},"image":{"@id":"https:\/\/eryckveziau.com\/en\/#\/schema\/logo\/image\/"},"sameAs":["https:\/\/www.facebook.com\/EryckVeziau.courtier.immobilier.ReMax.Laval","https:\/\/www.instagram.com\/eryck_veziau_remax\/","https:\/\/www.linkedin.com\/in\/eryck-v\u00e9ziau-6a445134\/","https:\/\/www.youtube.com\/user\/eveziau"]},{"@type":"Person","@id":"","url":"https:\/\/eryckveziau.com\/en\/author\/"}]}},"_links":{"self":[{"href":"https:\/\/eryckveziau.com\/en\/wp-json\/wp\/v2\/posts\/2501","targetHints":{"allow":["GET"]}}],"collection":[{"href":"https:\/\/eryckveziau.com\/en\/wp-json\/wp\/v2\/posts"}],"about":[{"href":"https:\/\/eryckveziau.com\/en\/wp-json\/wp\/v2\/types\/post"}],"author":[{"embeddable":true,"href":"https:\/\/eryckveziau.com\/en\/wp-json\/wp\/v2\/users\/285"}],"replies":[{"embeddable":true,"href":"https:\/\/eryckveziau.com\/en\/wp-json\/wp\/v2\/comments?post=2501"}],"version-history":[{"count":1,"href":"https:\/\/eryckveziau.com\/en\/wp-json\/wp\/v2\/posts\/2501\/revisions"}],"predecessor-version":[{"id":2502,"href":"https:\/\/eryckveziau.com\/en\/wp-json\/wp\/v2\/posts\/2501\/revisions\/2502"}],"wp:attachment":[{"href":"https:\/\/eryckveziau.com\/en\/wp-json\/wp\/v2\/media?parent=2501"}],"wp:term":[{"taxonomy":"category","embeddable":true,"href":"https:\/\/eryckveziau.com\/en\/wp-json\/wp\/v2\/categories?post=2501"},{"taxonomy":"post_tag","embeddable":true,"href":"https:\/\/eryckveziau.com\/en\/wp-json\/wp\/v2\/tags?post=2501"}],"curies":[{"name":"wp","href":"https:\/\/api.w.org\/{rel}","templated":true}]}}