{"id":2479,"date":"2016-02-16T10:56:00","date_gmt":"2016-02-16T15:56:00","guid":{"rendered":"\/?p=2479"},"modified":"2016-02-16T10:56:00","modified_gmt":"2016-02-16T15:56:00","slug":"les-hauts-et-les-bas-de-limmobilier-au-quebec","status":"publish","type":"post","link":"https:\/\/eryckveziau.com\/en\/non-classe\/les-hauts-et-les-bas-de-limmobilier-au-quebec\/","title":{"rendered":"Les hauts et les bas de l\u2019immobilier au Qu\u00e9bec"},"content":{"rendered":"<p>Comment se porte le march\u00e9 immobilier qu\u00e9b\u00e9cois en ce d\u00e9but 2016\u00a0? Il prend du mieux, avec un regain des ventes surprenant, notamment dans le segment des unifamiliales \u00e0 Qu\u00e9bec (+\u00a024\u00a0%). \u00c0 l\u2019oppos\u00e9, certaines villes comme Sherbrooke ont enregistr\u00e9 des baisses de prix marqu\u00e9es. Tour d\u2019horizon.<\/p>\n<p class=\"contextmenu caption\">L\u2019OFFRE SE STABILISE<\/p>\n<p>Signe additionnel que le march\u00e9 immobilier qu\u00e9b\u00e9cois poursuit son \u00ab\u00a0atterrissage\u00a0\u00bb, le nombre de propri\u00e9t\u00e9s \u00e0 vendre a cess\u00e9 de gonfler au Qu\u00e9bec. On retrouvait le mois dernier 79 094 r\u00e9sidences \u00e0 vendre par l\u2019entremise des courtiers, un nombre stable par rapport \u00e0 janvier 2015, qui demeure toutefois \u00e9lev\u00e9 selon les standards historiques. Le nombre de nouvelles inscriptions a par ailleurs recul\u00e9 de 4\u00a0% en janvier, ce qui laisse poindre un lent r\u00e9\u00e9quilibrage entre l\u2019offre et la demande. Le march\u00e9 reste pour l\u2019instant largement \u00e0 l\u2019avantage des acheteurs, qui b\u00e9n\u00e9ficient d\u2019un pouvoir de n\u00e9gociation des prix \u00e9lev\u00e9.<\/p>\n","protected":false},"excerpt":{"rendered":"<p>Comment se porte le march\u00e9 immobilier qu\u00e9b\u00e9cois en ce d\u00e9but 2016\u00a0? Il prend du mieux, avec un regain des ventes surprenant, notamment dans le segment des unifamiliales \u00e0 Qu\u00e9bec (+\u00a024\u00a0%). \u00c0 l\u2019oppos\u00e9, certaines villes comme Sherbrooke ont enregistr\u00e9 des baisses de prix marqu\u00e9es. Tour d\u2019horizon. L\u2019OFFRE SE STABILISE Signe additionnel que le march\u00e9 immobilier qu\u00e9b\u00e9cois [&hellip;]<\/p>\n","protected":false},"author":285,"featured_media":0,"comment_status":"closed","ping_status":"closed","sticky":false,"template":"","format":"standard","meta":{"_acf_changed":false,"footnotes":""},"categories":[1],"tags":[],"class_list":["post-2479","post","type-post","status-publish","format-standard","hentry","category-non-classe"],"acf":[],"yoast_head":"<!-- This site is optimized with the Yoast SEO plugin v26.7 - https:\/\/yoast.com\/wordpress\/plugins\/seo\/ -->\n<title>Les hauts et les bas de l\u2019immobilier au Qu\u00e9bec | ERYCK V\u00c9ZIAU, COURTIER IMMOBILIER LAVAL, COURTIER IMMOBILIER STE-DOROTH\u00c9E, MAISON \u00c0 VENDRE LAVAL, AGENT IMMOBILIER STE-DOROTH\u00c9E<\/title>\n<meta name=\"robots\" content=\"index, follow, max-snippet:-1, max-image-preview:large, max-video-preview:-1\" \/>\n<link rel=\"canonical\" href=\"https:\/\/eryckveziau.com\/non-classe\/les-hauts-et-les-bas-de-limmobilier-au-quebec\/\" \/>\n<meta property=\"og:locale\" content=\"en_US\" \/>\n<meta property=\"og:type\" content=\"article\" \/>\n<meta property=\"og:title\" content=\"Les hauts et les bas de l\u2019immobilier au Qu\u00e9bec | ERYCK V\u00c9ZIAU, COURTIER IMMOBILIER LAVAL, COURTIER IMMOBILIER STE-DOROTH\u00c9E, MAISON \u00c0 VENDRE LAVAL, AGENT IMMOBILIER STE-DOROTH\u00c9E\" \/>\n<meta property=\"og:description\" content=\"Comment se porte le march\u00e9 immobilier qu\u00e9b\u00e9cois en ce d\u00e9but 2016\u00a0? Il prend du mieux, avec un regain des ventes surprenant, notamment dans le segment des unifamiliales \u00e0 Qu\u00e9bec (+\u00a024\u00a0%). \u00c0 l\u2019oppos\u00e9, certaines villes comme Sherbrooke ont enregistr\u00e9 des baisses de prix marqu\u00e9es. Tour d\u2019horizon. L\u2019OFFRE SE STABILISE Signe additionnel que le march\u00e9 immobilier qu\u00e9b\u00e9cois [&hellip;]\" \/>\n<meta property=\"og:url\" content=\"https:\/\/eryckveziau.com\/non-classe\/les-hauts-et-les-bas-de-limmobilier-au-quebec\/\" \/>\n<meta property=\"og:site_name\" content=\"ERYCK V\u00c9ZIAU, COURTIER IMMOBILIER LAVAL, COURTIER IMMOBILIER STE-DOROTH\u00c9E, MAISON \u00c0 VENDRE LAVAL, AGENT IMMOBILIER STE-DOROTH\u00c9E\" \/>\n<meta property=\"article:publisher\" content=\"https:\/\/www.facebook.com\/EryckVeziau.courtier.immobilier.ReMax.Laval\" \/>\n<meta property=\"article:published_time\" content=\"2016-02-16T15:56:00+00:00\" \/>\n<meta property=\"og:image\" content=\"https:\/\/eryckveziau.com\/files\/2022\/09\/PartageEveziau.png\" \/>\n\t<meta property=\"og:image:width\" content=\"924\" \/>\n\t<meta property=\"og:image:height\" content=\"454\" \/>\n\t<meta property=\"og:image:type\" content=\"image\/png\" \/>\n<meta name=\"twitter:card\" content=\"summary_large_image\" \/>\n<meta name=\"twitter:label1\" content=\"Written by\" \/>\n\t<meta name=\"twitter:data1\" content=\"\" \/>\n\t<meta name=\"twitter:label2\" content=\"Est. reading time\" \/>\n\t<meta name=\"twitter:data2\" content=\"1 minute\" \/>\n<script type=\"application\/ld+json\" class=\"yoast-schema-graph\">{\"@context\":\"https:\/\/schema.org\",\"@graph\":[{\"@type\":\"Article\",\"@id\":\"https:\/\/eryckveziau.com\/non-classe\/les-hauts-et-les-bas-de-limmobilier-au-quebec\/#article\",\"isPartOf\":{\"@id\":\"https:\/\/eryckveziau.com\/non-classe\/les-hauts-et-les-bas-de-limmobilier-au-quebec\/\"},\"author\":{\"name\":\"\",\"@id\":\"\"},\"headline\":\"Les hauts et les bas de l\u2019immobilier au Qu\u00e9bec\",\"datePublished\":\"2016-02-16T15:56:00+00:00\",\"mainEntityOfPage\":{\"@id\":\"https:\/\/eryckveziau.com\/non-classe\/les-hauts-et-les-bas-de-limmobilier-au-quebec\/\"},\"wordCount\":166,\"publisher\":{\"@id\":\"https:\/\/eryckveziau.com\/en\/#organization\"},\"articleSection\":[\"Non class\u00e9\"],\"inLanguage\":\"en-US\"},{\"@type\":\"WebPage\",\"@id\":\"https:\/\/eryckveziau.com\/non-classe\/les-hauts-et-les-bas-de-limmobilier-au-quebec\/\",\"url\":\"https:\/\/eryckveziau.com\/non-classe\/les-hauts-et-les-bas-de-limmobilier-au-quebec\/\",\"name\":\"Les hauts et les bas de l\u2019immobilier au Qu\u00e9bec | ERYCK V\u00c9ZIAU, COURTIER IMMOBILIER LAVAL, COURTIER IMMOBILIER STE-DOROTH\u00c9E, MAISON \u00c0 VENDRE LAVAL, AGENT IMMOBILIER STE-DOROTH\u00c9E\",\"isPartOf\":{\"@id\":\"https:\/\/eryckveziau.com\/en\/#website\"},\"datePublished\":\"2016-02-16T15:56:00+00:00\",\"breadcrumb\":{\"@id\":\"https:\/\/eryckveziau.com\/non-classe\/les-hauts-et-les-bas-de-limmobilier-au-quebec\/#breadcrumb\"},\"inLanguage\":\"en-US\",\"potentialAction\":[{\"@type\":\"ReadAction\",\"target\":[\"https:\/\/eryckveziau.com\/non-classe\/les-hauts-et-les-bas-de-limmobilier-au-quebec\/\"]}]},{\"@type\":\"BreadcrumbList\",\"@id\":\"https:\/\/eryckveziau.com\/non-classe\/les-hauts-et-les-bas-de-limmobilier-au-quebec\/#breadcrumb\",\"itemListElement\":[{\"@type\":\"ListItem\",\"position\":1,\"name\":\"Accueil\",\"item\":\"https:\/\/eryckveziau.com\/en\/\"},{\"@type\":\"ListItem\",\"position\":2,\"name\":\"Les hauts et les bas de l\u2019immobilier au Qu\u00e9bec\"}]},{\"@type\":\"WebSite\",\"@id\":\"https:\/\/eryckveziau.com\/en\/#website\",\"url\":\"https:\/\/eryckveziau.com\/en\/\",\"name\":\"ERYCK V\u00c9ZIAU, COURTIER IMMOBILIER LAVAL, COURTIER IMMOBILIER STE-DOROTH\u00c9E, MAISON \u00c0 VENDRE LAVAL, AGENT IMMOBILIER STE-DOROTH\u00c9E\",\"description\":\"\",\"publisher\":{\"@id\":\"https:\/\/eryckveziau.com\/en\/#organization\"},\"potentialAction\":[{\"@type\":\"SearchAction\",\"target\":{\"@type\":\"EntryPoint\",\"urlTemplate\":\"https:\/\/eryckveziau.com\/en\/?s={search_term_string}\"},\"query-input\":{\"@type\":\"PropertyValueSpecification\",\"valueRequired\":true,\"valueName\":\"search_term_string\"}}],\"inLanguage\":\"en-US\"},{\"@type\":\"Organization\",\"@id\":\"https:\/\/eryckveziau.com\/en\/#organization\",\"name\":\"Eryck V\u00e9ziau RE\/MAX\",\"url\":\"https:\/\/eryckveziau.com\/en\/\",\"logo\":{\"@type\":\"ImageObject\",\"inLanguage\":\"en-US\",\"@id\":\"https:\/\/eryckveziau.com\/en\/#\/schema\/logo\/image\/\",\"url\":\"https:\/\/eryckveziau.com\/files\/2022\/09\/PartageEveziau.png\",\"contentUrl\":\"https:\/\/eryckveziau.com\/files\/2022\/09\/PartageEveziau.png\",\"width\":924,\"height\":454,\"caption\":\"Eryck V\u00e9ziau RE\/MAX\"},\"image\":{\"@id\":\"https:\/\/eryckveziau.com\/en\/#\/schema\/logo\/image\/\"},\"sameAs\":[\"https:\/\/www.facebook.com\/EryckVeziau.courtier.immobilier.ReMax.Laval\",\"https:\/\/www.instagram.com\/eryck_veziau_remax\/\",\"https:\/\/www.linkedin.com\/in\/eryck-v\u00e9ziau-6a445134\/\",\"https:\/\/www.youtube.com\/user\/eveziau\"]},{\"@type\":\"Person\",\"@id\":\"\",\"url\":\"https:\/\/eryckveziau.com\/en\/author\/\"}]}<\/script>\n<!-- \/ Yoast SEO plugin. -->","yoast_head_json":{"title":"Les hauts et les bas de l\u2019immobilier au Qu\u00e9bec | ERYCK V\u00c9ZIAU, COURTIER IMMOBILIER LAVAL, COURTIER IMMOBILIER STE-DOROTH\u00c9E, MAISON \u00c0 VENDRE LAVAL, AGENT IMMOBILIER STE-DOROTH\u00c9E","robots":{"index":"index","follow":"follow","max-snippet":"max-snippet:-1","max-image-preview":"max-image-preview:large","max-video-preview":"max-video-preview:-1"},"canonical":"https:\/\/eryckveziau.com\/non-classe\/les-hauts-et-les-bas-de-limmobilier-au-quebec\/","og_locale":"en_US","og_type":"article","og_title":"Les hauts et les bas de l\u2019immobilier au Qu\u00e9bec | ERYCK V\u00c9ZIAU, COURTIER IMMOBILIER LAVAL, COURTIER IMMOBILIER STE-DOROTH\u00c9E, MAISON \u00c0 VENDRE LAVAL, AGENT IMMOBILIER STE-DOROTH\u00c9E","og_description":"Comment se porte le march\u00e9 immobilier qu\u00e9b\u00e9cois en ce d\u00e9but 2016\u00a0? Il prend du mieux, avec un regain des ventes surprenant, notamment dans le segment des unifamiliales \u00e0 Qu\u00e9bec (+\u00a024\u00a0%). \u00c0 l\u2019oppos\u00e9, certaines villes comme Sherbrooke ont enregistr\u00e9 des baisses de prix marqu\u00e9es. Tour d\u2019horizon. L\u2019OFFRE SE STABILISE Signe additionnel que le march\u00e9 immobilier qu\u00e9b\u00e9cois [&hellip;]","og_url":"https:\/\/eryckveziau.com\/non-classe\/les-hauts-et-les-bas-de-limmobilier-au-quebec\/","og_site_name":"ERYCK V\u00c9ZIAU, COURTIER IMMOBILIER LAVAL, COURTIER IMMOBILIER STE-DOROTH\u00c9E, MAISON \u00c0 VENDRE LAVAL, AGENT IMMOBILIER STE-DOROTH\u00c9E","article_publisher":"https:\/\/www.facebook.com\/EryckVeziau.courtier.immobilier.ReMax.Laval","article_published_time":"2016-02-16T15:56:00+00:00","og_image":[{"width":924,"height":454,"url":"https:\/\/eryckveziau.com\/files\/2022\/09\/PartageEveziau.png","type":"image\/png"}],"twitter_card":"summary_large_image","twitter_misc":{"Written by":"","Est. reading time":"1 minute"},"schema":{"@context":"https:\/\/schema.org","@graph":[{"@type":"Article","@id":"https:\/\/eryckveziau.com\/non-classe\/les-hauts-et-les-bas-de-limmobilier-au-quebec\/#article","isPartOf":{"@id":"https:\/\/eryckveziau.com\/non-classe\/les-hauts-et-les-bas-de-limmobilier-au-quebec\/"},"author":{"name":"","@id":""},"headline":"Les hauts et les bas de l\u2019immobilier au Qu\u00e9bec","datePublished":"2016-02-16T15:56:00+00:00","mainEntityOfPage":{"@id":"https:\/\/eryckveziau.com\/non-classe\/les-hauts-et-les-bas-de-limmobilier-au-quebec\/"},"wordCount":166,"publisher":{"@id":"https:\/\/eryckveziau.com\/en\/#organization"},"articleSection":["Non class\u00e9"],"inLanguage":"en-US"},{"@type":"WebPage","@id":"https:\/\/eryckveziau.com\/non-classe\/les-hauts-et-les-bas-de-limmobilier-au-quebec\/","url":"https:\/\/eryckveziau.com\/non-classe\/les-hauts-et-les-bas-de-limmobilier-au-quebec\/","name":"Les hauts et les bas de l\u2019immobilier au Qu\u00e9bec | ERYCK V\u00c9ZIAU, COURTIER IMMOBILIER LAVAL, COURTIER IMMOBILIER STE-DOROTH\u00c9E, MAISON \u00c0 VENDRE LAVAL, AGENT IMMOBILIER STE-DOROTH\u00c9E","isPartOf":{"@id":"https:\/\/eryckveziau.com\/en\/#website"},"datePublished":"2016-02-16T15:56:00+00:00","breadcrumb":{"@id":"https:\/\/eryckveziau.com\/non-classe\/les-hauts-et-les-bas-de-limmobilier-au-quebec\/#breadcrumb"},"inLanguage":"en-US","potentialAction":[{"@type":"ReadAction","target":["https:\/\/eryckveziau.com\/non-classe\/les-hauts-et-les-bas-de-limmobilier-au-quebec\/"]}]},{"@type":"BreadcrumbList","@id":"https:\/\/eryckveziau.com\/non-classe\/les-hauts-et-les-bas-de-limmobilier-au-quebec\/#breadcrumb","itemListElement":[{"@type":"ListItem","position":1,"name":"Accueil","item":"https:\/\/eryckveziau.com\/en\/"},{"@type":"ListItem","position":2,"name":"Les hauts et les bas de l\u2019immobilier au Qu\u00e9bec"}]},{"@type":"WebSite","@id":"https:\/\/eryckveziau.com\/en\/#website","url":"https:\/\/eryckveziau.com\/en\/","name":"ERYCK V\u00c9ZIAU, COURTIER IMMOBILIER LAVAL, COURTIER IMMOBILIER STE-DOROTH\u00c9E, MAISON \u00c0 VENDRE LAVAL, AGENT IMMOBILIER STE-DOROTH\u00c9E","description":"","publisher":{"@id":"https:\/\/eryckveziau.com\/en\/#organization"},"potentialAction":[{"@type":"SearchAction","target":{"@type":"EntryPoint","urlTemplate":"https:\/\/eryckveziau.com\/en\/?s={search_term_string}"},"query-input":{"@type":"PropertyValueSpecification","valueRequired":true,"valueName":"search_term_string"}}],"inLanguage":"en-US"},{"@type":"Organization","@id":"https:\/\/eryckveziau.com\/en\/#organization","name":"Eryck V\u00e9ziau RE\/MAX","url":"https:\/\/eryckveziau.com\/en\/","logo":{"@type":"ImageObject","inLanguage":"en-US","@id":"https:\/\/eryckveziau.com\/en\/#\/schema\/logo\/image\/","url":"https:\/\/eryckveziau.com\/files\/2022\/09\/PartageEveziau.png","contentUrl":"https:\/\/eryckveziau.com\/files\/2022\/09\/PartageEveziau.png","width":924,"height":454,"caption":"Eryck V\u00e9ziau RE\/MAX"},"image":{"@id":"https:\/\/eryckveziau.com\/en\/#\/schema\/logo\/image\/"},"sameAs":["https:\/\/www.facebook.com\/EryckVeziau.courtier.immobilier.ReMax.Laval","https:\/\/www.instagram.com\/eryck_veziau_remax\/","https:\/\/www.linkedin.com\/in\/eryck-v\u00e9ziau-6a445134\/","https:\/\/www.youtube.com\/user\/eveziau"]},{"@type":"Person","@id":"","url":"https:\/\/eryckveziau.com\/en\/author\/"}]}},"_links":{"self":[{"href":"https:\/\/eryckveziau.com\/en\/wp-json\/wp\/v2\/posts\/2479","targetHints":{"allow":["GET"]}}],"collection":[{"href":"https:\/\/eryckveziau.com\/en\/wp-json\/wp\/v2\/posts"}],"about":[{"href":"https:\/\/eryckveziau.com\/en\/wp-json\/wp\/v2\/types\/post"}],"author":[{"embeddable":true,"href":"https:\/\/eryckveziau.com\/en\/wp-json\/wp\/v2\/users\/285"}],"replies":[{"embeddable":true,"href":"https:\/\/eryckveziau.com\/en\/wp-json\/wp\/v2\/comments?post=2479"}],"version-history":[{"count":1,"href":"https:\/\/eryckveziau.com\/en\/wp-json\/wp\/v2\/posts\/2479\/revisions"}],"predecessor-version":[{"id":2480,"href":"https:\/\/eryckveziau.com\/en\/wp-json\/wp\/v2\/posts\/2479\/revisions\/2480"}],"wp:attachment":[{"href":"https:\/\/eryckveziau.com\/en\/wp-json\/wp\/v2\/media?parent=2479"}],"wp:term":[{"taxonomy":"category","embeddable":true,"href":"https:\/\/eryckveziau.com\/en\/wp-json\/wp\/v2\/categories?post=2479"},{"taxonomy":"post_tag","embeddable":true,"href":"https:\/\/eryckveziau.com\/en\/wp-json\/wp\/v2\/tags?post=2479"}],"curies":[{"name":"wp","href":"https:\/\/api.w.org\/{rel}","templated":true}]}}