{"id":2459,"date":"2016-02-04T09:13:54","date_gmt":"2016-02-04T14:13:54","guid":{"rendered":"\/?p=2459"},"modified":"2016-02-04T09:15:30","modified_gmt":"2016-02-04T14:15:30","slug":"les-quebecois-aiment-les-grosses-mises-de-fonds","status":"publish","type":"post","link":"https:\/\/eryckveziau.com\/en\/non-classe\/les-quebecois-aiment-les-grosses-mises-de-fonds\/","title":{"rendered":"Les Qu\u00e9b\u00e9cois aiment les grosses\u2026 mises de fonds"},"content":{"rendered":"<p>\u00c0 combien s\u2019\u00e9l\u00e8ve la mise de fonds moyenne des Qu\u00e9b\u00e9cois qui ach\u00e8tent une propri\u00e9t\u00e9?<\/p>\n<p>\u00c0 29%, r\u00e9v\u00e8le une \u00e9tude in\u00e9dite publi\u00e9e cette semaine par l\u2019Institut de la Statistique du Qu\u00e9bec (ISQ).<\/p>\n<p>Cette donn\u00e9e va \u00e0 l\u2019encontre de la croyance populaire, selon laquelle les acheteurs cherchent syst\u00e9matiquement \u00e0 injecter le moins de comptant possible \u00e0 l\u2019achat.<\/p>\n<p>Plus en d\u00e9tails:<\/p>\n<p><img loading=\"lazy\" decoding=\"async\" class=\"aligncenter size-full wp-image-2426\" src=\"http:\/\/blogues.lapresse.ca\/lapresseaffaires\/immobilier\/files\/2016\/02\/Capture-d%E2%80%99%C3%A9cran-2016-02-03-%C3%A0-10.12.03.png\" alt=\"Capture d\u2019\u00e9cran 2016-02-03 \u00e0 10.12.03\" width=\"425\" height=\"172\" \/><\/p>\n<p>Le chercheur de l\u2019ISQ, Marc-Andr\u00e9 Gauthier, a r\u00e9alis\u00e9 son \u00e9tude en d\u00e9cortiquant les r\u00e9sultats d\u2019une enqu\u00eate pointue de Statistique Canada.<\/p>\n<p>Plusieurs de ses constatations sont in\u00e9dites.<\/p>\n<p>Par exemple, il a ainsi que 11,8% des acheteurs ont fait une mise de fonds de moins de 5%, m\u00eame s\u2019il s\u2019agit l\u00e0 du minimum requis pour b\u00e9n\u00e9ficier d\u2019un pr\u00eat assur\u00e9 par la SCHL.<\/p>\n","protected":false},"excerpt":{"rendered":"<p>\u00c0 combien s\u2019\u00e9l\u00e8ve la mise de fonds moyenne des Qu\u00e9b\u00e9cois qui ach\u00e8tent une propri\u00e9t\u00e9? \u00c0 29%, r\u00e9v\u00e8le une \u00e9tude in\u00e9dite publi\u00e9e cette semaine par l\u2019Institut de la Statistique du Qu\u00e9bec (ISQ). Cette donn\u00e9e va \u00e0 l\u2019encontre de la croyance populaire, selon laquelle les acheteurs cherchent syst\u00e9matiquement \u00e0 injecter le moins de comptant possible \u00e0 l\u2019achat. [&hellip;]<\/p>\n","protected":false},"author":285,"featured_media":0,"comment_status":"closed","ping_status":"closed","sticky":false,"template":"","format":"standard","meta":{"_acf_changed":false,"footnotes":""},"categories":[1],"tags":[],"class_list":["post-2459","post","type-post","status-publish","format-standard","hentry","category-non-classe"],"acf":[],"yoast_head":"<!-- This site is optimized with the Yoast SEO plugin v26.7 - https:\/\/yoast.com\/wordpress\/plugins\/seo\/ -->\n<title>Les Qu\u00e9b\u00e9cois aiment les grosses\u2026 mises de fonds | ERYCK V\u00c9ZIAU, COURTIER IMMOBILIER LAVAL, COURTIER IMMOBILIER STE-DOROTH\u00c9E, MAISON \u00c0 VENDRE LAVAL, AGENT IMMOBILIER STE-DOROTH\u00c9E<\/title>\n<meta name=\"robots\" content=\"index, follow, max-snippet:-1, max-image-preview:large, max-video-preview:-1\" \/>\n<link rel=\"canonical\" href=\"https:\/\/eryckveziau.com\/non-classe\/les-quebecois-aiment-les-grosses-mises-de-fonds\/\" \/>\n<meta property=\"og:locale\" content=\"en_US\" \/>\n<meta property=\"og:type\" content=\"article\" \/>\n<meta property=\"og:title\" content=\"Les Qu\u00e9b\u00e9cois aiment les grosses\u2026 mises de fonds | ERYCK V\u00c9ZIAU, COURTIER IMMOBILIER LAVAL, COURTIER IMMOBILIER STE-DOROTH\u00c9E, MAISON \u00c0 VENDRE LAVAL, AGENT IMMOBILIER STE-DOROTH\u00c9E\" \/>\n<meta property=\"og:description\" content=\"\u00c0 combien s\u2019\u00e9l\u00e8ve la mise de fonds moyenne des Qu\u00e9b\u00e9cois qui ach\u00e8tent une propri\u00e9t\u00e9? \u00c0 29%, r\u00e9v\u00e8le une \u00e9tude in\u00e9dite publi\u00e9e cette semaine par l\u2019Institut de la Statistique du Qu\u00e9bec (ISQ). Cette donn\u00e9e va \u00e0 l\u2019encontre de la croyance populaire, selon laquelle les acheteurs cherchent syst\u00e9matiquement \u00e0 injecter le moins de comptant possible \u00e0 l\u2019achat. [&hellip;]\" \/>\n<meta property=\"og:url\" content=\"https:\/\/eryckveziau.com\/non-classe\/les-quebecois-aiment-les-grosses-mises-de-fonds\/\" \/>\n<meta property=\"og:site_name\" content=\"ERYCK V\u00c9ZIAU, COURTIER IMMOBILIER LAVAL, COURTIER IMMOBILIER STE-DOROTH\u00c9E, MAISON \u00c0 VENDRE LAVAL, AGENT IMMOBILIER STE-DOROTH\u00c9E\" \/>\n<meta property=\"article:publisher\" content=\"https:\/\/www.facebook.com\/EryckVeziau.courtier.immobilier.ReMax.Laval\" \/>\n<meta property=\"article:published_time\" content=\"2016-02-04T14:13:54+00:00\" \/>\n<meta property=\"article:modified_time\" content=\"2016-02-04T14:15:30+00:00\" \/>\n<meta property=\"og:image\" content=\"http:\/\/blogues.lapresse.ca\/lapresseaffaires\/immobilier\/files\/2016\/02\/Capture-d%E2%80%99%C3%A9cran-2016-02-03-%C3%A0-10.12.03.png\" \/>\n<meta name=\"twitter:card\" content=\"summary_large_image\" \/>\n<meta name=\"twitter:label1\" content=\"Written by\" \/>\n\t<meta name=\"twitter:data1\" content=\"\" \/>\n\t<meta name=\"twitter:label2\" content=\"Est. reading time\" \/>\n\t<meta name=\"twitter:data2\" content=\"1 minute\" \/>\n<script type=\"application\/ld+json\" class=\"yoast-schema-graph\">{\"@context\":\"https:\/\/schema.org\",\"@graph\":[{\"@type\":\"Article\",\"@id\":\"https:\/\/eryckveziau.com\/non-classe\/les-quebecois-aiment-les-grosses-mises-de-fonds\/#article\",\"isPartOf\":{\"@id\":\"https:\/\/eryckveziau.com\/non-classe\/les-quebecois-aiment-les-grosses-mises-de-fonds\/\"},\"author\":{\"name\":\"\",\"@id\":\"\"},\"headline\":\"Les Qu\u00e9b\u00e9cois aiment les grosses\u2026 mises de fonds\",\"datePublished\":\"2016-02-04T14:13:54+00:00\",\"dateModified\":\"2016-02-04T14:15:30+00:00\",\"mainEntityOfPage\":{\"@id\":\"https:\/\/eryckveziau.com\/non-classe\/les-quebecois-aiment-les-grosses-mises-de-fonds\/\"},\"wordCount\":151,\"publisher\":{\"@id\":\"https:\/\/eryckveziau.com\/en\/#organization\"},\"image\":{\"@id\":\"https:\/\/eryckveziau.com\/non-classe\/les-quebecois-aiment-les-grosses-mises-de-fonds\/#primaryimage\"},\"thumbnailUrl\":\"http:\/\/blogues.lapresse.ca\/lapresseaffaires\/immobilier\/files\/2016\/02\/Capture-d%E2%80%99%C3%A9cran-2016-02-03-%C3%A0-10.12.03.png\",\"articleSection\":[\"Non class\u00e9\"],\"inLanguage\":\"en-US\"},{\"@type\":\"WebPage\",\"@id\":\"https:\/\/eryckveziau.com\/non-classe\/les-quebecois-aiment-les-grosses-mises-de-fonds\/\",\"url\":\"https:\/\/eryckveziau.com\/non-classe\/les-quebecois-aiment-les-grosses-mises-de-fonds\/\",\"name\":\"Les Qu\u00e9b\u00e9cois aiment les grosses\u2026 mises de fonds | ERYCK V\u00c9ZIAU, COURTIER IMMOBILIER LAVAL, COURTIER IMMOBILIER STE-DOROTH\u00c9E, MAISON \u00c0 VENDRE LAVAL, AGENT IMMOBILIER STE-DOROTH\u00c9E\",\"isPartOf\":{\"@id\":\"https:\/\/eryckveziau.com\/en\/#website\"},\"primaryImageOfPage\":{\"@id\":\"https:\/\/eryckveziau.com\/non-classe\/les-quebecois-aiment-les-grosses-mises-de-fonds\/#primaryimage\"},\"image\":{\"@id\":\"https:\/\/eryckveziau.com\/non-classe\/les-quebecois-aiment-les-grosses-mises-de-fonds\/#primaryimage\"},\"thumbnailUrl\":\"http:\/\/blogues.lapresse.ca\/lapresseaffaires\/immobilier\/files\/2016\/02\/Capture-d%E2%80%99%C3%A9cran-2016-02-03-%C3%A0-10.12.03.png\",\"datePublished\":\"2016-02-04T14:13:54+00:00\",\"dateModified\":\"2016-02-04T14:15:30+00:00\",\"breadcrumb\":{\"@id\":\"https:\/\/eryckveziau.com\/non-classe\/les-quebecois-aiment-les-grosses-mises-de-fonds\/#breadcrumb\"},\"inLanguage\":\"en-US\",\"potentialAction\":[{\"@type\":\"ReadAction\",\"target\":[\"https:\/\/eryckveziau.com\/non-classe\/les-quebecois-aiment-les-grosses-mises-de-fonds\/\"]}]},{\"@type\":\"ImageObject\",\"inLanguage\":\"en-US\",\"@id\":\"https:\/\/eryckveziau.com\/non-classe\/les-quebecois-aiment-les-grosses-mises-de-fonds\/#primaryimage\",\"url\":\"http:\/\/blogues.lapresse.ca\/lapresseaffaires\/immobilier\/files\/2016\/02\/Capture-d%E2%80%99%C3%A9cran-2016-02-03-%C3%A0-10.12.03.png\",\"contentUrl\":\"http:\/\/blogues.lapresse.ca\/lapresseaffaires\/immobilier\/files\/2016\/02\/Capture-d%E2%80%99%C3%A9cran-2016-02-03-%C3%A0-10.12.03.png\"},{\"@type\":\"BreadcrumbList\",\"@id\":\"https:\/\/eryckveziau.com\/non-classe\/les-quebecois-aiment-les-grosses-mises-de-fonds\/#breadcrumb\",\"itemListElement\":[{\"@type\":\"ListItem\",\"position\":1,\"name\":\"Accueil\",\"item\":\"https:\/\/eryckveziau.com\/en\/\"},{\"@type\":\"ListItem\",\"position\":2,\"name\":\"Les Qu\u00e9b\u00e9cois aiment les grosses\u2026 mises de fonds\"}]},{\"@type\":\"WebSite\",\"@id\":\"https:\/\/eryckveziau.com\/en\/#website\",\"url\":\"https:\/\/eryckveziau.com\/en\/\",\"name\":\"ERYCK V\u00c9ZIAU, COURTIER IMMOBILIER LAVAL, COURTIER IMMOBILIER STE-DOROTH\u00c9E, MAISON \u00c0 VENDRE LAVAL, AGENT IMMOBILIER STE-DOROTH\u00c9E\",\"description\":\"\",\"publisher\":{\"@id\":\"https:\/\/eryckveziau.com\/en\/#organization\"},\"potentialAction\":[{\"@type\":\"SearchAction\",\"target\":{\"@type\":\"EntryPoint\",\"urlTemplate\":\"https:\/\/eryckveziau.com\/en\/?s={search_term_string}\"},\"query-input\":{\"@type\":\"PropertyValueSpecification\",\"valueRequired\":true,\"valueName\":\"search_term_string\"}}],\"inLanguage\":\"en-US\"},{\"@type\":\"Organization\",\"@id\":\"https:\/\/eryckveziau.com\/en\/#organization\",\"name\":\"Eryck V\u00e9ziau RE\/MAX\",\"url\":\"https:\/\/eryckveziau.com\/en\/\",\"logo\":{\"@type\":\"ImageObject\",\"inLanguage\":\"en-US\",\"@id\":\"https:\/\/eryckveziau.com\/en\/#\/schema\/logo\/image\/\",\"url\":\"https:\/\/eryckveziau.com\/files\/2022\/09\/PartageEveziau.png\",\"contentUrl\":\"https:\/\/eryckveziau.com\/files\/2022\/09\/PartageEveziau.png\",\"width\":924,\"height\":454,\"caption\":\"Eryck V\u00e9ziau RE\/MAX\"},\"image\":{\"@id\":\"https:\/\/eryckveziau.com\/en\/#\/schema\/logo\/image\/\"},\"sameAs\":[\"https:\/\/www.facebook.com\/EryckVeziau.courtier.immobilier.ReMax.Laval\",\"https:\/\/www.instagram.com\/eryck_veziau_remax\/\",\"https:\/\/www.linkedin.com\/in\/eryck-v\u00e9ziau-6a445134\/\",\"https:\/\/www.youtube.com\/user\/eveziau\"]},{\"@type\":\"Person\",\"@id\":\"\",\"url\":\"https:\/\/eryckveziau.com\/en\/author\/\"}]}<\/script>\n<!-- \/ Yoast SEO plugin. -->","yoast_head_json":{"title":"Les Qu\u00e9b\u00e9cois aiment les grosses\u2026 mises de fonds | ERYCK V\u00c9ZIAU, COURTIER IMMOBILIER LAVAL, COURTIER IMMOBILIER STE-DOROTH\u00c9E, MAISON \u00c0 VENDRE LAVAL, AGENT IMMOBILIER STE-DOROTH\u00c9E","robots":{"index":"index","follow":"follow","max-snippet":"max-snippet:-1","max-image-preview":"max-image-preview:large","max-video-preview":"max-video-preview:-1"},"canonical":"https:\/\/eryckveziau.com\/non-classe\/les-quebecois-aiment-les-grosses-mises-de-fonds\/","og_locale":"en_US","og_type":"article","og_title":"Les Qu\u00e9b\u00e9cois aiment les grosses\u2026 mises de fonds | ERYCK V\u00c9ZIAU, COURTIER IMMOBILIER LAVAL, COURTIER IMMOBILIER STE-DOROTH\u00c9E, MAISON \u00c0 VENDRE LAVAL, AGENT IMMOBILIER STE-DOROTH\u00c9E","og_description":"\u00c0 combien s\u2019\u00e9l\u00e8ve la mise de fonds moyenne des Qu\u00e9b\u00e9cois qui ach\u00e8tent une propri\u00e9t\u00e9? \u00c0 29%, r\u00e9v\u00e8le une \u00e9tude in\u00e9dite publi\u00e9e cette semaine par l\u2019Institut de la Statistique du Qu\u00e9bec (ISQ). Cette donn\u00e9e va \u00e0 l\u2019encontre de la croyance populaire, selon laquelle les acheteurs cherchent syst\u00e9matiquement \u00e0 injecter le moins de comptant possible \u00e0 l\u2019achat. [&hellip;]","og_url":"https:\/\/eryckveziau.com\/non-classe\/les-quebecois-aiment-les-grosses-mises-de-fonds\/","og_site_name":"ERYCK V\u00c9ZIAU, COURTIER IMMOBILIER LAVAL, COURTIER IMMOBILIER STE-DOROTH\u00c9E, MAISON \u00c0 VENDRE LAVAL, AGENT IMMOBILIER STE-DOROTH\u00c9E","article_publisher":"https:\/\/www.facebook.com\/EryckVeziau.courtier.immobilier.ReMax.Laval","article_published_time":"2016-02-04T14:13:54+00:00","article_modified_time":"2016-02-04T14:15:30+00:00","og_image":[{"url":"http:\/\/blogues.lapresse.ca\/lapresseaffaires\/immobilier\/files\/2016\/02\/Capture-d%E2%80%99%C3%A9cran-2016-02-03-%C3%A0-10.12.03.png","type":"","width":"","height":""}],"twitter_card":"summary_large_image","twitter_misc":{"Written by":"","Est. reading time":"1 minute"},"schema":{"@context":"https:\/\/schema.org","@graph":[{"@type":"Article","@id":"https:\/\/eryckveziau.com\/non-classe\/les-quebecois-aiment-les-grosses-mises-de-fonds\/#article","isPartOf":{"@id":"https:\/\/eryckveziau.com\/non-classe\/les-quebecois-aiment-les-grosses-mises-de-fonds\/"},"author":{"name":"","@id":""},"headline":"Les Qu\u00e9b\u00e9cois aiment les grosses\u2026 mises de fonds","datePublished":"2016-02-04T14:13:54+00:00","dateModified":"2016-02-04T14:15:30+00:00","mainEntityOfPage":{"@id":"https:\/\/eryckveziau.com\/non-classe\/les-quebecois-aiment-les-grosses-mises-de-fonds\/"},"wordCount":151,"publisher":{"@id":"https:\/\/eryckveziau.com\/en\/#organization"},"image":{"@id":"https:\/\/eryckveziau.com\/non-classe\/les-quebecois-aiment-les-grosses-mises-de-fonds\/#primaryimage"},"thumbnailUrl":"http:\/\/blogues.lapresse.ca\/lapresseaffaires\/immobilier\/files\/2016\/02\/Capture-d%E2%80%99%C3%A9cran-2016-02-03-%C3%A0-10.12.03.png","articleSection":["Non class\u00e9"],"inLanguage":"en-US"},{"@type":"WebPage","@id":"https:\/\/eryckveziau.com\/non-classe\/les-quebecois-aiment-les-grosses-mises-de-fonds\/","url":"https:\/\/eryckveziau.com\/non-classe\/les-quebecois-aiment-les-grosses-mises-de-fonds\/","name":"Les Qu\u00e9b\u00e9cois aiment les grosses\u2026 mises de fonds | ERYCK V\u00c9ZIAU, COURTIER IMMOBILIER LAVAL, COURTIER IMMOBILIER STE-DOROTH\u00c9E, MAISON \u00c0 VENDRE LAVAL, AGENT IMMOBILIER STE-DOROTH\u00c9E","isPartOf":{"@id":"https:\/\/eryckveziau.com\/en\/#website"},"primaryImageOfPage":{"@id":"https:\/\/eryckveziau.com\/non-classe\/les-quebecois-aiment-les-grosses-mises-de-fonds\/#primaryimage"},"image":{"@id":"https:\/\/eryckveziau.com\/non-classe\/les-quebecois-aiment-les-grosses-mises-de-fonds\/#primaryimage"},"thumbnailUrl":"http:\/\/blogues.lapresse.ca\/lapresseaffaires\/immobilier\/files\/2016\/02\/Capture-d%E2%80%99%C3%A9cran-2016-02-03-%C3%A0-10.12.03.png","datePublished":"2016-02-04T14:13:54+00:00","dateModified":"2016-02-04T14:15:30+00:00","breadcrumb":{"@id":"https:\/\/eryckveziau.com\/non-classe\/les-quebecois-aiment-les-grosses-mises-de-fonds\/#breadcrumb"},"inLanguage":"en-US","potentialAction":[{"@type":"ReadAction","target":["https:\/\/eryckveziau.com\/non-classe\/les-quebecois-aiment-les-grosses-mises-de-fonds\/"]}]},{"@type":"ImageObject","inLanguage":"en-US","@id":"https:\/\/eryckveziau.com\/non-classe\/les-quebecois-aiment-les-grosses-mises-de-fonds\/#primaryimage","url":"http:\/\/blogues.lapresse.ca\/lapresseaffaires\/immobilier\/files\/2016\/02\/Capture-d%E2%80%99%C3%A9cran-2016-02-03-%C3%A0-10.12.03.png","contentUrl":"http:\/\/blogues.lapresse.ca\/lapresseaffaires\/immobilier\/files\/2016\/02\/Capture-d%E2%80%99%C3%A9cran-2016-02-03-%C3%A0-10.12.03.png"},{"@type":"BreadcrumbList","@id":"https:\/\/eryckveziau.com\/non-classe\/les-quebecois-aiment-les-grosses-mises-de-fonds\/#breadcrumb","itemListElement":[{"@type":"ListItem","position":1,"name":"Accueil","item":"https:\/\/eryckveziau.com\/en\/"},{"@type":"ListItem","position":2,"name":"Les Qu\u00e9b\u00e9cois aiment les grosses\u2026 mises de fonds"}]},{"@type":"WebSite","@id":"https:\/\/eryckveziau.com\/en\/#website","url":"https:\/\/eryckveziau.com\/en\/","name":"ERYCK V\u00c9ZIAU, COURTIER IMMOBILIER LAVAL, COURTIER IMMOBILIER STE-DOROTH\u00c9E, MAISON \u00c0 VENDRE LAVAL, AGENT IMMOBILIER STE-DOROTH\u00c9E","description":"","publisher":{"@id":"https:\/\/eryckveziau.com\/en\/#organization"},"potentialAction":[{"@type":"SearchAction","target":{"@type":"EntryPoint","urlTemplate":"https:\/\/eryckveziau.com\/en\/?s={search_term_string}"},"query-input":{"@type":"PropertyValueSpecification","valueRequired":true,"valueName":"search_term_string"}}],"inLanguage":"en-US"},{"@type":"Organization","@id":"https:\/\/eryckveziau.com\/en\/#organization","name":"Eryck V\u00e9ziau RE\/MAX","url":"https:\/\/eryckveziau.com\/en\/","logo":{"@type":"ImageObject","inLanguage":"en-US","@id":"https:\/\/eryckveziau.com\/en\/#\/schema\/logo\/image\/","url":"https:\/\/eryckveziau.com\/files\/2022\/09\/PartageEveziau.png","contentUrl":"https:\/\/eryckveziau.com\/files\/2022\/09\/PartageEveziau.png","width":924,"height":454,"caption":"Eryck V\u00e9ziau RE\/MAX"},"image":{"@id":"https:\/\/eryckveziau.com\/en\/#\/schema\/logo\/image\/"},"sameAs":["https:\/\/www.facebook.com\/EryckVeziau.courtier.immobilier.ReMax.Laval","https:\/\/www.instagram.com\/eryck_veziau_remax\/","https:\/\/www.linkedin.com\/in\/eryck-v\u00e9ziau-6a445134\/","https:\/\/www.youtube.com\/user\/eveziau"]},{"@type":"Person","@id":"","url":"https:\/\/eryckveziau.com\/en\/author\/"}]}},"_links":{"self":[{"href":"https:\/\/eryckveziau.com\/en\/wp-json\/wp\/v2\/posts\/2459","targetHints":{"allow":["GET"]}}],"collection":[{"href":"https:\/\/eryckveziau.com\/en\/wp-json\/wp\/v2\/posts"}],"about":[{"href":"https:\/\/eryckveziau.com\/en\/wp-json\/wp\/v2\/types\/post"}],"author":[{"embeddable":true,"href":"https:\/\/eryckveziau.com\/en\/wp-json\/wp\/v2\/users\/285"}],"replies":[{"embeddable":true,"href":"https:\/\/eryckveziau.com\/en\/wp-json\/wp\/v2\/comments?post=2459"}],"version-history":[{"count":1,"href":"https:\/\/eryckveziau.com\/en\/wp-json\/wp\/v2\/posts\/2459\/revisions"}],"predecessor-version":[{"id":2460,"href":"https:\/\/eryckveziau.com\/en\/wp-json\/wp\/v2\/posts\/2459\/revisions\/2460"}],"wp:attachment":[{"href":"https:\/\/eryckveziau.com\/en\/wp-json\/wp\/v2\/media?parent=2459"}],"wp:term":[{"taxonomy":"category","embeddable":true,"href":"https:\/\/eryckveziau.com\/en\/wp-json\/wp\/v2\/categories?post=2459"},{"taxonomy":"post_tag","embeddable":true,"href":"https:\/\/eryckveziau.com\/en\/wp-json\/wp\/v2\/tags?post=2459"}],"curies":[{"name":"wp","href":"https:\/\/api.w.org\/{rel}","templated":true}]}}