{"id":2449,"date":"2016-01-28T09:17:07","date_gmt":"2016-01-28T14:17:07","guid":{"rendered":"\/?p=2449"},"modified":"2016-01-28T09:18:15","modified_gmt":"2016-01-28T14:18:15","slug":"frais-de-condo-payez-vous-trop-cher","status":"publish","type":"post","link":"https:\/\/eryckveziau.com\/en\/non-classe\/frais-de-condo-payez-vous-trop-cher\/","title":{"rendered":"Frais de condo: payez-vous trop cher?"},"content":{"rendered":"<div>\n<p><strong>Votre voisin copropri\u00e9taire paie les m\u00eames frais de condo que vous, mais son habitation est beaucoup plus grande. Frustrant. Quels sont vos recours?<\/strong><\/p>\n<\/div>\n<div>\n<p>Ils sont \u00e0 peu pr\u00e8s inexistants.<\/p>\n<\/div>\n<div>\n<p>Prenez le cas de cette lectrice qui nous \u00e9crit \u00e0 propos de son immeuble de 18 condos, dont ceux situ\u00e9s au rez-de-chauss\u00e9e comportent des sous-sols finis. Dans les faits, les surfaces habitables de ceux-ci sont plus grandes que celles des appartements aux \u00e9tages.<\/p>\n<\/div>\n<div>\n<p>Les travaux d\u2019entretien ou de r\u00e9paration, comme dans la plupart des immeubles \u00e0 condos, sont pay\u00e9s selon une quote-part calcul\u00e9e en fonction de la superficie de chaque habitation. Or, ici, les sous-sols finis sont exclus de ce calcul. Notre lectrice se demande s\u2019il est possible de changer cette situation.<\/p>\n<\/div>\n<div>\n<p>Ma recherche m\u2019a permis de constater que ce sera tr\u00e8s difficile. Car la quote-part et les superficies sont inscrites dans la d\u00e9claration de copropri\u00e9t\u00e9 et sont li\u00e9es \u00e0 la valeur relative de chaque logement. Celle-ci est d\u00e9finie par le promoteur de l\u2019immeuble lorsqu\u2019il met en march\u00e9 le projet.<\/p>\n<\/div>\n<div>\n<p><strong>Selon l\u2019immeuble<\/strong><\/p>\n<\/div>\n<div>\n<p>Notre lectrice demande s\u2019il est vrai qu\u2019au Qu\u00e9bec, la situation est partout similaire \u00e0 la sienne. En fait, \u00e7a varie grandement selon l\u2019immeuble.<\/p>\n<\/div>\n","protected":false},"excerpt":{"rendered":"<p>Votre voisin copropri\u00e9taire paie les m\u00eames frais de condo que vous, mais son habitation est beaucoup plus grande. Frustrant. Quels sont vos recours? Ils sont \u00e0 peu pr\u00e8s inexistants. Prenez le cas de cette lectrice qui nous \u00e9crit \u00e0 propos de son immeuble de 18 condos, dont ceux situ\u00e9s au rez-de-chauss\u00e9e comportent des sous-sols finis. [&hellip;]<\/p>\n","protected":false},"author":285,"featured_media":0,"comment_status":"closed","ping_status":"closed","sticky":false,"template":"","format":"standard","meta":{"_acf_changed":false,"footnotes":""},"categories":[1],"tags":[],"class_list":["post-2449","post","type-post","status-publish","format-standard","hentry","category-non-classe"],"acf":[],"yoast_head":"<!-- This site is optimized with the Yoast SEO plugin v26.7 - https:\/\/yoast.com\/wordpress\/plugins\/seo\/ -->\n<title>Frais de condo: payez-vous trop cher? | ERYCK V\u00c9ZIAU, COURTIER IMMOBILIER LAVAL, COURTIER IMMOBILIER STE-DOROTH\u00c9E, MAISON \u00c0 VENDRE LAVAL, AGENT IMMOBILIER STE-DOROTH\u00c9E<\/title>\n<meta name=\"robots\" content=\"index, follow, max-snippet:-1, max-image-preview:large, max-video-preview:-1\" \/>\n<link rel=\"canonical\" href=\"https:\/\/eryckveziau.com\/en\/non-classe\/frais-de-condo-payez-vous-trop-cher\/\" \/>\n<meta property=\"og:locale\" content=\"en_US\" \/>\n<meta property=\"og:type\" content=\"article\" \/>\n<meta property=\"og:title\" content=\"Frais de condo: payez-vous trop cher? | ERYCK V\u00c9ZIAU, COURTIER IMMOBILIER LAVAL, COURTIER IMMOBILIER STE-DOROTH\u00c9E, MAISON \u00c0 VENDRE LAVAL, AGENT IMMOBILIER STE-DOROTH\u00c9E\" \/>\n<meta property=\"og:description\" content=\"Votre voisin copropri\u00e9taire paie les m\u00eames frais de condo que vous, mais son habitation est beaucoup plus grande. Frustrant. Quels sont vos recours? Ils sont \u00e0 peu pr\u00e8s inexistants. Prenez le cas de cette lectrice qui nous \u00e9crit \u00e0 propos de son immeuble de 18 condos, dont ceux situ\u00e9s au rez-de-chauss\u00e9e comportent des sous-sols finis. [&hellip;]\" \/>\n<meta property=\"og:url\" content=\"https:\/\/eryckveziau.com\/en\/non-classe\/frais-de-condo-payez-vous-trop-cher\/\" \/>\n<meta property=\"og:site_name\" content=\"ERYCK V\u00c9ZIAU, COURTIER IMMOBILIER LAVAL, COURTIER IMMOBILIER STE-DOROTH\u00c9E, MAISON \u00c0 VENDRE LAVAL, AGENT IMMOBILIER STE-DOROTH\u00c9E\" \/>\n<meta property=\"article:publisher\" content=\"https:\/\/www.facebook.com\/EryckVeziau.courtier.immobilier.ReMax.Laval\" \/>\n<meta property=\"article:published_time\" content=\"2016-01-28T14:17:07+00:00\" \/>\n<meta property=\"article:modified_time\" content=\"2016-01-28T14:18:15+00:00\" \/>\n<meta property=\"og:image\" content=\"https:\/\/eryckveziau.com\/files\/2022\/09\/PartageEveziau.png\" \/>\n\t<meta property=\"og:image:width\" content=\"924\" \/>\n\t<meta property=\"og:image:height\" content=\"454\" \/>\n\t<meta property=\"og:image:type\" content=\"image\/png\" \/>\n<meta name=\"twitter:card\" content=\"summary_large_image\" \/>\n<meta name=\"twitter:label1\" content=\"Written by\" \/>\n\t<meta name=\"twitter:data1\" content=\"\" \/>\n\t<meta name=\"twitter:label2\" content=\"Est. reading time\" \/>\n\t<meta name=\"twitter:data2\" content=\"1 minute\" \/>\n<script type=\"application\/ld+json\" class=\"yoast-schema-graph\">{\"@context\":\"https:\/\/schema.org\",\"@graph\":[{\"@type\":\"Article\",\"@id\":\"https:\/\/eryckveziau.com\/en\/non-classe\/frais-de-condo-payez-vous-trop-cher\/#article\",\"isPartOf\":{\"@id\":\"https:\/\/eryckveziau.com\/en\/non-classe\/frais-de-condo-payez-vous-trop-cher\/\"},\"author\":{\"name\":\"\",\"@id\":\"\"},\"headline\":\"Frais de condo: payez-vous trop cher?\",\"datePublished\":\"2016-01-28T14:17:07+00:00\",\"dateModified\":\"2016-01-28T14:18:15+00:00\",\"mainEntityOfPage\":{\"@id\":\"https:\/\/eryckveziau.com\/en\/non-classe\/frais-de-condo-payez-vous-trop-cher\/\"},\"wordCount\":217,\"publisher\":{\"@id\":\"https:\/\/eryckveziau.com\/en\/#organization\"},\"articleSection\":[\"Non class\u00e9\"],\"inLanguage\":\"en-US\"},{\"@type\":\"WebPage\",\"@id\":\"https:\/\/eryckveziau.com\/en\/non-classe\/frais-de-condo-payez-vous-trop-cher\/\",\"url\":\"https:\/\/eryckveziau.com\/en\/non-classe\/frais-de-condo-payez-vous-trop-cher\/\",\"name\":\"Frais de condo: payez-vous trop cher? | ERYCK V\u00c9ZIAU, COURTIER IMMOBILIER LAVAL, COURTIER IMMOBILIER STE-DOROTH\u00c9E, MAISON \u00c0 VENDRE LAVAL, AGENT IMMOBILIER STE-DOROTH\u00c9E\",\"isPartOf\":{\"@id\":\"https:\/\/eryckveziau.com\/en\/#website\"},\"datePublished\":\"2016-01-28T14:17:07+00:00\",\"dateModified\":\"2016-01-28T14:18:15+00:00\",\"breadcrumb\":{\"@id\":\"https:\/\/eryckveziau.com\/en\/non-classe\/frais-de-condo-payez-vous-trop-cher\/#breadcrumb\"},\"inLanguage\":\"en-US\",\"potentialAction\":[{\"@type\":\"ReadAction\",\"target\":[\"https:\/\/eryckveziau.com\/en\/non-classe\/frais-de-condo-payez-vous-trop-cher\/\"]}]},{\"@type\":\"BreadcrumbList\",\"@id\":\"https:\/\/eryckveziau.com\/en\/non-classe\/frais-de-condo-payez-vous-trop-cher\/#breadcrumb\",\"itemListElement\":[{\"@type\":\"ListItem\",\"position\":1,\"name\":\"Accueil\",\"item\":\"https:\/\/eryckveziau.com\/en\/\"},{\"@type\":\"ListItem\",\"position\":2,\"name\":\"Frais de condo: payez-vous trop cher?\"}]},{\"@type\":\"WebSite\",\"@id\":\"https:\/\/eryckveziau.com\/en\/#website\",\"url\":\"https:\/\/eryckveziau.com\/en\/\",\"name\":\"ERYCK V\u00c9ZIAU, COURTIER IMMOBILIER LAVAL, COURTIER IMMOBILIER STE-DOROTH\u00c9E, MAISON \u00c0 VENDRE LAVAL, AGENT IMMOBILIER STE-DOROTH\u00c9E\",\"description\":\"\",\"publisher\":{\"@id\":\"https:\/\/eryckveziau.com\/en\/#organization\"},\"potentialAction\":[{\"@type\":\"SearchAction\",\"target\":{\"@type\":\"EntryPoint\",\"urlTemplate\":\"https:\/\/eryckveziau.com\/en\/?s={search_term_string}\"},\"query-input\":{\"@type\":\"PropertyValueSpecification\",\"valueRequired\":true,\"valueName\":\"search_term_string\"}}],\"inLanguage\":\"en-US\"},{\"@type\":\"Organization\",\"@id\":\"https:\/\/eryckveziau.com\/en\/#organization\",\"name\":\"Eryck V\u00e9ziau RE\/MAX\",\"url\":\"https:\/\/eryckveziau.com\/en\/\",\"logo\":{\"@type\":\"ImageObject\",\"inLanguage\":\"en-US\",\"@id\":\"https:\/\/eryckveziau.com\/en\/#\/schema\/logo\/image\/\",\"url\":\"https:\/\/eryckveziau.com\/files\/2022\/09\/PartageEveziau.png\",\"contentUrl\":\"https:\/\/eryckveziau.com\/files\/2022\/09\/PartageEveziau.png\",\"width\":924,\"height\":454,\"caption\":\"Eryck V\u00e9ziau RE\/MAX\"},\"image\":{\"@id\":\"https:\/\/eryckveziau.com\/en\/#\/schema\/logo\/image\/\"},\"sameAs\":[\"https:\/\/www.facebook.com\/EryckVeziau.courtier.immobilier.ReMax.Laval\",\"https:\/\/www.instagram.com\/eryck_veziau_remax\/\",\"https:\/\/www.linkedin.com\/in\/eryck-v\u00e9ziau-6a445134\/\",\"https:\/\/www.youtube.com\/user\/eveziau\"]},{\"@type\":\"Person\",\"@id\":\"\",\"url\":\"https:\/\/eryckveziau.com\/en\/author\/\"}]}<\/script>\n<!-- \/ Yoast SEO plugin. -->","yoast_head_json":{"title":"Frais de condo: payez-vous trop cher? | ERYCK V\u00c9ZIAU, COURTIER IMMOBILIER LAVAL, COURTIER IMMOBILIER STE-DOROTH\u00c9E, MAISON \u00c0 VENDRE LAVAL, AGENT IMMOBILIER STE-DOROTH\u00c9E","robots":{"index":"index","follow":"follow","max-snippet":"max-snippet:-1","max-image-preview":"max-image-preview:large","max-video-preview":"max-video-preview:-1"},"canonical":"https:\/\/eryckveziau.com\/en\/non-classe\/frais-de-condo-payez-vous-trop-cher\/","og_locale":"en_US","og_type":"article","og_title":"Frais de condo: payez-vous trop cher? | ERYCK V\u00c9ZIAU, COURTIER IMMOBILIER LAVAL, COURTIER IMMOBILIER STE-DOROTH\u00c9E, MAISON \u00c0 VENDRE LAVAL, AGENT IMMOBILIER STE-DOROTH\u00c9E","og_description":"Votre voisin copropri\u00e9taire paie les m\u00eames frais de condo que vous, mais son habitation est beaucoup plus grande. Frustrant. Quels sont vos recours? Ils sont \u00e0 peu pr\u00e8s inexistants. Prenez le cas de cette lectrice qui nous \u00e9crit \u00e0 propos de son immeuble de 18 condos, dont ceux situ\u00e9s au rez-de-chauss\u00e9e comportent des sous-sols finis. [&hellip;]","og_url":"https:\/\/eryckveziau.com\/en\/non-classe\/frais-de-condo-payez-vous-trop-cher\/","og_site_name":"ERYCK V\u00c9ZIAU, COURTIER IMMOBILIER LAVAL, COURTIER IMMOBILIER STE-DOROTH\u00c9E, MAISON \u00c0 VENDRE LAVAL, AGENT IMMOBILIER STE-DOROTH\u00c9E","article_publisher":"https:\/\/www.facebook.com\/EryckVeziau.courtier.immobilier.ReMax.Laval","article_published_time":"2016-01-28T14:17:07+00:00","article_modified_time":"2016-01-28T14:18:15+00:00","og_image":[{"width":924,"height":454,"url":"https:\/\/eryckveziau.com\/files\/2022\/09\/PartageEveziau.png","type":"image\/png"}],"twitter_card":"summary_large_image","twitter_misc":{"Written by":"","Est. reading time":"1 minute"},"schema":{"@context":"https:\/\/schema.org","@graph":[{"@type":"Article","@id":"https:\/\/eryckveziau.com\/en\/non-classe\/frais-de-condo-payez-vous-trop-cher\/#article","isPartOf":{"@id":"https:\/\/eryckveziau.com\/en\/non-classe\/frais-de-condo-payez-vous-trop-cher\/"},"author":{"name":"","@id":""},"headline":"Frais de condo: payez-vous trop cher?","datePublished":"2016-01-28T14:17:07+00:00","dateModified":"2016-01-28T14:18:15+00:00","mainEntityOfPage":{"@id":"https:\/\/eryckveziau.com\/en\/non-classe\/frais-de-condo-payez-vous-trop-cher\/"},"wordCount":217,"publisher":{"@id":"https:\/\/eryckveziau.com\/en\/#organization"},"articleSection":["Non class\u00e9"],"inLanguage":"en-US"},{"@type":"WebPage","@id":"https:\/\/eryckveziau.com\/en\/non-classe\/frais-de-condo-payez-vous-trop-cher\/","url":"https:\/\/eryckveziau.com\/en\/non-classe\/frais-de-condo-payez-vous-trop-cher\/","name":"Frais de condo: payez-vous trop cher? | ERYCK V\u00c9ZIAU, COURTIER IMMOBILIER LAVAL, COURTIER IMMOBILIER STE-DOROTH\u00c9E, MAISON \u00c0 VENDRE LAVAL, AGENT IMMOBILIER STE-DOROTH\u00c9E","isPartOf":{"@id":"https:\/\/eryckveziau.com\/en\/#website"},"datePublished":"2016-01-28T14:17:07+00:00","dateModified":"2016-01-28T14:18:15+00:00","breadcrumb":{"@id":"https:\/\/eryckveziau.com\/en\/non-classe\/frais-de-condo-payez-vous-trop-cher\/#breadcrumb"},"inLanguage":"en-US","potentialAction":[{"@type":"ReadAction","target":["https:\/\/eryckveziau.com\/en\/non-classe\/frais-de-condo-payez-vous-trop-cher\/"]}]},{"@type":"BreadcrumbList","@id":"https:\/\/eryckveziau.com\/en\/non-classe\/frais-de-condo-payez-vous-trop-cher\/#breadcrumb","itemListElement":[{"@type":"ListItem","position":1,"name":"Accueil","item":"https:\/\/eryckveziau.com\/en\/"},{"@type":"ListItem","position":2,"name":"Frais de condo: payez-vous trop cher?"}]},{"@type":"WebSite","@id":"https:\/\/eryckveziau.com\/en\/#website","url":"https:\/\/eryckveziau.com\/en\/","name":"ERYCK V\u00c9ZIAU, COURTIER IMMOBILIER LAVAL, COURTIER IMMOBILIER STE-DOROTH\u00c9E, MAISON \u00c0 VENDRE LAVAL, AGENT IMMOBILIER STE-DOROTH\u00c9E","description":"","publisher":{"@id":"https:\/\/eryckveziau.com\/en\/#organization"},"potentialAction":[{"@type":"SearchAction","target":{"@type":"EntryPoint","urlTemplate":"https:\/\/eryckveziau.com\/en\/?s={search_term_string}"},"query-input":{"@type":"PropertyValueSpecification","valueRequired":true,"valueName":"search_term_string"}}],"inLanguage":"en-US"},{"@type":"Organization","@id":"https:\/\/eryckveziau.com\/en\/#organization","name":"Eryck V\u00e9ziau RE\/MAX","url":"https:\/\/eryckveziau.com\/en\/","logo":{"@type":"ImageObject","inLanguage":"en-US","@id":"https:\/\/eryckveziau.com\/en\/#\/schema\/logo\/image\/","url":"https:\/\/eryckveziau.com\/files\/2022\/09\/PartageEveziau.png","contentUrl":"https:\/\/eryckveziau.com\/files\/2022\/09\/PartageEveziau.png","width":924,"height":454,"caption":"Eryck V\u00e9ziau RE\/MAX"},"image":{"@id":"https:\/\/eryckveziau.com\/en\/#\/schema\/logo\/image\/"},"sameAs":["https:\/\/www.facebook.com\/EryckVeziau.courtier.immobilier.ReMax.Laval","https:\/\/www.instagram.com\/eryck_veziau_remax\/","https:\/\/www.linkedin.com\/in\/eryck-v\u00e9ziau-6a445134\/","https:\/\/www.youtube.com\/user\/eveziau"]},{"@type":"Person","@id":"","url":"https:\/\/eryckveziau.com\/en\/author\/"}]}},"_links":{"self":[{"href":"https:\/\/eryckveziau.com\/en\/wp-json\/wp\/v2\/posts\/2449","targetHints":{"allow":["GET"]}}],"collection":[{"href":"https:\/\/eryckveziau.com\/en\/wp-json\/wp\/v2\/posts"}],"about":[{"href":"https:\/\/eryckveziau.com\/en\/wp-json\/wp\/v2\/types\/post"}],"author":[{"embeddable":true,"href":"https:\/\/eryckveziau.com\/en\/wp-json\/wp\/v2\/users\/285"}],"replies":[{"embeddable":true,"href":"https:\/\/eryckveziau.com\/en\/wp-json\/wp\/v2\/comments?post=2449"}],"version-history":[{"count":1,"href":"https:\/\/eryckveziau.com\/en\/wp-json\/wp\/v2\/posts\/2449\/revisions"}],"predecessor-version":[{"id":2450,"href":"https:\/\/eryckveziau.com\/en\/wp-json\/wp\/v2\/posts\/2449\/revisions\/2450"}],"wp:attachment":[{"href":"https:\/\/eryckveziau.com\/en\/wp-json\/wp\/v2\/media?parent=2449"}],"wp:term":[{"taxonomy":"category","embeddable":true,"href":"https:\/\/eryckveziau.com\/en\/wp-json\/wp\/v2\/categories?post=2449"},{"taxonomy":"post_tag","embeddable":true,"href":"https:\/\/eryckveziau.com\/en\/wp-json\/wp\/v2\/tags?post=2449"}],"curies":[{"name":"wp","href":"https:\/\/api.w.org\/{rel}","templated":true}]}}