{"id":2447,"date":"2016-01-28T09:10:42","date_gmt":"2016-01-28T14:10:42","guid":{"rendered":"\/?p=2447"},"modified":"2016-01-28T09:13:43","modified_gmt":"2016-01-28T14:13:43","slug":"est-ce-que-les-maisons-se-vendent-dans-votre-mrc-a-quel-prix","status":"publish","type":"post","link":"https:\/\/eryckveziau.com\/en\/non-classe\/est-ce-que-les-maisons-se-vendent-dans-votre-mrc-a-quel-prix\/","title":{"rendered":"Est-ce que les maisons se vendent dans votre MRC? \u00c0 quel prix?"},"content":{"rendered":"<p><strong><span class=\"lettrine\">D<\/span>erni\u00e8rement, j\u2019ai fait le <a title=\"\" href=\"http:\/\/www.lesaffaires.com\/blogues\/joanie-fontaine\/ville-palmares-immobilier-2015\/584616\">bilan annuel des ventes r\u00e9sidentielles<\/a>\u00a0au Qu\u00e9bec, par contre lorsqu\u2019on regarde de plus pr\u00e8s, on note des \u00e9carts majeurs selon les r\u00e9gions. Afin de d\u00e9gager les tendances par secteur, le bilan pr\u00e9sent\u00e9 dans cet article fait un tour des municipalit\u00e9s r\u00e9gionales de comt\u00e9 (MRC) et des territoires \u00e9quivalents (TE).<\/strong> Ainsi, le Qu\u00e9bec est divis\u00e9 en 98 territoires. De ce nombre, seule la MRC de l\u2019\u00cele d\u2019Orl\u00e9ans n\u2019est pas pr\u00e9sent\u00e9e \u00e9tant donn\u00e9e le faible nombre de transactions.<\/p>\n<p>&nbsp;<\/p>\n<p><strong>Moins de ventes dans les MRC du nord-est de la province<\/strong><\/p>\n<p>&nbsp;<\/p>\n<p>Le nord-est de la province semble particuli\u00e8rement touch\u00e9 par des baisses de ventes. Parmi les r\u00e9gions administratives de la C\u00f4te-Nord, du Saguenay-Lac-Saint-Jean et de la Gasp\u00e9sie-\u00celes-de-la-Madeleine, seule la MRC de Maria-Chapdelaine n\u2019a pas connu de diminution de ventes avec un nombre de transactions \u00e9gal \u00e0 celui de l\u2019ann\u00e9e derni\u00e8re. Un facteur commun \u00e0 ces trois r\u00e9gions est le vieillissement de la population. Selon le sc\u00e9nario de r\u00e9f\u00e9rence de projection de population de l\u2019Institut de la statistique du Qu\u00e9bec (ISQ), la population aura diminu\u00e9 dans ces 3 r\u00e9gions en 2036.<\/p>\n","protected":false},"excerpt":{"rendered":"<p>Derni\u00e8rement, j\u2019ai fait le bilan annuel des ventes r\u00e9sidentielles\u00a0au Qu\u00e9bec, par contre lorsqu\u2019on regarde de plus pr\u00e8s, on note des \u00e9carts majeurs selon les r\u00e9gions. Afin de d\u00e9gager les tendances par secteur, le bilan pr\u00e9sent\u00e9 dans cet article fait un tour des municipalit\u00e9s r\u00e9gionales de comt\u00e9 (MRC) et des territoires \u00e9quivalents (TE). Ainsi, le Qu\u00e9bec [&hellip;]<\/p>\n","protected":false},"author":285,"featured_media":0,"comment_status":"closed","ping_status":"closed","sticky":false,"template":"","format":"standard","meta":{"_acf_changed":false,"footnotes":""},"categories":[1],"tags":[],"class_list":["post-2447","post","type-post","status-publish","format-standard","hentry","category-non-classe"],"acf":[],"yoast_head":"<!-- This site is optimized with the Yoast SEO plugin v26.7 - https:\/\/yoast.com\/wordpress\/plugins\/seo\/ -->\n<title>Est-ce que les maisons se vendent dans votre MRC? \u00c0 quel prix? | ERYCK V\u00c9ZIAU, COURTIER IMMOBILIER LAVAL, COURTIER IMMOBILIER STE-DOROTH\u00c9E, MAISON \u00c0 VENDRE LAVAL, AGENT IMMOBILIER STE-DOROTH\u00c9E<\/title>\n<meta name=\"robots\" content=\"index, follow, max-snippet:-1, max-image-preview:large, max-video-preview:-1\" \/>\n<link rel=\"canonical\" href=\"https:\/\/eryckveziau.com\/en\/non-classe\/est-ce-que-les-maisons-se-vendent-dans-votre-mrc-a-quel-prix\/\" \/>\n<meta property=\"og:locale\" content=\"en_US\" \/>\n<meta property=\"og:type\" content=\"article\" \/>\n<meta property=\"og:title\" content=\"Est-ce que les maisons se vendent dans votre MRC? \u00c0 quel prix? | ERYCK V\u00c9ZIAU, COURTIER IMMOBILIER LAVAL, COURTIER IMMOBILIER STE-DOROTH\u00c9E, MAISON \u00c0 VENDRE LAVAL, AGENT IMMOBILIER STE-DOROTH\u00c9E\" \/>\n<meta property=\"og:description\" content=\"Derni\u00e8rement, j\u2019ai fait le bilan annuel des ventes r\u00e9sidentielles\u00a0au Qu\u00e9bec, par contre lorsqu\u2019on regarde de plus pr\u00e8s, on note des \u00e9carts majeurs selon les r\u00e9gions. Afin de d\u00e9gager les tendances par secteur, le bilan pr\u00e9sent\u00e9 dans cet article fait un tour des municipalit\u00e9s r\u00e9gionales de comt\u00e9 (MRC) et des territoires \u00e9quivalents (TE). Ainsi, le Qu\u00e9bec [&hellip;]\" \/>\n<meta property=\"og:url\" content=\"https:\/\/eryckveziau.com\/en\/non-classe\/est-ce-que-les-maisons-se-vendent-dans-votre-mrc-a-quel-prix\/\" \/>\n<meta property=\"og:site_name\" content=\"ERYCK V\u00c9ZIAU, COURTIER IMMOBILIER LAVAL, COURTIER IMMOBILIER STE-DOROTH\u00c9E, MAISON \u00c0 VENDRE LAVAL, AGENT IMMOBILIER STE-DOROTH\u00c9E\" \/>\n<meta property=\"article:publisher\" content=\"https:\/\/www.facebook.com\/EryckVeziau.courtier.immobilier.ReMax.Laval\" \/>\n<meta property=\"article:published_time\" content=\"2016-01-28T14:10:42+00:00\" \/>\n<meta property=\"article:modified_time\" content=\"2016-01-28T14:13:43+00:00\" \/>\n<meta property=\"og:image\" content=\"https:\/\/eryckveziau.com\/files\/2022\/09\/PartageEveziau.png\" \/>\n\t<meta property=\"og:image:width\" content=\"924\" \/>\n\t<meta property=\"og:image:height\" content=\"454\" \/>\n\t<meta property=\"og:image:type\" content=\"image\/png\" \/>\n<meta name=\"twitter:card\" content=\"summary_large_image\" \/>\n<meta name=\"twitter:label1\" content=\"Written by\" \/>\n\t<meta name=\"twitter:data1\" content=\"\" \/>\n\t<meta name=\"twitter:label2\" content=\"Est. reading time\" \/>\n\t<meta name=\"twitter:data2\" content=\"1 minute\" \/>\n<script type=\"application\/ld+json\" class=\"yoast-schema-graph\">{\"@context\":\"https:\/\/schema.org\",\"@graph\":[{\"@type\":\"Article\",\"@id\":\"https:\/\/eryckveziau.com\/en\/non-classe\/est-ce-que-les-maisons-se-vendent-dans-votre-mrc-a-quel-prix\/#article\",\"isPartOf\":{\"@id\":\"https:\/\/eryckveziau.com\/en\/non-classe\/est-ce-que-les-maisons-se-vendent-dans-votre-mrc-a-quel-prix\/\"},\"author\":{\"name\":\"\",\"@id\":\"\"},\"headline\":\"Est-ce que les maisons se vendent dans votre MRC? \u00c0 quel prix?\",\"datePublished\":\"2016-01-28T14:10:42+00:00\",\"dateModified\":\"2016-01-28T14:13:43+00:00\",\"mainEntityOfPage\":{\"@id\":\"https:\/\/eryckveziau.com\/en\/non-classe\/est-ce-que-les-maisons-se-vendent-dans-votre-mrc-a-quel-prix\/\"},\"wordCount\":223,\"publisher\":{\"@id\":\"https:\/\/eryckveziau.com\/en\/#organization\"},\"articleSection\":[\"Non class\u00e9\"],\"inLanguage\":\"en-US\"},{\"@type\":\"WebPage\",\"@id\":\"https:\/\/eryckveziau.com\/en\/non-classe\/est-ce-que-les-maisons-se-vendent-dans-votre-mrc-a-quel-prix\/\",\"url\":\"https:\/\/eryckveziau.com\/en\/non-classe\/est-ce-que-les-maisons-se-vendent-dans-votre-mrc-a-quel-prix\/\",\"name\":\"Est-ce que les maisons se vendent dans votre MRC? \u00c0 quel prix? | ERYCK V\u00c9ZIAU, COURTIER IMMOBILIER LAVAL, COURTIER IMMOBILIER STE-DOROTH\u00c9E, MAISON \u00c0 VENDRE LAVAL, AGENT IMMOBILIER STE-DOROTH\u00c9E\",\"isPartOf\":{\"@id\":\"https:\/\/eryckveziau.com\/en\/#website\"},\"datePublished\":\"2016-01-28T14:10:42+00:00\",\"dateModified\":\"2016-01-28T14:13:43+00:00\",\"breadcrumb\":{\"@id\":\"https:\/\/eryckveziau.com\/en\/non-classe\/est-ce-que-les-maisons-se-vendent-dans-votre-mrc-a-quel-prix\/#breadcrumb\"},\"inLanguage\":\"en-US\",\"potentialAction\":[{\"@type\":\"ReadAction\",\"target\":[\"https:\/\/eryckveziau.com\/en\/non-classe\/est-ce-que-les-maisons-se-vendent-dans-votre-mrc-a-quel-prix\/\"]}]},{\"@type\":\"BreadcrumbList\",\"@id\":\"https:\/\/eryckveziau.com\/en\/non-classe\/est-ce-que-les-maisons-se-vendent-dans-votre-mrc-a-quel-prix\/#breadcrumb\",\"itemListElement\":[{\"@type\":\"ListItem\",\"position\":1,\"name\":\"Accueil\",\"item\":\"https:\/\/eryckveziau.com\/en\/\"},{\"@type\":\"ListItem\",\"position\":2,\"name\":\"Est-ce que les maisons se vendent dans votre MRC? \u00c0 quel prix?\"}]},{\"@type\":\"WebSite\",\"@id\":\"https:\/\/eryckveziau.com\/en\/#website\",\"url\":\"https:\/\/eryckveziau.com\/en\/\",\"name\":\"ERYCK V\u00c9ZIAU, COURTIER IMMOBILIER LAVAL, COURTIER IMMOBILIER STE-DOROTH\u00c9E, MAISON \u00c0 VENDRE LAVAL, AGENT IMMOBILIER STE-DOROTH\u00c9E\",\"description\":\"\",\"publisher\":{\"@id\":\"https:\/\/eryckveziau.com\/en\/#organization\"},\"potentialAction\":[{\"@type\":\"SearchAction\",\"target\":{\"@type\":\"EntryPoint\",\"urlTemplate\":\"https:\/\/eryckveziau.com\/en\/?s={search_term_string}\"},\"query-input\":{\"@type\":\"PropertyValueSpecification\",\"valueRequired\":true,\"valueName\":\"search_term_string\"}}],\"inLanguage\":\"en-US\"},{\"@type\":\"Organization\",\"@id\":\"https:\/\/eryckveziau.com\/en\/#organization\",\"name\":\"Eryck V\u00e9ziau RE\/MAX\",\"url\":\"https:\/\/eryckveziau.com\/en\/\",\"logo\":{\"@type\":\"ImageObject\",\"inLanguage\":\"en-US\",\"@id\":\"https:\/\/eryckveziau.com\/en\/#\/schema\/logo\/image\/\",\"url\":\"https:\/\/eryckveziau.com\/files\/2022\/09\/PartageEveziau.png\",\"contentUrl\":\"https:\/\/eryckveziau.com\/files\/2022\/09\/PartageEveziau.png\",\"width\":924,\"height\":454,\"caption\":\"Eryck V\u00e9ziau RE\/MAX\"},\"image\":{\"@id\":\"https:\/\/eryckveziau.com\/en\/#\/schema\/logo\/image\/\"},\"sameAs\":[\"https:\/\/www.facebook.com\/EryckVeziau.courtier.immobilier.ReMax.Laval\",\"https:\/\/www.instagram.com\/eryck_veziau_remax\/\",\"https:\/\/www.linkedin.com\/in\/eryck-v\u00e9ziau-6a445134\/\",\"https:\/\/www.youtube.com\/user\/eveziau\"]},{\"@type\":\"Person\",\"@id\":\"\",\"url\":\"https:\/\/eryckveziau.com\/en\/author\/\"}]}<\/script>\n<!-- \/ Yoast SEO plugin. -->","yoast_head_json":{"title":"Est-ce que les maisons se vendent dans votre MRC? \u00c0 quel prix? | ERYCK V\u00c9ZIAU, COURTIER IMMOBILIER LAVAL, COURTIER IMMOBILIER STE-DOROTH\u00c9E, MAISON \u00c0 VENDRE LAVAL, AGENT IMMOBILIER STE-DOROTH\u00c9E","robots":{"index":"index","follow":"follow","max-snippet":"max-snippet:-1","max-image-preview":"max-image-preview:large","max-video-preview":"max-video-preview:-1"},"canonical":"https:\/\/eryckveziau.com\/en\/non-classe\/est-ce-que-les-maisons-se-vendent-dans-votre-mrc-a-quel-prix\/","og_locale":"en_US","og_type":"article","og_title":"Est-ce que les maisons se vendent dans votre MRC? \u00c0 quel prix? | ERYCK V\u00c9ZIAU, COURTIER IMMOBILIER LAVAL, COURTIER IMMOBILIER STE-DOROTH\u00c9E, MAISON \u00c0 VENDRE LAVAL, AGENT IMMOBILIER STE-DOROTH\u00c9E","og_description":"Derni\u00e8rement, j\u2019ai fait le bilan annuel des ventes r\u00e9sidentielles\u00a0au Qu\u00e9bec, par contre lorsqu\u2019on regarde de plus pr\u00e8s, on note des \u00e9carts majeurs selon les r\u00e9gions. Afin de d\u00e9gager les tendances par secteur, le bilan pr\u00e9sent\u00e9 dans cet article fait un tour des municipalit\u00e9s r\u00e9gionales de comt\u00e9 (MRC) et des territoires \u00e9quivalents (TE). Ainsi, le Qu\u00e9bec [&hellip;]","og_url":"https:\/\/eryckveziau.com\/en\/non-classe\/est-ce-que-les-maisons-se-vendent-dans-votre-mrc-a-quel-prix\/","og_site_name":"ERYCK V\u00c9ZIAU, COURTIER IMMOBILIER LAVAL, COURTIER IMMOBILIER STE-DOROTH\u00c9E, MAISON \u00c0 VENDRE LAVAL, AGENT IMMOBILIER STE-DOROTH\u00c9E","article_publisher":"https:\/\/www.facebook.com\/EryckVeziau.courtier.immobilier.ReMax.Laval","article_published_time":"2016-01-28T14:10:42+00:00","article_modified_time":"2016-01-28T14:13:43+00:00","og_image":[{"width":924,"height":454,"url":"https:\/\/eryckveziau.com\/files\/2022\/09\/PartageEveziau.png","type":"image\/png"}],"twitter_card":"summary_large_image","twitter_misc":{"Written by":"","Est. reading time":"1 minute"},"schema":{"@context":"https:\/\/schema.org","@graph":[{"@type":"Article","@id":"https:\/\/eryckveziau.com\/en\/non-classe\/est-ce-que-les-maisons-se-vendent-dans-votre-mrc-a-quel-prix\/#article","isPartOf":{"@id":"https:\/\/eryckveziau.com\/en\/non-classe\/est-ce-que-les-maisons-se-vendent-dans-votre-mrc-a-quel-prix\/"},"author":{"name":"","@id":""},"headline":"Est-ce que les maisons se vendent dans votre MRC? \u00c0 quel prix?","datePublished":"2016-01-28T14:10:42+00:00","dateModified":"2016-01-28T14:13:43+00:00","mainEntityOfPage":{"@id":"https:\/\/eryckveziau.com\/en\/non-classe\/est-ce-que-les-maisons-se-vendent-dans-votre-mrc-a-quel-prix\/"},"wordCount":223,"publisher":{"@id":"https:\/\/eryckveziau.com\/en\/#organization"},"articleSection":["Non class\u00e9"],"inLanguage":"en-US"},{"@type":"WebPage","@id":"https:\/\/eryckveziau.com\/en\/non-classe\/est-ce-que-les-maisons-se-vendent-dans-votre-mrc-a-quel-prix\/","url":"https:\/\/eryckveziau.com\/en\/non-classe\/est-ce-que-les-maisons-se-vendent-dans-votre-mrc-a-quel-prix\/","name":"Est-ce que les maisons se vendent dans votre MRC? \u00c0 quel prix? | ERYCK V\u00c9ZIAU, COURTIER IMMOBILIER LAVAL, COURTIER IMMOBILIER STE-DOROTH\u00c9E, MAISON \u00c0 VENDRE LAVAL, AGENT IMMOBILIER STE-DOROTH\u00c9E","isPartOf":{"@id":"https:\/\/eryckveziau.com\/en\/#website"},"datePublished":"2016-01-28T14:10:42+00:00","dateModified":"2016-01-28T14:13:43+00:00","breadcrumb":{"@id":"https:\/\/eryckveziau.com\/en\/non-classe\/est-ce-que-les-maisons-se-vendent-dans-votre-mrc-a-quel-prix\/#breadcrumb"},"inLanguage":"en-US","potentialAction":[{"@type":"ReadAction","target":["https:\/\/eryckveziau.com\/en\/non-classe\/est-ce-que-les-maisons-se-vendent-dans-votre-mrc-a-quel-prix\/"]}]},{"@type":"BreadcrumbList","@id":"https:\/\/eryckveziau.com\/en\/non-classe\/est-ce-que-les-maisons-se-vendent-dans-votre-mrc-a-quel-prix\/#breadcrumb","itemListElement":[{"@type":"ListItem","position":1,"name":"Accueil","item":"https:\/\/eryckveziau.com\/en\/"},{"@type":"ListItem","position":2,"name":"Est-ce que les maisons se vendent dans votre MRC? \u00c0 quel prix?"}]},{"@type":"WebSite","@id":"https:\/\/eryckveziau.com\/en\/#website","url":"https:\/\/eryckveziau.com\/en\/","name":"ERYCK V\u00c9ZIAU, COURTIER IMMOBILIER LAVAL, COURTIER IMMOBILIER STE-DOROTH\u00c9E, MAISON \u00c0 VENDRE LAVAL, AGENT IMMOBILIER STE-DOROTH\u00c9E","description":"","publisher":{"@id":"https:\/\/eryckveziau.com\/en\/#organization"},"potentialAction":[{"@type":"SearchAction","target":{"@type":"EntryPoint","urlTemplate":"https:\/\/eryckveziau.com\/en\/?s={search_term_string}"},"query-input":{"@type":"PropertyValueSpecification","valueRequired":true,"valueName":"search_term_string"}}],"inLanguage":"en-US"},{"@type":"Organization","@id":"https:\/\/eryckveziau.com\/en\/#organization","name":"Eryck V\u00e9ziau RE\/MAX","url":"https:\/\/eryckveziau.com\/en\/","logo":{"@type":"ImageObject","inLanguage":"en-US","@id":"https:\/\/eryckveziau.com\/en\/#\/schema\/logo\/image\/","url":"https:\/\/eryckveziau.com\/files\/2022\/09\/PartageEveziau.png","contentUrl":"https:\/\/eryckveziau.com\/files\/2022\/09\/PartageEveziau.png","width":924,"height":454,"caption":"Eryck V\u00e9ziau RE\/MAX"},"image":{"@id":"https:\/\/eryckveziau.com\/en\/#\/schema\/logo\/image\/"},"sameAs":["https:\/\/www.facebook.com\/EryckVeziau.courtier.immobilier.ReMax.Laval","https:\/\/www.instagram.com\/eryck_veziau_remax\/","https:\/\/www.linkedin.com\/in\/eryck-v\u00e9ziau-6a445134\/","https:\/\/www.youtube.com\/user\/eveziau"]},{"@type":"Person","@id":"","url":"https:\/\/eryckveziau.com\/en\/author\/"}]}},"_links":{"self":[{"href":"https:\/\/eryckveziau.com\/en\/wp-json\/wp\/v2\/posts\/2447","targetHints":{"allow":["GET"]}}],"collection":[{"href":"https:\/\/eryckveziau.com\/en\/wp-json\/wp\/v2\/posts"}],"about":[{"href":"https:\/\/eryckveziau.com\/en\/wp-json\/wp\/v2\/types\/post"}],"author":[{"embeddable":true,"href":"https:\/\/eryckveziau.com\/en\/wp-json\/wp\/v2\/users\/285"}],"replies":[{"embeddable":true,"href":"https:\/\/eryckveziau.com\/en\/wp-json\/wp\/v2\/comments?post=2447"}],"version-history":[{"count":1,"href":"https:\/\/eryckveziau.com\/en\/wp-json\/wp\/v2\/posts\/2447\/revisions"}],"predecessor-version":[{"id":2448,"href":"https:\/\/eryckveziau.com\/en\/wp-json\/wp\/v2\/posts\/2447\/revisions\/2448"}],"wp:attachment":[{"href":"https:\/\/eryckveziau.com\/en\/wp-json\/wp\/v2\/media?parent=2447"}],"wp:term":[{"taxonomy":"category","embeddable":true,"href":"https:\/\/eryckveziau.com\/en\/wp-json\/wp\/v2\/categories?post=2447"},{"taxonomy":"post_tag","embeddable":true,"href":"https:\/\/eryckveziau.com\/en\/wp-json\/wp\/v2\/tags?post=2447"}],"curies":[{"name":"wp","href":"https:\/\/api.w.org\/{rel}","templated":true}]}}