{"id":2441,"date":"2016-01-22T10:05:57","date_gmt":"2016-01-22T15:05:57","guid":{"rendered":"\/?p=2441"},"modified":"2016-01-22T10:05:57","modified_gmt":"2016-01-22T15:05:57","slug":"securite-dans-les-zones-scolaires-en-hiver","status":"publish","type":"post","link":"https:\/\/eryckveziau.com\/en\/non-classe\/securite-dans-les-zones-scolaires-en-hiver\/","title":{"rendered":"S\u00e9curit\u00e9 dans les zones scolaires en hiver"},"content":{"rendered":"<div class=\"main-title fclear-left full-width\">\n<h1>S\u00e9curit\u00e9 dans les zones scolaires en hiver<\/h1>\n<\/div>\n<div id=\"content-web-part-zone\" class=\"float-left full-width\"><\/div>\n<div id=\"content-page-ko\" class=\"clear-both float-left full-width\"><\/div>\n<div class=\"page-content fclear-left full-width\">\n<div id=\"ctl00_PlaceHolderMain_ContentPageImage\" class=\"float-left\">\n<div><img decoding=\"async\" id=\"ctl00_PlaceHolderMain_PageImage\" src=\"http:\/\/www.laval.ca\/PublishingImages\/Calendrier-des-activites\/zone-scolaire-hiver-175x110.jpg\" alt=\"\" \/><\/div>\n<\/div>\n<div id=\"ctl00_PlaceHolderMain_ContentRichHtmlField__ControlWrapper_RichHtmlField\" class=\"ms-rtestate-field\">\n<p>\u200b En hiver, les conditions m\u00e9t\u00e9orologiques sont changeantes, les rues sont r\u00e9tr\u00e9cies par l\u2019accumulation de neige et les espaces de stationnement et de d\u00e9barcad\u00e8res sont r\u00e9duits. Malgr\u00e9 cela, les policiers vous rappellent qu\u2019il est essentiel de respecter la signalisation et les consignes des brigadiers\u00a0:<\/p>\n<ul>\n<li>Stationnez aux endroits appropri\u00e9s ou d\u00e9sign\u00e9s sans bloquer les entr\u00e9es des domiciles, les passages pi\u00e9tonniers ou les rues.\u200b<\/li>\n<li>Arr\u00eatez et soyez patient lorsqu\u2019un brigadier aide des enfants \u00e0 traverser les intersections<\/li>\n<li>Respectez la limite de vitesse fix\u00e9e \u00e0 30 km\/h.<\/li>\n<li>Immobilisez votre v\u00e9hicule \u00e0 plus de 5 m\u00e8tres d\u2019un autobus dont les feux rouges intermittents sont en marche ou si le panneau du signal d\u2019arr\u00eat obligatoire est activ\u00e9.<\/li>\n<\/ul>\n<h2>Des d\u00e9placements actifs, m\u00eame l&#8217;hiver!<\/h2>\n<p>\u200b Vous pouvez inculquer de saines habitudes de vie \u00e0 votre enfant en l&#8217;invitant \u00e0 marcher pour se rendre \u00e0 l&#8217;\u00e9cole. Si c&#8217;est impossible, faites marcher votre enfant en le laissant monter ou descendre de la voiture plus loin de la zone scolaire. En plus de favoriser les d\u00e9placements actifs, cela r\u00e9duira le risque d&#8217;incidents de voiture autour des \u00e9coles.<\/p>\n<\/div>\n<\/div>\n","protected":false},"excerpt":{"rendered":"<p>S\u00e9curit\u00e9 dans les zones scolaires en hiver \u200b En hiver, les conditions m\u00e9t\u00e9orologiques sont changeantes, les rues sont r\u00e9tr\u00e9cies par l\u2019accumulation de neige et les espaces de stationnement et de d\u00e9barcad\u00e8res sont r\u00e9duits. Malgr\u00e9 cela, les policiers vous rappellent qu\u2019il est essentiel de respecter la signalisation et les consignes des brigadiers\u00a0: Stationnez aux endroits appropri\u00e9s [&hellip;]<\/p>\n","protected":false},"author":285,"featured_media":0,"comment_status":"closed","ping_status":"closed","sticky":false,"template":"","format":"standard","meta":{"_acf_changed":false,"footnotes":""},"categories":[1],"tags":[],"class_list":["post-2441","post","type-post","status-publish","format-standard","hentry","category-non-classe"],"acf":[],"yoast_head":"<!-- This site is optimized with the Yoast SEO plugin v26.7 - https:\/\/yoast.com\/wordpress\/plugins\/seo\/ -->\n<title>S\u00e9curit\u00e9 dans les zones scolaires en hiver | ERYCK V\u00c9ZIAU, COURTIER IMMOBILIER LAVAL, COURTIER IMMOBILIER STE-DOROTH\u00c9E, MAISON \u00c0 VENDRE LAVAL, AGENT IMMOBILIER STE-DOROTH\u00c9E<\/title>\n<meta name=\"robots\" content=\"index, follow, max-snippet:-1, max-image-preview:large, max-video-preview:-1\" \/>\n<link rel=\"canonical\" href=\"https:\/\/eryckveziau.com\/non-classe\/securite-dans-les-zones-scolaires-en-hiver\/\" \/>\n<meta property=\"og:locale\" content=\"en_US\" \/>\n<meta property=\"og:type\" content=\"article\" \/>\n<meta property=\"og:title\" content=\"S\u00e9curit\u00e9 dans les zones scolaires en hiver | ERYCK V\u00c9ZIAU, COURTIER IMMOBILIER LAVAL, COURTIER IMMOBILIER STE-DOROTH\u00c9E, MAISON \u00c0 VENDRE LAVAL, AGENT IMMOBILIER STE-DOROTH\u00c9E\" \/>\n<meta property=\"og:description\" content=\"S\u00e9curit\u00e9 dans les zones scolaires en hiver \u200b En hiver, les conditions m\u00e9t\u00e9orologiques sont changeantes, les rues sont r\u00e9tr\u00e9cies par l\u2019accumulation de neige et les espaces de stationnement et de d\u00e9barcad\u00e8res sont r\u00e9duits. Malgr\u00e9 cela, les policiers vous rappellent qu\u2019il est essentiel de respecter la signalisation et les consignes des brigadiers\u00a0: Stationnez aux endroits appropri\u00e9s [&hellip;]\" \/>\n<meta property=\"og:url\" content=\"https:\/\/eryckveziau.com\/non-classe\/securite-dans-les-zones-scolaires-en-hiver\/\" \/>\n<meta property=\"og:site_name\" content=\"ERYCK V\u00c9ZIAU, COURTIER IMMOBILIER LAVAL, COURTIER IMMOBILIER STE-DOROTH\u00c9E, MAISON \u00c0 VENDRE LAVAL, AGENT IMMOBILIER STE-DOROTH\u00c9E\" \/>\n<meta property=\"article:publisher\" content=\"https:\/\/www.facebook.com\/EryckVeziau.courtier.immobilier.ReMax.Laval\" \/>\n<meta property=\"article:published_time\" content=\"2016-01-22T15:05:57+00:00\" \/>\n<meta property=\"og:image\" content=\"http:\/\/www.laval.ca\/PublishingImages\/Calendrier-des-activites\/zone-scolaire-hiver-175x110.jpg\" \/>\n<meta name=\"twitter:card\" content=\"summary_large_image\" \/>\n<meta name=\"twitter:label1\" content=\"Written by\" \/>\n\t<meta name=\"twitter:data1\" content=\"\" \/>\n\t<meta name=\"twitter:label2\" content=\"Est. reading time\" \/>\n\t<meta name=\"twitter:data2\" content=\"1 minute\" \/>\n<script type=\"application\/ld+json\" class=\"yoast-schema-graph\">{\"@context\":\"https:\/\/schema.org\",\"@graph\":[{\"@type\":\"Article\",\"@id\":\"https:\/\/eryckveziau.com\/non-classe\/securite-dans-les-zones-scolaires-en-hiver\/#article\",\"isPartOf\":{\"@id\":\"https:\/\/eryckveziau.com\/non-classe\/securite-dans-les-zones-scolaires-en-hiver\/\"},\"author\":{\"name\":\"\",\"@id\":\"\"},\"headline\":\"S\u00e9curit\u00e9 dans les zones scolaires en hiver\",\"datePublished\":\"2016-01-22T15:05:57+00:00\",\"mainEntityOfPage\":{\"@id\":\"https:\/\/eryckveziau.com\/non-classe\/securite-dans-les-zones-scolaires-en-hiver\/\"},\"wordCount\":215,\"publisher\":{\"@id\":\"https:\/\/eryckveziau.com\/en\/#organization\"},\"image\":{\"@id\":\"https:\/\/eryckveziau.com\/non-classe\/securite-dans-les-zones-scolaires-en-hiver\/#primaryimage\"},\"thumbnailUrl\":\"http:\/\/www.laval.ca\/PublishingImages\/Calendrier-des-activites\/zone-scolaire-hiver-175x110.jpg\",\"articleSection\":[\"Non class\u00e9\"],\"inLanguage\":\"en-US\"},{\"@type\":\"WebPage\",\"@id\":\"https:\/\/eryckveziau.com\/non-classe\/securite-dans-les-zones-scolaires-en-hiver\/\",\"url\":\"https:\/\/eryckveziau.com\/non-classe\/securite-dans-les-zones-scolaires-en-hiver\/\",\"name\":\"S\u00e9curit\u00e9 dans les zones scolaires en hiver | ERYCK V\u00c9ZIAU, COURTIER IMMOBILIER LAVAL, COURTIER IMMOBILIER STE-DOROTH\u00c9E, MAISON \u00c0 VENDRE LAVAL, AGENT IMMOBILIER STE-DOROTH\u00c9E\",\"isPartOf\":{\"@id\":\"https:\/\/eryckveziau.com\/en\/#website\"},\"primaryImageOfPage\":{\"@id\":\"https:\/\/eryckveziau.com\/non-classe\/securite-dans-les-zones-scolaires-en-hiver\/#primaryimage\"},\"image\":{\"@id\":\"https:\/\/eryckveziau.com\/non-classe\/securite-dans-les-zones-scolaires-en-hiver\/#primaryimage\"},\"thumbnailUrl\":\"http:\/\/www.laval.ca\/PublishingImages\/Calendrier-des-activites\/zone-scolaire-hiver-175x110.jpg\",\"datePublished\":\"2016-01-22T15:05:57+00:00\",\"breadcrumb\":{\"@id\":\"https:\/\/eryckveziau.com\/non-classe\/securite-dans-les-zones-scolaires-en-hiver\/#breadcrumb\"},\"inLanguage\":\"en-US\",\"potentialAction\":[{\"@type\":\"ReadAction\",\"target\":[\"https:\/\/eryckveziau.com\/non-classe\/securite-dans-les-zones-scolaires-en-hiver\/\"]}]},{\"@type\":\"ImageObject\",\"inLanguage\":\"en-US\",\"@id\":\"https:\/\/eryckveziau.com\/non-classe\/securite-dans-les-zones-scolaires-en-hiver\/#primaryimage\",\"url\":\"http:\/\/www.laval.ca\/PublishingImages\/Calendrier-des-activites\/zone-scolaire-hiver-175x110.jpg\",\"contentUrl\":\"http:\/\/www.laval.ca\/PublishingImages\/Calendrier-des-activites\/zone-scolaire-hiver-175x110.jpg\"},{\"@type\":\"BreadcrumbList\",\"@id\":\"https:\/\/eryckveziau.com\/non-classe\/securite-dans-les-zones-scolaires-en-hiver\/#breadcrumb\",\"itemListElement\":[{\"@type\":\"ListItem\",\"position\":1,\"name\":\"Accueil\",\"item\":\"https:\/\/eryckveziau.com\/en\/\"},{\"@type\":\"ListItem\",\"position\":2,\"name\":\"S\u00e9curit\u00e9 dans les zones scolaires en hiver\"}]},{\"@type\":\"WebSite\",\"@id\":\"https:\/\/eryckveziau.com\/en\/#website\",\"url\":\"https:\/\/eryckveziau.com\/en\/\",\"name\":\"ERYCK V\u00c9ZIAU, COURTIER IMMOBILIER LAVAL, COURTIER IMMOBILIER STE-DOROTH\u00c9E, MAISON \u00c0 VENDRE LAVAL, AGENT IMMOBILIER STE-DOROTH\u00c9E\",\"description\":\"\",\"publisher\":{\"@id\":\"https:\/\/eryckveziau.com\/en\/#organization\"},\"potentialAction\":[{\"@type\":\"SearchAction\",\"target\":{\"@type\":\"EntryPoint\",\"urlTemplate\":\"https:\/\/eryckveziau.com\/en\/?s={search_term_string}\"},\"query-input\":{\"@type\":\"PropertyValueSpecification\",\"valueRequired\":true,\"valueName\":\"search_term_string\"}}],\"inLanguage\":\"en-US\"},{\"@type\":\"Organization\",\"@id\":\"https:\/\/eryckveziau.com\/en\/#organization\",\"name\":\"Eryck V\u00e9ziau RE\/MAX\",\"url\":\"https:\/\/eryckveziau.com\/en\/\",\"logo\":{\"@type\":\"ImageObject\",\"inLanguage\":\"en-US\",\"@id\":\"https:\/\/eryckveziau.com\/en\/#\/schema\/logo\/image\/\",\"url\":\"https:\/\/eryckveziau.com\/files\/2022\/09\/PartageEveziau.png\",\"contentUrl\":\"https:\/\/eryckveziau.com\/files\/2022\/09\/PartageEveziau.png\",\"width\":924,\"height\":454,\"caption\":\"Eryck V\u00e9ziau RE\/MAX\"},\"image\":{\"@id\":\"https:\/\/eryckveziau.com\/en\/#\/schema\/logo\/image\/\"},\"sameAs\":[\"https:\/\/www.facebook.com\/EryckVeziau.courtier.immobilier.ReMax.Laval\",\"https:\/\/www.instagram.com\/eryck_veziau_remax\/\",\"https:\/\/www.linkedin.com\/in\/eryck-v\u00e9ziau-6a445134\/\",\"https:\/\/www.youtube.com\/user\/eveziau\"]},{\"@type\":\"Person\",\"@id\":\"\",\"url\":\"https:\/\/eryckveziau.com\/en\/author\/\"}]}<\/script>\n<!-- \/ Yoast SEO plugin. -->","yoast_head_json":{"title":"S\u00e9curit\u00e9 dans les zones scolaires en hiver | ERYCK V\u00c9ZIAU, COURTIER IMMOBILIER LAVAL, COURTIER IMMOBILIER STE-DOROTH\u00c9E, MAISON \u00c0 VENDRE LAVAL, AGENT IMMOBILIER STE-DOROTH\u00c9E","robots":{"index":"index","follow":"follow","max-snippet":"max-snippet:-1","max-image-preview":"max-image-preview:large","max-video-preview":"max-video-preview:-1"},"canonical":"https:\/\/eryckveziau.com\/non-classe\/securite-dans-les-zones-scolaires-en-hiver\/","og_locale":"en_US","og_type":"article","og_title":"S\u00e9curit\u00e9 dans les zones scolaires en hiver | ERYCK V\u00c9ZIAU, COURTIER IMMOBILIER LAVAL, COURTIER IMMOBILIER STE-DOROTH\u00c9E, MAISON \u00c0 VENDRE LAVAL, AGENT IMMOBILIER STE-DOROTH\u00c9E","og_description":"S\u00e9curit\u00e9 dans les zones scolaires en hiver \u200b En hiver, les conditions m\u00e9t\u00e9orologiques sont changeantes, les rues sont r\u00e9tr\u00e9cies par l\u2019accumulation de neige et les espaces de stationnement et de d\u00e9barcad\u00e8res sont r\u00e9duits. Malgr\u00e9 cela, les policiers vous rappellent qu\u2019il est essentiel de respecter la signalisation et les consignes des brigadiers\u00a0: Stationnez aux endroits appropri\u00e9s [&hellip;]","og_url":"https:\/\/eryckveziau.com\/non-classe\/securite-dans-les-zones-scolaires-en-hiver\/","og_site_name":"ERYCK V\u00c9ZIAU, COURTIER IMMOBILIER LAVAL, COURTIER IMMOBILIER STE-DOROTH\u00c9E, MAISON \u00c0 VENDRE LAVAL, AGENT IMMOBILIER STE-DOROTH\u00c9E","article_publisher":"https:\/\/www.facebook.com\/EryckVeziau.courtier.immobilier.ReMax.Laval","article_published_time":"2016-01-22T15:05:57+00:00","og_image":[{"url":"http:\/\/www.laval.ca\/PublishingImages\/Calendrier-des-activites\/zone-scolaire-hiver-175x110.jpg","type":"","width":"","height":""}],"twitter_card":"summary_large_image","twitter_misc":{"Written by":"","Est. reading time":"1 minute"},"schema":{"@context":"https:\/\/schema.org","@graph":[{"@type":"Article","@id":"https:\/\/eryckveziau.com\/non-classe\/securite-dans-les-zones-scolaires-en-hiver\/#article","isPartOf":{"@id":"https:\/\/eryckveziau.com\/non-classe\/securite-dans-les-zones-scolaires-en-hiver\/"},"author":{"name":"","@id":""},"headline":"S\u00e9curit\u00e9 dans les zones scolaires en hiver","datePublished":"2016-01-22T15:05:57+00:00","mainEntityOfPage":{"@id":"https:\/\/eryckveziau.com\/non-classe\/securite-dans-les-zones-scolaires-en-hiver\/"},"wordCount":215,"publisher":{"@id":"https:\/\/eryckveziau.com\/en\/#organization"},"image":{"@id":"https:\/\/eryckveziau.com\/non-classe\/securite-dans-les-zones-scolaires-en-hiver\/#primaryimage"},"thumbnailUrl":"http:\/\/www.laval.ca\/PublishingImages\/Calendrier-des-activites\/zone-scolaire-hiver-175x110.jpg","articleSection":["Non class\u00e9"],"inLanguage":"en-US"},{"@type":"WebPage","@id":"https:\/\/eryckveziau.com\/non-classe\/securite-dans-les-zones-scolaires-en-hiver\/","url":"https:\/\/eryckveziau.com\/non-classe\/securite-dans-les-zones-scolaires-en-hiver\/","name":"S\u00e9curit\u00e9 dans les zones scolaires en hiver | ERYCK V\u00c9ZIAU, COURTIER IMMOBILIER LAVAL, COURTIER IMMOBILIER STE-DOROTH\u00c9E, MAISON \u00c0 VENDRE LAVAL, AGENT IMMOBILIER STE-DOROTH\u00c9E","isPartOf":{"@id":"https:\/\/eryckveziau.com\/en\/#website"},"primaryImageOfPage":{"@id":"https:\/\/eryckveziau.com\/non-classe\/securite-dans-les-zones-scolaires-en-hiver\/#primaryimage"},"image":{"@id":"https:\/\/eryckveziau.com\/non-classe\/securite-dans-les-zones-scolaires-en-hiver\/#primaryimage"},"thumbnailUrl":"http:\/\/www.laval.ca\/PublishingImages\/Calendrier-des-activites\/zone-scolaire-hiver-175x110.jpg","datePublished":"2016-01-22T15:05:57+00:00","breadcrumb":{"@id":"https:\/\/eryckveziau.com\/non-classe\/securite-dans-les-zones-scolaires-en-hiver\/#breadcrumb"},"inLanguage":"en-US","potentialAction":[{"@type":"ReadAction","target":["https:\/\/eryckveziau.com\/non-classe\/securite-dans-les-zones-scolaires-en-hiver\/"]}]},{"@type":"ImageObject","inLanguage":"en-US","@id":"https:\/\/eryckveziau.com\/non-classe\/securite-dans-les-zones-scolaires-en-hiver\/#primaryimage","url":"http:\/\/www.laval.ca\/PublishingImages\/Calendrier-des-activites\/zone-scolaire-hiver-175x110.jpg","contentUrl":"http:\/\/www.laval.ca\/PublishingImages\/Calendrier-des-activites\/zone-scolaire-hiver-175x110.jpg"},{"@type":"BreadcrumbList","@id":"https:\/\/eryckveziau.com\/non-classe\/securite-dans-les-zones-scolaires-en-hiver\/#breadcrumb","itemListElement":[{"@type":"ListItem","position":1,"name":"Accueil","item":"https:\/\/eryckveziau.com\/en\/"},{"@type":"ListItem","position":2,"name":"S\u00e9curit\u00e9 dans les zones scolaires en hiver"}]},{"@type":"WebSite","@id":"https:\/\/eryckveziau.com\/en\/#website","url":"https:\/\/eryckveziau.com\/en\/","name":"ERYCK V\u00c9ZIAU, COURTIER IMMOBILIER LAVAL, COURTIER IMMOBILIER STE-DOROTH\u00c9E, MAISON \u00c0 VENDRE LAVAL, AGENT IMMOBILIER STE-DOROTH\u00c9E","description":"","publisher":{"@id":"https:\/\/eryckveziau.com\/en\/#organization"},"potentialAction":[{"@type":"SearchAction","target":{"@type":"EntryPoint","urlTemplate":"https:\/\/eryckveziau.com\/en\/?s={search_term_string}"},"query-input":{"@type":"PropertyValueSpecification","valueRequired":true,"valueName":"search_term_string"}}],"inLanguage":"en-US"},{"@type":"Organization","@id":"https:\/\/eryckveziau.com\/en\/#organization","name":"Eryck V\u00e9ziau RE\/MAX","url":"https:\/\/eryckveziau.com\/en\/","logo":{"@type":"ImageObject","inLanguage":"en-US","@id":"https:\/\/eryckveziau.com\/en\/#\/schema\/logo\/image\/","url":"https:\/\/eryckveziau.com\/files\/2022\/09\/PartageEveziau.png","contentUrl":"https:\/\/eryckveziau.com\/files\/2022\/09\/PartageEveziau.png","width":924,"height":454,"caption":"Eryck V\u00e9ziau RE\/MAX"},"image":{"@id":"https:\/\/eryckveziau.com\/en\/#\/schema\/logo\/image\/"},"sameAs":["https:\/\/www.facebook.com\/EryckVeziau.courtier.immobilier.ReMax.Laval","https:\/\/www.instagram.com\/eryck_veziau_remax\/","https:\/\/www.linkedin.com\/in\/eryck-v\u00e9ziau-6a445134\/","https:\/\/www.youtube.com\/user\/eveziau"]},{"@type":"Person","@id":"","url":"https:\/\/eryckveziau.com\/en\/author\/"}]}},"_links":{"self":[{"href":"https:\/\/eryckveziau.com\/en\/wp-json\/wp\/v2\/posts\/2441","targetHints":{"allow":["GET"]}}],"collection":[{"href":"https:\/\/eryckveziau.com\/en\/wp-json\/wp\/v2\/posts"}],"about":[{"href":"https:\/\/eryckveziau.com\/en\/wp-json\/wp\/v2\/types\/post"}],"author":[{"embeddable":true,"href":"https:\/\/eryckveziau.com\/en\/wp-json\/wp\/v2\/users\/285"}],"replies":[{"embeddable":true,"href":"https:\/\/eryckveziau.com\/en\/wp-json\/wp\/v2\/comments?post=2441"}],"version-history":[{"count":1,"href":"https:\/\/eryckveziau.com\/en\/wp-json\/wp\/v2\/posts\/2441\/revisions"}],"predecessor-version":[{"id":2442,"href":"https:\/\/eryckveziau.com\/en\/wp-json\/wp\/v2\/posts\/2441\/revisions\/2442"}],"wp:attachment":[{"href":"https:\/\/eryckveziau.com\/en\/wp-json\/wp\/v2\/media?parent=2441"}],"wp:term":[{"taxonomy":"category","embeddable":true,"href":"https:\/\/eryckveziau.com\/en\/wp-json\/wp\/v2\/categories?post=2441"},{"taxonomy":"post_tag","embeddable":true,"href":"https:\/\/eryckveziau.com\/en\/wp-json\/wp\/v2\/tags?post=2441"}],"curies":[{"name":"wp","href":"https:\/\/api.w.org\/{rel}","templated":true}]}}