{"id":2433,"date":"2016-01-19T10:45:03","date_gmt":"2016-01-19T15:45:03","guid":{"rendered":"\/?p=2433"},"modified":"2016-01-19T10:46:41","modified_gmt":"2016-01-19T15:46:41","slug":"constructions-neuves-a-quoi-sattendre-en-2016","status":"publish","type":"post","link":"https:\/\/eryckveziau.com\/en\/non-classe\/constructions-neuves-a-quoi-sattendre-en-2016\/","title":{"rendered":"Constructions neuves: \u00e0 quoi s\u2019attendre en 2016?"},"content":{"rendered":"<p dir=\"ltr\">Quelles sont les perspectives du march\u00e9 des nouveaux condos et maisons unifamiliales dans le grand Montr\u00e9al pour cette nouvelle ann\u00e9e? Des experts se prononcent.<\/p>\n<p dir=\"ltr\">Apr\u00e8s la baisse observ\u00e9e en 2015, la plupart des observateurs entrevoient une stabilisation des mises en chantier totales pour la r\u00e9gion montr\u00e9alaise, voire un l\u00e9ger recul.<\/p>\n<p dir=\"ltr\">En 2016, la Soci\u00e9t\u00e9 canadienne d\u2019hypoth\u00e8ques et de logement (SCHL) pr\u00e9voit entre 17 et 18 000 mises en chantier pour le grand Montr\u00e9al (NDLR: en unit\u00e9s de logement ou \u00abnombre de portes\u00bb) tandis que les r\u00e9sultats finaux de 2015 devraient tourner entre 16 500 et 17 000.<\/p>\n<p dir=\"ltr\"><strong>&#8211; \u00c0 lire: <a href=\"http:\/\/www.guidehabitation.ca\/blogue\/les-resolutions-du-premier-acheteur-en-2016\/\">5 r\u00e9solutions pour devenir propri\u00e9taire en 2016<\/a><\/strong><\/p>\n<p dir=\"ltr\">Francis Cortellino, chef analyste \u00e0 la SCHL. \u00abLe secteur de la copropri\u00e9t\u00e9 a connu un recul de 25% en 2015, la quantit\u00e9 de condos neufs invendus a donn\u00e9 le signal aux constructeurs de ralentir la cadence. Nous terminerons l\u2019ann\u00e9e aux alentours de 8000 nouvelles unit\u00e9s de condos construites et pr\u00e9voyons un l\u00e9ger repli en 2016.<\/p>\n","protected":false},"excerpt":{"rendered":"<p>Quelles sont les perspectives du march\u00e9 des nouveaux condos et maisons unifamiliales dans le grand Montr\u00e9al pour cette nouvelle ann\u00e9e? Des experts se prononcent. Apr\u00e8s la baisse observ\u00e9e en 2015, la plupart des observateurs entrevoient une stabilisation des mises en chantier totales pour la r\u00e9gion montr\u00e9alaise, voire un l\u00e9ger recul. En 2016, la Soci\u00e9t\u00e9 canadienne [&hellip;]<\/p>\n","protected":false},"author":285,"featured_media":0,"comment_status":"closed","ping_status":"closed","sticky":false,"template":"","format":"standard","meta":{"_acf_changed":false,"footnotes":""},"categories":[1],"tags":[],"class_list":["post-2433","post","type-post","status-publish","format-standard","hentry","category-non-classe"],"acf":[],"yoast_head":"<!-- This site is optimized with the Yoast SEO plugin v26.7 - https:\/\/yoast.com\/wordpress\/plugins\/seo\/ -->\n<title>Constructions neuves: \u00e0 quoi s\u2019attendre en 2016? | ERYCK V\u00c9ZIAU, COURTIER IMMOBILIER LAVAL, COURTIER IMMOBILIER STE-DOROTH\u00c9E, MAISON \u00c0 VENDRE LAVAL, AGENT IMMOBILIER STE-DOROTH\u00c9E<\/title>\n<meta name=\"robots\" content=\"index, follow, max-snippet:-1, max-image-preview:large, max-video-preview:-1\" \/>\n<link rel=\"canonical\" href=\"https:\/\/eryckveziau.com\/non-classe\/constructions-neuves-a-quoi-sattendre-en-2016\/\" \/>\n<meta property=\"og:locale\" content=\"en_US\" \/>\n<meta property=\"og:type\" content=\"article\" \/>\n<meta property=\"og:title\" content=\"Constructions neuves: \u00e0 quoi s\u2019attendre en 2016? | ERYCK V\u00c9ZIAU, COURTIER IMMOBILIER LAVAL, COURTIER IMMOBILIER STE-DOROTH\u00c9E, MAISON \u00c0 VENDRE LAVAL, AGENT IMMOBILIER STE-DOROTH\u00c9E\" \/>\n<meta property=\"og:description\" content=\"Quelles sont les perspectives du march\u00e9 des nouveaux condos et maisons unifamiliales dans le grand Montr\u00e9al pour cette nouvelle ann\u00e9e? Des experts se prononcent. Apr\u00e8s la baisse observ\u00e9e en 2015, la plupart des observateurs entrevoient une stabilisation des mises en chantier totales pour la r\u00e9gion montr\u00e9alaise, voire un l\u00e9ger recul. En 2016, la Soci\u00e9t\u00e9 canadienne [&hellip;]\" \/>\n<meta property=\"og:url\" content=\"https:\/\/eryckveziau.com\/non-classe\/constructions-neuves-a-quoi-sattendre-en-2016\/\" \/>\n<meta property=\"og:site_name\" content=\"ERYCK V\u00c9ZIAU, COURTIER IMMOBILIER LAVAL, COURTIER IMMOBILIER STE-DOROTH\u00c9E, MAISON \u00c0 VENDRE LAVAL, AGENT IMMOBILIER STE-DOROTH\u00c9E\" \/>\n<meta property=\"article:publisher\" content=\"https:\/\/www.facebook.com\/EryckVeziau.courtier.immobilier.ReMax.Laval\" \/>\n<meta property=\"article:published_time\" content=\"2016-01-19T15:45:03+00:00\" \/>\n<meta property=\"article:modified_time\" content=\"2016-01-19T15:46:41+00:00\" \/>\n<meta property=\"og:image\" content=\"https:\/\/eryckveziau.com\/files\/2022\/09\/PartageEveziau.png\" \/>\n\t<meta property=\"og:image:width\" content=\"924\" \/>\n\t<meta property=\"og:image:height\" content=\"454\" \/>\n\t<meta property=\"og:image:type\" content=\"image\/png\" \/>\n<meta name=\"twitter:card\" content=\"summary_large_image\" \/>\n<meta name=\"twitter:label1\" content=\"Written by\" \/>\n\t<meta name=\"twitter:data1\" content=\"\" \/>\n\t<meta name=\"twitter:label2\" content=\"Est. reading time\" \/>\n\t<meta name=\"twitter:data2\" content=\"1 minute\" \/>\n<script type=\"application\/ld+json\" class=\"yoast-schema-graph\">{\"@context\":\"https:\/\/schema.org\",\"@graph\":[{\"@type\":\"Article\",\"@id\":\"https:\/\/eryckveziau.com\/non-classe\/constructions-neuves-a-quoi-sattendre-en-2016\/#article\",\"isPartOf\":{\"@id\":\"https:\/\/eryckveziau.com\/non-classe\/constructions-neuves-a-quoi-sattendre-en-2016\/\"},\"author\":{\"name\":\"\",\"@id\":\"\"},\"headline\":\"Constructions neuves: \u00e0 quoi s\u2019attendre en 2016?\",\"datePublished\":\"2016-01-19T15:45:03+00:00\",\"dateModified\":\"2016-01-19T15:46:41+00:00\",\"mainEntityOfPage\":{\"@id\":\"https:\/\/eryckveziau.com\/non-classe\/constructions-neuves-a-quoi-sattendre-en-2016\/\"},\"wordCount\":172,\"publisher\":{\"@id\":\"https:\/\/eryckveziau.com\/en\/#organization\"},\"articleSection\":[\"Non class\u00e9\"],\"inLanguage\":\"en-US\"},{\"@type\":\"WebPage\",\"@id\":\"https:\/\/eryckveziau.com\/non-classe\/constructions-neuves-a-quoi-sattendre-en-2016\/\",\"url\":\"https:\/\/eryckveziau.com\/non-classe\/constructions-neuves-a-quoi-sattendre-en-2016\/\",\"name\":\"Constructions neuves: \u00e0 quoi s\u2019attendre en 2016? | ERYCK V\u00c9ZIAU, COURTIER IMMOBILIER LAVAL, COURTIER IMMOBILIER STE-DOROTH\u00c9E, MAISON \u00c0 VENDRE LAVAL, AGENT IMMOBILIER STE-DOROTH\u00c9E\",\"isPartOf\":{\"@id\":\"https:\/\/eryckveziau.com\/en\/#website\"},\"datePublished\":\"2016-01-19T15:45:03+00:00\",\"dateModified\":\"2016-01-19T15:46:41+00:00\",\"breadcrumb\":{\"@id\":\"https:\/\/eryckveziau.com\/non-classe\/constructions-neuves-a-quoi-sattendre-en-2016\/#breadcrumb\"},\"inLanguage\":\"en-US\",\"potentialAction\":[{\"@type\":\"ReadAction\",\"target\":[\"https:\/\/eryckveziau.com\/non-classe\/constructions-neuves-a-quoi-sattendre-en-2016\/\"]}]},{\"@type\":\"BreadcrumbList\",\"@id\":\"https:\/\/eryckveziau.com\/non-classe\/constructions-neuves-a-quoi-sattendre-en-2016\/#breadcrumb\",\"itemListElement\":[{\"@type\":\"ListItem\",\"position\":1,\"name\":\"Accueil\",\"item\":\"https:\/\/eryckveziau.com\/en\/\"},{\"@type\":\"ListItem\",\"position\":2,\"name\":\"Constructions neuves: \u00e0 quoi s\u2019attendre en 2016?\"}]},{\"@type\":\"WebSite\",\"@id\":\"https:\/\/eryckveziau.com\/en\/#website\",\"url\":\"https:\/\/eryckveziau.com\/en\/\",\"name\":\"ERYCK V\u00c9ZIAU, COURTIER IMMOBILIER LAVAL, COURTIER IMMOBILIER STE-DOROTH\u00c9E, MAISON \u00c0 VENDRE LAVAL, AGENT IMMOBILIER STE-DOROTH\u00c9E\",\"description\":\"\",\"publisher\":{\"@id\":\"https:\/\/eryckveziau.com\/en\/#organization\"},\"potentialAction\":[{\"@type\":\"SearchAction\",\"target\":{\"@type\":\"EntryPoint\",\"urlTemplate\":\"https:\/\/eryckveziau.com\/en\/?s={search_term_string}\"},\"query-input\":{\"@type\":\"PropertyValueSpecification\",\"valueRequired\":true,\"valueName\":\"search_term_string\"}}],\"inLanguage\":\"en-US\"},{\"@type\":\"Organization\",\"@id\":\"https:\/\/eryckveziau.com\/en\/#organization\",\"name\":\"Eryck V\u00e9ziau RE\/MAX\",\"url\":\"https:\/\/eryckveziau.com\/en\/\",\"logo\":{\"@type\":\"ImageObject\",\"inLanguage\":\"en-US\",\"@id\":\"https:\/\/eryckveziau.com\/en\/#\/schema\/logo\/image\/\",\"url\":\"https:\/\/eryckveziau.com\/files\/2022\/09\/PartageEveziau.png\",\"contentUrl\":\"https:\/\/eryckveziau.com\/files\/2022\/09\/PartageEveziau.png\",\"width\":924,\"height\":454,\"caption\":\"Eryck V\u00e9ziau RE\/MAX\"},\"image\":{\"@id\":\"https:\/\/eryckveziau.com\/en\/#\/schema\/logo\/image\/\"},\"sameAs\":[\"https:\/\/www.facebook.com\/EryckVeziau.courtier.immobilier.ReMax.Laval\",\"https:\/\/www.instagram.com\/eryck_veziau_remax\/\",\"https:\/\/www.linkedin.com\/in\/eryck-v\u00e9ziau-6a445134\/\",\"https:\/\/www.youtube.com\/user\/eveziau\"]},{\"@type\":\"Person\",\"@id\":\"\",\"url\":\"https:\/\/eryckveziau.com\/en\/author\/\"}]}<\/script>\n<!-- \/ Yoast SEO plugin. -->","yoast_head_json":{"title":"Constructions neuves: \u00e0 quoi s\u2019attendre en 2016? | ERYCK V\u00c9ZIAU, COURTIER IMMOBILIER LAVAL, COURTIER IMMOBILIER STE-DOROTH\u00c9E, MAISON \u00c0 VENDRE LAVAL, AGENT IMMOBILIER STE-DOROTH\u00c9E","robots":{"index":"index","follow":"follow","max-snippet":"max-snippet:-1","max-image-preview":"max-image-preview:large","max-video-preview":"max-video-preview:-1"},"canonical":"https:\/\/eryckveziau.com\/non-classe\/constructions-neuves-a-quoi-sattendre-en-2016\/","og_locale":"en_US","og_type":"article","og_title":"Constructions neuves: \u00e0 quoi s\u2019attendre en 2016? | ERYCK V\u00c9ZIAU, COURTIER IMMOBILIER LAVAL, COURTIER IMMOBILIER STE-DOROTH\u00c9E, MAISON \u00c0 VENDRE LAVAL, AGENT IMMOBILIER STE-DOROTH\u00c9E","og_description":"Quelles sont les perspectives du march\u00e9 des nouveaux condos et maisons unifamiliales dans le grand Montr\u00e9al pour cette nouvelle ann\u00e9e? Des experts se prononcent. Apr\u00e8s la baisse observ\u00e9e en 2015, la plupart des observateurs entrevoient une stabilisation des mises en chantier totales pour la r\u00e9gion montr\u00e9alaise, voire un l\u00e9ger recul. En 2016, la Soci\u00e9t\u00e9 canadienne [&hellip;]","og_url":"https:\/\/eryckveziau.com\/non-classe\/constructions-neuves-a-quoi-sattendre-en-2016\/","og_site_name":"ERYCK V\u00c9ZIAU, COURTIER IMMOBILIER LAVAL, COURTIER IMMOBILIER STE-DOROTH\u00c9E, MAISON \u00c0 VENDRE LAVAL, AGENT IMMOBILIER STE-DOROTH\u00c9E","article_publisher":"https:\/\/www.facebook.com\/EryckVeziau.courtier.immobilier.ReMax.Laval","article_published_time":"2016-01-19T15:45:03+00:00","article_modified_time":"2016-01-19T15:46:41+00:00","og_image":[{"width":924,"height":454,"url":"https:\/\/eryckveziau.com\/files\/2022\/09\/PartageEveziau.png","type":"image\/png"}],"twitter_card":"summary_large_image","twitter_misc":{"Written by":"","Est. reading time":"1 minute"},"schema":{"@context":"https:\/\/schema.org","@graph":[{"@type":"Article","@id":"https:\/\/eryckveziau.com\/non-classe\/constructions-neuves-a-quoi-sattendre-en-2016\/#article","isPartOf":{"@id":"https:\/\/eryckveziau.com\/non-classe\/constructions-neuves-a-quoi-sattendre-en-2016\/"},"author":{"name":"","@id":""},"headline":"Constructions neuves: \u00e0 quoi s\u2019attendre en 2016?","datePublished":"2016-01-19T15:45:03+00:00","dateModified":"2016-01-19T15:46:41+00:00","mainEntityOfPage":{"@id":"https:\/\/eryckveziau.com\/non-classe\/constructions-neuves-a-quoi-sattendre-en-2016\/"},"wordCount":172,"publisher":{"@id":"https:\/\/eryckveziau.com\/en\/#organization"},"articleSection":["Non class\u00e9"],"inLanguage":"en-US"},{"@type":"WebPage","@id":"https:\/\/eryckveziau.com\/non-classe\/constructions-neuves-a-quoi-sattendre-en-2016\/","url":"https:\/\/eryckveziau.com\/non-classe\/constructions-neuves-a-quoi-sattendre-en-2016\/","name":"Constructions neuves: \u00e0 quoi s\u2019attendre en 2016? | ERYCK V\u00c9ZIAU, COURTIER IMMOBILIER LAVAL, COURTIER IMMOBILIER STE-DOROTH\u00c9E, MAISON \u00c0 VENDRE LAVAL, AGENT IMMOBILIER STE-DOROTH\u00c9E","isPartOf":{"@id":"https:\/\/eryckveziau.com\/en\/#website"},"datePublished":"2016-01-19T15:45:03+00:00","dateModified":"2016-01-19T15:46:41+00:00","breadcrumb":{"@id":"https:\/\/eryckveziau.com\/non-classe\/constructions-neuves-a-quoi-sattendre-en-2016\/#breadcrumb"},"inLanguage":"en-US","potentialAction":[{"@type":"ReadAction","target":["https:\/\/eryckveziau.com\/non-classe\/constructions-neuves-a-quoi-sattendre-en-2016\/"]}]},{"@type":"BreadcrumbList","@id":"https:\/\/eryckveziau.com\/non-classe\/constructions-neuves-a-quoi-sattendre-en-2016\/#breadcrumb","itemListElement":[{"@type":"ListItem","position":1,"name":"Accueil","item":"https:\/\/eryckveziau.com\/en\/"},{"@type":"ListItem","position":2,"name":"Constructions neuves: \u00e0 quoi s\u2019attendre en 2016?"}]},{"@type":"WebSite","@id":"https:\/\/eryckveziau.com\/en\/#website","url":"https:\/\/eryckveziau.com\/en\/","name":"ERYCK V\u00c9ZIAU, COURTIER IMMOBILIER LAVAL, COURTIER IMMOBILIER STE-DOROTH\u00c9E, MAISON \u00c0 VENDRE LAVAL, AGENT IMMOBILIER STE-DOROTH\u00c9E","description":"","publisher":{"@id":"https:\/\/eryckveziau.com\/en\/#organization"},"potentialAction":[{"@type":"SearchAction","target":{"@type":"EntryPoint","urlTemplate":"https:\/\/eryckveziau.com\/en\/?s={search_term_string}"},"query-input":{"@type":"PropertyValueSpecification","valueRequired":true,"valueName":"search_term_string"}}],"inLanguage":"en-US"},{"@type":"Organization","@id":"https:\/\/eryckveziau.com\/en\/#organization","name":"Eryck V\u00e9ziau RE\/MAX","url":"https:\/\/eryckveziau.com\/en\/","logo":{"@type":"ImageObject","inLanguage":"en-US","@id":"https:\/\/eryckveziau.com\/en\/#\/schema\/logo\/image\/","url":"https:\/\/eryckveziau.com\/files\/2022\/09\/PartageEveziau.png","contentUrl":"https:\/\/eryckveziau.com\/files\/2022\/09\/PartageEveziau.png","width":924,"height":454,"caption":"Eryck V\u00e9ziau RE\/MAX"},"image":{"@id":"https:\/\/eryckveziau.com\/en\/#\/schema\/logo\/image\/"},"sameAs":["https:\/\/www.facebook.com\/EryckVeziau.courtier.immobilier.ReMax.Laval","https:\/\/www.instagram.com\/eryck_veziau_remax\/","https:\/\/www.linkedin.com\/in\/eryck-v\u00e9ziau-6a445134\/","https:\/\/www.youtube.com\/user\/eveziau"]},{"@type":"Person","@id":"","url":"https:\/\/eryckveziau.com\/en\/author\/"}]}},"_links":{"self":[{"href":"https:\/\/eryckveziau.com\/en\/wp-json\/wp\/v2\/posts\/2433","targetHints":{"allow":["GET"]}}],"collection":[{"href":"https:\/\/eryckveziau.com\/en\/wp-json\/wp\/v2\/posts"}],"about":[{"href":"https:\/\/eryckveziau.com\/en\/wp-json\/wp\/v2\/types\/post"}],"author":[{"embeddable":true,"href":"https:\/\/eryckveziau.com\/en\/wp-json\/wp\/v2\/users\/285"}],"replies":[{"embeddable":true,"href":"https:\/\/eryckveziau.com\/en\/wp-json\/wp\/v2\/comments?post=2433"}],"version-history":[{"count":1,"href":"https:\/\/eryckveziau.com\/en\/wp-json\/wp\/v2\/posts\/2433\/revisions"}],"predecessor-version":[{"id":2434,"href":"https:\/\/eryckveziau.com\/en\/wp-json\/wp\/v2\/posts\/2433\/revisions\/2434"}],"wp:attachment":[{"href":"https:\/\/eryckveziau.com\/en\/wp-json\/wp\/v2\/media?parent=2433"}],"wp:term":[{"taxonomy":"category","embeddable":true,"href":"https:\/\/eryckveziau.com\/en\/wp-json\/wp\/v2\/categories?post=2433"},{"taxonomy":"post_tag","embeddable":true,"href":"https:\/\/eryckveziau.com\/en\/wp-json\/wp\/v2\/tags?post=2433"}],"curies":[{"name":"wp","href":"https:\/\/api.w.org\/{rel}","templated":true}]}}