{"id":2424,"date":"2016-01-13T09:13:46","date_gmt":"2016-01-13T14:13:46","guid":{"rendered":"\/?p=2424"},"modified":"2016-01-13T09:13:46","modified_gmt":"2016-01-13T14:13:46","slug":"la-construction-de-maisons-individuelles-a-un-creux-historique-au-quebec","status":"publish","type":"post","link":"https:\/\/eryckveziau.com\/en\/non-classe\/la-construction-de-maisons-individuelles-a-un-creux-historique-au-quebec\/","title":{"rendered":"La construction de maisons individuelles \u00e0 un creux \u00abhistorique \u00bb au Qu\u00e9bec"},"content":{"rendered":"<p>Il suffit d\u2019aller se promener \u00e0 Vaudreuil, Mirabel ou Beloeil pour le constater: l\u2019attrait de la maison unifamiliale demeure bien r\u00e9el pour les jeunes familles.<\/p>\n<p>Dans ces anciennes r\u00e9gions agricoles, transform\u00e9es en banlieues montr\u00e9alaises en raison de l\u2019\u00e9talement urbain, les maisons r\u00e9centes \u2013et souvent indissociables les unes des autres\u2013 s\u2019\u00e9talent \u00e0 perte de vue.<\/p>\n<p>Apr\u00e8s des ann\u00e9es fastes au milieu des ann\u00e9es 2000, l\u2019\u00e2ge d\u2019or de la maison neuve semble toutefois tirer \u00e0 sa fin au Qu\u00e9bec.<\/p>\n<p>En fait, la construction d\u2019unifamiliales est tomb\u00e9e en 2015 \u00e0 un creux \u00abhistorique \u00bb dans la province, indique la Soci\u00e9t\u00e9 canadienne d\u2019hypoth\u00e8ques et de logement (SCHL) dans un bilan publi\u00e9 lundi.<\/p>\n<p>Sur les 33 029 mises en chantier enregistr\u00e9es l\u2019an dernier au Qu\u00e9bec, \u00e0 peine 6424 \u00e9taient des maisons individuelles.<\/p>\n","protected":false},"excerpt":{"rendered":"<p>Il suffit d\u2019aller se promener \u00e0 Vaudreuil, Mirabel ou Beloeil pour le constater: l\u2019attrait de la maison unifamiliale demeure bien r\u00e9el pour les jeunes familles. Dans ces anciennes r\u00e9gions agricoles, transform\u00e9es en banlieues montr\u00e9alaises en raison de l\u2019\u00e9talement urbain, les maisons r\u00e9centes \u2013et souvent indissociables les unes des autres\u2013 s\u2019\u00e9talent \u00e0 perte de vue. Apr\u00e8s [&hellip;]<\/p>\n","protected":false},"author":285,"featured_media":0,"comment_status":"closed","ping_status":"closed","sticky":false,"template":"","format":"standard","meta":{"_acf_changed":false,"footnotes":""},"categories":[1],"tags":[],"class_list":["post-2424","post","type-post","status-publish","format-standard","hentry","category-non-classe"],"acf":[],"yoast_head":"<!-- This site is optimized with the Yoast SEO plugin v26.7 - https:\/\/yoast.com\/wordpress\/plugins\/seo\/ -->\n<title>La construction de maisons individuelles \u00e0 un creux \u00abhistorique \u00bb au Qu\u00e9bec | ERYCK V\u00c9ZIAU, COURTIER IMMOBILIER LAVAL, COURTIER IMMOBILIER STE-DOROTH\u00c9E, MAISON \u00c0 VENDRE LAVAL, AGENT IMMOBILIER STE-DOROTH\u00c9E<\/title>\n<meta name=\"robots\" content=\"index, follow, max-snippet:-1, max-image-preview:large, max-video-preview:-1\" \/>\n<link rel=\"canonical\" href=\"https:\/\/eryckveziau.com\/non-classe\/la-construction-de-maisons-individuelles-a-un-creux-historique-au-quebec\/\" \/>\n<meta property=\"og:locale\" content=\"en_US\" \/>\n<meta property=\"og:type\" content=\"article\" \/>\n<meta property=\"og:title\" content=\"La construction de maisons individuelles \u00e0 un creux \u00abhistorique \u00bb au Qu\u00e9bec | ERYCK V\u00c9ZIAU, COURTIER IMMOBILIER LAVAL, COURTIER IMMOBILIER STE-DOROTH\u00c9E, MAISON \u00c0 VENDRE LAVAL, AGENT IMMOBILIER STE-DOROTH\u00c9E\" \/>\n<meta property=\"og:description\" content=\"Il suffit d\u2019aller se promener \u00e0 Vaudreuil, Mirabel ou Beloeil pour le constater: l\u2019attrait de la maison unifamiliale demeure bien r\u00e9el pour les jeunes familles. Dans ces anciennes r\u00e9gions agricoles, transform\u00e9es en banlieues montr\u00e9alaises en raison de l\u2019\u00e9talement urbain, les maisons r\u00e9centes \u2013et souvent indissociables les unes des autres\u2013 s\u2019\u00e9talent \u00e0 perte de vue. Apr\u00e8s [&hellip;]\" \/>\n<meta property=\"og:url\" content=\"https:\/\/eryckveziau.com\/non-classe\/la-construction-de-maisons-individuelles-a-un-creux-historique-au-quebec\/\" \/>\n<meta property=\"og:site_name\" content=\"ERYCK V\u00c9ZIAU, COURTIER IMMOBILIER LAVAL, COURTIER IMMOBILIER STE-DOROTH\u00c9E, MAISON \u00c0 VENDRE LAVAL, AGENT IMMOBILIER STE-DOROTH\u00c9E\" \/>\n<meta property=\"article:publisher\" content=\"https:\/\/www.facebook.com\/EryckVeziau.courtier.immobilier.ReMax.Laval\" \/>\n<meta property=\"article:published_time\" content=\"2016-01-13T14:13:46+00:00\" \/>\n<meta property=\"og:image\" content=\"https:\/\/eryckveziau.com\/files\/2022\/09\/PartageEveziau.png\" \/>\n\t<meta property=\"og:image:width\" content=\"924\" \/>\n\t<meta property=\"og:image:height\" content=\"454\" \/>\n\t<meta property=\"og:image:type\" content=\"image\/png\" \/>\n<meta name=\"twitter:card\" content=\"summary_large_image\" \/>\n<meta name=\"twitter:label1\" content=\"Written by\" \/>\n\t<meta name=\"twitter:data1\" content=\"\" \/>\n\t<meta name=\"twitter:label2\" content=\"Est. reading time\" \/>\n\t<meta name=\"twitter:data2\" content=\"1 minute\" \/>\n<script type=\"application\/ld+json\" class=\"yoast-schema-graph\">{\"@context\":\"https:\/\/schema.org\",\"@graph\":[{\"@type\":\"Article\",\"@id\":\"https:\/\/eryckveziau.com\/non-classe\/la-construction-de-maisons-individuelles-a-un-creux-historique-au-quebec\/#article\",\"isPartOf\":{\"@id\":\"https:\/\/eryckveziau.com\/non-classe\/la-construction-de-maisons-individuelles-a-un-creux-historique-au-quebec\/\"},\"author\":{\"name\":\"\",\"@id\":\"\"},\"headline\":\"La construction de maisons individuelles \u00e0 un creux \u00abhistorique \u00bb au Qu\u00e9bec\",\"datePublished\":\"2016-01-13T14:13:46+00:00\",\"mainEntityOfPage\":{\"@id\":\"https:\/\/eryckveziau.com\/non-classe\/la-construction-de-maisons-individuelles-a-un-creux-historique-au-quebec\/\"},\"wordCount\":150,\"publisher\":{\"@id\":\"https:\/\/eryckveziau.com\/en\/#organization\"},\"articleSection\":[\"Non class\u00e9\"],\"inLanguage\":\"en-US\"},{\"@type\":\"WebPage\",\"@id\":\"https:\/\/eryckveziau.com\/non-classe\/la-construction-de-maisons-individuelles-a-un-creux-historique-au-quebec\/\",\"url\":\"https:\/\/eryckveziau.com\/non-classe\/la-construction-de-maisons-individuelles-a-un-creux-historique-au-quebec\/\",\"name\":\"La construction de maisons individuelles \u00e0 un creux \u00abhistorique \u00bb au Qu\u00e9bec | ERYCK V\u00c9ZIAU, COURTIER IMMOBILIER LAVAL, COURTIER IMMOBILIER STE-DOROTH\u00c9E, MAISON \u00c0 VENDRE LAVAL, AGENT IMMOBILIER STE-DOROTH\u00c9E\",\"isPartOf\":{\"@id\":\"https:\/\/eryckveziau.com\/en\/#website\"},\"datePublished\":\"2016-01-13T14:13:46+00:00\",\"breadcrumb\":{\"@id\":\"https:\/\/eryckveziau.com\/non-classe\/la-construction-de-maisons-individuelles-a-un-creux-historique-au-quebec\/#breadcrumb\"},\"inLanguage\":\"en-US\",\"potentialAction\":[{\"@type\":\"ReadAction\",\"target\":[\"https:\/\/eryckveziau.com\/non-classe\/la-construction-de-maisons-individuelles-a-un-creux-historique-au-quebec\/\"]}]},{\"@type\":\"BreadcrumbList\",\"@id\":\"https:\/\/eryckveziau.com\/non-classe\/la-construction-de-maisons-individuelles-a-un-creux-historique-au-quebec\/#breadcrumb\",\"itemListElement\":[{\"@type\":\"ListItem\",\"position\":1,\"name\":\"Accueil\",\"item\":\"https:\/\/eryckveziau.com\/en\/\"},{\"@type\":\"ListItem\",\"position\":2,\"name\":\"La construction de maisons individuelles \u00e0 un creux \u00abhistorique \u00bb au Qu\u00e9bec\"}]},{\"@type\":\"WebSite\",\"@id\":\"https:\/\/eryckveziau.com\/en\/#website\",\"url\":\"https:\/\/eryckveziau.com\/en\/\",\"name\":\"ERYCK V\u00c9ZIAU, COURTIER IMMOBILIER LAVAL, COURTIER IMMOBILIER STE-DOROTH\u00c9E, MAISON \u00c0 VENDRE LAVAL, AGENT IMMOBILIER STE-DOROTH\u00c9E\",\"description\":\"\",\"publisher\":{\"@id\":\"https:\/\/eryckveziau.com\/en\/#organization\"},\"potentialAction\":[{\"@type\":\"SearchAction\",\"target\":{\"@type\":\"EntryPoint\",\"urlTemplate\":\"https:\/\/eryckveziau.com\/en\/?s={search_term_string}\"},\"query-input\":{\"@type\":\"PropertyValueSpecification\",\"valueRequired\":true,\"valueName\":\"search_term_string\"}}],\"inLanguage\":\"en-US\"},{\"@type\":\"Organization\",\"@id\":\"https:\/\/eryckveziau.com\/en\/#organization\",\"name\":\"Eryck V\u00e9ziau RE\/MAX\",\"url\":\"https:\/\/eryckveziau.com\/en\/\",\"logo\":{\"@type\":\"ImageObject\",\"inLanguage\":\"en-US\",\"@id\":\"https:\/\/eryckveziau.com\/en\/#\/schema\/logo\/image\/\",\"url\":\"https:\/\/eryckveziau.com\/files\/2022\/09\/PartageEveziau.png\",\"contentUrl\":\"https:\/\/eryckveziau.com\/files\/2022\/09\/PartageEveziau.png\",\"width\":924,\"height\":454,\"caption\":\"Eryck V\u00e9ziau RE\/MAX\"},\"image\":{\"@id\":\"https:\/\/eryckveziau.com\/en\/#\/schema\/logo\/image\/\"},\"sameAs\":[\"https:\/\/www.facebook.com\/EryckVeziau.courtier.immobilier.ReMax.Laval\",\"https:\/\/www.instagram.com\/eryck_veziau_remax\/\",\"https:\/\/www.linkedin.com\/in\/eryck-v\u00e9ziau-6a445134\/\",\"https:\/\/www.youtube.com\/user\/eveziau\"]},{\"@type\":\"Person\",\"@id\":\"\",\"url\":\"https:\/\/eryckveziau.com\/en\/author\/\"}]}<\/script>\n<!-- \/ Yoast SEO plugin. -->","yoast_head_json":{"title":"La construction de maisons individuelles \u00e0 un creux \u00abhistorique \u00bb au Qu\u00e9bec | ERYCK V\u00c9ZIAU, COURTIER IMMOBILIER LAVAL, COURTIER IMMOBILIER STE-DOROTH\u00c9E, MAISON \u00c0 VENDRE LAVAL, AGENT IMMOBILIER STE-DOROTH\u00c9E","robots":{"index":"index","follow":"follow","max-snippet":"max-snippet:-1","max-image-preview":"max-image-preview:large","max-video-preview":"max-video-preview:-1"},"canonical":"https:\/\/eryckveziau.com\/non-classe\/la-construction-de-maisons-individuelles-a-un-creux-historique-au-quebec\/","og_locale":"en_US","og_type":"article","og_title":"La construction de maisons individuelles \u00e0 un creux \u00abhistorique \u00bb au Qu\u00e9bec | ERYCK V\u00c9ZIAU, COURTIER IMMOBILIER LAVAL, COURTIER IMMOBILIER STE-DOROTH\u00c9E, MAISON \u00c0 VENDRE LAVAL, AGENT IMMOBILIER STE-DOROTH\u00c9E","og_description":"Il suffit d\u2019aller se promener \u00e0 Vaudreuil, Mirabel ou Beloeil pour le constater: l\u2019attrait de la maison unifamiliale demeure bien r\u00e9el pour les jeunes familles. Dans ces anciennes r\u00e9gions agricoles, transform\u00e9es en banlieues montr\u00e9alaises en raison de l\u2019\u00e9talement urbain, les maisons r\u00e9centes \u2013et souvent indissociables les unes des autres\u2013 s\u2019\u00e9talent \u00e0 perte de vue. Apr\u00e8s [&hellip;]","og_url":"https:\/\/eryckveziau.com\/non-classe\/la-construction-de-maisons-individuelles-a-un-creux-historique-au-quebec\/","og_site_name":"ERYCK V\u00c9ZIAU, COURTIER IMMOBILIER LAVAL, COURTIER IMMOBILIER STE-DOROTH\u00c9E, MAISON \u00c0 VENDRE LAVAL, AGENT IMMOBILIER STE-DOROTH\u00c9E","article_publisher":"https:\/\/www.facebook.com\/EryckVeziau.courtier.immobilier.ReMax.Laval","article_published_time":"2016-01-13T14:13:46+00:00","og_image":[{"width":924,"height":454,"url":"https:\/\/eryckveziau.com\/files\/2022\/09\/PartageEveziau.png","type":"image\/png"}],"twitter_card":"summary_large_image","twitter_misc":{"Written by":"","Est. reading time":"1 minute"},"schema":{"@context":"https:\/\/schema.org","@graph":[{"@type":"Article","@id":"https:\/\/eryckveziau.com\/non-classe\/la-construction-de-maisons-individuelles-a-un-creux-historique-au-quebec\/#article","isPartOf":{"@id":"https:\/\/eryckveziau.com\/non-classe\/la-construction-de-maisons-individuelles-a-un-creux-historique-au-quebec\/"},"author":{"name":"","@id":""},"headline":"La construction de maisons individuelles \u00e0 un creux \u00abhistorique \u00bb au Qu\u00e9bec","datePublished":"2016-01-13T14:13:46+00:00","mainEntityOfPage":{"@id":"https:\/\/eryckveziau.com\/non-classe\/la-construction-de-maisons-individuelles-a-un-creux-historique-au-quebec\/"},"wordCount":150,"publisher":{"@id":"https:\/\/eryckveziau.com\/en\/#organization"},"articleSection":["Non class\u00e9"],"inLanguage":"en-US"},{"@type":"WebPage","@id":"https:\/\/eryckveziau.com\/non-classe\/la-construction-de-maisons-individuelles-a-un-creux-historique-au-quebec\/","url":"https:\/\/eryckveziau.com\/non-classe\/la-construction-de-maisons-individuelles-a-un-creux-historique-au-quebec\/","name":"La construction de maisons individuelles \u00e0 un creux \u00abhistorique \u00bb au Qu\u00e9bec | ERYCK V\u00c9ZIAU, COURTIER IMMOBILIER LAVAL, COURTIER IMMOBILIER STE-DOROTH\u00c9E, MAISON \u00c0 VENDRE LAVAL, AGENT IMMOBILIER STE-DOROTH\u00c9E","isPartOf":{"@id":"https:\/\/eryckveziau.com\/en\/#website"},"datePublished":"2016-01-13T14:13:46+00:00","breadcrumb":{"@id":"https:\/\/eryckveziau.com\/non-classe\/la-construction-de-maisons-individuelles-a-un-creux-historique-au-quebec\/#breadcrumb"},"inLanguage":"en-US","potentialAction":[{"@type":"ReadAction","target":["https:\/\/eryckveziau.com\/non-classe\/la-construction-de-maisons-individuelles-a-un-creux-historique-au-quebec\/"]}]},{"@type":"BreadcrumbList","@id":"https:\/\/eryckveziau.com\/non-classe\/la-construction-de-maisons-individuelles-a-un-creux-historique-au-quebec\/#breadcrumb","itemListElement":[{"@type":"ListItem","position":1,"name":"Accueil","item":"https:\/\/eryckveziau.com\/en\/"},{"@type":"ListItem","position":2,"name":"La construction de maisons individuelles \u00e0 un creux \u00abhistorique \u00bb au Qu\u00e9bec"}]},{"@type":"WebSite","@id":"https:\/\/eryckveziau.com\/en\/#website","url":"https:\/\/eryckveziau.com\/en\/","name":"ERYCK V\u00c9ZIAU, COURTIER IMMOBILIER LAVAL, COURTIER IMMOBILIER STE-DOROTH\u00c9E, MAISON \u00c0 VENDRE LAVAL, AGENT IMMOBILIER STE-DOROTH\u00c9E","description":"","publisher":{"@id":"https:\/\/eryckveziau.com\/en\/#organization"},"potentialAction":[{"@type":"SearchAction","target":{"@type":"EntryPoint","urlTemplate":"https:\/\/eryckveziau.com\/en\/?s={search_term_string}"},"query-input":{"@type":"PropertyValueSpecification","valueRequired":true,"valueName":"search_term_string"}}],"inLanguage":"en-US"},{"@type":"Organization","@id":"https:\/\/eryckveziau.com\/en\/#organization","name":"Eryck V\u00e9ziau RE\/MAX","url":"https:\/\/eryckveziau.com\/en\/","logo":{"@type":"ImageObject","inLanguage":"en-US","@id":"https:\/\/eryckveziau.com\/en\/#\/schema\/logo\/image\/","url":"https:\/\/eryckveziau.com\/files\/2022\/09\/PartageEveziau.png","contentUrl":"https:\/\/eryckveziau.com\/files\/2022\/09\/PartageEveziau.png","width":924,"height":454,"caption":"Eryck V\u00e9ziau RE\/MAX"},"image":{"@id":"https:\/\/eryckveziau.com\/en\/#\/schema\/logo\/image\/"},"sameAs":["https:\/\/www.facebook.com\/EryckVeziau.courtier.immobilier.ReMax.Laval","https:\/\/www.instagram.com\/eryck_veziau_remax\/","https:\/\/www.linkedin.com\/in\/eryck-v\u00e9ziau-6a445134\/","https:\/\/www.youtube.com\/user\/eveziau"]},{"@type":"Person","@id":"","url":"https:\/\/eryckveziau.com\/en\/author\/"}]}},"_links":{"self":[{"href":"https:\/\/eryckveziau.com\/en\/wp-json\/wp\/v2\/posts\/2424","targetHints":{"allow":["GET"]}}],"collection":[{"href":"https:\/\/eryckveziau.com\/en\/wp-json\/wp\/v2\/posts"}],"about":[{"href":"https:\/\/eryckveziau.com\/en\/wp-json\/wp\/v2\/types\/post"}],"author":[{"embeddable":true,"href":"https:\/\/eryckveziau.com\/en\/wp-json\/wp\/v2\/users\/285"}],"replies":[{"embeddable":true,"href":"https:\/\/eryckveziau.com\/en\/wp-json\/wp\/v2\/comments?post=2424"}],"version-history":[{"count":1,"href":"https:\/\/eryckveziau.com\/en\/wp-json\/wp\/v2\/posts\/2424\/revisions"}],"predecessor-version":[{"id":2425,"href":"https:\/\/eryckveziau.com\/en\/wp-json\/wp\/v2\/posts\/2424\/revisions\/2425"}],"wp:attachment":[{"href":"https:\/\/eryckveziau.com\/en\/wp-json\/wp\/v2\/media?parent=2424"}],"wp:term":[{"taxonomy":"category","embeddable":true,"href":"https:\/\/eryckveziau.com\/en\/wp-json\/wp\/v2\/categories?post=2424"},{"taxonomy":"post_tag","embeddable":true,"href":"https:\/\/eryckveziau.com\/en\/wp-json\/wp\/v2\/tags?post=2424"}],"curies":[{"name":"wp","href":"https:\/\/api.w.org\/{rel}","templated":true}]}}