{"id":2417,"date":"2016-01-07T14:27:24","date_gmt":"2016-01-07T19:27:24","guid":{"rendered":"\/?p=2417"},"modified":"2016-01-07T14:28:06","modified_gmt":"2016-01-07T19:28:06","slug":"mis-a-jour-le-06-janvier-2016-a-10h58-la-banque-royale-haussera-certains-taux-hypothecaires","status":"publish","type":"post","link":"https:\/\/eryckveziau.com\/en\/non-classe\/mis-a-jour-le-06-janvier-2016-a-10h58-la-banque-royale-haussera-certains-taux-hypothecaires\/","title":{"rendered":"Mis \u00e0 jour le 06 janvier 2016 \u00e0 10h58 La Banque Royale haussera certains taux hypoth\u00e9caires"},"content":{"rendered":"<div class=\"excerpt\">\n<p class=\"amorce\">L&#8217;un des plus grands pr\u00eateurs du Canada haussera plusieurs de ses taux hypoth\u00e9caires \u00e0 compter de vendredi.<\/p>\n<\/div>\n<div class=\"entry chapitre chapitreTexte\">\n<p>La Banque Royale du Canada (<a title=\"\" href=\"http:\/\/affaires.lapresse.ca\/bourse\/details-cote\/?sym=T.RY\">T.RY<\/a>) a indiqu\u00e9 que son offre sp\u00e9ciale sur cinq ans \u00e0 taux fixe et \u00e9ch\u00e9ance fixe augmenterait d&#8217;un dixi\u00e8me de point, \u00e0 3,04%.<\/p>\n<p>L&#8217;institution a pr\u00e9cis\u00e9 que cette modification ne s&#8217;appliquait pas \u00e0 ses taux affich\u00e9s, qui sont g\u00e9n\u00e9ralement plus \u00e9lev\u00e9s que ses taux sp\u00e9ciaux.<\/p>\n<p>Plusieurs autres offres sp\u00e9ciales de la RBC augmenteront \u00e9galement de 0,10% vendredi, mais le montant du taux pr\u00e9f\u00e9rentiel d\u00e9pendra de la dur\u00e9e du terme.<\/p>\n<\/div>\n","protected":false},"excerpt":{"rendered":"<p>L&#8217;un des plus grands pr\u00eateurs du Canada haussera plusieurs de ses taux hypoth\u00e9caires \u00e0 compter de vendredi. La Banque Royale du Canada (T.RY) a indiqu\u00e9 que son offre sp\u00e9ciale sur cinq ans \u00e0 taux fixe et \u00e9ch\u00e9ance fixe augmenterait d&#8217;un dixi\u00e8me de point, \u00e0 3,04%. L&#8217;institution a pr\u00e9cis\u00e9 que cette modification ne s&#8217;appliquait pas \u00e0 [&hellip;]<\/p>\n","protected":false},"author":285,"featured_media":0,"comment_status":"closed","ping_status":"closed","sticky":false,"template":"","format":"standard","meta":{"_acf_changed":false,"footnotes":""},"categories":[1],"tags":[],"class_list":["post-2417","post","type-post","status-publish","format-standard","hentry","category-non-classe"],"acf":[],"yoast_head":"<!-- This site is optimized with the Yoast SEO plugin v26.7 - https:\/\/yoast.com\/wordpress\/plugins\/seo\/ -->\n<title>Mis \u00e0 jour le 06 janvier 2016 \u00e0 10h58 La Banque Royale haussera certains taux hypoth\u00e9caires | ERYCK V\u00c9ZIAU, COURTIER IMMOBILIER LAVAL, COURTIER IMMOBILIER STE-DOROTH\u00c9E, MAISON \u00c0 VENDRE LAVAL, AGENT IMMOBILIER STE-DOROTH\u00c9E<\/title>\n<meta name=\"robots\" content=\"index, follow, max-snippet:-1, max-image-preview:large, max-video-preview:-1\" \/>\n<link rel=\"canonical\" href=\"https:\/\/eryckveziau.com\/non-classe\/mis-a-jour-le-06-janvier-2016-a-10h58-la-banque-royale-haussera-certains-taux-hypothecaires\/\" \/>\n<meta property=\"og:locale\" content=\"en_US\" \/>\n<meta property=\"og:type\" content=\"article\" \/>\n<meta property=\"og:title\" content=\"Mis \u00e0 jour le 06 janvier 2016 \u00e0 10h58 La Banque Royale haussera certains taux hypoth\u00e9caires | ERYCK V\u00c9ZIAU, COURTIER IMMOBILIER LAVAL, COURTIER IMMOBILIER STE-DOROTH\u00c9E, MAISON \u00c0 VENDRE LAVAL, AGENT IMMOBILIER STE-DOROTH\u00c9E\" \/>\n<meta property=\"og:description\" content=\"L&#8217;un des plus grands pr\u00eateurs du Canada haussera plusieurs de ses taux hypoth\u00e9caires \u00e0 compter de vendredi. La Banque Royale du Canada (T.RY) a indiqu\u00e9 que son offre sp\u00e9ciale sur cinq ans \u00e0 taux fixe et \u00e9ch\u00e9ance fixe augmenterait d&#8217;un dixi\u00e8me de point, \u00e0 3,04%. L&#8217;institution a pr\u00e9cis\u00e9 que cette modification ne s&#8217;appliquait pas \u00e0 [&hellip;]\" \/>\n<meta property=\"og:url\" content=\"https:\/\/eryckveziau.com\/non-classe\/mis-a-jour-le-06-janvier-2016-a-10h58-la-banque-royale-haussera-certains-taux-hypothecaires\/\" \/>\n<meta property=\"og:site_name\" content=\"ERYCK V\u00c9ZIAU, COURTIER IMMOBILIER LAVAL, COURTIER IMMOBILIER STE-DOROTH\u00c9E, MAISON \u00c0 VENDRE LAVAL, AGENT IMMOBILIER STE-DOROTH\u00c9E\" \/>\n<meta property=\"article:publisher\" content=\"https:\/\/www.facebook.com\/EryckVeziau.courtier.immobilier.ReMax.Laval\" \/>\n<meta property=\"article:published_time\" content=\"2016-01-07T19:27:24+00:00\" \/>\n<meta property=\"article:modified_time\" content=\"2016-01-07T19:28:06+00:00\" \/>\n<meta property=\"og:image\" content=\"https:\/\/eryckveziau.com\/files\/2022\/09\/PartageEveziau.png\" \/>\n\t<meta property=\"og:image:width\" content=\"924\" \/>\n\t<meta property=\"og:image:height\" content=\"454\" \/>\n\t<meta property=\"og:image:type\" content=\"image\/png\" \/>\n<meta name=\"twitter:card\" content=\"summary_large_image\" \/>\n<meta name=\"twitter:label1\" content=\"Written by\" \/>\n\t<meta name=\"twitter:data1\" content=\"\" \/>\n\t<meta name=\"twitter:label2\" content=\"Est. reading time\" \/>\n\t<meta name=\"twitter:data2\" content=\"1 minute\" \/>\n<script type=\"application\/ld+json\" class=\"yoast-schema-graph\">{\"@context\":\"https:\/\/schema.org\",\"@graph\":[{\"@type\":\"Article\",\"@id\":\"https:\/\/eryckveziau.com\/non-classe\/mis-a-jour-le-06-janvier-2016-a-10h58-la-banque-royale-haussera-certains-taux-hypothecaires\/#article\",\"isPartOf\":{\"@id\":\"https:\/\/eryckveziau.com\/non-classe\/mis-a-jour-le-06-janvier-2016-a-10h58-la-banque-royale-haussera-certains-taux-hypothecaires\/\"},\"author\":{\"name\":\"\",\"@id\":\"\"},\"headline\":\"Mis \u00e0 jour le 06 janvier 2016 \u00e0 10h58 La Banque Royale haussera certains taux hypoth\u00e9caires\",\"datePublished\":\"2016-01-07T19:27:24+00:00\",\"dateModified\":\"2016-01-07T19:28:06+00:00\",\"mainEntityOfPage\":{\"@id\":\"https:\/\/eryckveziau.com\/non-classe\/mis-a-jour-le-06-janvier-2016-a-10h58-la-banque-royale-haussera-certains-taux-hypothecaires\/\"},\"wordCount\":119,\"publisher\":{\"@id\":\"https:\/\/eryckveziau.com\/en\/#organization\"},\"articleSection\":[\"Non class\u00e9\"],\"inLanguage\":\"en-US\"},{\"@type\":\"WebPage\",\"@id\":\"https:\/\/eryckveziau.com\/non-classe\/mis-a-jour-le-06-janvier-2016-a-10h58-la-banque-royale-haussera-certains-taux-hypothecaires\/\",\"url\":\"https:\/\/eryckveziau.com\/non-classe\/mis-a-jour-le-06-janvier-2016-a-10h58-la-banque-royale-haussera-certains-taux-hypothecaires\/\",\"name\":\"Mis \u00e0 jour le 06 janvier 2016 \u00e0 10h58 La Banque Royale haussera certains taux hypoth\u00e9caires | ERYCK V\u00c9ZIAU, COURTIER IMMOBILIER LAVAL, COURTIER IMMOBILIER STE-DOROTH\u00c9E, MAISON \u00c0 VENDRE LAVAL, AGENT IMMOBILIER STE-DOROTH\u00c9E\",\"isPartOf\":{\"@id\":\"https:\/\/eryckveziau.com\/en\/#website\"},\"datePublished\":\"2016-01-07T19:27:24+00:00\",\"dateModified\":\"2016-01-07T19:28:06+00:00\",\"breadcrumb\":{\"@id\":\"https:\/\/eryckveziau.com\/non-classe\/mis-a-jour-le-06-janvier-2016-a-10h58-la-banque-royale-haussera-certains-taux-hypothecaires\/#breadcrumb\"},\"inLanguage\":\"en-US\",\"potentialAction\":[{\"@type\":\"ReadAction\",\"target\":[\"https:\/\/eryckveziau.com\/non-classe\/mis-a-jour-le-06-janvier-2016-a-10h58-la-banque-royale-haussera-certains-taux-hypothecaires\/\"]}]},{\"@type\":\"BreadcrumbList\",\"@id\":\"https:\/\/eryckveziau.com\/non-classe\/mis-a-jour-le-06-janvier-2016-a-10h58-la-banque-royale-haussera-certains-taux-hypothecaires\/#breadcrumb\",\"itemListElement\":[{\"@type\":\"ListItem\",\"position\":1,\"name\":\"Accueil\",\"item\":\"https:\/\/eryckveziau.com\/en\/\"},{\"@type\":\"ListItem\",\"position\":2,\"name\":\"Mis \u00e0 jour le 06 janvier 2016 \u00e0 10h58 La Banque Royale haussera certains taux hypoth\u00e9caires\"}]},{\"@type\":\"WebSite\",\"@id\":\"https:\/\/eryckveziau.com\/en\/#website\",\"url\":\"https:\/\/eryckveziau.com\/en\/\",\"name\":\"ERYCK V\u00c9ZIAU, COURTIER IMMOBILIER LAVAL, COURTIER IMMOBILIER STE-DOROTH\u00c9E, MAISON \u00c0 VENDRE LAVAL, AGENT IMMOBILIER STE-DOROTH\u00c9E\",\"description\":\"\",\"publisher\":{\"@id\":\"https:\/\/eryckveziau.com\/en\/#organization\"},\"potentialAction\":[{\"@type\":\"SearchAction\",\"target\":{\"@type\":\"EntryPoint\",\"urlTemplate\":\"https:\/\/eryckveziau.com\/en\/?s={search_term_string}\"},\"query-input\":{\"@type\":\"PropertyValueSpecification\",\"valueRequired\":true,\"valueName\":\"search_term_string\"}}],\"inLanguage\":\"en-US\"},{\"@type\":\"Organization\",\"@id\":\"https:\/\/eryckveziau.com\/en\/#organization\",\"name\":\"Eryck V\u00e9ziau RE\/MAX\",\"url\":\"https:\/\/eryckveziau.com\/en\/\",\"logo\":{\"@type\":\"ImageObject\",\"inLanguage\":\"en-US\",\"@id\":\"https:\/\/eryckveziau.com\/en\/#\/schema\/logo\/image\/\",\"url\":\"https:\/\/eryckveziau.com\/files\/2022\/09\/PartageEveziau.png\",\"contentUrl\":\"https:\/\/eryckveziau.com\/files\/2022\/09\/PartageEveziau.png\",\"width\":924,\"height\":454,\"caption\":\"Eryck V\u00e9ziau RE\/MAX\"},\"image\":{\"@id\":\"https:\/\/eryckveziau.com\/en\/#\/schema\/logo\/image\/\"},\"sameAs\":[\"https:\/\/www.facebook.com\/EryckVeziau.courtier.immobilier.ReMax.Laval\",\"https:\/\/www.instagram.com\/eryck_veziau_remax\/\",\"https:\/\/www.linkedin.com\/in\/eryck-v\u00e9ziau-6a445134\/\",\"https:\/\/www.youtube.com\/user\/eveziau\"]},{\"@type\":\"Person\",\"@id\":\"\",\"url\":\"https:\/\/eryckveziau.com\/en\/author\/\"}]}<\/script>\n<!-- \/ Yoast SEO plugin. -->","yoast_head_json":{"title":"Mis \u00e0 jour le 06 janvier 2016 \u00e0 10h58 La Banque Royale haussera certains taux hypoth\u00e9caires | ERYCK V\u00c9ZIAU, COURTIER IMMOBILIER LAVAL, COURTIER IMMOBILIER STE-DOROTH\u00c9E, MAISON \u00c0 VENDRE LAVAL, AGENT IMMOBILIER STE-DOROTH\u00c9E","robots":{"index":"index","follow":"follow","max-snippet":"max-snippet:-1","max-image-preview":"max-image-preview:large","max-video-preview":"max-video-preview:-1"},"canonical":"https:\/\/eryckveziau.com\/non-classe\/mis-a-jour-le-06-janvier-2016-a-10h58-la-banque-royale-haussera-certains-taux-hypothecaires\/","og_locale":"en_US","og_type":"article","og_title":"Mis \u00e0 jour le 06 janvier 2016 \u00e0 10h58 La Banque Royale haussera certains taux hypoth\u00e9caires | ERYCK V\u00c9ZIAU, COURTIER IMMOBILIER LAVAL, COURTIER IMMOBILIER STE-DOROTH\u00c9E, MAISON \u00c0 VENDRE LAVAL, AGENT IMMOBILIER STE-DOROTH\u00c9E","og_description":"L&#8217;un des plus grands pr\u00eateurs du Canada haussera plusieurs de ses taux hypoth\u00e9caires \u00e0 compter de vendredi. La Banque Royale du Canada (T.RY) a indiqu\u00e9 que son offre sp\u00e9ciale sur cinq ans \u00e0 taux fixe et \u00e9ch\u00e9ance fixe augmenterait d&#8217;un dixi\u00e8me de point, \u00e0 3,04%. L&#8217;institution a pr\u00e9cis\u00e9 que cette modification ne s&#8217;appliquait pas \u00e0 [&hellip;]","og_url":"https:\/\/eryckveziau.com\/non-classe\/mis-a-jour-le-06-janvier-2016-a-10h58-la-banque-royale-haussera-certains-taux-hypothecaires\/","og_site_name":"ERYCK V\u00c9ZIAU, COURTIER IMMOBILIER LAVAL, COURTIER IMMOBILIER STE-DOROTH\u00c9E, MAISON \u00c0 VENDRE LAVAL, AGENT IMMOBILIER STE-DOROTH\u00c9E","article_publisher":"https:\/\/www.facebook.com\/EryckVeziau.courtier.immobilier.ReMax.Laval","article_published_time":"2016-01-07T19:27:24+00:00","article_modified_time":"2016-01-07T19:28:06+00:00","og_image":[{"width":924,"height":454,"url":"https:\/\/eryckveziau.com\/files\/2022\/09\/PartageEveziau.png","type":"image\/png"}],"twitter_card":"summary_large_image","twitter_misc":{"Written by":"","Est. reading time":"1 minute"},"schema":{"@context":"https:\/\/schema.org","@graph":[{"@type":"Article","@id":"https:\/\/eryckveziau.com\/non-classe\/mis-a-jour-le-06-janvier-2016-a-10h58-la-banque-royale-haussera-certains-taux-hypothecaires\/#article","isPartOf":{"@id":"https:\/\/eryckveziau.com\/non-classe\/mis-a-jour-le-06-janvier-2016-a-10h58-la-banque-royale-haussera-certains-taux-hypothecaires\/"},"author":{"name":"","@id":""},"headline":"Mis \u00e0 jour le 06 janvier 2016 \u00e0 10h58 La Banque Royale haussera certains taux hypoth\u00e9caires","datePublished":"2016-01-07T19:27:24+00:00","dateModified":"2016-01-07T19:28:06+00:00","mainEntityOfPage":{"@id":"https:\/\/eryckveziau.com\/non-classe\/mis-a-jour-le-06-janvier-2016-a-10h58-la-banque-royale-haussera-certains-taux-hypothecaires\/"},"wordCount":119,"publisher":{"@id":"https:\/\/eryckveziau.com\/en\/#organization"},"articleSection":["Non class\u00e9"],"inLanguage":"en-US"},{"@type":"WebPage","@id":"https:\/\/eryckveziau.com\/non-classe\/mis-a-jour-le-06-janvier-2016-a-10h58-la-banque-royale-haussera-certains-taux-hypothecaires\/","url":"https:\/\/eryckveziau.com\/non-classe\/mis-a-jour-le-06-janvier-2016-a-10h58-la-banque-royale-haussera-certains-taux-hypothecaires\/","name":"Mis \u00e0 jour le 06 janvier 2016 \u00e0 10h58 La Banque Royale haussera certains taux hypoth\u00e9caires | ERYCK V\u00c9ZIAU, COURTIER IMMOBILIER LAVAL, COURTIER IMMOBILIER STE-DOROTH\u00c9E, MAISON \u00c0 VENDRE LAVAL, AGENT IMMOBILIER STE-DOROTH\u00c9E","isPartOf":{"@id":"https:\/\/eryckveziau.com\/en\/#website"},"datePublished":"2016-01-07T19:27:24+00:00","dateModified":"2016-01-07T19:28:06+00:00","breadcrumb":{"@id":"https:\/\/eryckveziau.com\/non-classe\/mis-a-jour-le-06-janvier-2016-a-10h58-la-banque-royale-haussera-certains-taux-hypothecaires\/#breadcrumb"},"inLanguage":"en-US","potentialAction":[{"@type":"ReadAction","target":["https:\/\/eryckveziau.com\/non-classe\/mis-a-jour-le-06-janvier-2016-a-10h58-la-banque-royale-haussera-certains-taux-hypothecaires\/"]}]},{"@type":"BreadcrumbList","@id":"https:\/\/eryckveziau.com\/non-classe\/mis-a-jour-le-06-janvier-2016-a-10h58-la-banque-royale-haussera-certains-taux-hypothecaires\/#breadcrumb","itemListElement":[{"@type":"ListItem","position":1,"name":"Accueil","item":"https:\/\/eryckveziau.com\/en\/"},{"@type":"ListItem","position":2,"name":"Mis \u00e0 jour le 06 janvier 2016 \u00e0 10h58 La Banque Royale haussera certains taux hypoth\u00e9caires"}]},{"@type":"WebSite","@id":"https:\/\/eryckveziau.com\/en\/#website","url":"https:\/\/eryckveziau.com\/en\/","name":"ERYCK V\u00c9ZIAU, COURTIER IMMOBILIER LAVAL, COURTIER IMMOBILIER STE-DOROTH\u00c9E, MAISON \u00c0 VENDRE LAVAL, AGENT IMMOBILIER STE-DOROTH\u00c9E","description":"","publisher":{"@id":"https:\/\/eryckveziau.com\/en\/#organization"},"potentialAction":[{"@type":"SearchAction","target":{"@type":"EntryPoint","urlTemplate":"https:\/\/eryckveziau.com\/en\/?s={search_term_string}"},"query-input":{"@type":"PropertyValueSpecification","valueRequired":true,"valueName":"search_term_string"}}],"inLanguage":"en-US"},{"@type":"Organization","@id":"https:\/\/eryckveziau.com\/en\/#organization","name":"Eryck V\u00e9ziau RE\/MAX","url":"https:\/\/eryckveziau.com\/en\/","logo":{"@type":"ImageObject","inLanguage":"en-US","@id":"https:\/\/eryckveziau.com\/en\/#\/schema\/logo\/image\/","url":"https:\/\/eryckveziau.com\/files\/2022\/09\/PartageEveziau.png","contentUrl":"https:\/\/eryckveziau.com\/files\/2022\/09\/PartageEveziau.png","width":924,"height":454,"caption":"Eryck V\u00e9ziau RE\/MAX"},"image":{"@id":"https:\/\/eryckveziau.com\/en\/#\/schema\/logo\/image\/"},"sameAs":["https:\/\/www.facebook.com\/EryckVeziau.courtier.immobilier.ReMax.Laval","https:\/\/www.instagram.com\/eryck_veziau_remax\/","https:\/\/www.linkedin.com\/in\/eryck-v\u00e9ziau-6a445134\/","https:\/\/www.youtube.com\/user\/eveziau"]},{"@type":"Person","@id":"","url":"https:\/\/eryckveziau.com\/en\/author\/"}]}},"_links":{"self":[{"href":"https:\/\/eryckveziau.com\/en\/wp-json\/wp\/v2\/posts\/2417","targetHints":{"allow":["GET"]}}],"collection":[{"href":"https:\/\/eryckveziau.com\/en\/wp-json\/wp\/v2\/posts"}],"about":[{"href":"https:\/\/eryckveziau.com\/en\/wp-json\/wp\/v2\/types\/post"}],"author":[{"embeddable":true,"href":"https:\/\/eryckveziau.com\/en\/wp-json\/wp\/v2\/users\/285"}],"replies":[{"embeddable":true,"href":"https:\/\/eryckveziau.com\/en\/wp-json\/wp\/v2\/comments?post=2417"}],"version-history":[{"count":1,"href":"https:\/\/eryckveziau.com\/en\/wp-json\/wp\/v2\/posts\/2417\/revisions"}],"predecessor-version":[{"id":2418,"href":"https:\/\/eryckveziau.com\/en\/wp-json\/wp\/v2\/posts\/2417\/revisions\/2418"}],"wp:attachment":[{"href":"https:\/\/eryckveziau.com\/en\/wp-json\/wp\/v2\/media?parent=2417"}],"wp:term":[{"taxonomy":"category","embeddable":true,"href":"https:\/\/eryckveziau.com\/en\/wp-json\/wp\/v2\/categories?post=2417"},{"taxonomy":"post_tag","embeddable":true,"href":"https:\/\/eryckveziau.com\/en\/wp-json\/wp\/v2\/tags?post=2417"}],"curies":[{"name":"wp","href":"https:\/\/api.w.org\/{rel}","templated":true}]}}