{"id":2413,"date":"2015-12-23T10:55:13","date_gmt":"2015-12-23T15:55:13","guid":{"rendered":"\/?p=2413"},"modified":"2015-12-23T10:55:14","modified_gmt":"2015-12-23T15:55:14","slug":"montreal-encadre-la-construction-autour-des-voies-ferrees","status":"publish","type":"post","link":"https:\/\/eryckveziau.com\/en\/non-classe\/montreal-encadre-la-construction-autour-des-voies-ferrees\/","title":{"rendered":"Montr\u00e9al encadre la construction autour des voies ferr\u00e9es"},"content":{"rendered":"<div class=\"excerpt\">\n<p class=\"amorce\">Montr\u00e9al a tir\u00e9 des le\u00e7ons de la trag\u00e9die ferroviaire de Lac-M\u00e9gantic. Il est devenu plus difficile de construire de r\u00e9sidences et des b\u00e2timents institutionnels \u00e0 proximit\u00e9 d&#8217;une voie ferr\u00e9e depuis cette ann\u00e9e. Des projets sont abandonn\u00e9s, des promoteurs rechignent, mais une professeure d&#8217;universit\u00e9 exhorte maintenant les villes de banlieue \u00e0 embo\u00eeter le pas \u00e0 la ville-centre, mais en allant plus loin et en imposant une v\u00e9ritable zone tampon.<\/p>\n<\/div>\n<div class=\"entry chapitre chapitreTexte\">\n<p><strong>DISTANCE EXIG\u00c9E\u00a0:\u00a0<\/strong><\/p>\n<p>&#8211;\u00a030 m\u00e8tres d&#8217;une voie ferr\u00e9e principale<\/p>\n<p>&#8211;\u00a0300 m\u00e8tres d&#8217;une gare de triage<\/p>\n<p>Montr\u00e9al encadre toute nouvelle construction ou transformation de b\u00e2timent r\u00e9sidentiel \u00e0 proximit\u00e9 d&#8217;une voie ferr\u00e9e principale depuis l&#8217;entr\u00e9e en vigueur cette ann\u00e9e du nouveau sch\u00e9ma d&#8217;am\u00e9nagement et de d\u00e9veloppement de l&#8217;agglom\u00e9ration.<\/p>\n<p>La restriction vaut aussi pour les h\u00f4pitaux, les \u00e9coles, les garderies, les lieux de culte et les r\u00e9sidences pour personnes \u00e2g\u00e9es. L&#8217;objectif est de r\u00e9duire les nuisances. Dans le cas du bruit, la distance s\u00e9paratrice est \u00e9tablie \u00e0 30\u00a0m\u00e8tres. Pour ce qui est des vibrations, le rayon passe \u00e0 75\u00a0m\u00e8tres. Dans le cas d&#8217;une gare de triage, o\u00f9 les nuisances sont plus marqu\u00e9es, la zone augmente \u00e0 300\u00a0m\u00e8tres. Ces directives s&#8217;inspirent du guide de r\u00e9f\u00e9rence publi\u00e9 par la F\u00e9d\u00e9ration canadienne des municipalit\u00e9s et l&#8217;Association des chemins de fer du Canada en 2013.<\/p>\n<\/div>\n","protected":false},"excerpt":{"rendered":"<p>Montr\u00e9al a tir\u00e9 des le\u00e7ons de la trag\u00e9die ferroviaire de Lac-M\u00e9gantic. Il est devenu plus difficile de construire de r\u00e9sidences et des b\u00e2timents institutionnels \u00e0 proximit\u00e9 d&#8217;une voie ferr\u00e9e depuis cette ann\u00e9e. Des projets sont abandonn\u00e9s, des promoteurs rechignent, mais une professeure d&#8217;universit\u00e9 exhorte maintenant les villes de banlieue \u00e0 embo\u00eeter le pas \u00e0 la [&hellip;]<\/p>\n","protected":false},"author":285,"featured_media":0,"comment_status":"closed","ping_status":"closed","sticky":false,"template":"","format":"standard","meta":{"_acf_changed":false,"footnotes":""},"categories":[1],"tags":[],"class_list":["post-2413","post","type-post","status-publish","format-standard","hentry","category-non-classe"],"acf":[],"yoast_head":"<!-- This site is optimized with the Yoast SEO plugin v26.7 - https:\/\/yoast.com\/wordpress\/plugins\/seo\/ -->\n<title>Montr\u00e9al encadre la construction autour des voies ferr\u00e9es | ERYCK V\u00c9ZIAU, COURTIER IMMOBILIER LAVAL, COURTIER IMMOBILIER STE-DOROTH\u00c9E, MAISON \u00c0 VENDRE LAVAL, AGENT IMMOBILIER STE-DOROTH\u00c9E<\/title>\n<meta name=\"robots\" content=\"index, follow, max-snippet:-1, max-image-preview:large, max-video-preview:-1\" \/>\n<link rel=\"canonical\" href=\"https:\/\/eryckveziau.com\/non-classe\/montreal-encadre-la-construction-autour-des-voies-ferrees\/\" \/>\n<meta property=\"og:locale\" content=\"en_US\" \/>\n<meta property=\"og:type\" content=\"article\" \/>\n<meta property=\"og:title\" content=\"Montr\u00e9al encadre la construction autour des voies ferr\u00e9es | ERYCK V\u00c9ZIAU, COURTIER IMMOBILIER LAVAL, COURTIER IMMOBILIER STE-DOROTH\u00c9E, MAISON \u00c0 VENDRE LAVAL, AGENT IMMOBILIER STE-DOROTH\u00c9E\" \/>\n<meta property=\"og:description\" content=\"Montr\u00e9al a tir\u00e9 des le\u00e7ons de la trag\u00e9die ferroviaire de Lac-M\u00e9gantic. Il est devenu plus difficile de construire de r\u00e9sidences et des b\u00e2timents institutionnels \u00e0 proximit\u00e9 d&#8217;une voie ferr\u00e9e depuis cette ann\u00e9e. Des projets sont abandonn\u00e9s, des promoteurs rechignent, mais une professeure d&#8217;universit\u00e9 exhorte maintenant les villes de banlieue \u00e0 embo\u00eeter le pas \u00e0 la [&hellip;]\" \/>\n<meta property=\"og:url\" content=\"https:\/\/eryckveziau.com\/non-classe\/montreal-encadre-la-construction-autour-des-voies-ferrees\/\" \/>\n<meta property=\"og:site_name\" content=\"ERYCK V\u00c9ZIAU, COURTIER IMMOBILIER LAVAL, COURTIER IMMOBILIER STE-DOROTH\u00c9E, MAISON \u00c0 VENDRE LAVAL, AGENT IMMOBILIER STE-DOROTH\u00c9E\" \/>\n<meta property=\"article:publisher\" content=\"https:\/\/www.facebook.com\/EryckVeziau.courtier.immobilier.ReMax.Laval\" \/>\n<meta property=\"article:published_time\" content=\"2015-12-23T15:55:13+00:00\" \/>\n<meta property=\"article:modified_time\" content=\"2015-12-23T15:55:14+00:00\" \/>\n<meta property=\"og:image\" content=\"https:\/\/eryckveziau.com\/files\/2022\/09\/PartageEveziau.png\" \/>\n\t<meta property=\"og:image:width\" content=\"924\" \/>\n\t<meta property=\"og:image:height\" content=\"454\" \/>\n\t<meta property=\"og:image:type\" content=\"image\/png\" \/>\n<meta name=\"twitter:card\" content=\"summary_large_image\" \/>\n<meta name=\"twitter:label1\" content=\"Written by\" \/>\n\t<meta name=\"twitter:data1\" content=\"\" \/>\n\t<meta name=\"twitter:label2\" content=\"Est. reading time\" \/>\n\t<meta name=\"twitter:data2\" content=\"1 minute\" \/>\n<script type=\"application\/ld+json\" class=\"yoast-schema-graph\">{\"@context\":\"https:\/\/schema.org\",\"@graph\":[{\"@type\":\"Article\",\"@id\":\"https:\/\/eryckveziau.com\/non-classe\/montreal-encadre-la-construction-autour-des-voies-ferrees\/#article\",\"isPartOf\":{\"@id\":\"https:\/\/eryckveziau.com\/non-classe\/montreal-encadre-la-construction-autour-des-voies-ferrees\/\"},\"author\":{\"name\":\"\",\"@id\":\"\"},\"headline\":\"Montr\u00e9al encadre la construction autour des voies ferr\u00e9es\",\"datePublished\":\"2015-12-23T15:55:13+00:00\",\"dateModified\":\"2015-12-23T15:55:14+00:00\",\"mainEntityOfPage\":{\"@id\":\"https:\/\/eryckveziau.com\/non-classe\/montreal-encadre-la-construction-autour-des-voies-ferrees\/\"},\"wordCount\":258,\"publisher\":{\"@id\":\"https:\/\/eryckveziau.com\/en\/#organization\"},\"articleSection\":[\"Non class\u00e9\"],\"inLanguage\":\"en-US\"},{\"@type\":\"WebPage\",\"@id\":\"https:\/\/eryckveziau.com\/non-classe\/montreal-encadre-la-construction-autour-des-voies-ferrees\/\",\"url\":\"https:\/\/eryckveziau.com\/non-classe\/montreal-encadre-la-construction-autour-des-voies-ferrees\/\",\"name\":\"Montr\u00e9al encadre la construction autour des voies ferr\u00e9es | ERYCK V\u00c9ZIAU, COURTIER IMMOBILIER LAVAL, COURTIER IMMOBILIER STE-DOROTH\u00c9E, MAISON \u00c0 VENDRE LAVAL, AGENT IMMOBILIER STE-DOROTH\u00c9E\",\"isPartOf\":{\"@id\":\"https:\/\/eryckveziau.com\/en\/#website\"},\"datePublished\":\"2015-12-23T15:55:13+00:00\",\"dateModified\":\"2015-12-23T15:55:14+00:00\",\"breadcrumb\":{\"@id\":\"https:\/\/eryckveziau.com\/non-classe\/montreal-encadre-la-construction-autour-des-voies-ferrees\/#breadcrumb\"},\"inLanguage\":\"en-US\",\"potentialAction\":[{\"@type\":\"ReadAction\",\"target\":[\"https:\/\/eryckveziau.com\/non-classe\/montreal-encadre-la-construction-autour-des-voies-ferrees\/\"]}]},{\"@type\":\"BreadcrumbList\",\"@id\":\"https:\/\/eryckveziau.com\/non-classe\/montreal-encadre-la-construction-autour-des-voies-ferrees\/#breadcrumb\",\"itemListElement\":[{\"@type\":\"ListItem\",\"position\":1,\"name\":\"Accueil\",\"item\":\"https:\/\/eryckveziau.com\/en\/\"},{\"@type\":\"ListItem\",\"position\":2,\"name\":\"Montr\u00e9al encadre la construction autour des voies ferr\u00e9es\"}]},{\"@type\":\"WebSite\",\"@id\":\"https:\/\/eryckveziau.com\/en\/#website\",\"url\":\"https:\/\/eryckveziau.com\/en\/\",\"name\":\"ERYCK V\u00c9ZIAU, COURTIER IMMOBILIER LAVAL, COURTIER IMMOBILIER STE-DOROTH\u00c9E, MAISON \u00c0 VENDRE LAVAL, AGENT IMMOBILIER STE-DOROTH\u00c9E\",\"description\":\"\",\"publisher\":{\"@id\":\"https:\/\/eryckveziau.com\/en\/#organization\"},\"potentialAction\":[{\"@type\":\"SearchAction\",\"target\":{\"@type\":\"EntryPoint\",\"urlTemplate\":\"https:\/\/eryckveziau.com\/en\/?s={search_term_string}\"},\"query-input\":{\"@type\":\"PropertyValueSpecification\",\"valueRequired\":true,\"valueName\":\"search_term_string\"}}],\"inLanguage\":\"en-US\"},{\"@type\":\"Organization\",\"@id\":\"https:\/\/eryckveziau.com\/en\/#organization\",\"name\":\"Eryck V\u00e9ziau RE\/MAX\",\"url\":\"https:\/\/eryckveziau.com\/en\/\",\"logo\":{\"@type\":\"ImageObject\",\"inLanguage\":\"en-US\",\"@id\":\"https:\/\/eryckveziau.com\/en\/#\/schema\/logo\/image\/\",\"url\":\"https:\/\/eryckveziau.com\/files\/2022\/09\/PartageEveziau.png\",\"contentUrl\":\"https:\/\/eryckveziau.com\/files\/2022\/09\/PartageEveziau.png\",\"width\":924,\"height\":454,\"caption\":\"Eryck V\u00e9ziau RE\/MAX\"},\"image\":{\"@id\":\"https:\/\/eryckveziau.com\/en\/#\/schema\/logo\/image\/\"},\"sameAs\":[\"https:\/\/www.facebook.com\/EryckVeziau.courtier.immobilier.ReMax.Laval\",\"https:\/\/www.instagram.com\/eryck_veziau_remax\/\",\"https:\/\/www.linkedin.com\/in\/eryck-v\u00e9ziau-6a445134\/\",\"https:\/\/www.youtube.com\/user\/eveziau\"]},{\"@type\":\"Person\",\"@id\":\"\",\"url\":\"https:\/\/eryckveziau.com\/en\/author\/\"}]}<\/script>\n<!-- \/ Yoast SEO plugin. -->","yoast_head_json":{"title":"Montr\u00e9al encadre la construction autour des voies ferr\u00e9es | ERYCK V\u00c9ZIAU, COURTIER IMMOBILIER LAVAL, COURTIER IMMOBILIER STE-DOROTH\u00c9E, MAISON \u00c0 VENDRE LAVAL, AGENT IMMOBILIER STE-DOROTH\u00c9E","robots":{"index":"index","follow":"follow","max-snippet":"max-snippet:-1","max-image-preview":"max-image-preview:large","max-video-preview":"max-video-preview:-1"},"canonical":"https:\/\/eryckveziau.com\/non-classe\/montreal-encadre-la-construction-autour-des-voies-ferrees\/","og_locale":"en_US","og_type":"article","og_title":"Montr\u00e9al encadre la construction autour des voies ferr\u00e9es | ERYCK V\u00c9ZIAU, COURTIER IMMOBILIER LAVAL, COURTIER IMMOBILIER STE-DOROTH\u00c9E, MAISON \u00c0 VENDRE LAVAL, AGENT IMMOBILIER STE-DOROTH\u00c9E","og_description":"Montr\u00e9al a tir\u00e9 des le\u00e7ons de la trag\u00e9die ferroviaire de Lac-M\u00e9gantic. Il est devenu plus difficile de construire de r\u00e9sidences et des b\u00e2timents institutionnels \u00e0 proximit\u00e9 d&#8217;une voie ferr\u00e9e depuis cette ann\u00e9e. Des projets sont abandonn\u00e9s, des promoteurs rechignent, mais une professeure d&#8217;universit\u00e9 exhorte maintenant les villes de banlieue \u00e0 embo\u00eeter le pas \u00e0 la [&hellip;]","og_url":"https:\/\/eryckveziau.com\/non-classe\/montreal-encadre-la-construction-autour-des-voies-ferrees\/","og_site_name":"ERYCK V\u00c9ZIAU, COURTIER IMMOBILIER LAVAL, COURTIER IMMOBILIER STE-DOROTH\u00c9E, MAISON \u00c0 VENDRE LAVAL, AGENT IMMOBILIER STE-DOROTH\u00c9E","article_publisher":"https:\/\/www.facebook.com\/EryckVeziau.courtier.immobilier.ReMax.Laval","article_published_time":"2015-12-23T15:55:13+00:00","article_modified_time":"2015-12-23T15:55:14+00:00","og_image":[{"width":924,"height":454,"url":"https:\/\/eryckveziau.com\/files\/2022\/09\/PartageEveziau.png","type":"image\/png"}],"twitter_card":"summary_large_image","twitter_misc":{"Written by":"","Est. reading time":"1 minute"},"schema":{"@context":"https:\/\/schema.org","@graph":[{"@type":"Article","@id":"https:\/\/eryckveziau.com\/non-classe\/montreal-encadre-la-construction-autour-des-voies-ferrees\/#article","isPartOf":{"@id":"https:\/\/eryckveziau.com\/non-classe\/montreal-encadre-la-construction-autour-des-voies-ferrees\/"},"author":{"name":"","@id":""},"headline":"Montr\u00e9al encadre la construction autour des voies ferr\u00e9es","datePublished":"2015-12-23T15:55:13+00:00","dateModified":"2015-12-23T15:55:14+00:00","mainEntityOfPage":{"@id":"https:\/\/eryckveziau.com\/non-classe\/montreal-encadre-la-construction-autour-des-voies-ferrees\/"},"wordCount":258,"publisher":{"@id":"https:\/\/eryckveziau.com\/en\/#organization"},"articleSection":["Non class\u00e9"],"inLanguage":"en-US"},{"@type":"WebPage","@id":"https:\/\/eryckveziau.com\/non-classe\/montreal-encadre-la-construction-autour-des-voies-ferrees\/","url":"https:\/\/eryckveziau.com\/non-classe\/montreal-encadre-la-construction-autour-des-voies-ferrees\/","name":"Montr\u00e9al encadre la construction autour des voies ferr\u00e9es | ERYCK V\u00c9ZIAU, COURTIER IMMOBILIER LAVAL, COURTIER IMMOBILIER STE-DOROTH\u00c9E, MAISON \u00c0 VENDRE LAVAL, AGENT IMMOBILIER STE-DOROTH\u00c9E","isPartOf":{"@id":"https:\/\/eryckveziau.com\/en\/#website"},"datePublished":"2015-12-23T15:55:13+00:00","dateModified":"2015-12-23T15:55:14+00:00","breadcrumb":{"@id":"https:\/\/eryckveziau.com\/non-classe\/montreal-encadre-la-construction-autour-des-voies-ferrees\/#breadcrumb"},"inLanguage":"en-US","potentialAction":[{"@type":"ReadAction","target":["https:\/\/eryckveziau.com\/non-classe\/montreal-encadre-la-construction-autour-des-voies-ferrees\/"]}]},{"@type":"BreadcrumbList","@id":"https:\/\/eryckveziau.com\/non-classe\/montreal-encadre-la-construction-autour-des-voies-ferrees\/#breadcrumb","itemListElement":[{"@type":"ListItem","position":1,"name":"Accueil","item":"https:\/\/eryckveziau.com\/en\/"},{"@type":"ListItem","position":2,"name":"Montr\u00e9al encadre la construction autour des voies ferr\u00e9es"}]},{"@type":"WebSite","@id":"https:\/\/eryckveziau.com\/en\/#website","url":"https:\/\/eryckveziau.com\/en\/","name":"ERYCK V\u00c9ZIAU, COURTIER IMMOBILIER LAVAL, COURTIER IMMOBILIER STE-DOROTH\u00c9E, MAISON \u00c0 VENDRE LAVAL, AGENT IMMOBILIER STE-DOROTH\u00c9E","description":"","publisher":{"@id":"https:\/\/eryckveziau.com\/en\/#organization"},"potentialAction":[{"@type":"SearchAction","target":{"@type":"EntryPoint","urlTemplate":"https:\/\/eryckveziau.com\/en\/?s={search_term_string}"},"query-input":{"@type":"PropertyValueSpecification","valueRequired":true,"valueName":"search_term_string"}}],"inLanguage":"en-US"},{"@type":"Organization","@id":"https:\/\/eryckveziau.com\/en\/#organization","name":"Eryck V\u00e9ziau RE\/MAX","url":"https:\/\/eryckveziau.com\/en\/","logo":{"@type":"ImageObject","inLanguage":"en-US","@id":"https:\/\/eryckveziau.com\/en\/#\/schema\/logo\/image\/","url":"https:\/\/eryckveziau.com\/files\/2022\/09\/PartageEveziau.png","contentUrl":"https:\/\/eryckveziau.com\/files\/2022\/09\/PartageEveziau.png","width":924,"height":454,"caption":"Eryck V\u00e9ziau RE\/MAX"},"image":{"@id":"https:\/\/eryckveziau.com\/en\/#\/schema\/logo\/image\/"},"sameAs":["https:\/\/www.facebook.com\/EryckVeziau.courtier.immobilier.ReMax.Laval","https:\/\/www.instagram.com\/eryck_veziau_remax\/","https:\/\/www.linkedin.com\/in\/eryck-v\u00e9ziau-6a445134\/","https:\/\/www.youtube.com\/user\/eveziau"]},{"@type":"Person","@id":"","url":"https:\/\/eryckveziau.com\/en\/author\/"}]}},"_links":{"self":[{"href":"https:\/\/eryckveziau.com\/en\/wp-json\/wp\/v2\/posts\/2413","targetHints":{"allow":["GET"]}}],"collection":[{"href":"https:\/\/eryckveziau.com\/en\/wp-json\/wp\/v2\/posts"}],"about":[{"href":"https:\/\/eryckveziau.com\/en\/wp-json\/wp\/v2\/types\/post"}],"author":[{"embeddable":true,"href":"https:\/\/eryckveziau.com\/en\/wp-json\/wp\/v2\/users\/285"}],"replies":[{"embeddable":true,"href":"https:\/\/eryckveziau.com\/en\/wp-json\/wp\/v2\/comments?post=2413"}],"version-history":[{"count":1,"href":"https:\/\/eryckveziau.com\/en\/wp-json\/wp\/v2\/posts\/2413\/revisions"}],"predecessor-version":[{"id":2414,"href":"https:\/\/eryckveziau.com\/en\/wp-json\/wp\/v2\/posts\/2413\/revisions\/2414"}],"wp:attachment":[{"href":"https:\/\/eryckveziau.com\/en\/wp-json\/wp\/v2\/media?parent=2413"}],"wp:term":[{"taxonomy":"category","embeddable":true,"href":"https:\/\/eryckveziau.com\/en\/wp-json\/wp\/v2\/categories?post=2413"},{"taxonomy":"post_tag","embeddable":true,"href":"https:\/\/eryckveziau.com\/en\/wp-json\/wp\/v2\/tags?post=2413"}],"curies":[{"name":"wp","href":"https:\/\/api.w.org\/{rel}","templated":true}]}}