{"id":2404,"date":"2015-12-17T13:03:02","date_gmt":"2015-12-17T18:03:02","guid":{"rendered":"\/?p=2404"},"modified":"2015-12-17T13:03:02","modified_gmt":"2015-12-17T18:03:02","slug":"116-000-menages-fortement-endettes-au-quebec","status":"publish","type":"post","link":"https:\/\/eryckveziau.com\/en\/non-classe\/116-000-menages-fortement-endettes-au-quebec\/","title":{"rendered":"116 000 m\u00e9nages \u00abfortement endett\u00e9s\u00bb au Qu\u00e9bec"},"content":{"rendered":"<div class=\"excerpt\">\n<p class=\"amorce\">Les Ontariens, les Albertains et les Britannico-Colombiens d\u00e9tiennent la palme des citoyens les plus endett\u00e9s au pays, indique un rapport publi\u00e9 hier par la Banque du Canada. M\u00eame si la situation est meilleure au Qu\u00e9bec, plus de 116 000 m\u00e9nages de la province sont d\u00e9sormais consid\u00e9r\u00e9s comme \u00abfortement endett\u00e9s\u00bb.<\/p>\n<\/div>\n<div class=\"entry chapitre chapitreTexte\">\n<p>Dans sa Revue du syst\u00e8me financier publi\u00e9e hier, la Banque s&#8217;inqui\u00e8te de l&#8217;augmentation marqu\u00e9e du nombre de Canadiens \u00abfortement endett\u00e9s\u00bb. Les m\u00e9nages qui tombent dans cette cat\u00e9gorie affichent un ratio de la dette au revenu &#8211; soit le montant total de la dette divis\u00e9 par le revenu brut &#8211; de plus de 350%. Une famille dont le revenu brut atteint 100 000$ et les dettes, 350 000$, se retrouve en territoire dangereux, souligne la Banque. La proportion de m\u00e9nages fortement endett\u00e9s est pass\u00e9e de 4% avant la crise de 2008 \u00e0 8% aujourd&#8217;hui au pays. Ces derniers d\u00e9tiennent environ un cinqui\u00e8me de la dette totale des m\u00e9nages.<\/p>\n<p><strong>Dettes hypoth\u00e9caires<\/strong><\/p>\n<p>Sans surprise, les pr\u00eats hypoth\u00e9caires constituent la principale dette des Canadiens. Ils repr\u00e9sentent aujourd&#8217;hui 87% de l&#8217;endettement total des m\u00e9nages, comparativement \u00e0 80% avant la crise financi\u00e8re. Malgr\u00e9 cela, le co\u00fbt du service de la dette &#8211; soit les int\u00e9r\u00eats pay\u00e9s sur les pr\u00eats &#8211; a diminu\u00e9, tandis que la valeur des propri\u00e9t\u00e9s a augment\u00e9. Une bonne nouvelle qui en cache une mauvaise, indique la Banque dans son rapport.<\/p>\n<\/div>\n","protected":false},"excerpt":{"rendered":"<p>Les Ontariens, les Albertains et les Britannico-Colombiens d\u00e9tiennent la palme des citoyens les plus endett\u00e9s au pays, indique un rapport publi\u00e9 hier par la Banque du Canada. M\u00eame si la situation est meilleure au Qu\u00e9bec, plus de 116 000 m\u00e9nages de la province sont d\u00e9sormais consid\u00e9r\u00e9s comme \u00abfortement endett\u00e9s\u00bb. Dans sa Revue du syst\u00e8me financier [&hellip;]<\/p>\n","protected":false},"author":285,"featured_media":0,"comment_status":"closed","ping_status":"closed","sticky":false,"template":"","format":"standard","meta":{"_acf_changed":false,"footnotes":""},"categories":[1],"tags":[],"class_list":["post-2404","post","type-post","status-publish","format-standard","hentry","category-non-classe"],"acf":[],"yoast_head":"<!-- This site is optimized with the Yoast SEO plugin v26.7 - https:\/\/yoast.com\/wordpress\/plugins\/seo\/ -->\n<title>116 000 m\u00e9nages \u00abfortement endett\u00e9s\u00bb au Qu\u00e9bec | ERYCK V\u00c9ZIAU, COURTIER IMMOBILIER LAVAL, COURTIER IMMOBILIER STE-DOROTH\u00c9E, MAISON \u00c0 VENDRE LAVAL, AGENT IMMOBILIER STE-DOROTH\u00c9E<\/title>\n<meta name=\"robots\" content=\"index, follow, max-snippet:-1, max-image-preview:large, max-video-preview:-1\" \/>\n<link rel=\"canonical\" href=\"https:\/\/eryckveziau.com\/en\/non-classe\/116-000-menages-fortement-endettes-au-quebec\/\" \/>\n<meta property=\"og:locale\" content=\"en_US\" \/>\n<meta property=\"og:type\" content=\"article\" \/>\n<meta property=\"og:title\" content=\"116 000 m\u00e9nages \u00abfortement endett\u00e9s\u00bb au Qu\u00e9bec | ERYCK V\u00c9ZIAU, COURTIER IMMOBILIER LAVAL, COURTIER IMMOBILIER STE-DOROTH\u00c9E, MAISON \u00c0 VENDRE LAVAL, AGENT IMMOBILIER STE-DOROTH\u00c9E\" \/>\n<meta property=\"og:description\" content=\"Les Ontariens, les Albertains et les Britannico-Colombiens d\u00e9tiennent la palme des citoyens les plus endett\u00e9s au pays, indique un rapport publi\u00e9 hier par la Banque du Canada. M\u00eame si la situation est meilleure au Qu\u00e9bec, plus de 116 000 m\u00e9nages de la province sont d\u00e9sormais consid\u00e9r\u00e9s comme \u00abfortement endett\u00e9s\u00bb. Dans sa Revue du syst\u00e8me financier [&hellip;]\" \/>\n<meta property=\"og:url\" content=\"https:\/\/eryckveziau.com\/en\/non-classe\/116-000-menages-fortement-endettes-au-quebec\/\" \/>\n<meta property=\"og:site_name\" content=\"ERYCK V\u00c9ZIAU, COURTIER IMMOBILIER LAVAL, COURTIER IMMOBILIER STE-DOROTH\u00c9E, MAISON \u00c0 VENDRE LAVAL, AGENT IMMOBILIER STE-DOROTH\u00c9E\" \/>\n<meta property=\"article:publisher\" content=\"https:\/\/www.facebook.com\/EryckVeziau.courtier.immobilier.ReMax.Laval\" \/>\n<meta property=\"article:published_time\" content=\"2015-12-17T18:03:02+00:00\" \/>\n<meta property=\"og:image\" content=\"https:\/\/eryckveziau.com\/files\/2022\/09\/PartageEveziau.png\" \/>\n\t<meta property=\"og:image:width\" content=\"924\" \/>\n\t<meta property=\"og:image:height\" content=\"454\" \/>\n\t<meta property=\"og:image:type\" content=\"image\/png\" \/>\n<meta name=\"twitter:card\" content=\"summary_large_image\" \/>\n<meta name=\"twitter:label1\" content=\"Written by\" \/>\n\t<meta name=\"twitter:data1\" content=\"\" \/>\n\t<meta name=\"twitter:label2\" content=\"Est. reading time\" \/>\n\t<meta name=\"twitter:data2\" content=\"1 minute\" \/>\n<script type=\"application\/ld+json\" class=\"yoast-schema-graph\">{\"@context\":\"https:\/\/schema.org\",\"@graph\":[{\"@type\":\"Article\",\"@id\":\"https:\/\/eryckveziau.com\/en\/non-classe\/116-000-menages-fortement-endettes-au-quebec\/#article\",\"isPartOf\":{\"@id\":\"https:\/\/eryckveziau.com\/en\/non-classe\/116-000-menages-fortement-endettes-au-quebec\/\"},\"author\":{\"name\":\"\",\"@id\":\"\"},\"headline\":\"116 000 m\u00e9nages \u00abfortement endett\u00e9s\u00bb au Qu\u00e9bec\",\"datePublished\":\"2015-12-17T18:03:02+00:00\",\"mainEntityOfPage\":{\"@id\":\"https:\/\/eryckveziau.com\/en\/non-classe\/116-000-menages-fortement-endettes-au-quebec\/\"},\"wordCount\":261,\"publisher\":{\"@id\":\"https:\/\/eryckveziau.com\/en\/#organization\"},\"articleSection\":[\"Non class\u00e9\"],\"inLanguage\":\"en-US\"},{\"@type\":\"WebPage\",\"@id\":\"https:\/\/eryckveziau.com\/en\/non-classe\/116-000-menages-fortement-endettes-au-quebec\/\",\"url\":\"https:\/\/eryckveziau.com\/en\/non-classe\/116-000-menages-fortement-endettes-au-quebec\/\",\"name\":\"116 000 m\u00e9nages \u00abfortement endett\u00e9s\u00bb au Qu\u00e9bec | ERYCK V\u00c9ZIAU, COURTIER IMMOBILIER LAVAL, COURTIER IMMOBILIER STE-DOROTH\u00c9E, MAISON \u00c0 VENDRE LAVAL, AGENT IMMOBILIER STE-DOROTH\u00c9E\",\"isPartOf\":{\"@id\":\"https:\/\/eryckveziau.com\/en\/#website\"},\"datePublished\":\"2015-12-17T18:03:02+00:00\",\"breadcrumb\":{\"@id\":\"https:\/\/eryckveziau.com\/en\/non-classe\/116-000-menages-fortement-endettes-au-quebec\/#breadcrumb\"},\"inLanguage\":\"en-US\",\"potentialAction\":[{\"@type\":\"ReadAction\",\"target\":[\"https:\/\/eryckveziau.com\/en\/non-classe\/116-000-menages-fortement-endettes-au-quebec\/\"]}]},{\"@type\":\"BreadcrumbList\",\"@id\":\"https:\/\/eryckveziau.com\/en\/non-classe\/116-000-menages-fortement-endettes-au-quebec\/#breadcrumb\",\"itemListElement\":[{\"@type\":\"ListItem\",\"position\":1,\"name\":\"Accueil\",\"item\":\"https:\/\/eryckveziau.com\/en\/\"},{\"@type\":\"ListItem\",\"position\":2,\"name\":\"116 000 m\u00e9nages \u00abfortement endett\u00e9s\u00bb au Qu\u00e9bec\"}]},{\"@type\":\"WebSite\",\"@id\":\"https:\/\/eryckveziau.com\/en\/#website\",\"url\":\"https:\/\/eryckveziau.com\/en\/\",\"name\":\"ERYCK V\u00c9ZIAU, COURTIER IMMOBILIER LAVAL, COURTIER IMMOBILIER STE-DOROTH\u00c9E, MAISON \u00c0 VENDRE LAVAL, AGENT IMMOBILIER STE-DOROTH\u00c9E\",\"description\":\"\",\"publisher\":{\"@id\":\"https:\/\/eryckveziau.com\/en\/#organization\"},\"potentialAction\":[{\"@type\":\"SearchAction\",\"target\":{\"@type\":\"EntryPoint\",\"urlTemplate\":\"https:\/\/eryckveziau.com\/en\/?s={search_term_string}\"},\"query-input\":{\"@type\":\"PropertyValueSpecification\",\"valueRequired\":true,\"valueName\":\"search_term_string\"}}],\"inLanguage\":\"en-US\"},{\"@type\":\"Organization\",\"@id\":\"https:\/\/eryckveziau.com\/en\/#organization\",\"name\":\"Eryck V\u00e9ziau RE\/MAX\",\"url\":\"https:\/\/eryckveziau.com\/en\/\",\"logo\":{\"@type\":\"ImageObject\",\"inLanguage\":\"en-US\",\"@id\":\"https:\/\/eryckveziau.com\/en\/#\/schema\/logo\/image\/\",\"url\":\"https:\/\/eryckveziau.com\/files\/2022\/09\/PartageEveziau.png\",\"contentUrl\":\"https:\/\/eryckveziau.com\/files\/2022\/09\/PartageEveziau.png\",\"width\":924,\"height\":454,\"caption\":\"Eryck V\u00e9ziau RE\/MAX\"},\"image\":{\"@id\":\"https:\/\/eryckveziau.com\/en\/#\/schema\/logo\/image\/\"},\"sameAs\":[\"https:\/\/www.facebook.com\/EryckVeziau.courtier.immobilier.ReMax.Laval\",\"https:\/\/www.instagram.com\/eryck_veziau_remax\/\",\"https:\/\/www.linkedin.com\/in\/eryck-v\u00e9ziau-6a445134\/\",\"https:\/\/www.youtube.com\/user\/eveziau\"]},{\"@type\":\"Person\",\"@id\":\"\",\"url\":\"https:\/\/eryckveziau.com\/en\/author\/\"}]}<\/script>\n<!-- \/ Yoast SEO plugin. -->","yoast_head_json":{"title":"116 000 m\u00e9nages \u00abfortement endett\u00e9s\u00bb au Qu\u00e9bec | ERYCK V\u00c9ZIAU, COURTIER IMMOBILIER LAVAL, COURTIER IMMOBILIER STE-DOROTH\u00c9E, MAISON \u00c0 VENDRE LAVAL, AGENT IMMOBILIER STE-DOROTH\u00c9E","robots":{"index":"index","follow":"follow","max-snippet":"max-snippet:-1","max-image-preview":"max-image-preview:large","max-video-preview":"max-video-preview:-1"},"canonical":"https:\/\/eryckveziau.com\/en\/non-classe\/116-000-menages-fortement-endettes-au-quebec\/","og_locale":"en_US","og_type":"article","og_title":"116 000 m\u00e9nages \u00abfortement endett\u00e9s\u00bb au Qu\u00e9bec | ERYCK V\u00c9ZIAU, COURTIER IMMOBILIER LAVAL, COURTIER IMMOBILIER STE-DOROTH\u00c9E, MAISON \u00c0 VENDRE LAVAL, AGENT IMMOBILIER STE-DOROTH\u00c9E","og_description":"Les Ontariens, les Albertains et les Britannico-Colombiens d\u00e9tiennent la palme des citoyens les plus endett\u00e9s au pays, indique un rapport publi\u00e9 hier par la Banque du Canada. M\u00eame si la situation est meilleure au Qu\u00e9bec, plus de 116 000 m\u00e9nages de la province sont d\u00e9sormais consid\u00e9r\u00e9s comme \u00abfortement endett\u00e9s\u00bb. Dans sa Revue du syst\u00e8me financier [&hellip;]","og_url":"https:\/\/eryckveziau.com\/en\/non-classe\/116-000-menages-fortement-endettes-au-quebec\/","og_site_name":"ERYCK V\u00c9ZIAU, COURTIER IMMOBILIER LAVAL, COURTIER IMMOBILIER STE-DOROTH\u00c9E, MAISON \u00c0 VENDRE LAVAL, AGENT IMMOBILIER STE-DOROTH\u00c9E","article_publisher":"https:\/\/www.facebook.com\/EryckVeziau.courtier.immobilier.ReMax.Laval","article_published_time":"2015-12-17T18:03:02+00:00","og_image":[{"width":924,"height":454,"url":"https:\/\/eryckveziau.com\/files\/2022\/09\/PartageEveziau.png","type":"image\/png"}],"twitter_card":"summary_large_image","twitter_misc":{"Written by":"","Est. reading time":"1 minute"},"schema":{"@context":"https:\/\/schema.org","@graph":[{"@type":"Article","@id":"https:\/\/eryckveziau.com\/en\/non-classe\/116-000-menages-fortement-endettes-au-quebec\/#article","isPartOf":{"@id":"https:\/\/eryckveziau.com\/en\/non-classe\/116-000-menages-fortement-endettes-au-quebec\/"},"author":{"name":"","@id":""},"headline":"116 000 m\u00e9nages \u00abfortement endett\u00e9s\u00bb au Qu\u00e9bec","datePublished":"2015-12-17T18:03:02+00:00","mainEntityOfPage":{"@id":"https:\/\/eryckveziau.com\/en\/non-classe\/116-000-menages-fortement-endettes-au-quebec\/"},"wordCount":261,"publisher":{"@id":"https:\/\/eryckveziau.com\/en\/#organization"},"articleSection":["Non class\u00e9"],"inLanguage":"en-US"},{"@type":"WebPage","@id":"https:\/\/eryckveziau.com\/en\/non-classe\/116-000-menages-fortement-endettes-au-quebec\/","url":"https:\/\/eryckveziau.com\/en\/non-classe\/116-000-menages-fortement-endettes-au-quebec\/","name":"116 000 m\u00e9nages \u00abfortement endett\u00e9s\u00bb au Qu\u00e9bec | ERYCK V\u00c9ZIAU, COURTIER IMMOBILIER LAVAL, COURTIER IMMOBILIER STE-DOROTH\u00c9E, MAISON \u00c0 VENDRE LAVAL, AGENT IMMOBILIER STE-DOROTH\u00c9E","isPartOf":{"@id":"https:\/\/eryckveziau.com\/en\/#website"},"datePublished":"2015-12-17T18:03:02+00:00","breadcrumb":{"@id":"https:\/\/eryckveziau.com\/en\/non-classe\/116-000-menages-fortement-endettes-au-quebec\/#breadcrumb"},"inLanguage":"en-US","potentialAction":[{"@type":"ReadAction","target":["https:\/\/eryckveziau.com\/en\/non-classe\/116-000-menages-fortement-endettes-au-quebec\/"]}]},{"@type":"BreadcrumbList","@id":"https:\/\/eryckveziau.com\/en\/non-classe\/116-000-menages-fortement-endettes-au-quebec\/#breadcrumb","itemListElement":[{"@type":"ListItem","position":1,"name":"Accueil","item":"https:\/\/eryckveziau.com\/en\/"},{"@type":"ListItem","position":2,"name":"116 000 m\u00e9nages \u00abfortement endett\u00e9s\u00bb au Qu\u00e9bec"}]},{"@type":"WebSite","@id":"https:\/\/eryckveziau.com\/en\/#website","url":"https:\/\/eryckveziau.com\/en\/","name":"ERYCK V\u00c9ZIAU, COURTIER IMMOBILIER LAVAL, COURTIER IMMOBILIER STE-DOROTH\u00c9E, MAISON \u00c0 VENDRE LAVAL, AGENT IMMOBILIER STE-DOROTH\u00c9E","description":"","publisher":{"@id":"https:\/\/eryckveziau.com\/en\/#organization"},"potentialAction":[{"@type":"SearchAction","target":{"@type":"EntryPoint","urlTemplate":"https:\/\/eryckveziau.com\/en\/?s={search_term_string}"},"query-input":{"@type":"PropertyValueSpecification","valueRequired":true,"valueName":"search_term_string"}}],"inLanguage":"en-US"},{"@type":"Organization","@id":"https:\/\/eryckveziau.com\/en\/#organization","name":"Eryck V\u00e9ziau RE\/MAX","url":"https:\/\/eryckveziau.com\/en\/","logo":{"@type":"ImageObject","inLanguage":"en-US","@id":"https:\/\/eryckveziau.com\/en\/#\/schema\/logo\/image\/","url":"https:\/\/eryckveziau.com\/files\/2022\/09\/PartageEveziau.png","contentUrl":"https:\/\/eryckveziau.com\/files\/2022\/09\/PartageEveziau.png","width":924,"height":454,"caption":"Eryck V\u00e9ziau RE\/MAX"},"image":{"@id":"https:\/\/eryckveziau.com\/en\/#\/schema\/logo\/image\/"},"sameAs":["https:\/\/www.facebook.com\/EryckVeziau.courtier.immobilier.ReMax.Laval","https:\/\/www.instagram.com\/eryck_veziau_remax\/","https:\/\/www.linkedin.com\/in\/eryck-v\u00e9ziau-6a445134\/","https:\/\/www.youtube.com\/user\/eveziau"]},{"@type":"Person","@id":"","url":"https:\/\/eryckveziau.com\/en\/author\/"}]}},"_links":{"self":[{"href":"https:\/\/eryckveziau.com\/en\/wp-json\/wp\/v2\/posts\/2404","targetHints":{"allow":["GET"]}}],"collection":[{"href":"https:\/\/eryckveziau.com\/en\/wp-json\/wp\/v2\/posts"}],"about":[{"href":"https:\/\/eryckveziau.com\/en\/wp-json\/wp\/v2\/types\/post"}],"author":[{"embeddable":true,"href":"https:\/\/eryckveziau.com\/en\/wp-json\/wp\/v2\/users\/285"}],"replies":[{"embeddable":true,"href":"https:\/\/eryckveziau.com\/en\/wp-json\/wp\/v2\/comments?post=2404"}],"version-history":[{"count":1,"href":"https:\/\/eryckveziau.com\/en\/wp-json\/wp\/v2\/posts\/2404\/revisions"}],"predecessor-version":[{"id":2405,"href":"https:\/\/eryckveziau.com\/en\/wp-json\/wp\/v2\/posts\/2404\/revisions\/2405"}],"wp:attachment":[{"href":"https:\/\/eryckveziau.com\/en\/wp-json\/wp\/v2\/media?parent=2404"}],"wp:term":[{"taxonomy":"category","embeddable":true,"href":"https:\/\/eryckveziau.com\/en\/wp-json\/wp\/v2\/categories?post=2404"},{"taxonomy":"post_tag","embeddable":true,"href":"https:\/\/eryckveziau.com\/en\/wp-json\/wp\/v2\/tags?post=2404"}],"curies":[{"name":"wp","href":"https:\/\/api.w.org\/{rel}","templated":true}]}}