{"id":2402,"date":"2015-12-17T12:55:56","date_gmt":"2015-12-17T17:55:56","guid":{"rendered":"\/?p=2402"},"modified":"2015-12-17T13:00:35","modified_gmt":"2015-12-17T18:00:35","slug":"le-prix-des-maisons-devrait-reculer-dans-trois-provinces-mais-pas-au-quebec","status":"publish","type":"post","link":"https:\/\/eryckveziau.com\/en\/non-classe\/le-prix-des-maisons-devrait-reculer-dans-trois-provinces-mais-pas-au-quebec\/","title":{"rendered":"Le prix des maisons devrait reculer dans trois provinces, mais pas au Qu\u00e9bec"},"content":{"rendered":"<div class=\"excerpt\">\n<p class=\"amorce\">Les prix moyens des maisons devraient diminuer l&#8217;an prochain en Alberta, en Saskatchewan et \u00e0 Terre-Neuve-et-Labrador, essentiellement en raison de la faiblesse des prix du p\u00e9trole, a pr\u00e9dit mardi l&#8217;Association canadienne de l&#8217;immeuble (ACI).<\/p>\n<\/div>\n<div class=\"entry chapitre chapitreTexte\">\n<p>Selon l&#8217;organisme, le prix moyen des r\u00e9sidences en Alberta diminuera de 2,5\u00a0% en 2016. En Saskatchewan, il devrait baisser de 1,2\u00a0% et \u00e0 Terre-Neuve-et-Labrador, de 1,0\u00a0%.<\/p>\n<p>En revanche, le prix moyen pour l&#8217;ensemble du Canada est appel\u00e9 \u00e0 augmenter d&#8217;environ 1,4\u00a0% dans la prochaine ann\u00e9e, pour atteindre 448\u00a0700\u00a0$ &#8211; l&#8217;Ontario en t\u00eate de liste, avec une hausse de 2,9\u00a0%.<\/p>\n<p>La croissance du prix moyen en Colombie-Britannique et au Manitoba devrait \u00eatre d&#8217;environ 2,0\u00a0%, tandis qu&#8217;elle devrait \u00eatre de 1,5\u00a0% en Nouvelle-\u00c9cosse et \u00e0 l&#8217;\u00cele-du-Prince-\u00c9douard. Au Qu\u00e9bec et au Nouveau-Brunswick, la progression des prix des maisons devrait \u00eatre de moins d&#8217;un pour cent.<\/p>\n<\/div>\n","protected":false},"excerpt":{"rendered":"<p>Les prix moyens des maisons devraient diminuer l&#8217;an prochain en Alberta, en Saskatchewan et \u00e0 Terre-Neuve-et-Labrador, essentiellement en raison de la faiblesse des prix du p\u00e9trole, a pr\u00e9dit mardi l&#8217;Association canadienne de l&#8217;immeuble (ACI). Selon l&#8217;organisme, le prix moyen des r\u00e9sidences en Alberta diminuera de 2,5\u00a0% en 2016. En Saskatchewan, il devrait baisser de 1,2\u00a0% [&hellip;]<\/p>\n","protected":false},"author":285,"featured_media":0,"comment_status":"closed","ping_status":"closed","sticky":false,"template":"","format":"standard","meta":{"_acf_changed":false,"footnotes":""},"categories":[1],"tags":[],"class_list":["post-2402","post","type-post","status-publish","format-standard","hentry","category-non-classe"],"acf":[],"yoast_head":"<!-- This site is optimized with the Yoast SEO plugin v26.7 - https:\/\/yoast.com\/wordpress\/plugins\/seo\/ -->\n<title>Le prix des maisons devrait reculer dans trois provinces, mais pas au Qu\u00e9bec | ERYCK V\u00c9ZIAU, COURTIER IMMOBILIER LAVAL, COURTIER IMMOBILIER STE-DOROTH\u00c9E, MAISON \u00c0 VENDRE LAVAL, AGENT IMMOBILIER STE-DOROTH\u00c9E<\/title>\n<meta name=\"robots\" content=\"index, follow, max-snippet:-1, max-image-preview:large, max-video-preview:-1\" \/>\n<link rel=\"canonical\" href=\"https:\/\/eryckveziau.com\/non-classe\/le-prix-des-maisons-devrait-reculer-dans-trois-provinces-mais-pas-au-quebec\/\" \/>\n<meta property=\"og:locale\" content=\"en_US\" \/>\n<meta property=\"og:type\" content=\"article\" \/>\n<meta property=\"og:title\" content=\"Le prix des maisons devrait reculer dans trois provinces, mais pas au Qu\u00e9bec | ERYCK V\u00c9ZIAU, COURTIER IMMOBILIER LAVAL, COURTIER IMMOBILIER STE-DOROTH\u00c9E, MAISON \u00c0 VENDRE LAVAL, AGENT IMMOBILIER STE-DOROTH\u00c9E\" \/>\n<meta property=\"og:description\" content=\"Les prix moyens des maisons devraient diminuer l&#8217;an prochain en Alberta, en Saskatchewan et \u00e0 Terre-Neuve-et-Labrador, essentiellement en raison de la faiblesse des prix du p\u00e9trole, a pr\u00e9dit mardi l&#8217;Association canadienne de l&#8217;immeuble (ACI). Selon l&#8217;organisme, le prix moyen des r\u00e9sidences en Alberta diminuera de 2,5\u00a0% en 2016. En Saskatchewan, il devrait baisser de 1,2\u00a0% [&hellip;]\" \/>\n<meta property=\"og:url\" content=\"https:\/\/eryckveziau.com\/non-classe\/le-prix-des-maisons-devrait-reculer-dans-trois-provinces-mais-pas-au-quebec\/\" \/>\n<meta property=\"og:site_name\" content=\"ERYCK V\u00c9ZIAU, COURTIER IMMOBILIER LAVAL, COURTIER IMMOBILIER STE-DOROTH\u00c9E, MAISON \u00c0 VENDRE LAVAL, AGENT IMMOBILIER STE-DOROTH\u00c9E\" \/>\n<meta property=\"article:publisher\" content=\"https:\/\/www.facebook.com\/EryckVeziau.courtier.immobilier.ReMax.Laval\" \/>\n<meta property=\"article:published_time\" content=\"2015-12-17T17:55:56+00:00\" \/>\n<meta property=\"article:modified_time\" content=\"2015-12-17T18:00:35+00:00\" \/>\n<meta property=\"og:image\" content=\"https:\/\/eryckveziau.com\/files\/2022\/09\/PartageEveziau.png\" \/>\n\t<meta property=\"og:image:width\" content=\"924\" \/>\n\t<meta property=\"og:image:height\" content=\"454\" \/>\n\t<meta property=\"og:image:type\" content=\"image\/png\" \/>\n<meta name=\"twitter:card\" content=\"summary_large_image\" \/>\n<meta name=\"twitter:label1\" content=\"Written by\" \/>\n\t<meta name=\"twitter:data1\" content=\"\" \/>\n\t<meta name=\"twitter:label2\" content=\"Est. reading time\" \/>\n\t<meta name=\"twitter:data2\" content=\"1 minute\" \/>\n<script type=\"application\/ld+json\" class=\"yoast-schema-graph\">{\"@context\":\"https:\/\/schema.org\",\"@graph\":[{\"@type\":\"Article\",\"@id\":\"https:\/\/eryckveziau.com\/non-classe\/le-prix-des-maisons-devrait-reculer-dans-trois-provinces-mais-pas-au-quebec\/#article\",\"isPartOf\":{\"@id\":\"https:\/\/eryckveziau.com\/non-classe\/le-prix-des-maisons-devrait-reculer-dans-trois-provinces-mais-pas-au-quebec\/\"},\"author\":{\"name\":\"\",\"@id\":\"\"},\"headline\":\"Le prix des maisons devrait reculer dans trois provinces, mais pas au Qu\u00e9bec\",\"datePublished\":\"2015-12-17T17:55:56+00:00\",\"dateModified\":\"2015-12-17T18:00:35+00:00\",\"mainEntityOfPage\":{\"@id\":\"https:\/\/eryckveziau.com\/non-classe\/le-prix-des-maisons-devrait-reculer-dans-trois-provinces-mais-pas-au-quebec\/\"},\"wordCount\":156,\"publisher\":{\"@id\":\"https:\/\/eryckveziau.com\/en\/#organization\"},\"articleSection\":[\"Non class\u00e9\"],\"inLanguage\":\"en-US\"},{\"@type\":\"WebPage\",\"@id\":\"https:\/\/eryckveziau.com\/non-classe\/le-prix-des-maisons-devrait-reculer-dans-trois-provinces-mais-pas-au-quebec\/\",\"url\":\"https:\/\/eryckveziau.com\/non-classe\/le-prix-des-maisons-devrait-reculer-dans-trois-provinces-mais-pas-au-quebec\/\",\"name\":\"Le prix des maisons devrait reculer dans trois provinces, mais pas au Qu\u00e9bec | ERYCK V\u00c9ZIAU, COURTIER IMMOBILIER LAVAL, COURTIER IMMOBILIER STE-DOROTH\u00c9E, MAISON \u00c0 VENDRE LAVAL, AGENT IMMOBILIER STE-DOROTH\u00c9E\",\"isPartOf\":{\"@id\":\"https:\/\/eryckveziau.com\/en\/#website\"},\"datePublished\":\"2015-12-17T17:55:56+00:00\",\"dateModified\":\"2015-12-17T18:00:35+00:00\",\"breadcrumb\":{\"@id\":\"https:\/\/eryckveziau.com\/non-classe\/le-prix-des-maisons-devrait-reculer-dans-trois-provinces-mais-pas-au-quebec\/#breadcrumb\"},\"inLanguage\":\"en-US\",\"potentialAction\":[{\"@type\":\"ReadAction\",\"target\":[\"https:\/\/eryckveziau.com\/non-classe\/le-prix-des-maisons-devrait-reculer-dans-trois-provinces-mais-pas-au-quebec\/\"]}]},{\"@type\":\"BreadcrumbList\",\"@id\":\"https:\/\/eryckveziau.com\/non-classe\/le-prix-des-maisons-devrait-reculer-dans-trois-provinces-mais-pas-au-quebec\/#breadcrumb\",\"itemListElement\":[{\"@type\":\"ListItem\",\"position\":1,\"name\":\"Accueil\",\"item\":\"https:\/\/eryckveziau.com\/en\/\"},{\"@type\":\"ListItem\",\"position\":2,\"name\":\"Le prix des maisons devrait reculer dans trois provinces, mais pas au Qu\u00e9bec\"}]},{\"@type\":\"WebSite\",\"@id\":\"https:\/\/eryckveziau.com\/en\/#website\",\"url\":\"https:\/\/eryckveziau.com\/en\/\",\"name\":\"ERYCK V\u00c9ZIAU, COURTIER IMMOBILIER LAVAL, COURTIER IMMOBILIER STE-DOROTH\u00c9E, MAISON \u00c0 VENDRE LAVAL, AGENT IMMOBILIER STE-DOROTH\u00c9E\",\"description\":\"\",\"publisher\":{\"@id\":\"https:\/\/eryckveziau.com\/en\/#organization\"},\"potentialAction\":[{\"@type\":\"SearchAction\",\"target\":{\"@type\":\"EntryPoint\",\"urlTemplate\":\"https:\/\/eryckveziau.com\/en\/?s={search_term_string}\"},\"query-input\":{\"@type\":\"PropertyValueSpecification\",\"valueRequired\":true,\"valueName\":\"search_term_string\"}}],\"inLanguage\":\"en-US\"},{\"@type\":\"Organization\",\"@id\":\"https:\/\/eryckveziau.com\/en\/#organization\",\"name\":\"Eryck V\u00e9ziau RE\/MAX\",\"url\":\"https:\/\/eryckveziau.com\/en\/\",\"logo\":{\"@type\":\"ImageObject\",\"inLanguage\":\"en-US\",\"@id\":\"https:\/\/eryckveziau.com\/en\/#\/schema\/logo\/image\/\",\"url\":\"https:\/\/eryckveziau.com\/files\/2022\/09\/PartageEveziau.png\",\"contentUrl\":\"https:\/\/eryckveziau.com\/files\/2022\/09\/PartageEveziau.png\",\"width\":924,\"height\":454,\"caption\":\"Eryck V\u00e9ziau RE\/MAX\"},\"image\":{\"@id\":\"https:\/\/eryckveziau.com\/en\/#\/schema\/logo\/image\/\"},\"sameAs\":[\"https:\/\/www.facebook.com\/EryckVeziau.courtier.immobilier.ReMax.Laval\",\"https:\/\/www.instagram.com\/eryck_veziau_remax\/\",\"https:\/\/www.linkedin.com\/in\/eryck-v\u00e9ziau-6a445134\/\",\"https:\/\/www.youtube.com\/user\/eveziau\"]},{\"@type\":\"Person\",\"@id\":\"\",\"url\":\"https:\/\/eryckveziau.com\/en\/author\/\"}]}<\/script>\n<!-- \/ Yoast SEO plugin. -->","yoast_head_json":{"title":"Le prix des maisons devrait reculer dans trois provinces, mais pas au Qu\u00e9bec | ERYCK V\u00c9ZIAU, COURTIER IMMOBILIER LAVAL, COURTIER IMMOBILIER STE-DOROTH\u00c9E, MAISON \u00c0 VENDRE LAVAL, AGENT IMMOBILIER STE-DOROTH\u00c9E","robots":{"index":"index","follow":"follow","max-snippet":"max-snippet:-1","max-image-preview":"max-image-preview:large","max-video-preview":"max-video-preview:-1"},"canonical":"https:\/\/eryckveziau.com\/non-classe\/le-prix-des-maisons-devrait-reculer-dans-trois-provinces-mais-pas-au-quebec\/","og_locale":"en_US","og_type":"article","og_title":"Le prix des maisons devrait reculer dans trois provinces, mais pas au Qu\u00e9bec | ERYCK V\u00c9ZIAU, COURTIER IMMOBILIER LAVAL, COURTIER IMMOBILIER STE-DOROTH\u00c9E, MAISON \u00c0 VENDRE LAVAL, AGENT IMMOBILIER STE-DOROTH\u00c9E","og_description":"Les prix moyens des maisons devraient diminuer l&#8217;an prochain en Alberta, en Saskatchewan et \u00e0 Terre-Neuve-et-Labrador, essentiellement en raison de la faiblesse des prix du p\u00e9trole, a pr\u00e9dit mardi l&#8217;Association canadienne de l&#8217;immeuble (ACI). Selon l&#8217;organisme, le prix moyen des r\u00e9sidences en Alberta diminuera de 2,5\u00a0% en 2016. En Saskatchewan, il devrait baisser de 1,2\u00a0% [&hellip;]","og_url":"https:\/\/eryckveziau.com\/non-classe\/le-prix-des-maisons-devrait-reculer-dans-trois-provinces-mais-pas-au-quebec\/","og_site_name":"ERYCK V\u00c9ZIAU, COURTIER IMMOBILIER LAVAL, COURTIER IMMOBILIER STE-DOROTH\u00c9E, MAISON \u00c0 VENDRE LAVAL, AGENT IMMOBILIER STE-DOROTH\u00c9E","article_publisher":"https:\/\/www.facebook.com\/EryckVeziau.courtier.immobilier.ReMax.Laval","article_published_time":"2015-12-17T17:55:56+00:00","article_modified_time":"2015-12-17T18:00:35+00:00","og_image":[{"width":924,"height":454,"url":"https:\/\/eryckveziau.com\/files\/2022\/09\/PartageEveziau.png","type":"image\/png"}],"twitter_card":"summary_large_image","twitter_misc":{"Written by":"","Est. reading time":"1 minute"},"schema":{"@context":"https:\/\/schema.org","@graph":[{"@type":"Article","@id":"https:\/\/eryckveziau.com\/non-classe\/le-prix-des-maisons-devrait-reculer-dans-trois-provinces-mais-pas-au-quebec\/#article","isPartOf":{"@id":"https:\/\/eryckveziau.com\/non-classe\/le-prix-des-maisons-devrait-reculer-dans-trois-provinces-mais-pas-au-quebec\/"},"author":{"name":"","@id":""},"headline":"Le prix des maisons devrait reculer dans trois provinces, mais pas au Qu\u00e9bec","datePublished":"2015-12-17T17:55:56+00:00","dateModified":"2015-12-17T18:00:35+00:00","mainEntityOfPage":{"@id":"https:\/\/eryckveziau.com\/non-classe\/le-prix-des-maisons-devrait-reculer-dans-trois-provinces-mais-pas-au-quebec\/"},"wordCount":156,"publisher":{"@id":"https:\/\/eryckveziau.com\/en\/#organization"},"articleSection":["Non class\u00e9"],"inLanguage":"en-US"},{"@type":"WebPage","@id":"https:\/\/eryckveziau.com\/non-classe\/le-prix-des-maisons-devrait-reculer-dans-trois-provinces-mais-pas-au-quebec\/","url":"https:\/\/eryckveziau.com\/non-classe\/le-prix-des-maisons-devrait-reculer-dans-trois-provinces-mais-pas-au-quebec\/","name":"Le prix des maisons devrait reculer dans trois provinces, mais pas au Qu\u00e9bec | ERYCK V\u00c9ZIAU, COURTIER IMMOBILIER LAVAL, COURTIER IMMOBILIER STE-DOROTH\u00c9E, MAISON \u00c0 VENDRE LAVAL, AGENT IMMOBILIER STE-DOROTH\u00c9E","isPartOf":{"@id":"https:\/\/eryckveziau.com\/en\/#website"},"datePublished":"2015-12-17T17:55:56+00:00","dateModified":"2015-12-17T18:00:35+00:00","breadcrumb":{"@id":"https:\/\/eryckveziau.com\/non-classe\/le-prix-des-maisons-devrait-reculer-dans-trois-provinces-mais-pas-au-quebec\/#breadcrumb"},"inLanguage":"en-US","potentialAction":[{"@type":"ReadAction","target":["https:\/\/eryckveziau.com\/non-classe\/le-prix-des-maisons-devrait-reculer-dans-trois-provinces-mais-pas-au-quebec\/"]}]},{"@type":"BreadcrumbList","@id":"https:\/\/eryckveziau.com\/non-classe\/le-prix-des-maisons-devrait-reculer-dans-trois-provinces-mais-pas-au-quebec\/#breadcrumb","itemListElement":[{"@type":"ListItem","position":1,"name":"Accueil","item":"https:\/\/eryckveziau.com\/en\/"},{"@type":"ListItem","position":2,"name":"Le prix des maisons devrait reculer dans trois provinces, mais pas au Qu\u00e9bec"}]},{"@type":"WebSite","@id":"https:\/\/eryckveziau.com\/en\/#website","url":"https:\/\/eryckveziau.com\/en\/","name":"ERYCK V\u00c9ZIAU, COURTIER IMMOBILIER LAVAL, COURTIER IMMOBILIER STE-DOROTH\u00c9E, MAISON \u00c0 VENDRE LAVAL, AGENT IMMOBILIER STE-DOROTH\u00c9E","description":"","publisher":{"@id":"https:\/\/eryckveziau.com\/en\/#organization"},"potentialAction":[{"@type":"SearchAction","target":{"@type":"EntryPoint","urlTemplate":"https:\/\/eryckveziau.com\/en\/?s={search_term_string}"},"query-input":{"@type":"PropertyValueSpecification","valueRequired":true,"valueName":"search_term_string"}}],"inLanguage":"en-US"},{"@type":"Organization","@id":"https:\/\/eryckveziau.com\/en\/#organization","name":"Eryck V\u00e9ziau RE\/MAX","url":"https:\/\/eryckveziau.com\/en\/","logo":{"@type":"ImageObject","inLanguage":"en-US","@id":"https:\/\/eryckveziau.com\/en\/#\/schema\/logo\/image\/","url":"https:\/\/eryckveziau.com\/files\/2022\/09\/PartageEveziau.png","contentUrl":"https:\/\/eryckveziau.com\/files\/2022\/09\/PartageEveziau.png","width":924,"height":454,"caption":"Eryck V\u00e9ziau RE\/MAX"},"image":{"@id":"https:\/\/eryckveziau.com\/en\/#\/schema\/logo\/image\/"},"sameAs":["https:\/\/www.facebook.com\/EryckVeziau.courtier.immobilier.ReMax.Laval","https:\/\/www.instagram.com\/eryck_veziau_remax\/","https:\/\/www.linkedin.com\/in\/eryck-v\u00e9ziau-6a445134\/","https:\/\/www.youtube.com\/user\/eveziau"]},{"@type":"Person","@id":"","url":"https:\/\/eryckveziau.com\/en\/author\/"}]}},"_links":{"self":[{"href":"https:\/\/eryckveziau.com\/en\/wp-json\/wp\/v2\/posts\/2402","targetHints":{"allow":["GET"]}}],"collection":[{"href":"https:\/\/eryckveziau.com\/en\/wp-json\/wp\/v2\/posts"}],"about":[{"href":"https:\/\/eryckveziau.com\/en\/wp-json\/wp\/v2\/types\/post"}],"author":[{"embeddable":true,"href":"https:\/\/eryckveziau.com\/en\/wp-json\/wp\/v2\/users\/285"}],"replies":[{"embeddable":true,"href":"https:\/\/eryckveziau.com\/en\/wp-json\/wp\/v2\/comments?post=2402"}],"version-history":[{"count":1,"href":"https:\/\/eryckveziau.com\/en\/wp-json\/wp\/v2\/posts\/2402\/revisions"}],"predecessor-version":[{"id":2403,"href":"https:\/\/eryckveziau.com\/en\/wp-json\/wp\/v2\/posts\/2402\/revisions\/2403"}],"wp:attachment":[{"href":"https:\/\/eryckveziau.com\/en\/wp-json\/wp\/v2\/media?parent=2402"}],"wp:term":[{"taxonomy":"category","embeddable":true,"href":"https:\/\/eryckveziau.com\/en\/wp-json\/wp\/v2\/categories?post=2402"},{"taxonomy":"post_tag","embeddable":true,"href":"https:\/\/eryckveziau.com\/en\/wp-json\/wp\/v2\/tags?post=2402"}],"curies":[{"name":"wp","href":"https:\/\/api.w.org\/{rel}","templated":true}]}}