{"id":2392,"date":"2015-12-10T12:58:57","date_gmt":"2015-12-10T17:58:57","guid":{"rendered":"\/?p=2392"},"modified":"2015-12-10T14:22:33","modified_gmt":"2015-12-10T19:22:33","slug":"marche-de-noel-au-centre-de-la-nature","status":"publish","type":"post","link":"https:\/\/eryckveziau.com\/en\/non-classe\/marche-de-noel-au-centre-de-la-nature\/","title":{"rendered":"MARCH\u00c9 DE NO\u00cbL au Centre de la nature"},"content":{"rendered":"<p>Pour sa 5<sup>e<\/sup> \u00e9dition, le March\u00e9 de No\u00ebl de Laval se d\u00e9place au <a href=\"http:\/\/www.laval.ca\/centredelanature\/Pages\/Fr\/accueil.aspx\" target=\"_blank\">Centre de la nature<\/a>. \u00c0 cette occasion,\u00a0le Village des arts se transforme pour vous faire vivre la magie de No\u00ebl avant l&#8217;heure! Ambiance musicale \u200bdes f\u00eates assur\u00e9e par\u00a0un quatuor.\u200b<\/p>\n<p><strong>Vendredi 11 d\u00e9cembre 2015 : 16 h \u00e0 21 h<\/strong><br \/>\n<strong>Samedi 12 d\u00e9cembre 2015 : 10 h \u00e0 17 h<\/strong><br \/>\n<strong>Dimanche 13 d\u00e9cembre 2015 : 10 h \u00e0 16 h\u200b<\/strong><\/p>\n<table class=\"ms-rteTable-lavaltable\" cellspacing=\"0\">\n<tbody>\n<tr class=\"ms-rteTableEvenRow-lavaltable\">\n<td class=\"ms-rteTableEvenCol-lavaltable\">\u200b\u200b<strong>Stationnement sur place :<\/strong><\/p>\n<ul>\n<li>Gratuit pour les d\u00e9tenteurs de la <a href=\"http:\/\/www.laval.ca\/Pages\/Fr\/Activites\/carte-avantages-laval.aspx\" target=\"_blank\">carte Avantages Laval<\/a><\/li>\n<li>7 $ en argent comptant<\/li>\n<\/ul>\n<p>Stationnement possible sur les rues avoisinantes.<\/p>\n<p><a href=\"http:\/\/www.laval.ca\/centredelanature\/Pages\/Fr\/coordonnees.aspx\" target=\"_blank\">Acc\u00e9dez facilement au site<\/a>\u200b\u200b<\/td>\n<\/tr>\n<\/tbody>\n<\/table>\n","protected":false},"excerpt":{"rendered":"<p>Pour sa 5e \u00e9dition, le March\u00e9 de No\u00ebl de Laval se d\u00e9place au Centre de la nature. \u00c0 cette occasion,\u00a0le Village des arts se transforme pour vous faire vivre la magie de No\u00ebl avant l&#8217;heure! Ambiance musicale \u200bdes f\u00eates assur\u00e9e par\u00a0un quatuor.\u200b Vendredi 11 d\u00e9cembre 2015 : 16 h \u00e0 21 h Samedi 12 d\u00e9cembre [&hellip;]<\/p>\n","protected":false},"author":285,"featured_media":0,"comment_status":"closed","ping_status":"closed","sticky":false,"template":"","format":"standard","meta":{"_acf_changed":false,"footnotes":""},"categories":[1],"tags":[],"class_list":["post-2392","post","type-post","status-publish","format-standard","hentry","category-non-classe"],"acf":[],"yoast_head":"<!-- This site is optimized with the Yoast SEO plugin v26.7 - https:\/\/yoast.com\/wordpress\/plugins\/seo\/ -->\n<title>MARCH\u00c9 DE NO\u00cbL au Centre de la nature | ERYCK V\u00c9ZIAU, COURTIER IMMOBILIER LAVAL, COURTIER IMMOBILIER STE-DOROTH\u00c9E, MAISON \u00c0 VENDRE LAVAL, AGENT IMMOBILIER STE-DOROTH\u00c9E<\/title>\n<meta name=\"robots\" content=\"index, follow, max-snippet:-1, max-image-preview:large, max-video-preview:-1\" \/>\n<link rel=\"canonical\" href=\"https:\/\/eryckveziau.com\/non-classe\/marche-de-noel-au-centre-de-la-nature\/\" \/>\n<meta property=\"og:locale\" content=\"en_US\" \/>\n<meta property=\"og:type\" content=\"article\" \/>\n<meta property=\"og:title\" content=\"MARCH\u00c9 DE NO\u00cbL au Centre de la nature | ERYCK V\u00c9ZIAU, COURTIER IMMOBILIER LAVAL, COURTIER IMMOBILIER STE-DOROTH\u00c9E, MAISON \u00c0 VENDRE LAVAL, AGENT IMMOBILIER STE-DOROTH\u00c9E\" \/>\n<meta property=\"og:description\" content=\"Pour sa 5e \u00e9dition, le March\u00e9 de No\u00ebl de Laval se d\u00e9place au Centre de la nature. \u00c0 cette occasion,\u00a0le Village des arts se transforme pour vous faire vivre la magie de No\u00ebl avant l&#8217;heure! Ambiance musicale \u200bdes f\u00eates assur\u00e9e par\u00a0un quatuor.\u200b Vendredi 11 d\u00e9cembre 2015 : 16 h \u00e0 21 h Samedi 12 d\u00e9cembre [&hellip;]\" \/>\n<meta property=\"og:url\" content=\"https:\/\/eryckveziau.com\/non-classe\/marche-de-noel-au-centre-de-la-nature\/\" \/>\n<meta property=\"og:site_name\" content=\"ERYCK V\u00c9ZIAU, COURTIER IMMOBILIER LAVAL, COURTIER IMMOBILIER STE-DOROTH\u00c9E, MAISON \u00c0 VENDRE LAVAL, AGENT IMMOBILIER STE-DOROTH\u00c9E\" \/>\n<meta property=\"article:publisher\" content=\"https:\/\/www.facebook.com\/EryckVeziau.courtier.immobilier.ReMax.Laval\" \/>\n<meta property=\"article:published_time\" content=\"2015-12-10T17:58:57+00:00\" \/>\n<meta property=\"article:modified_time\" content=\"2015-12-10T19:22:33+00:00\" \/>\n<meta property=\"og:image\" content=\"https:\/\/eryckveziau.com\/files\/2022\/09\/PartageEveziau.png\" \/>\n\t<meta property=\"og:image:width\" content=\"924\" \/>\n\t<meta property=\"og:image:height\" content=\"454\" \/>\n\t<meta property=\"og:image:type\" content=\"image\/png\" \/>\n<meta name=\"twitter:card\" content=\"summary_large_image\" \/>\n<meta name=\"twitter:label1\" content=\"Written by\" \/>\n\t<meta name=\"twitter:data1\" content=\"\" \/>\n<script type=\"application\/ld+json\" class=\"yoast-schema-graph\">{\"@context\":\"https:\/\/schema.org\",\"@graph\":[{\"@type\":\"Article\",\"@id\":\"https:\/\/eryckveziau.com\/non-classe\/marche-de-noel-au-centre-de-la-nature\/#article\",\"isPartOf\":{\"@id\":\"https:\/\/eryckveziau.com\/non-classe\/marche-de-noel-au-centre-de-la-nature\/\"},\"author\":{\"name\":\"\",\"@id\":\"\"},\"headline\":\"MARCH\u00c9 DE NO\u00cbL au Centre de la nature\",\"datePublished\":\"2015-12-10T17:58:57+00:00\",\"dateModified\":\"2015-12-10T19:22:33+00:00\",\"mainEntityOfPage\":{\"@id\":\"https:\/\/eryckveziau.com\/non-classe\/marche-de-noel-au-centre-de-la-nature\/\"},\"wordCount\":100,\"publisher\":{\"@id\":\"https:\/\/eryckveziau.com\/en\/#organization\"},\"articleSection\":[\"Non class\u00e9\"],\"inLanguage\":\"en-US\"},{\"@type\":\"WebPage\",\"@id\":\"https:\/\/eryckveziau.com\/non-classe\/marche-de-noel-au-centre-de-la-nature\/\",\"url\":\"https:\/\/eryckveziau.com\/non-classe\/marche-de-noel-au-centre-de-la-nature\/\",\"name\":\"MARCH\u00c9 DE NO\u00cbL au Centre de la nature | ERYCK V\u00c9ZIAU, COURTIER IMMOBILIER LAVAL, COURTIER IMMOBILIER STE-DOROTH\u00c9E, MAISON \u00c0 VENDRE LAVAL, AGENT IMMOBILIER STE-DOROTH\u00c9E\",\"isPartOf\":{\"@id\":\"https:\/\/eryckveziau.com\/en\/#website\"},\"datePublished\":\"2015-12-10T17:58:57+00:00\",\"dateModified\":\"2015-12-10T19:22:33+00:00\",\"breadcrumb\":{\"@id\":\"https:\/\/eryckveziau.com\/non-classe\/marche-de-noel-au-centre-de-la-nature\/#breadcrumb\"},\"inLanguage\":\"en-US\",\"potentialAction\":[{\"@type\":\"ReadAction\",\"target\":[\"https:\/\/eryckveziau.com\/non-classe\/marche-de-noel-au-centre-de-la-nature\/\"]}]},{\"@type\":\"BreadcrumbList\",\"@id\":\"https:\/\/eryckveziau.com\/non-classe\/marche-de-noel-au-centre-de-la-nature\/#breadcrumb\",\"itemListElement\":[{\"@type\":\"ListItem\",\"position\":1,\"name\":\"Accueil\",\"item\":\"https:\/\/eryckveziau.com\/en\/\"},{\"@type\":\"ListItem\",\"position\":2,\"name\":\"MARCH\u00c9 DE NO\u00cbL au Centre de la nature\"}]},{\"@type\":\"WebSite\",\"@id\":\"https:\/\/eryckveziau.com\/en\/#website\",\"url\":\"https:\/\/eryckveziau.com\/en\/\",\"name\":\"ERYCK V\u00c9ZIAU, COURTIER IMMOBILIER LAVAL, COURTIER IMMOBILIER STE-DOROTH\u00c9E, MAISON \u00c0 VENDRE LAVAL, AGENT IMMOBILIER STE-DOROTH\u00c9E\",\"description\":\"\",\"publisher\":{\"@id\":\"https:\/\/eryckveziau.com\/en\/#organization\"},\"potentialAction\":[{\"@type\":\"SearchAction\",\"target\":{\"@type\":\"EntryPoint\",\"urlTemplate\":\"https:\/\/eryckveziau.com\/en\/?s={search_term_string}\"},\"query-input\":{\"@type\":\"PropertyValueSpecification\",\"valueRequired\":true,\"valueName\":\"search_term_string\"}}],\"inLanguage\":\"en-US\"},{\"@type\":\"Organization\",\"@id\":\"https:\/\/eryckveziau.com\/en\/#organization\",\"name\":\"Eryck V\u00e9ziau RE\/MAX\",\"url\":\"https:\/\/eryckveziau.com\/en\/\",\"logo\":{\"@type\":\"ImageObject\",\"inLanguage\":\"en-US\",\"@id\":\"https:\/\/eryckveziau.com\/en\/#\/schema\/logo\/image\/\",\"url\":\"https:\/\/eryckveziau.com\/files\/2022\/09\/PartageEveziau.png\",\"contentUrl\":\"https:\/\/eryckveziau.com\/files\/2022\/09\/PartageEveziau.png\",\"width\":924,\"height\":454,\"caption\":\"Eryck V\u00e9ziau RE\/MAX\"},\"image\":{\"@id\":\"https:\/\/eryckveziau.com\/en\/#\/schema\/logo\/image\/\"},\"sameAs\":[\"https:\/\/www.facebook.com\/EryckVeziau.courtier.immobilier.ReMax.Laval\",\"https:\/\/www.instagram.com\/eryck_veziau_remax\/\",\"https:\/\/www.linkedin.com\/in\/eryck-v\u00e9ziau-6a445134\/\",\"https:\/\/www.youtube.com\/user\/eveziau\"]},{\"@type\":\"Person\",\"@id\":\"\",\"url\":\"https:\/\/eryckveziau.com\/en\/author\/\"}]}<\/script>\n<!-- \/ Yoast SEO plugin. -->","yoast_head_json":{"title":"MARCH\u00c9 DE NO\u00cbL au Centre de la nature | ERYCK V\u00c9ZIAU, COURTIER IMMOBILIER LAVAL, COURTIER IMMOBILIER STE-DOROTH\u00c9E, MAISON \u00c0 VENDRE LAVAL, AGENT IMMOBILIER STE-DOROTH\u00c9E","robots":{"index":"index","follow":"follow","max-snippet":"max-snippet:-1","max-image-preview":"max-image-preview:large","max-video-preview":"max-video-preview:-1"},"canonical":"https:\/\/eryckveziau.com\/non-classe\/marche-de-noel-au-centre-de-la-nature\/","og_locale":"en_US","og_type":"article","og_title":"MARCH\u00c9 DE NO\u00cbL au Centre de la nature | ERYCK V\u00c9ZIAU, COURTIER IMMOBILIER LAVAL, COURTIER IMMOBILIER STE-DOROTH\u00c9E, MAISON \u00c0 VENDRE LAVAL, AGENT IMMOBILIER STE-DOROTH\u00c9E","og_description":"Pour sa 5e \u00e9dition, le March\u00e9 de No\u00ebl de Laval se d\u00e9place au Centre de la nature. \u00c0 cette occasion,\u00a0le Village des arts se transforme pour vous faire vivre la magie de No\u00ebl avant l&#8217;heure! Ambiance musicale \u200bdes f\u00eates assur\u00e9e par\u00a0un quatuor.\u200b Vendredi 11 d\u00e9cembre 2015 : 16 h \u00e0 21 h Samedi 12 d\u00e9cembre [&hellip;]","og_url":"https:\/\/eryckveziau.com\/non-classe\/marche-de-noel-au-centre-de-la-nature\/","og_site_name":"ERYCK V\u00c9ZIAU, COURTIER IMMOBILIER LAVAL, COURTIER IMMOBILIER STE-DOROTH\u00c9E, MAISON \u00c0 VENDRE LAVAL, AGENT IMMOBILIER STE-DOROTH\u00c9E","article_publisher":"https:\/\/www.facebook.com\/EryckVeziau.courtier.immobilier.ReMax.Laval","article_published_time":"2015-12-10T17:58:57+00:00","article_modified_time":"2015-12-10T19:22:33+00:00","og_image":[{"width":924,"height":454,"url":"https:\/\/eryckveziau.com\/files\/2022\/09\/PartageEveziau.png","type":"image\/png"}],"twitter_card":"summary_large_image","twitter_misc":{"Written by":""},"schema":{"@context":"https:\/\/schema.org","@graph":[{"@type":"Article","@id":"https:\/\/eryckveziau.com\/non-classe\/marche-de-noel-au-centre-de-la-nature\/#article","isPartOf":{"@id":"https:\/\/eryckveziau.com\/non-classe\/marche-de-noel-au-centre-de-la-nature\/"},"author":{"name":"","@id":""},"headline":"MARCH\u00c9 DE NO\u00cbL au Centre de la nature","datePublished":"2015-12-10T17:58:57+00:00","dateModified":"2015-12-10T19:22:33+00:00","mainEntityOfPage":{"@id":"https:\/\/eryckveziau.com\/non-classe\/marche-de-noel-au-centre-de-la-nature\/"},"wordCount":100,"publisher":{"@id":"https:\/\/eryckveziau.com\/en\/#organization"},"articleSection":["Non class\u00e9"],"inLanguage":"en-US"},{"@type":"WebPage","@id":"https:\/\/eryckveziau.com\/non-classe\/marche-de-noel-au-centre-de-la-nature\/","url":"https:\/\/eryckveziau.com\/non-classe\/marche-de-noel-au-centre-de-la-nature\/","name":"MARCH\u00c9 DE NO\u00cbL au Centre de la nature | ERYCK V\u00c9ZIAU, COURTIER IMMOBILIER LAVAL, COURTIER IMMOBILIER STE-DOROTH\u00c9E, MAISON \u00c0 VENDRE LAVAL, AGENT IMMOBILIER STE-DOROTH\u00c9E","isPartOf":{"@id":"https:\/\/eryckveziau.com\/en\/#website"},"datePublished":"2015-12-10T17:58:57+00:00","dateModified":"2015-12-10T19:22:33+00:00","breadcrumb":{"@id":"https:\/\/eryckveziau.com\/non-classe\/marche-de-noel-au-centre-de-la-nature\/#breadcrumb"},"inLanguage":"en-US","potentialAction":[{"@type":"ReadAction","target":["https:\/\/eryckveziau.com\/non-classe\/marche-de-noel-au-centre-de-la-nature\/"]}]},{"@type":"BreadcrumbList","@id":"https:\/\/eryckveziau.com\/non-classe\/marche-de-noel-au-centre-de-la-nature\/#breadcrumb","itemListElement":[{"@type":"ListItem","position":1,"name":"Accueil","item":"https:\/\/eryckveziau.com\/en\/"},{"@type":"ListItem","position":2,"name":"MARCH\u00c9 DE NO\u00cbL au Centre de la nature"}]},{"@type":"WebSite","@id":"https:\/\/eryckveziau.com\/en\/#website","url":"https:\/\/eryckveziau.com\/en\/","name":"ERYCK V\u00c9ZIAU, COURTIER IMMOBILIER LAVAL, COURTIER IMMOBILIER STE-DOROTH\u00c9E, MAISON \u00c0 VENDRE LAVAL, AGENT IMMOBILIER STE-DOROTH\u00c9E","description":"","publisher":{"@id":"https:\/\/eryckveziau.com\/en\/#organization"},"potentialAction":[{"@type":"SearchAction","target":{"@type":"EntryPoint","urlTemplate":"https:\/\/eryckveziau.com\/en\/?s={search_term_string}"},"query-input":{"@type":"PropertyValueSpecification","valueRequired":true,"valueName":"search_term_string"}}],"inLanguage":"en-US"},{"@type":"Organization","@id":"https:\/\/eryckveziau.com\/en\/#organization","name":"Eryck V\u00e9ziau RE\/MAX","url":"https:\/\/eryckveziau.com\/en\/","logo":{"@type":"ImageObject","inLanguage":"en-US","@id":"https:\/\/eryckveziau.com\/en\/#\/schema\/logo\/image\/","url":"https:\/\/eryckveziau.com\/files\/2022\/09\/PartageEveziau.png","contentUrl":"https:\/\/eryckveziau.com\/files\/2022\/09\/PartageEveziau.png","width":924,"height":454,"caption":"Eryck V\u00e9ziau RE\/MAX"},"image":{"@id":"https:\/\/eryckveziau.com\/en\/#\/schema\/logo\/image\/"},"sameAs":["https:\/\/www.facebook.com\/EryckVeziau.courtier.immobilier.ReMax.Laval","https:\/\/www.instagram.com\/eryck_veziau_remax\/","https:\/\/www.linkedin.com\/in\/eryck-v\u00e9ziau-6a445134\/","https:\/\/www.youtube.com\/user\/eveziau"]},{"@type":"Person","@id":"","url":"https:\/\/eryckveziau.com\/en\/author\/"}]}},"_links":{"self":[{"href":"https:\/\/eryckveziau.com\/en\/wp-json\/wp\/v2\/posts\/2392","targetHints":{"allow":["GET"]}}],"collection":[{"href":"https:\/\/eryckveziau.com\/en\/wp-json\/wp\/v2\/posts"}],"about":[{"href":"https:\/\/eryckveziau.com\/en\/wp-json\/wp\/v2\/types\/post"}],"author":[{"embeddable":true,"href":"https:\/\/eryckveziau.com\/en\/wp-json\/wp\/v2\/users\/285"}],"replies":[{"embeddable":true,"href":"https:\/\/eryckveziau.com\/en\/wp-json\/wp\/v2\/comments?post=2392"}],"version-history":[{"count":1,"href":"https:\/\/eryckveziau.com\/en\/wp-json\/wp\/v2\/posts\/2392\/revisions"}],"predecessor-version":[{"id":2393,"href":"https:\/\/eryckveziau.com\/en\/wp-json\/wp\/v2\/posts\/2392\/revisions\/2393"}],"wp:attachment":[{"href":"https:\/\/eryckveziau.com\/en\/wp-json\/wp\/v2\/media?parent=2392"}],"wp:term":[{"taxonomy":"category","embeddable":true,"href":"https:\/\/eryckveziau.com\/en\/wp-json\/wp\/v2\/categories?post=2392"},{"taxonomy":"post_tag","embeddable":true,"href":"https:\/\/eryckveziau.com\/en\/wp-json\/wp\/v2\/tags?post=2392"}],"curies":[{"name":"wp","href":"https:\/\/api.w.org\/{rel}","templated":true}]}}