{"id":2390,"date":"2015-12-10T10:54:03","date_gmt":"2015-12-10T15:54:03","guid":{"rendered":"\/?p=2390"},"modified":"2015-12-10T11:01:49","modified_gmt":"2015-12-10T16:01:49","slug":"les-tendances-2016-en-immobilier-selon-pwc","status":"publish","type":"post","link":"https:\/\/eryckveziau.com\/en\/non-classe\/les-tendances-2016-en-immobilier-selon-pwc\/","title":{"rendered":"Les tendances 2016 en immobilier selon PwC"},"content":{"rendered":"<p><strong>Selon le rapport <em>Emerging Trends in Real Estate<\/em> de la firme PwC qu\u2019a obtenu <em>Les Affaires<\/em> en primeur, c\u2019est dans le secteur du commerce de d\u00e9tail que s\u2019annoncent les plus fortes mutations en 2016. Le Qu\u00e9bec ne sera pas \u00e9pargn\u00e9 par cette vague d\u00e9ferlante, mais l\u2019attrait de la province pour les investisseurs devrait cro\u00eetre vitesse grand V.<\/strong><\/p>\n<p>&nbsp;<\/p>\n<p>\u00abC\u2019est clair que le balancier \u00e9conomique est de retour dans l\u2019Est du pays, affirme Sylvain Cossette,\u00a0vice-pr\u00e9sident directeur et chef de l\u2019exploitation chez <strong>Cominar<\/strong>. Avec la chute des cours du p\u00e9trole et la faiblesse du dollar am\u00e9ricain, le secteur industriel ontarien et qu\u00e9b\u00e9cois est favoris\u00e9\u00bb.<\/p>\n","protected":false},"excerpt":{"rendered":"<p>Selon le rapport Emerging Trends in Real Estate de la firme PwC qu\u2019a obtenu Les Affaires en primeur, c\u2019est dans le secteur du commerce de d\u00e9tail que s\u2019annoncent les plus fortes mutations en 2016. Le Qu\u00e9bec ne sera pas \u00e9pargn\u00e9 par cette vague d\u00e9ferlante, mais l\u2019attrait de la province pour les investisseurs devrait cro\u00eetre vitesse [&hellip;]<\/p>\n","protected":false},"author":285,"featured_media":0,"comment_status":"closed","ping_status":"closed","sticky":false,"template":"","format":"standard","meta":{"_acf_changed":false,"footnotes":""},"categories":[1],"tags":[],"class_list":["post-2390","post","type-post","status-publish","format-standard","hentry","category-non-classe"],"acf":[],"yoast_head":"<!-- This site is optimized with the Yoast SEO plugin v26.7 - https:\/\/yoast.com\/wordpress\/plugins\/seo\/ -->\n<title>Les tendances 2016 en immobilier selon PwC | ERYCK V\u00c9ZIAU, COURTIER IMMOBILIER LAVAL, COURTIER IMMOBILIER STE-DOROTH\u00c9E, MAISON \u00c0 VENDRE LAVAL, AGENT IMMOBILIER STE-DOROTH\u00c9E<\/title>\n<meta name=\"robots\" content=\"index, follow, max-snippet:-1, max-image-preview:large, max-video-preview:-1\" \/>\n<link rel=\"canonical\" href=\"https:\/\/eryckveziau.com\/non-classe\/les-tendances-2016-en-immobilier-selon-pwc\/\" \/>\n<meta property=\"og:locale\" content=\"en_US\" \/>\n<meta property=\"og:type\" content=\"article\" \/>\n<meta property=\"og:title\" content=\"Les tendances 2016 en immobilier selon PwC | ERYCK V\u00c9ZIAU, COURTIER IMMOBILIER LAVAL, COURTIER IMMOBILIER STE-DOROTH\u00c9E, MAISON \u00c0 VENDRE LAVAL, AGENT IMMOBILIER STE-DOROTH\u00c9E\" \/>\n<meta property=\"og:description\" content=\"Selon le rapport Emerging Trends in Real Estate de la firme PwC qu\u2019a obtenu Les Affaires en primeur, c\u2019est dans le secteur du commerce de d\u00e9tail que s\u2019annoncent les plus fortes mutations en 2016. Le Qu\u00e9bec ne sera pas \u00e9pargn\u00e9 par cette vague d\u00e9ferlante, mais l\u2019attrait de la province pour les investisseurs devrait cro\u00eetre vitesse [&hellip;]\" \/>\n<meta property=\"og:url\" content=\"https:\/\/eryckveziau.com\/non-classe\/les-tendances-2016-en-immobilier-selon-pwc\/\" \/>\n<meta property=\"og:site_name\" content=\"ERYCK V\u00c9ZIAU, COURTIER IMMOBILIER LAVAL, COURTIER IMMOBILIER STE-DOROTH\u00c9E, MAISON \u00c0 VENDRE LAVAL, AGENT IMMOBILIER STE-DOROTH\u00c9E\" \/>\n<meta property=\"article:publisher\" content=\"https:\/\/www.facebook.com\/EryckVeziau.courtier.immobilier.ReMax.Laval\" \/>\n<meta property=\"article:published_time\" content=\"2015-12-10T15:54:03+00:00\" \/>\n<meta property=\"article:modified_time\" content=\"2015-12-10T16:01:49+00:00\" \/>\n<meta property=\"og:image\" content=\"https:\/\/eryckveziau.com\/files\/2022\/09\/PartageEveziau.png\" \/>\n\t<meta property=\"og:image:width\" content=\"924\" \/>\n\t<meta property=\"og:image:height\" content=\"454\" \/>\n\t<meta property=\"og:image:type\" content=\"image\/png\" \/>\n<meta name=\"twitter:card\" content=\"summary_large_image\" \/>\n<meta name=\"twitter:label1\" content=\"Written by\" \/>\n\t<meta name=\"twitter:data1\" content=\"\" \/>\n\t<meta name=\"twitter:label2\" content=\"Est. reading time\" \/>\n\t<meta name=\"twitter:data2\" content=\"1 minute\" \/>\n<script type=\"application\/ld+json\" class=\"yoast-schema-graph\">{\"@context\":\"https:\/\/schema.org\",\"@graph\":[{\"@type\":\"Article\",\"@id\":\"https:\/\/eryckveziau.com\/non-classe\/les-tendances-2016-en-immobilier-selon-pwc\/#article\",\"isPartOf\":{\"@id\":\"https:\/\/eryckveziau.com\/non-classe\/les-tendances-2016-en-immobilier-selon-pwc\/\"},\"author\":{\"name\":\"\",\"@id\":\"\"},\"headline\":\"Les tendances 2016 en immobilier selon PwC\",\"datePublished\":\"2015-12-10T15:54:03+00:00\",\"dateModified\":\"2015-12-10T16:01:49+00:00\",\"mainEntityOfPage\":{\"@id\":\"https:\/\/eryckveziau.com\/non-classe\/les-tendances-2016-en-immobilier-selon-pwc\/\"},\"wordCount\":124,\"publisher\":{\"@id\":\"https:\/\/eryckveziau.com\/en\/#organization\"},\"articleSection\":[\"Non class\u00e9\"],\"inLanguage\":\"en-US\"},{\"@type\":\"WebPage\",\"@id\":\"https:\/\/eryckveziau.com\/non-classe\/les-tendances-2016-en-immobilier-selon-pwc\/\",\"url\":\"https:\/\/eryckveziau.com\/non-classe\/les-tendances-2016-en-immobilier-selon-pwc\/\",\"name\":\"Les tendances 2016 en immobilier selon PwC | ERYCK V\u00c9ZIAU, COURTIER IMMOBILIER LAVAL, COURTIER IMMOBILIER STE-DOROTH\u00c9E, MAISON \u00c0 VENDRE LAVAL, AGENT IMMOBILIER STE-DOROTH\u00c9E\",\"isPartOf\":{\"@id\":\"https:\/\/eryckveziau.com\/en\/#website\"},\"datePublished\":\"2015-12-10T15:54:03+00:00\",\"dateModified\":\"2015-12-10T16:01:49+00:00\",\"breadcrumb\":{\"@id\":\"https:\/\/eryckveziau.com\/non-classe\/les-tendances-2016-en-immobilier-selon-pwc\/#breadcrumb\"},\"inLanguage\":\"en-US\",\"potentialAction\":[{\"@type\":\"ReadAction\",\"target\":[\"https:\/\/eryckveziau.com\/non-classe\/les-tendances-2016-en-immobilier-selon-pwc\/\"]}]},{\"@type\":\"BreadcrumbList\",\"@id\":\"https:\/\/eryckveziau.com\/non-classe\/les-tendances-2016-en-immobilier-selon-pwc\/#breadcrumb\",\"itemListElement\":[{\"@type\":\"ListItem\",\"position\":1,\"name\":\"Accueil\",\"item\":\"https:\/\/eryckveziau.com\/en\/\"},{\"@type\":\"ListItem\",\"position\":2,\"name\":\"Les tendances 2016 en immobilier selon PwC\"}]},{\"@type\":\"WebSite\",\"@id\":\"https:\/\/eryckveziau.com\/en\/#website\",\"url\":\"https:\/\/eryckveziau.com\/en\/\",\"name\":\"ERYCK V\u00c9ZIAU, COURTIER IMMOBILIER LAVAL, COURTIER IMMOBILIER STE-DOROTH\u00c9E, MAISON \u00c0 VENDRE LAVAL, AGENT IMMOBILIER STE-DOROTH\u00c9E\",\"description\":\"\",\"publisher\":{\"@id\":\"https:\/\/eryckveziau.com\/en\/#organization\"},\"potentialAction\":[{\"@type\":\"SearchAction\",\"target\":{\"@type\":\"EntryPoint\",\"urlTemplate\":\"https:\/\/eryckveziau.com\/en\/?s={search_term_string}\"},\"query-input\":{\"@type\":\"PropertyValueSpecification\",\"valueRequired\":true,\"valueName\":\"search_term_string\"}}],\"inLanguage\":\"en-US\"},{\"@type\":\"Organization\",\"@id\":\"https:\/\/eryckveziau.com\/en\/#organization\",\"name\":\"Eryck V\u00e9ziau RE\/MAX\",\"url\":\"https:\/\/eryckveziau.com\/en\/\",\"logo\":{\"@type\":\"ImageObject\",\"inLanguage\":\"en-US\",\"@id\":\"https:\/\/eryckveziau.com\/en\/#\/schema\/logo\/image\/\",\"url\":\"https:\/\/eryckveziau.com\/files\/2022\/09\/PartageEveziau.png\",\"contentUrl\":\"https:\/\/eryckveziau.com\/files\/2022\/09\/PartageEveziau.png\",\"width\":924,\"height\":454,\"caption\":\"Eryck V\u00e9ziau RE\/MAX\"},\"image\":{\"@id\":\"https:\/\/eryckveziau.com\/en\/#\/schema\/logo\/image\/\"},\"sameAs\":[\"https:\/\/www.facebook.com\/EryckVeziau.courtier.immobilier.ReMax.Laval\",\"https:\/\/www.instagram.com\/eryck_veziau_remax\/\",\"https:\/\/www.linkedin.com\/in\/eryck-v\u00e9ziau-6a445134\/\",\"https:\/\/www.youtube.com\/user\/eveziau\"]},{\"@type\":\"Person\",\"@id\":\"\",\"url\":\"https:\/\/eryckveziau.com\/en\/author\/\"}]}<\/script>\n<!-- \/ Yoast SEO plugin. -->","yoast_head_json":{"title":"Les tendances 2016 en immobilier selon PwC | ERYCK V\u00c9ZIAU, COURTIER IMMOBILIER LAVAL, COURTIER IMMOBILIER STE-DOROTH\u00c9E, MAISON \u00c0 VENDRE LAVAL, AGENT IMMOBILIER STE-DOROTH\u00c9E","robots":{"index":"index","follow":"follow","max-snippet":"max-snippet:-1","max-image-preview":"max-image-preview:large","max-video-preview":"max-video-preview:-1"},"canonical":"https:\/\/eryckveziau.com\/non-classe\/les-tendances-2016-en-immobilier-selon-pwc\/","og_locale":"en_US","og_type":"article","og_title":"Les tendances 2016 en immobilier selon PwC | ERYCK V\u00c9ZIAU, COURTIER IMMOBILIER LAVAL, COURTIER IMMOBILIER STE-DOROTH\u00c9E, MAISON \u00c0 VENDRE LAVAL, AGENT IMMOBILIER STE-DOROTH\u00c9E","og_description":"Selon le rapport Emerging Trends in Real Estate de la firme PwC qu\u2019a obtenu Les Affaires en primeur, c\u2019est dans le secteur du commerce de d\u00e9tail que s\u2019annoncent les plus fortes mutations en 2016. Le Qu\u00e9bec ne sera pas \u00e9pargn\u00e9 par cette vague d\u00e9ferlante, mais l\u2019attrait de la province pour les investisseurs devrait cro\u00eetre vitesse [&hellip;]","og_url":"https:\/\/eryckveziau.com\/non-classe\/les-tendances-2016-en-immobilier-selon-pwc\/","og_site_name":"ERYCK V\u00c9ZIAU, COURTIER IMMOBILIER LAVAL, COURTIER IMMOBILIER STE-DOROTH\u00c9E, MAISON \u00c0 VENDRE LAVAL, AGENT IMMOBILIER STE-DOROTH\u00c9E","article_publisher":"https:\/\/www.facebook.com\/EryckVeziau.courtier.immobilier.ReMax.Laval","article_published_time":"2015-12-10T15:54:03+00:00","article_modified_time":"2015-12-10T16:01:49+00:00","og_image":[{"width":924,"height":454,"url":"https:\/\/eryckveziau.com\/files\/2022\/09\/PartageEveziau.png","type":"image\/png"}],"twitter_card":"summary_large_image","twitter_misc":{"Written by":"","Est. reading time":"1 minute"},"schema":{"@context":"https:\/\/schema.org","@graph":[{"@type":"Article","@id":"https:\/\/eryckveziau.com\/non-classe\/les-tendances-2016-en-immobilier-selon-pwc\/#article","isPartOf":{"@id":"https:\/\/eryckveziau.com\/non-classe\/les-tendances-2016-en-immobilier-selon-pwc\/"},"author":{"name":"","@id":""},"headline":"Les tendances 2016 en immobilier selon PwC","datePublished":"2015-12-10T15:54:03+00:00","dateModified":"2015-12-10T16:01:49+00:00","mainEntityOfPage":{"@id":"https:\/\/eryckveziau.com\/non-classe\/les-tendances-2016-en-immobilier-selon-pwc\/"},"wordCount":124,"publisher":{"@id":"https:\/\/eryckveziau.com\/en\/#organization"},"articleSection":["Non class\u00e9"],"inLanguage":"en-US"},{"@type":"WebPage","@id":"https:\/\/eryckveziau.com\/non-classe\/les-tendances-2016-en-immobilier-selon-pwc\/","url":"https:\/\/eryckveziau.com\/non-classe\/les-tendances-2016-en-immobilier-selon-pwc\/","name":"Les tendances 2016 en immobilier selon PwC | ERYCK V\u00c9ZIAU, COURTIER IMMOBILIER LAVAL, COURTIER IMMOBILIER STE-DOROTH\u00c9E, MAISON \u00c0 VENDRE LAVAL, AGENT IMMOBILIER STE-DOROTH\u00c9E","isPartOf":{"@id":"https:\/\/eryckveziau.com\/en\/#website"},"datePublished":"2015-12-10T15:54:03+00:00","dateModified":"2015-12-10T16:01:49+00:00","breadcrumb":{"@id":"https:\/\/eryckveziau.com\/non-classe\/les-tendances-2016-en-immobilier-selon-pwc\/#breadcrumb"},"inLanguage":"en-US","potentialAction":[{"@type":"ReadAction","target":["https:\/\/eryckveziau.com\/non-classe\/les-tendances-2016-en-immobilier-selon-pwc\/"]}]},{"@type":"BreadcrumbList","@id":"https:\/\/eryckveziau.com\/non-classe\/les-tendances-2016-en-immobilier-selon-pwc\/#breadcrumb","itemListElement":[{"@type":"ListItem","position":1,"name":"Accueil","item":"https:\/\/eryckveziau.com\/en\/"},{"@type":"ListItem","position":2,"name":"Les tendances 2016 en immobilier selon PwC"}]},{"@type":"WebSite","@id":"https:\/\/eryckveziau.com\/en\/#website","url":"https:\/\/eryckveziau.com\/en\/","name":"ERYCK V\u00c9ZIAU, COURTIER IMMOBILIER LAVAL, COURTIER IMMOBILIER STE-DOROTH\u00c9E, MAISON \u00c0 VENDRE LAVAL, AGENT IMMOBILIER STE-DOROTH\u00c9E","description":"","publisher":{"@id":"https:\/\/eryckveziau.com\/en\/#organization"},"potentialAction":[{"@type":"SearchAction","target":{"@type":"EntryPoint","urlTemplate":"https:\/\/eryckveziau.com\/en\/?s={search_term_string}"},"query-input":{"@type":"PropertyValueSpecification","valueRequired":true,"valueName":"search_term_string"}}],"inLanguage":"en-US"},{"@type":"Organization","@id":"https:\/\/eryckveziau.com\/en\/#organization","name":"Eryck V\u00e9ziau RE\/MAX","url":"https:\/\/eryckveziau.com\/en\/","logo":{"@type":"ImageObject","inLanguage":"en-US","@id":"https:\/\/eryckveziau.com\/en\/#\/schema\/logo\/image\/","url":"https:\/\/eryckveziau.com\/files\/2022\/09\/PartageEveziau.png","contentUrl":"https:\/\/eryckveziau.com\/files\/2022\/09\/PartageEveziau.png","width":924,"height":454,"caption":"Eryck V\u00e9ziau RE\/MAX"},"image":{"@id":"https:\/\/eryckveziau.com\/en\/#\/schema\/logo\/image\/"},"sameAs":["https:\/\/www.facebook.com\/EryckVeziau.courtier.immobilier.ReMax.Laval","https:\/\/www.instagram.com\/eryck_veziau_remax\/","https:\/\/www.linkedin.com\/in\/eryck-v\u00e9ziau-6a445134\/","https:\/\/www.youtube.com\/user\/eveziau"]},{"@type":"Person","@id":"","url":"https:\/\/eryckveziau.com\/en\/author\/"}]}},"_links":{"self":[{"href":"https:\/\/eryckveziau.com\/en\/wp-json\/wp\/v2\/posts\/2390","targetHints":{"allow":["GET"]}}],"collection":[{"href":"https:\/\/eryckveziau.com\/en\/wp-json\/wp\/v2\/posts"}],"about":[{"href":"https:\/\/eryckveziau.com\/en\/wp-json\/wp\/v2\/types\/post"}],"author":[{"embeddable":true,"href":"https:\/\/eryckveziau.com\/en\/wp-json\/wp\/v2\/users\/285"}],"replies":[{"embeddable":true,"href":"https:\/\/eryckveziau.com\/en\/wp-json\/wp\/v2\/comments?post=2390"}],"version-history":[{"count":1,"href":"https:\/\/eryckveziau.com\/en\/wp-json\/wp\/v2\/posts\/2390\/revisions"}],"predecessor-version":[{"id":2391,"href":"https:\/\/eryckveziau.com\/en\/wp-json\/wp\/v2\/posts\/2390\/revisions\/2391"}],"wp:attachment":[{"href":"https:\/\/eryckveziau.com\/en\/wp-json\/wp\/v2\/media?parent=2390"}],"wp:term":[{"taxonomy":"category","embeddable":true,"href":"https:\/\/eryckveziau.com\/en\/wp-json\/wp\/v2\/categories?post=2390"},{"taxonomy":"post_tag","embeddable":true,"href":"https:\/\/eryckveziau.com\/en\/wp-json\/wp\/v2\/tags?post=2390"}],"curies":[{"name":"wp","href":"https:\/\/api.w.org\/{rel}","templated":true}]}}