{"id":2381,"date":"2015-12-07T09:45:16","date_gmt":"2015-12-07T14:45:16","guid":{"rendered":"\/?p=2381"},"modified":"2015-12-07T09:45:16","modified_gmt":"2015-12-07T14:45:16","slug":"les-promoteurs-de-condos-liquident-leurs-invendus","status":"publish","type":"post","link":"https:\/\/eryckveziau.com\/en\/non-classe\/les-promoteurs-de-condos-liquident-leurs-invendus\/","title":{"rendered":"Les promoteurs de condos liquident leurs invendus"},"content":{"rendered":"<p>Malgr\u00e9 la pr\u00e9sence de nombreuses grues dans la m\u00e9tropole, les promoteurs immobiliers ont ralenti la cadence en 2015. Plusieurs ont pr\u00e9f\u00e9r\u00e9 liquider leurs stocks invendus plut\u00f4t que de lancer de nouveaux projets.<\/p>\n<p>Selon les donn\u00e9es de la SCHL, les mises en chantier de copropri\u00e9t\u00e9s ont chut\u00e9 de 23% dans la grande r\u00e9gion de Montr\u00e9al, de janvier \u00e0 octobre, par rapport \u00e0 la m\u00eame p\u00e9riode en 2014, pour s\u2019\u00e9tablir \u00e0 6\u00a0567 unit\u00e9s. Pour l\u2019ensemble de 2015, on pr\u00e9voit 8\u00a0000 mises en chantier.<\/p>\n<p>\u00abIl y a environ 2\u00a0500 condos neufs invendus dans le grand Montr\u00e9al, en plus des unit\u00e9s sur le march\u00e9 de la revente, \u00e7a a envoy\u00e9 un signal aux promoteurs de tenter de vendre leurs unit\u00e9s construites avant de commencer de nouvelles phases\u00bb, a expliqu\u00e9 Francis Cortellino, chef analyste \u00e0 la SCHL.<\/p>\n<p>Pour les futures mises en chantier, l\u2019organisation table sur un niveau soutenable, d\u2019environ 7\u00a0000 copropri\u00e9t\u00e9s annuellement, au cours des deux prochaines ann\u00e9es, un recul de 40% \u00e0 45% par rapport au sommet de 2011-2012.<\/p>\n","protected":false},"excerpt":{"rendered":"<p>Malgr\u00e9 la pr\u00e9sence de nombreuses grues dans la m\u00e9tropole, les promoteurs immobiliers ont ralenti la cadence en 2015. Plusieurs ont pr\u00e9f\u00e9r\u00e9 liquider leurs stocks invendus plut\u00f4t que de lancer de nouveaux projets. Selon les donn\u00e9es de la SCHL, les mises en chantier de copropri\u00e9t\u00e9s ont chut\u00e9 de 23% dans la grande r\u00e9gion de Montr\u00e9al, de [&hellip;]<\/p>\n","protected":false},"author":285,"featured_media":0,"comment_status":"closed","ping_status":"closed","sticky":false,"template":"","format":"standard","meta":{"_acf_changed":false,"footnotes":""},"categories":[1],"tags":[],"class_list":["post-2381","post","type-post","status-publish","format-standard","hentry","category-non-classe"],"acf":[],"yoast_head":"<!-- This site is optimized with the Yoast SEO plugin v26.7 - https:\/\/yoast.com\/wordpress\/plugins\/seo\/ -->\n<title>Les promoteurs de condos liquident leurs invendus | ERYCK V\u00c9ZIAU, COURTIER IMMOBILIER LAVAL, COURTIER IMMOBILIER STE-DOROTH\u00c9E, MAISON \u00c0 VENDRE LAVAL, AGENT IMMOBILIER STE-DOROTH\u00c9E<\/title>\n<meta name=\"robots\" content=\"index, follow, max-snippet:-1, max-image-preview:large, max-video-preview:-1\" \/>\n<link rel=\"canonical\" href=\"https:\/\/eryckveziau.com\/non-classe\/les-promoteurs-de-condos-liquident-leurs-invendus\/\" \/>\n<meta property=\"og:locale\" content=\"en_US\" \/>\n<meta property=\"og:type\" content=\"article\" \/>\n<meta property=\"og:title\" content=\"Les promoteurs de condos liquident leurs invendus | ERYCK V\u00c9ZIAU, COURTIER IMMOBILIER LAVAL, COURTIER IMMOBILIER STE-DOROTH\u00c9E, MAISON \u00c0 VENDRE LAVAL, AGENT IMMOBILIER STE-DOROTH\u00c9E\" \/>\n<meta property=\"og:description\" content=\"Malgr\u00e9 la pr\u00e9sence de nombreuses grues dans la m\u00e9tropole, les promoteurs immobiliers ont ralenti la cadence en 2015. Plusieurs ont pr\u00e9f\u00e9r\u00e9 liquider leurs stocks invendus plut\u00f4t que de lancer de nouveaux projets. Selon les donn\u00e9es de la SCHL, les mises en chantier de copropri\u00e9t\u00e9s ont chut\u00e9 de 23% dans la grande r\u00e9gion de Montr\u00e9al, de [&hellip;]\" \/>\n<meta property=\"og:url\" content=\"https:\/\/eryckveziau.com\/non-classe\/les-promoteurs-de-condos-liquident-leurs-invendus\/\" \/>\n<meta property=\"og:site_name\" content=\"ERYCK V\u00c9ZIAU, COURTIER IMMOBILIER LAVAL, COURTIER IMMOBILIER STE-DOROTH\u00c9E, MAISON \u00c0 VENDRE LAVAL, AGENT IMMOBILIER STE-DOROTH\u00c9E\" \/>\n<meta property=\"article:publisher\" content=\"https:\/\/www.facebook.com\/EryckVeziau.courtier.immobilier.ReMax.Laval\" \/>\n<meta property=\"article:published_time\" content=\"2015-12-07T14:45:16+00:00\" \/>\n<meta property=\"og:image\" content=\"https:\/\/eryckveziau.com\/files\/2022\/09\/PartageEveziau.png\" \/>\n\t<meta property=\"og:image:width\" content=\"924\" \/>\n\t<meta property=\"og:image:height\" content=\"454\" \/>\n\t<meta property=\"og:image:type\" content=\"image\/png\" \/>\n<meta name=\"twitter:card\" content=\"summary_large_image\" \/>\n<meta name=\"twitter:label1\" content=\"Written by\" \/>\n\t<meta name=\"twitter:data1\" content=\"\" \/>\n\t<meta name=\"twitter:label2\" content=\"Est. reading time\" \/>\n\t<meta name=\"twitter:data2\" content=\"1 minute\" \/>\n<script type=\"application\/ld+json\" class=\"yoast-schema-graph\">{\"@context\":\"https:\/\/schema.org\",\"@graph\":[{\"@type\":\"Article\",\"@id\":\"https:\/\/eryckveziau.com\/non-classe\/les-promoteurs-de-condos-liquident-leurs-invendus\/#article\",\"isPartOf\":{\"@id\":\"https:\/\/eryckveziau.com\/non-classe\/les-promoteurs-de-condos-liquident-leurs-invendus\/\"},\"author\":{\"name\":\"\",\"@id\":\"\"},\"headline\":\"Les promoteurs de condos liquident leurs invendus\",\"datePublished\":\"2015-12-07T14:45:16+00:00\",\"mainEntityOfPage\":{\"@id\":\"https:\/\/eryckveziau.com\/non-classe\/les-promoteurs-de-condos-liquident-leurs-invendus\/\"},\"wordCount\":182,\"publisher\":{\"@id\":\"https:\/\/eryckveziau.com\/en\/#organization\"},\"articleSection\":[\"Non class\u00e9\"],\"inLanguage\":\"en-US\"},{\"@type\":\"WebPage\",\"@id\":\"https:\/\/eryckveziau.com\/non-classe\/les-promoteurs-de-condos-liquident-leurs-invendus\/\",\"url\":\"https:\/\/eryckveziau.com\/non-classe\/les-promoteurs-de-condos-liquident-leurs-invendus\/\",\"name\":\"Les promoteurs de condos liquident leurs invendus | ERYCK V\u00c9ZIAU, COURTIER IMMOBILIER LAVAL, COURTIER IMMOBILIER STE-DOROTH\u00c9E, MAISON \u00c0 VENDRE LAVAL, AGENT IMMOBILIER STE-DOROTH\u00c9E\",\"isPartOf\":{\"@id\":\"https:\/\/eryckveziau.com\/en\/#website\"},\"datePublished\":\"2015-12-07T14:45:16+00:00\",\"breadcrumb\":{\"@id\":\"https:\/\/eryckveziau.com\/non-classe\/les-promoteurs-de-condos-liquident-leurs-invendus\/#breadcrumb\"},\"inLanguage\":\"en-US\",\"potentialAction\":[{\"@type\":\"ReadAction\",\"target\":[\"https:\/\/eryckveziau.com\/non-classe\/les-promoteurs-de-condos-liquident-leurs-invendus\/\"]}]},{\"@type\":\"BreadcrumbList\",\"@id\":\"https:\/\/eryckveziau.com\/non-classe\/les-promoteurs-de-condos-liquident-leurs-invendus\/#breadcrumb\",\"itemListElement\":[{\"@type\":\"ListItem\",\"position\":1,\"name\":\"Accueil\",\"item\":\"https:\/\/eryckveziau.com\/en\/\"},{\"@type\":\"ListItem\",\"position\":2,\"name\":\"Les promoteurs de condos liquident leurs invendus\"}]},{\"@type\":\"WebSite\",\"@id\":\"https:\/\/eryckveziau.com\/en\/#website\",\"url\":\"https:\/\/eryckveziau.com\/en\/\",\"name\":\"ERYCK V\u00c9ZIAU, COURTIER IMMOBILIER LAVAL, COURTIER IMMOBILIER STE-DOROTH\u00c9E, MAISON \u00c0 VENDRE LAVAL, AGENT IMMOBILIER STE-DOROTH\u00c9E\",\"description\":\"\",\"publisher\":{\"@id\":\"https:\/\/eryckveziau.com\/en\/#organization\"},\"potentialAction\":[{\"@type\":\"SearchAction\",\"target\":{\"@type\":\"EntryPoint\",\"urlTemplate\":\"https:\/\/eryckveziau.com\/en\/?s={search_term_string}\"},\"query-input\":{\"@type\":\"PropertyValueSpecification\",\"valueRequired\":true,\"valueName\":\"search_term_string\"}}],\"inLanguage\":\"en-US\"},{\"@type\":\"Organization\",\"@id\":\"https:\/\/eryckveziau.com\/en\/#organization\",\"name\":\"Eryck V\u00e9ziau RE\/MAX\",\"url\":\"https:\/\/eryckveziau.com\/en\/\",\"logo\":{\"@type\":\"ImageObject\",\"inLanguage\":\"en-US\",\"@id\":\"https:\/\/eryckveziau.com\/en\/#\/schema\/logo\/image\/\",\"url\":\"https:\/\/eryckveziau.com\/files\/2022\/09\/PartageEveziau.png\",\"contentUrl\":\"https:\/\/eryckveziau.com\/files\/2022\/09\/PartageEveziau.png\",\"width\":924,\"height\":454,\"caption\":\"Eryck V\u00e9ziau RE\/MAX\"},\"image\":{\"@id\":\"https:\/\/eryckveziau.com\/en\/#\/schema\/logo\/image\/\"},\"sameAs\":[\"https:\/\/www.facebook.com\/EryckVeziau.courtier.immobilier.ReMax.Laval\",\"https:\/\/www.instagram.com\/eryck_veziau_remax\/\",\"https:\/\/www.linkedin.com\/in\/eryck-v\u00e9ziau-6a445134\/\",\"https:\/\/www.youtube.com\/user\/eveziau\"]},{\"@type\":\"Person\",\"@id\":\"\",\"url\":\"https:\/\/eryckveziau.com\/en\/author\/\"}]}<\/script>\n<!-- \/ Yoast SEO plugin. -->","yoast_head_json":{"title":"Les promoteurs de condos liquident leurs invendus | ERYCK V\u00c9ZIAU, COURTIER IMMOBILIER LAVAL, COURTIER IMMOBILIER STE-DOROTH\u00c9E, MAISON \u00c0 VENDRE LAVAL, AGENT IMMOBILIER STE-DOROTH\u00c9E","robots":{"index":"index","follow":"follow","max-snippet":"max-snippet:-1","max-image-preview":"max-image-preview:large","max-video-preview":"max-video-preview:-1"},"canonical":"https:\/\/eryckveziau.com\/non-classe\/les-promoteurs-de-condos-liquident-leurs-invendus\/","og_locale":"en_US","og_type":"article","og_title":"Les promoteurs de condos liquident leurs invendus | ERYCK V\u00c9ZIAU, COURTIER IMMOBILIER LAVAL, COURTIER IMMOBILIER STE-DOROTH\u00c9E, MAISON \u00c0 VENDRE LAVAL, AGENT IMMOBILIER STE-DOROTH\u00c9E","og_description":"Malgr\u00e9 la pr\u00e9sence de nombreuses grues dans la m\u00e9tropole, les promoteurs immobiliers ont ralenti la cadence en 2015. Plusieurs ont pr\u00e9f\u00e9r\u00e9 liquider leurs stocks invendus plut\u00f4t que de lancer de nouveaux projets. Selon les donn\u00e9es de la SCHL, les mises en chantier de copropri\u00e9t\u00e9s ont chut\u00e9 de 23% dans la grande r\u00e9gion de Montr\u00e9al, de [&hellip;]","og_url":"https:\/\/eryckveziau.com\/non-classe\/les-promoteurs-de-condos-liquident-leurs-invendus\/","og_site_name":"ERYCK V\u00c9ZIAU, COURTIER IMMOBILIER LAVAL, COURTIER IMMOBILIER STE-DOROTH\u00c9E, MAISON \u00c0 VENDRE LAVAL, AGENT IMMOBILIER STE-DOROTH\u00c9E","article_publisher":"https:\/\/www.facebook.com\/EryckVeziau.courtier.immobilier.ReMax.Laval","article_published_time":"2015-12-07T14:45:16+00:00","og_image":[{"width":924,"height":454,"url":"https:\/\/eryckveziau.com\/files\/2022\/09\/PartageEveziau.png","type":"image\/png"}],"twitter_card":"summary_large_image","twitter_misc":{"Written by":"","Est. reading time":"1 minute"},"schema":{"@context":"https:\/\/schema.org","@graph":[{"@type":"Article","@id":"https:\/\/eryckveziau.com\/non-classe\/les-promoteurs-de-condos-liquident-leurs-invendus\/#article","isPartOf":{"@id":"https:\/\/eryckveziau.com\/non-classe\/les-promoteurs-de-condos-liquident-leurs-invendus\/"},"author":{"name":"","@id":""},"headline":"Les promoteurs de condos liquident leurs invendus","datePublished":"2015-12-07T14:45:16+00:00","mainEntityOfPage":{"@id":"https:\/\/eryckveziau.com\/non-classe\/les-promoteurs-de-condos-liquident-leurs-invendus\/"},"wordCount":182,"publisher":{"@id":"https:\/\/eryckveziau.com\/en\/#organization"},"articleSection":["Non class\u00e9"],"inLanguage":"en-US"},{"@type":"WebPage","@id":"https:\/\/eryckveziau.com\/non-classe\/les-promoteurs-de-condos-liquident-leurs-invendus\/","url":"https:\/\/eryckveziau.com\/non-classe\/les-promoteurs-de-condos-liquident-leurs-invendus\/","name":"Les promoteurs de condos liquident leurs invendus | ERYCK V\u00c9ZIAU, COURTIER IMMOBILIER LAVAL, COURTIER IMMOBILIER STE-DOROTH\u00c9E, MAISON \u00c0 VENDRE LAVAL, AGENT IMMOBILIER STE-DOROTH\u00c9E","isPartOf":{"@id":"https:\/\/eryckveziau.com\/en\/#website"},"datePublished":"2015-12-07T14:45:16+00:00","breadcrumb":{"@id":"https:\/\/eryckveziau.com\/non-classe\/les-promoteurs-de-condos-liquident-leurs-invendus\/#breadcrumb"},"inLanguage":"en-US","potentialAction":[{"@type":"ReadAction","target":["https:\/\/eryckveziau.com\/non-classe\/les-promoteurs-de-condos-liquident-leurs-invendus\/"]}]},{"@type":"BreadcrumbList","@id":"https:\/\/eryckveziau.com\/non-classe\/les-promoteurs-de-condos-liquident-leurs-invendus\/#breadcrumb","itemListElement":[{"@type":"ListItem","position":1,"name":"Accueil","item":"https:\/\/eryckveziau.com\/en\/"},{"@type":"ListItem","position":2,"name":"Les promoteurs de condos liquident leurs invendus"}]},{"@type":"WebSite","@id":"https:\/\/eryckveziau.com\/en\/#website","url":"https:\/\/eryckveziau.com\/en\/","name":"ERYCK V\u00c9ZIAU, COURTIER IMMOBILIER LAVAL, COURTIER IMMOBILIER STE-DOROTH\u00c9E, MAISON \u00c0 VENDRE LAVAL, AGENT IMMOBILIER STE-DOROTH\u00c9E","description":"","publisher":{"@id":"https:\/\/eryckveziau.com\/en\/#organization"},"potentialAction":[{"@type":"SearchAction","target":{"@type":"EntryPoint","urlTemplate":"https:\/\/eryckveziau.com\/en\/?s={search_term_string}"},"query-input":{"@type":"PropertyValueSpecification","valueRequired":true,"valueName":"search_term_string"}}],"inLanguage":"en-US"},{"@type":"Organization","@id":"https:\/\/eryckveziau.com\/en\/#organization","name":"Eryck V\u00e9ziau RE\/MAX","url":"https:\/\/eryckveziau.com\/en\/","logo":{"@type":"ImageObject","inLanguage":"en-US","@id":"https:\/\/eryckveziau.com\/en\/#\/schema\/logo\/image\/","url":"https:\/\/eryckveziau.com\/files\/2022\/09\/PartageEveziau.png","contentUrl":"https:\/\/eryckveziau.com\/files\/2022\/09\/PartageEveziau.png","width":924,"height":454,"caption":"Eryck V\u00e9ziau RE\/MAX"},"image":{"@id":"https:\/\/eryckveziau.com\/en\/#\/schema\/logo\/image\/"},"sameAs":["https:\/\/www.facebook.com\/EryckVeziau.courtier.immobilier.ReMax.Laval","https:\/\/www.instagram.com\/eryck_veziau_remax\/","https:\/\/www.linkedin.com\/in\/eryck-v\u00e9ziau-6a445134\/","https:\/\/www.youtube.com\/user\/eveziau"]},{"@type":"Person","@id":"","url":"https:\/\/eryckveziau.com\/en\/author\/"}]}},"_links":{"self":[{"href":"https:\/\/eryckveziau.com\/en\/wp-json\/wp\/v2\/posts\/2381","targetHints":{"allow":["GET"]}}],"collection":[{"href":"https:\/\/eryckveziau.com\/en\/wp-json\/wp\/v2\/posts"}],"about":[{"href":"https:\/\/eryckveziau.com\/en\/wp-json\/wp\/v2\/types\/post"}],"author":[{"embeddable":true,"href":"https:\/\/eryckveziau.com\/en\/wp-json\/wp\/v2\/users\/285"}],"replies":[{"embeddable":true,"href":"https:\/\/eryckveziau.com\/en\/wp-json\/wp\/v2\/comments?post=2381"}],"version-history":[{"count":1,"href":"https:\/\/eryckveziau.com\/en\/wp-json\/wp\/v2\/posts\/2381\/revisions"}],"predecessor-version":[{"id":2382,"href":"https:\/\/eryckveziau.com\/en\/wp-json\/wp\/v2\/posts\/2381\/revisions\/2382"}],"wp:attachment":[{"href":"https:\/\/eryckveziau.com\/en\/wp-json\/wp\/v2\/media?parent=2381"}],"wp:term":[{"taxonomy":"category","embeddable":true,"href":"https:\/\/eryckveziau.com\/en\/wp-json\/wp\/v2\/categories?post=2381"},{"taxonomy":"post_tag","embeddable":true,"href":"https:\/\/eryckveziau.com\/en\/wp-json\/wp\/v2\/tags?post=2381"}],"curies":[{"name":"wp","href":"https:\/\/api.w.org\/{rel}","templated":true}]}}