{"id":2373,"date":"2015-11-30T10:15:31","date_gmt":"2015-11-30T15:15:31","guid":{"rendered":"\/?p=2373"},"modified":"2015-11-30T10:18:24","modified_gmt":"2015-11-30T15:18:24","slug":"plus-du-tiers-des-proprietaires-auraient-ete-a-court-dargent-en-2015","status":"publish","type":"post","link":"https:\/\/eryckveziau.com\/en\/non-classe\/plus-du-tiers-des-proprietaires-auraient-ete-a-court-dargent-en-2015\/","title":{"rendered":"Plus du tiers des propri\u00e9taires auraient \u00e9t\u00e9 \u00e0 court d&#8217;argent en 2015"},"content":{"rendered":"<p><strong>Pr\u00e8s de 40% des propri\u00e9taires canadiens ont eu du mal \u00e0 joindre les deux bouts au moins une fois au cours des 12 derniers mois, selon un sondage command\u00e9 par la Financi\u00e8re Manuvie.<\/strong><\/p>\n<p>&nbsp;<\/p>\n<p>L&#8217;enqu\u00eate r\u00e9v\u00e8le que 24% des r\u00e9pondants ont \u00e9t\u00e9 \u00ab\u00e0 court d&#8217;argent\u00bb &#8211; le compte bancaire ne couvrant pas les d\u00e9penses &#8211; une fois ou deux au cours de la derni\u00e8re ann\u00e9e, 10% ont \u00e9t\u00e9 pris de court \u00abquelques fois\u00bb et 4% \u00e0 peu pr\u00e8s tous les mois.<\/p>\n<p>&nbsp;<\/p>\n<p>Pour r\u00e9soudre leur probl\u00e8me financier, un tiers des r\u00e9pondants s&#8217;est alors tourn\u00e9 vers la marge de cr\u00e9dit et un autre tiers vers la carte de cr\u00e9dit; 23% des r\u00e9pondants ont pig\u00e9 dans leur fonds d&#8217;urgence, justement, alors que 14% ont demand\u00e9 \u00e0 des proches de les d\u00e9panner.<\/p>\n<p>&nbsp;<\/p>\n<p>Quelque 10% ont m\u00eame pig\u00e9 dans leur R\u00e9gime enregistr\u00e9 d&#8217;\u00e9pargne-retraite ou vendu des placements afin de joindre les deux bouts.<\/p>\n","protected":false},"excerpt":{"rendered":"<p>Pr\u00e8s de 40% des propri\u00e9taires canadiens ont eu du mal \u00e0 joindre les deux bouts au moins une fois au cours des 12 derniers mois, selon un sondage command\u00e9 par la Financi\u00e8re Manuvie. &nbsp; L&#8217;enqu\u00eate r\u00e9v\u00e8le que 24% des r\u00e9pondants ont \u00e9t\u00e9 \u00ab\u00e0 court d&#8217;argent\u00bb &#8211; le compte bancaire ne couvrant pas les d\u00e9penses &#8211; [&hellip;]<\/p>\n","protected":false},"author":285,"featured_media":0,"comment_status":"closed","ping_status":"closed","sticky":false,"template":"","format":"standard","meta":{"_acf_changed":false,"footnotes":""},"categories":[1],"tags":[],"class_list":["post-2373","post","type-post","status-publish","format-standard","hentry","category-non-classe"],"acf":[],"yoast_head":"<!-- This site is optimized with the Yoast SEO plugin v26.7 - https:\/\/yoast.com\/wordpress\/plugins\/seo\/ -->\n<title>Plus du tiers des propri\u00e9taires auraient \u00e9t\u00e9 \u00e0 court d&#039;argent en 2015 | ERYCK V\u00c9ZIAU, COURTIER IMMOBILIER LAVAL, COURTIER IMMOBILIER STE-DOROTH\u00c9E, MAISON \u00c0 VENDRE LAVAL, AGENT IMMOBILIER STE-DOROTH\u00c9E<\/title>\n<meta name=\"robots\" content=\"index, follow, max-snippet:-1, max-image-preview:large, max-video-preview:-1\" \/>\n<link rel=\"canonical\" href=\"https:\/\/eryckveziau.com\/non-classe\/plus-du-tiers-des-proprietaires-auraient-ete-a-court-dargent-en-2015\/\" \/>\n<meta property=\"og:locale\" content=\"en_US\" \/>\n<meta property=\"og:type\" content=\"article\" \/>\n<meta property=\"og:title\" content=\"Plus du tiers des propri\u00e9taires auraient \u00e9t\u00e9 \u00e0 court d&#039;argent en 2015 | ERYCK V\u00c9ZIAU, COURTIER IMMOBILIER LAVAL, COURTIER IMMOBILIER STE-DOROTH\u00c9E, MAISON \u00c0 VENDRE LAVAL, AGENT IMMOBILIER STE-DOROTH\u00c9E\" \/>\n<meta property=\"og:description\" content=\"Pr\u00e8s de 40% des propri\u00e9taires canadiens ont eu du mal \u00e0 joindre les deux bouts au moins une fois au cours des 12 derniers mois, selon un sondage command\u00e9 par la Financi\u00e8re Manuvie. &nbsp; L&#8217;enqu\u00eate r\u00e9v\u00e8le que 24% des r\u00e9pondants ont \u00e9t\u00e9 \u00ab\u00e0 court d&#8217;argent\u00bb &#8211; le compte bancaire ne couvrant pas les d\u00e9penses &#8211; [&hellip;]\" \/>\n<meta property=\"og:url\" content=\"https:\/\/eryckveziau.com\/non-classe\/plus-du-tiers-des-proprietaires-auraient-ete-a-court-dargent-en-2015\/\" \/>\n<meta property=\"og:site_name\" content=\"ERYCK V\u00c9ZIAU, COURTIER IMMOBILIER LAVAL, COURTIER IMMOBILIER STE-DOROTH\u00c9E, MAISON \u00c0 VENDRE LAVAL, AGENT IMMOBILIER STE-DOROTH\u00c9E\" \/>\n<meta property=\"article:publisher\" content=\"https:\/\/www.facebook.com\/EryckVeziau.courtier.immobilier.ReMax.Laval\" \/>\n<meta property=\"article:published_time\" content=\"2015-11-30T15:15:31+00:00\" \/>\n<meta property=\"article:modified_time\" content=\"2015-11-30T15:18:24+00:00\" \/>\n<meta property=\"og:image\" content=\"https:\/\/eryckveziau.com\/files\/2022\/09\/PartageEveziau.png\" \/>\n\t<meta property=\"og:image:width\" content=\"924\" \/>\n\t<meta property=\"og:image:height\" content=\"454\" \/>\n\t<meta property=\"og:image:type\" content=\"image\/png\" \/>\n<meta name=\"twitter:card\" content=\"summary_large_image\" \/>\n<meta name=\"twitter:label1\" content=\"Written by\" \/>\n\t<meta name=\"twitter:data1\" content=\"\" \/>\n\t<meta name=\"twitter:label2\" content=\"Est. reading time\" \/>\n\t<meta name=\"twitter:data2\" content=\"1 minute\" \/>\n<script type=\"application\/ld+json\" class=\"yoast-schema-graph\">{\"@context\":\"https:\/\/schema.org\",\"@graph\":[{\"@type\":\"Article\",\"@id\":\"https:\/\/eryckveziau.com\/non-classe\/plus-du-tiers-des-proprietaires-auraient-ete-a-court-dargent-en-2015\/#article\",\"isPartOf\":{\"@id\":\"https:\/\/eryckveziau.com\/non-classe\/plus-du-tiers-des-proprietaires-auraient-ete-a-court-dargent-en-2015\/\"},\"author\":{\"name\":\"\",\"@id\":\"\"},\"headline\":\"Plus du tiers des propri\u00e9taires auraient \u00e9t\u00e9 \u00e0 court d&#8217;argent en 2015\",\"datePublished\":\"2015-11-30T15:15:31+00:00\",\"dateModified\":\"2015-11-30T15:18:24+00:00\",\"mainEntityOfPage\":{\"@id\":\"https:\/\/eryckveziau.com\/non-classe\/plus-du-tiers-des-proprietaires-auraient-ete-a-court-dargent-en-2015\/\"},\"wordCount\":175,\"publisher\":{\"@id\":\"https:\/\/eryckveziau.com\/en\/#organization\"},\"articleSection\":[\"Non class\u00e9\"],\"inLanguage\":\"en-US\"},{\"@type\":\"WebPage\",\"@id\":\"https:\/\/eryckveziau.com\/non-classe\/plus-du-tiers-des-proprietaires-auraient-ete-a-court-dargent-en-2015\/\",\"url\":\"https:\/\/eryckveziau.com\/non-classe\/plus-du-tiers-des-proprietaires-auraient-ete-a-court-dargent-en-2015\/\",\"name\":\"Plus du tiers des propri\u00e9taires auraient \u00e9t\u00e9 \u00e0 court d'argent en 2015 | ERYCK V\u00c9ZIAU, COURTIER IMMOBILIER LAVAL, COURTIER IMMOBILIER STE-DOROTH\u00c9E, MAISON \u00c0 VENDRE LAVAL, AGENT IMMOBILIER STE-DOROTH\u00c9E\",\"isPartOf\":{\"@id\":\"https:\/\/eryckveziau.com\/en\/#website\"},\"datePublished\":\"2015-11-30T15:15:31+00:00\",\"dateModified\":\"2015-11-30T15:18:24+00:00\",\"breadcrumb\":{\"@id\":\"https:\/\/eryckveziau.com\/non-classe\/plus-du-tiers-des-proprietaires-auraient-ete-a-court-dargent-en-2015\/#breadcrumb\"},\"inLanguage\":\"en-US\",\"potentialAction\":[{\"@type\":\"ReadAction\",\"target\":[\"https:\/\/eryckveziau.com\/non-classe\/plus-du-tiers-des-proprietaires-auraient-ete-a-court-dargent-en-2015\/\"]}]},{\"@type\":\"BreadcrumbList\",\"@id\":\"https:\/\/eryckveziau.com\/non-classe\/plus-du-tiers-des-proprietaires-auraient-ete-a-court-dargent-en-2015\/#breadcrumb\",\"itemListElement\":[{\"@type\":\"ListItem\",\"position\":1,\"name\":\"Accueil\",\"item\":\"https:\/\/eryckveziau.com\/en\/\"},{\"@type\":\"ListItem\",\"position\":2,\"name\":\"Plus du tiers des propri\u00e9taires auraient \u00e9t\u00e9 \u00e0 court d&rsquo;argent en 2015\"}]},{\"@type\":\"WebSite\",\"@id\":\"https:\/\/eryckveziau.com\/en\/#website\",\"url\":\"https:\/\/eryckveziau.com\/en\/\",\"name\":\"ERYCK V\u00c9ZIAU, COURTIER IMMOBILIER LAVAL, COURTIER IMMOBILIER STE-DOROTH\u00c9E, MAISON \u00c0 VENDRE LAVAL, AGENT IMMOBILIER STE-DOROTH\u00c9E\",\"description\":\"\",\"publisher\":{\"@id\":\"https:\/\/eryckveziau.com\/en\/#organization\"},\"potentialAction\":[{\"@type\":\"SearchAction\",\"target\":{\"@type\":\"EntryPoint\",\"urlTemplate\":\"https:\/\/eryckveziau.com\/en\/?s={search_term_string}\"},\"query-input\":{\"@type\":\"PropertyValueSpecification\",\"valueRequired\":true,\"valueName\":\"search_term_string\"}}],\"inLanguage\":\"en-US\"},{\"@type\":\"Organization\",\"@id\":\"https:\/\/eryckveziau.com\/en\/#organization\",\"name\":\"Eryck V\u00e9ziau RE\/MAX\",\"url\":\"https:\/\/eryckveziau.com\/en\/\",\"logo\":{\"@type\":\"ImageObject\",\"inLanguage\":\"en-US\",\"@id\":\"https:\/\/eryckveziau.com\/en\/#\/schema\/logo\/image\/\",\"url\":\"https:\/\/eryckveziau.com\/files\/2022\/09\/PartageEveziau.png\",\"contentUrl\":\"https:\/\/eryckveziau.com\/files\/2022\/09\/PartageEveziau.png\",\"width\":924,\"height\":454,\"caption\":\"Eryck V\u00e9ziau RE\/MAX\"},\"image\":{\"@id\":\"https:\/\/eryckveziau.com\/en\/#\/schema\/logo\/image\/\"},\"sameAs\":[\"https:\/\/www.facebook.com\/EryckVeziau.courtier.immobilier.ReMax.Laval\",\"https:\/\/www.instagram.com\/eryck_veziau_remax\/\",\"https:\/\/www.linkedin.com\/in\/eryck-v\u00e9ziau-6a445134\/\",\"https:\/\/www.youtube.com\/user\/eveziau\"]},{\"@type\":\"Person\",\"@id\":\"\",\"url\":\"https:\/\/eryckveziau.com\/en\/author\/\"}]}<\/script>\n<!-- \/ Yoast SEO plugin. -->","yoast_head_json":{"title":"Plus du tiers des propri\u00e9taires auraient \u00e9t\u00e9 \u00e0 court d'argent en 2015 | ERYCK V\u00c9ZIAU, COURTIER IMMOBILIER LAVAL, COURTIER IMMOBILIER STE-DOROTH\u00c9E, MAISON \u00c0 VENDRE LAVAL, AGENT IMMOBILIER STE-DOROTH\u00c9E","robots":{"index":"index","follow":"follow","max-snippet":"max-snippet:-1","max-image-preview":"max-image-preview:large","max-video-preview":"max-video-preview:-1"},"canonical":"https:\/\/eryckveziau.com\/non-classe\/plus-du-tiers-des-proprietaires-auraient-ete-a-court-dargent-en-2015\/","og_locale":"en_US","og_type":"article","og_title":"Plus du tiers des propri\u00e9taires auraient \u00e9t\u00e9 \u00e0 court d'argent en 2015 | ERYCK V\u00c9ZIAU, COURTIER IMMOBILIER LAVAL, COURTIER IMMOBILIER STE-DOROTH\u00c9E, MAISON \u00c0 VENDRE LAVAL, AGENT IMMOBILIER STE-DOROTH\u00c9E","og_description":"Pr\u00e8s de 40% des propri\u00e9taires canadiens ont eu du mal \u00e0 joindre les deux bouts au moins une fois au cours des 12 derniers mois, selon un sondage command\u00e9 par la Financi\u00e8re Manuvie. &nbsp; L&#8217;enqu\u00eate r\u00e9v\u00e8le que 24% des r\u00e9pondants ont \u00e9t\u00e9 \u00ab\u00e0 court d&#8217;argent\u00bb &#8211; le compte bancaire ne couvrant pas les d\u00e9penses &#8211; [&hellip;]","og_url":"https:\/\/eryckveziau.com\/non-classe\/plus-du-tiers-des-proprietaires-auraient-ete-a-court-dargent-en-2015\/","og_site_name":"ERYCK V\u00c9ZIAU, COURTIER IMMOBILIER LAVAL, COURTIER IMMOBILIER STE-DOROTH\u00c9E, MAISON \u00c0 VENDRE LAVAL, AGENT IMMOBILIER STE-DOROTH\u00c9E","article_publisher":"https:\/\/www.facebook.com\/EryckVeziau.courtier.immobilier.ReMax.Laval","article_published_time":"2015-11-30T15:15:31+00:00","article_modified_time":"2015-11-30T15:18:24+00:00","og_image":[{"width":924,"height":454,"url":"https:\/\/eryckveziau.com\/files\/2022\/09\/PartageEveziau.png","type":"image\/png"}],"twitter_card":"summary_large_image","twitter_misc":{"Written by":"","Est. reading time":"1 minute"},"schema":{"@context":"https:\/\/schema.org","@graph":[{"@type":"Article","@id":"https:\/\/eryckveziau.com\/non-classe\/plus-du-tiers-des-proprietaires-auraient-ete-a-court-dargent-en-2015\/#article","isPartOf":{"@id":"https:\/\/eryckveziau.com\/non-classe\/plus-du-tiers-des-proprietaires-auraient-ete-a-court-dargent-en-2015\/"},"author":{"name":"","@id":""},"headline":"Plus du tiers des propri\u00e9taires auraient \u00e9t\u00e9 \u00e0 court d&#8217;argent en 2015","datePublished":"2015-11-30T15:15:31+00:00","dateModified":"2015-11-30T15:18:24+00:00","mainEntityOfPage":{"@id":"https:\/\/eryckveziau.com\/non-classe\/plus-du-tiers-des-proprietaires-auraient-ete-a-court-dargent-en-2015\/"},"wordCount":175,"publisher":{"@id":"https:\/\/eryckveziau.com\/en\/#organization"},"articleSection":["Non class\u00e9"],"inLanguage":"en-US"},{"@type":"WebPage","@id":"https:\/\/eryckveziau.com\/non-classe\/plus-du-tiers-des-proprietaires-auraient-ete-a-court-dargent-en-2015\/","url":"https:\/\/eryckveziau.com\/non-classe\/plus-du-tiers-des-proprietaires-auraient-ete-a-court-dargent-en-2015\/","name":"Plus du tiers des propri\u00e9taires auraient \u00e9t\u00e9 \u00e0 court d'argent en 2015 | ERYCK V\u00c9ZIAU, COURTIER IMMOBILIER LAVAL, COURTIER IMMOBILIER STE-DOROTH\u00c9E, MAISON \u00c0 VENDRE LAVAL, AGENT IMMOBILIER STE-DOROTH\u00c9E","isPartOf":{"@id":"https:\/\/eryckveziau.com\/en\/#website"},"datePublished":"2015-11-30T15:15:31+00:00","dateModified":"2015-11-30T15:18:24+00:00","breadcrumb":{"@id":"https:\/\/eryckveziau.com\/non-classe\/plus-du-tiers-des-proprietaires-auraient-ete-a-court-dargent-en-2015\/#breadcrumb"},"inLanguage":"en-US","potentialAction":[{"@type":"ReadAction","target":["https:\/\/eryckveziau.com\/non-classe\/plus-du-tiers-des-proprietaires-auraient-ete-a-court-dargent-en-2015\/"]}]},{"@type":"BreadcrumbList","@id":"https:\/\/eryckveziau.com\/non-classe\/plus-du-tiers-des-proprietaires-auraient-ete-a-court-dargent-en-2015\/#breadcrumb","itemListElement":[{"@type":"ListItem","position":1,"name":"Accueil","item":"https:\/\/eryckveziau.com\/en\/"},{"@type":"ListItem","position":2,"name":"Plus du tiers des propri\u00e9taires auraient \u00e9t\u00e9 \u00e0 court d&rsquo;argent en 2015"}]},{"@type":"WebSite","@id":"https:\/\/eryckveziau.com\/en\/#website","url":"https:\/\/eryckveziau.com\/en\/","name":"ERYCK V\u00c9ZIAU, COURTIER IMMOBILIER LAVAL, COURTIER IMMOBILIER STE-DOROTH\u00c9E, MAISON \u00c0 VENDRE LAVAL, AGENT IMMOBILIER STE-DOROTH\u00c9E","description":"","publisher":{"@id":"https:\/\/eryckveziau.com\/en\/#organization"},"potentialAction":[{"@type":"SearchAction","target":{"@type":"EntryPoint","urlTemplate":"https:\/\/eryckveziau.com\/en\/?s={search_term_string}"},"query-input":{"@type":"PropertyValueSpecification","valueRequired":true,"valueName":"search_term_string"}}],"inLanguage":"en-US"},{"@type":"Organization","@id":"https:\/\/eryckveziau.com\/en\/#organization","name":"Eryck V\u00e9ziau RE\/MAX","url":"https:\/\/eryckveziau.com\/en\/","logo":{"@type":"ImageObject","inLanguage":"en-US","@id":"https:\/\/eryckveziau.com\/en\/#\/schema\/logo\/image\/","url":"https:\/\/eryckveziau.com\/files\/2022\/09\/PartageEveziau.png","contentUrl":"https:\/\/eryckveziau.com\/files\/2022\/09\/PartageEveziau.png","width":924,"height":454,"caption":"Eryck V\u00e9ziau RE\/MAX"},"image":{"@id":"https:\/\/eryckveziau.com\/en\/#\/schema\/logo\/image\/"},"sameAs":["https:\/\/www.facebook.com\/EryckVeziau.courtier.immobilier.ReMax.Laval","https:\/\/www.instagram.com\/eryck_veziau_remax\/","https:\/\/www.linkedin.com\/in\/eryck-v\u00e9ziau-6a445134\/","https:\/\/www.youtube.com\/user\/eveziau"]},{"@type":"Person","@id":"","url":"https:\/\/eryckveziau.com\/en\/author\/"}]}},"_links":{"self":[{"href":"https:\/\/eryckveziau.com\/en\/wp-json\/wp\/v2\/posts\/2373","targetHints":{"allow":["GET"]}}],"collection":[{"href":"https:\/\/eryckveziau.com\/en\/wp-json\/wp\/v2\/posts"}],"about":[{"href":"https:\/\/eryckveziau.com\/en\/wp-json\/wp\/v2\/types\/post"}],"author":[{"embeddable":true,"href":"https:\/\/eryckveziau.com\/en\/wp-json\/wp\/v2\/users\/285"}],"replies":[{"embeddable":true,"href":"https:\/\/eryckveziau.com\/en\/wp-json\/wp\/v2\/comments?post=2373"}],"version-history":[{"count":1,"href":"https:\/\/eryckveziau.com\/en\/wp-json\/wp\/v2\/posts\/2373\/revisions"}],"predecessor-version":[{"id":2374,"href":"https:\/\/eryckveziau.com\/en\/wp-json\/wp\/v2\/posts\/2373\/revisions\/2374"}],"wp:attachment":[{"href":"https:\/\/eryckveziau.com\/en\/wp-json\/wp\/v2\/media?parent=2373"}],"wp:term":[{"taxonomy":"category","embeddable":true,"href":"https:\/\/eryckveziau.com\/en\/wp-json\/wp\/v2\/categories?post=2373"},{"taxonomy":"post_tag","embeddable":true,"href":"https:\/\/eryckveziau.com\/en\/wp-json\/wp\/v2\/tags?post=2373"}],"curies":[{"name":"wp","href":"https:\/\/api.w.org\/{rel}","templated":true}]}}