{"id":2342,"date":"2015-11-11T09:04:59","date_gmt":"2015-11-11T14:04:59","guid":{"rendered":"\/?p=2342"},"modified":"2015-11-11T09:04:59","modified_gmt":"2015-11-11T14:04:59","slug":"le-canada-est-encore-trop-liberal-dit-locde","status":"publish","type":"post","link":"https:\/\/eryckveziau.com\/en\/non-classe\/le-canada-est-encore-trop-liberal-dit-locde\/","title":{"rendered":"Le Canada est encore trop lib\u00e9ral, dit l\u2019OCDE"},"content":{"rendered":"<p>Le Canada aurait tout int\u00e9r\u00eat \u00e0 donner un autre tour de vis \u00e0 ses r\u00e8gles hypoth\u00e9caires afin de r\u00e9duire les risques li\u00e9s \u00e0 l\u2019endettement des m\u00e9nages et la flamb\u00e9e des prix immobiliers, estime l\u2019OCDE.<\/p>\n<p>&nbsp;<\/p>\n<p>La construction de maisons neuves se maintient \u00e0 la limite sup\u00e9rieure maximale de ce que devraient normalement lui permettre les tendances d\u00e9mographiques fondamentales, s\u2019est inqui\u00e9t\u00e9e lundi l\u2019Organisation de coop\u00e9ration et de d\u00e9veloppement \u00e9conomiques (OCDE) dans la mise \u00e0 jour semestrielle de ses perspectives \u00e9conomiques. Une brutale correction \u00e0 la baisse des prix, notamment dans les march\u00e9s sur\u00e9valu\u00e9s de Toronto et Vancouver, pourrait frapper durement les m\u00e9nages et toute l\u2019\u00e9conomie par voie de cons\u00e9quence.<em> \u00ab<\/em><em>\u00a0<\/em><em>De nouvelles mesures macroprudentielles devraient \u00eatre prises afin de contenir les risques que l\u2019endettement des m\u00e9nages et le niveau \u00e9lev\u00e9 de l\u2019investissement et des prix dans le secteur du logement font peser sur la stabilit\u00e9 du syst\u00e8me financier<\/em><em>\u00a0<\/em><em>\u00bb\u00a0<\/em>,a-t-elle d\u00e9clar\u00e9. Ces mesures pourraient par exemple prendre la forme d\u2019une autre augmentation de la mise de fonds minimale ou d\u2019une autre r\u00e9duction de l\u2019endettement maximal permis au moment de contracter une hypoth\u00e8que.<\/p>\n","protected":false},"excerpt":{"rendered":"<p>Le Canada aurait tout int\u00e9r\u00eat \u00e0 donner un autre tour de vis \u00e0 ses r\u00e8gles hypoth\u00e9caires afin de r\u00e9duire les risques li\u00e9s \u00e0 l\u2019endettement des m\u00e9nages et la flamb\u00e9e des prix immobiliers, estime l\u2019OCDE. &nbsp; La construction de maisons neuves se maintient \u00e0 la limite sup\u00e9rieure maximale de ce que devraient normalement lui permettre les [&hellip;]<\/p>\n","protected":false},"author":285,"featured_media":0,"comment_status":"closed","ping_status":"closed","sticky":false,"template":"","format":"standard","meta":{"_acf_changed":false,"footnotes":""},"categories":[1],"tags":[],"class_list":["post-2342","post","type-post","status-publish","format-standard","hentry","category-non-classe"],"acf":[],"yoast_head":"<!-- This site is optimized with the Yoast SEO plugin v26.7 - https:\/\/yoast.com\/wordpress\/plugins\/seo\/ -->\n<title>Le Canada est encore trop lib\u00e9ral, dit l\u2019OCDE | ERYCK V\u00c9ZIAU, COURTIER IMMOBILIER LAVAL, COURTIER IMMOBILIER STE-DOROTH\u00c9E, MAISON \u00c0 VENDRE LAVAL, AGENT IMMOBILIER STE-DOROTH\u00c9E<\/title>\n<meta name=\"robots\" content=\"index, follow, max-snippet:-1, max-image-preview:large, max-video-preview:-1\" \/>\n<link rel=\"canonical\" href=\"https:\/\/eryckveziau.com\/non-classe\/le-canada-est-encore-trop-liberal-dit-locde\/\" \/>\n<meta property=\"og:locale\" content=\"en_US\" \/>\n<meta property=\"og:type\" content=\"article\" \/>\n<meta property=\"og:title\" content=\"Le Canada est encore trop lib\u00e9ral, dit l\u2019OCDE | ERYCK V\u00c9ZIAU, COURTIER IMMOBILIER LAVAL, COURTIER IMMOBILIER STE-DOROTH\u00c9E, MAISON \u00c0 VENDRE LAVAL, AGENT IMMOBILIER STE-DOROTH\u00c9E\" \/>\n<meta property=\"og:description\" content=\"Le Canada aurait tout int\u00e9r\u00eat \u00e0 donner un autre tour de vis \u00e0 ses r\u00e8gles hypoth\u00e9caires afin de r\u00e9duire les risques li\u00e9s \u00e0 l\u2019endettement des m\u00e9nages et la flamb\u00e9e des prix immobiliers, estime l\u2019OCDE. &nbsp; La construction de maisons neuves se maintient \u00e0 la limite sup\u00e9rieure maximale de ce que devraient normalement lui permettre les [&hellip;]\" \/>\n<meta property=\"og:url\" content=\"https:\/\/eryckveziau.com\/non-classe\/le-canada-est-encore-trop-liberal-dit-locde\/\" \/>\n<meta property=\"og:site_name\" content=\"ERYCK V\u00c9ZIAU, COURTIER IMMOBILIER LAVAL, COURTIER IMMOBILIER STE-DOROTH\u00c9E, MAISON \u00c0 VENDRE LAVAL, AGENT IMMOBILIER STE-DOROTH\u00c9E\" \/>\n<meta property=\"article:publisher\" content=\"https:\/\/www.facebook.com\/EryckVeziau.courtier.immobilier.ReMax.Laval\" \/>\n<meta property=\"article:published_time\" content=\"2015-11-11T14:04:59+00:00\" \/>\n<meta property=\"og:image\" content=\"https:\/\/eryckveziau.com\/files\/2022\/09\/PartageEveziau.png\" \/>\n\t<meta property=\"og:image:width\" content=\"924\" \/>\n\t<meta property=\"og:image:height\" content=\"454\" \/>\n\t<meta property=\"og:image:type\" content=\"image\/png\" \/>\n<meta name=\"twitter:card\" content=\"summary_large_image\" \/>\n<meta name=\"twitter:label1\" content=\"Written by\" \/>\n\t<meta name=\"twitter:data1\" content=\"\" \/>\n\t<meta name=\"twitter:label2\" content=\"Est. reading time\" \/>\n\t<meta name=\"twitter:data2\" content=\"1 minute\" \/>\n<script type=\"application\/ld+json\" class=\"yoast-schema-graph\">{\"@context\":\"https:\/\/schema.org\",\"@graph\":[{\"@type\":\"Article\",\"@id\":\"https:\/\/eryckveziau.com\/non-classe\/le-canada-est-encore-trop-liberal-dit-locde\/#article\",\"isPartOf\":{\"@id\":\"https:\/\/eryckveziau.com\/non-classe\/le-canada-est-encore-trop-liberal-dit-locde\/\"},\"author\":{\"name\":\"\",\"@id\":\"\"},\"headline\":\"Le Canada est encore trop lib\u00e9ral, dit l\u2019OCDE\",\"datePublished\":\"2015-11-11T14:04:59+00:00\",\"mainEntityOfPage\":{\"@id\":\"https:\/\/eryckveziau.com\/non-classe\/le-canada-est-encore-trop-liberal-dit-locde\/\"},\"wordCount\":217,\"publisher\":{\"@id\":\"https:\/\/eryckveziau.com\/en\/#organization\"},\"articleSection\":[\"Non class\u00e9\"],\"inLanguage\":\"en-US\"},{\"@type\":\"WebPage\",\"@id\":\"https:\/\/eryckveziau.com\/non-classe\/le-canada-est-encore-trop-liberal-dit-locde\/\",\"url\":\"https:\/\/eryckveziau.com\/non-classe\/le-canada-est-encore-trop-liberal-dit-locde\/\",\"name\":\"Le Canada est encore trop lib\u00e9ral, dit l\u2019OCDE | ERYCK V\u00c9ZIAU, COURTIER IMMOBILIER LAVAL, COURTIER IMMOBILIER STE-DOROTH\u00c9E, MAISON \u00c0 VENDRE LAVAL, AGENT IMMOBILIER STE-DOROTH\u00c9E\",\"isPartOf\":{\"@id\":\"https:\/\/eryckveziau.com\/en\/#website\"},\"datePublished\":\"2015-11-11T14:04:59+00:00\",\"breadcrumb\":{\"@id\":\"https:\/\/eryckveziau.com\/non-classe\/le-canada-est-encore-trop-liberal-dit-locde\/#breadcrumb\"},\"inLanguage\":\"en-US\",\"potentialAction\":[{\"@type\":\"ReadAction\",\"target\":[\"https:\/\/eryckveziau.com\/non-classe\/le-canada-est-encore-trop-liberal-dit-locde\/\"]}]},{\"@type\":\"BreadcrumbList\",\"@id\":\"https:\/\/eryckveziau.com\/non-classe\/le-canada-est-encore-trop-liberal-dit-locde\/#breadcrumb\",\"itemListElement\":[{\"@type\":\"ListItem\",\"position\":1,\"name\":\"Accueil\",\"item\":\"https:\/\/eryckveziau.com\/en\/\"},{\"@type\":\"ListItem\",\"position\":2,\"name\":\"Le Canada est encore trop lib\u00e9ral, dit l\u2019OCDE\"}]},{\"@type\":\"WebSite\",\"@id\":\"https:\/\/eryckveziau.com\/en\/#website\",\"url\":\"https:\/\/eryckveziau.com\/en\/\",\"name\":\"ERYCK V\u00c9ZIAU, COURTIER IMMOBILIER LAVAL, COURTIER IMMOBILIER STE-DOROTH\u00c9E, MAISON \u00c0 VENDRE LAVAL, AGENT IMMOBILIER STE-DOROTH\u00c9E\",\"description\":\"\",\"publisher\":{\"@id\":\"https:\/\/eryckveziau.com\/en\/#organization\"},\"potentialAction\":[{\"@type\":\"SearchAction\",\"target\":{\"@type\":\"EntryPoint\",\"urlTemplate\":\"https:\/\/eryckveziau.com\/en\/?s={search_term_string}\"},\"query-input\":{\"@type\":\"PropertyValueSpecification\",\"valueRequired\":true,\"valueName\":\"search_term_string\"}}],\"inLanguage\":\"en-US\"},{\"@type\":\"Organization\",\"@id\":\"https:\/\/eryckveziau.com\/en\/#organization\",\"name\":\"Eryck V\u00e9ziau RE\/MAX\",\"url\":\"https:\/\/eryckveziau.com\/en\/\",\"logo\":{\"@type\":\"ImageObject\",\"inLanguage\":\"en-US\",\"@id\":\"https:\/\/eryckveziau.com\/en\/#\/schema\/logo\/image\/\",\"url\":\"https:\/\/eryckveziau.com\/files\/2022\/09\/PartageEveziau.png\",\"contentUrl\":\"https:\/\/eryckveziau.com\/files\/2022\/09\/PartageEveziau.png\",\"width\":924,\"height\":454,\"caption\":\"Eryck V\u00e9ziau RE\/MAX\"},\"image\":{\"@id\":\"https:\/\/eryckveziau.com\/en\/#\/schema\/logo\/image\/\"},\"sameAs\":[\"https:\/\/www.facebook.com\/EryckVeziau.courtier.immobilier.ReMax.Laval\",\"https:\/\/www.instagram.com\/eryck_veziau_remax\/\",\"https:\/\/www.linkedin.com\/in\/eryck-v\u00e9ziau-6a445134\/\",\"https:\/\/www.youtube.com\/user\/eveziau\"]},{\"@type\":\"Person\",\"@id\":\"\",\"url\":\"https:\/\/eryckveziau.com\/en\/author\/\"}]}<\/script>\n<!-- \/ Yoast SEO plugin. -->","yoast_head_json":{"title":"Le Canada est encore trop lib\u00e9ral, dit l\u2019OCDE | ERYCK V\u00c9ZIAU, COURTIER IMMOBILIER LAVAL, COURTIER IMMOBILIER STE-DOROTH\u00c9E, MAISON \u00c0 VENDRE LAVAL, AGENT IMMOBILIER STE-DOROTH\u00c9E","robots":{"index":"index","follow":"follow","max-snippet":"max-snippet:-1","max-image-preview":"max-image-preview:large","max-video-preview":"max-video-preview:-1"},"canonical":"https:\/\/eryckveziau.com\/non-classe\/le-canada-est-encore-trop-liberal-dit-locde\/","og_locale":"en_US","og_type":"article","og_title":"Le Canada est encore trop lib\u00e9ral, dit l\u2019OCDE | ERYCK V\u00c9ZIAU, COURTIER IMMOBILIER LAVAL, COURTIER IMMOBILIER STE-DOROTH\u00c9E, MAISON \u00c0 VENDRE LAVAL, AGENT IMMOBILIER STE-DOROTH\u00c9E","og_description":"Le Canada aurait tout int\u00e9r\u00eat \u00e0 donner un autre tour de vis \u00e0 ses r\u00e8gles hypoth\u00e9caires afin de r\u00e9duire les risques li\u00e9s \u00e0 l\u2019endettement des m\u00e9nages et la flamb\u00e9e des prix immobiliers, estime l\u2019OCDE. &nbsp; La construction de maisons neuves se maintient \u00e0 la limite sup\u00e9rieure maximale de ce que devraient normalement lui permettre les [&hellip;]","og_url":"https:\/\/eryckveziau.com\/non-classe\/le-canada-est-encore-trop-liberal-dit-locde\/","og_site_name":"ERYCK V\u00c9ZIAU, COURTIER IMMOBILIER LAVAL, COURTIER IMMOBILIER STE-DOROTH\u00c9E, MAISON \u00c0 VENDRE LAVAL, AGENT IMMOBILIER STE-DOROTH\u00c9E","article_publisher":"https:\/\/www.facebook.com\/EryckVeziau.courtier.immobilier.ReMax.Laval","article_published_time":"2015-11-11T14:04:59+00:00","og_image":[{"width":924,"height":454,"url":"https:\/\/eryckveziau.com\/files\/2022\/09\/PartageEveziau.png","type":"image\/png"}],"twitter_card":"summary_large_image","twitter_misc":{"Written by":"","Est. reading time":"1 minute"},"schema":{"@context":"https:\/\/schema.org","@graph":[{"@type":"Article","@id":"https:\/\/eryckveziau.com\/non-classe\/le-canada-est-encore-trop-liberal-dit-locde\/#article","isPartOf":{"@id":"https:\/\/eryckveziau.com\/non-classe\/le-canada-est-encore-trop-liberal-dit-locde\/"},"author":{"name":"","@id":""},"headline":"Le Canada est encore trop lib\u00e9ral, dit l\u2019OCDE","datePublished":"2015-11-11T14:04:59+00:00","mainEntityOfPage":{"@id":"https:\/\/eryckveziau.com\/non-classe\/le-canada-est-encore-trop-liberal-dit-locde\/"},"wordCount":217,"publisher":{"@id":"https:\/\/eryckveziau.com\/en\/#organization"},"articleSection":["Non class\u00e9"],"inLanguage":"en-US"},{"@type":"WebPage","@id":"https:\/\/eryckveziau.com\/non-classe\/le-canada-est-encore-trop-liberal-dit-locde\/","url":"https:\/\/eryckveziau.com\/non-classe\/le-canada-est-encore-trop-liberal-dit-locde\/","name":"Le Canada est encore trop lib\u00e9ral, dit l\u2019OCDE | ERYCK V\u00c9ZIAU, COURTIER IMMOBILIER LAVAL, COURTIER IMMOBILIER STE-DOROTH\u00c9E, MAISON \u00c0 VENDRE LAVAL, AGENT IMMOBILIER STE-DOROTH\u00c9E","isPartOf":{"@id":"https:\/\/eryckveziau.com\/en\/#website"},"datePublished":"2015-11-11T14:04:59+00:00","breadcrumb":{"@id":"https:\/\/eryckveziau.com\/non-classe\/le-canada-est-encore-trop-liberal-dit-locde\/#breadcrumb"},"inLanguage":"en-US","potentialAction":[{"@type":"ReadAction","target":["https:\/\/eryckveziau.com\/non-classe\/le-canada-est-encore-trop-liberal-dit-locde\/"]}]},{"@type":"BreadcrumbList","@id":"https:\/\/eryckveziau.com\/non-classe\/le-canada-est-encore-trop-liberal-dit-locde\/#breadcrumb","itemListElement":[{"@type":"ListItem","position":1,"name":"Accueil","item":"https:\/\/eryckveziau.com\/en\/"},{"@type":"ListItem","position":2,"name":"Le Canada est encore trop lib\u00e9ral, dit l\u2019OCDE"}]},{"@type":"WebSite","@id":"https:\/\/eryckveziau.com\/en\/#website","url":"https:\/\/eryckveziau.com\/en\/","name":"ERYCK V\u00c9ZIAU, COURTIER IMMOBILIER LAVAL, COURTIER IMMOBILIER STE-DOROTH\u00c9E, MAISON \u00c0 VENDRE LAVAL, AGENT IMMOBILIER STE-DOROTH\u00c9E","description":"","publisher":{"@id":"https:\/\/eryckveziau.com\/en\/#organization"},"potentialAction":[{"@type":"SearchAction","target":{"@type":"EntryPoint","urlTemplate":"https:\/\/eryckveziau.com\/en\/?s={search_term_string}"},"query-input":{"@type":"PropertyValueSpecification","valueRequired":true,"valueName":"search_term_string"}}],"inLanguage":"en-US"},{"@type":"Organization","@id":"https:\/\/eryckveziau.com\/en\/#organization","name":"Eryck V\u00e9ziau RE\/MAX","url":"https:\/\/eryckveziau.com\/en\/","logo":{"@type":"ImageObject","inLanguage":"en-US","@id":"https:\/\/eryckveziau.com\/en\/#\/schema\/logo\/image\/","url":"https:\/\/eryckveziau.com\/files\/2022\/09\/PartageEveziau.png","contentUrl":"https:\/\/eryckveziau.com\/files\/2022\/09\/PartageEveziau.png","width":924,"height":454,"caption":"Eryck V\u00e9ziau RE\/MAX"},"image":{"@id":"https:\/\/eryckveziau.com\/en\/#\/schema\/logo\/image\/"},"sameAs":["https:\/\/www.facebook.com\/EryckVeziau.courtier.immobilier.ReMax.Laval","https:\/\/www.instagram.com\/eryck_veziau_remax\/","https:\/\/www.linkedin.com\/in\/eryck-v\u00e9ziau-6a445134\/","https:\/\/www.youtube.com\/user\/eveziau"]},{"@type":"Person","@id":"","url":"https:\/\/eryckveziau.com\/en\/author\/"}]}},"_links":{"self":[{"href":"https:\/\/eryckveziau.com\/en\/wp-json\/wp\/v2\/posts\/2342","targetHints":{"allow":["GET"]}}],"collection":[{"href":"https:\/\/eryckveziau.com\/en\/wp-json\/wp\/v2\/posts"}],"about":[{"href":"https:\/\/eryckveziau.com\/en\/wp-json\/wp\/v2\/types\/post"}],"author":[{"embeddable":true,"href":"https:\/\/eryckveziau.com\/en\/wp-json\/wp\/v2\/users\/285"}],"replies":[{"embeddable":true,"href":"https:\/\/eryckveziau.com\/en\/wp-json\/wp\/v2\/comments?post=2342"}],"version-history":[{"count":1,"href":"https:\/\/eryckveziau.com\/en\/wp-json\/wp\/v2\/posts\/2342\/revisions"}],"predecessor-version":[{"id":2343,"href":"https:\/\/eryckveziau.com\/en\/wp-json\/wp\/v2\/posts\/2342\/revisions\/2343"}],"wp:attachment":[{"href":"https:\/\/eryckveziau.com\/en\/wp-json\/wp\/v2\/media?parent=2342"}],"wp:term":[{"taxonomy":"category","embeddable":true,"href":"https:\/\/eryckveziau.com\/en\/wp-json\/wp\/v2\/categories?post=2342"},{"taxonomy":"post_tag","embeddable":true,"href":"https:\/\/eryckveziau.com\/en\/wp-json\/wp\/v2\/tags?post=2342"}],"curies":[{"name":"wp","href":"https:\/\/api.w.org\/{rel}","templated":true}]}}